{"id":208170,"date":"2022-01-20T10:13:22","date_gmt":"2022-01-20T09:13:22","guid":{"rendered":"https:\/\/www.intoscana.it\/it\/?p=208170"},"modified":"2022-04-09T16:43:29","modified_gmt":"2022-04-09T14:43:29","slug":"castellani-weisz-campioni-memoria","status":"publish","type":"post","link":"https:\/\/www.intoscana.it\/it\/castellani-weisz-campioni-memoria\/","title":{"rendered":"Da Carlo Castellani ad Arpad Weisz, ecco le storie dei &#8220;Campioni nella memoria&#8221;"},"content":{"rendered":"<p><mark>Non finiremo mai d&#8217;imparare, e forse \u00e8 per questo che esistono certi promemoria<\/mark>. Si \u00e8 soliti dire che la storia \u00e8 ciclica e che si ripete in una sorta di loop infinito che passa dal male al bene, dal disordine all&#8217;ordine, dalla rovina alla grandezza. Viaggi di andata e di ritorno, non proprio uguali ma quasi, ognuno dei quali trova collocazione nel proprio tempo. Ecco, nonostante una certa ineluttabilit\u00e0 storica, oggi sappiamo bene che <strong>ci sono pagine che vorremmo non ritornassero mai pi\u00f9<\/strong>. Come l&#8217;olocausto, ad esempio.<\/p>\n<p>\u00c8 anche per questa ragione che continuano a esistere esperienze come quelle pensate e promosse dalla sezione fiorentina dell&#8217;Unione nazionale veterani dello sport (Unvs), che porta il nome di <strong>Oreste Gelli<\/strong>, ovvero un &#8220;pioniere&#8221; del calcio che contribu\u00ec concretamente alla rinascita delle attivit\u00e0 sportive nella Firenze post bellica. Ebbene, <mark>da anni l&#8217;associazione gira l&#8217;Italia con una mostra nata proprio con l&#8217;obiettivo di non dimenticare. Anzi, lo scopo \u00e8 proprio quello di far ricordare<\/mark>.<\/p>\n<h3>La mostra<\/h3>\n<p>I<mark>l titolo del progetto, <em>&#8220;Campioni nella memoria&#8221;<\/em>, \u00e8 gi\u00e0 un preludio alla ricchezza del patrimonio esposto, qua sintetizzato e rappresentato in 48 pannelli, ognuno dei quali contiene altrettante storie e immagini di atleti deportati<\/mark>. Alcuni sono morti nei campi di sterminio, altri sono sopravvissuti, diventando cos\u00ec testimoni viventi dell&#8217;orrore del nazifascismo.<\/p>\n<p>Ora la mostra torna a essere visitabile a <strong>Firenze<\/strong>, nello spazio espositivo Carlo Azeglio Ciampi del palazzo Pegaso, in via d\u00e8 Pucci 16. Rester\u00e0 aperta <strong>dal 25 al 31 gennaio<\/strong>, abbracciando virtualmente il <a href=\"https:\/\/it.wikipedia.org\/wiki\/Giorno_della_Memoria\" target=\"_blank\" rel=\"noopener\">Giorno internazionale della memoria<\/a> che come ogni anno si celebra il 27. Stavolta hanno collaborato all&#8217;organizzazione sia la presidenza del <strong>Consiglio regionale della Toscana<\/strong> sia il Coni, che ha concesso il proprio patrocinio.<\/p>\n<p><iframe loading=\"lazy\" title=\"YouTube video player\" src=\"https:\/\/www.youtube.com\/embed\/-24tp4lEf_o\" width=\"800\" height=\"447\" frameborder=\"0\" allowfullscreen=\"allowfullscreen\"><span style=\"display: inline-block; width: 0px; overflow: hidden; line-height: 0;\" data-mce-type=\"bookmark\" class=\"mce_SELRES_start\">\ufeff<\/span><\/iframe><\/p>\n<h3>Carlo Castellani<\/h3>\n<p>Tra le storie che emergono dal percorso espositivo ci sono anche quelle di <a href=\"http:\/\/www.campioninellamemoria.it\/carlo-castellani\/\" target=\"_blank\" rel=\"noopener\">Carlo Castellani<\/a> e <strong>Arpad Weisz<\/strong>, i due sportivi forse pi\u00f9 conosciuti. Entrambi sono legati al mondo del calcio. I toscani &#8211; ma non solo loro &#8211; associano il nome di Castellani allo stadio di Empoli, ma non tutti sanno chi sia stato davvero. Nato nel 1909 a Fibbiana, nel comune di Montelupo Fiorentino, ha giocato sia nel <strong>Livorno<\/strong> (negli anni della serie A) sia nell&#8217;<strong>Empoli<\/strong>. <mark>Qua non solo \u00e8 rimasto per nove stagioni, ma con <strong>61 reti in 145 presenze<\/strong> \u00e8 stato a lungo il miglior marcatore della storia della societ\u00e0. Un record infranto solo negli anni recenti da Maccarone e Tavano<\/mark>. Il giorno in cui i fascisti bussarono alla sua porta, cercavano suo padre. Lui si offr\u00ec al suo posto e fu arrestato e deportato a <strong>Mauthausen<\/strong>. Mor\u00ec nel campo di concentramento di Gusen, dove fu trasferito, il <strong>14 agosto 1944<\/strong>.<\/p>\n<figure id=\"post-208174 media-208174\" class=\"align-center\"><img decoding=\"async\" class=\"aligncenter\" src=\"https:\/\/www.intoscana.it\/wp-content\/uploads\/Carlo-Castellani.jpg\" alt=\"\" \/><\/figure>\n<div class=\"titleimg\" style=\"text-align: center;\">Carlo Castellani<\/div>\n<h3>Arpad Weisz<\/h3>\n<p><a href=\"http:\/\/www.campioninellamemoria.it\/arpad-weisz\/\" target=\"_blank\" rel=\"noopener\">Arpad Weisz<\/a> era invece ungherese, proprio come <a href=\"https:\/\/www.intoscana.it\/it\/articolo\/erbstein-allenatore-errante-di-una-lucchese-controcorrente\/\">Erno Egri Erbstein<\/a>, che riusc\u00ec a scampare ai campi di concentramento e mor\u00ec nella strage di Superga col <strong>Grande Torino<\/strong> dopo aver portato la <strong>Lucchese<\/strong> in serie A (facendole ottenere uno storico ottavo posto, ma pi\u00f9 raggiunto). Entrambi hanno incarnato per la prima volta i principi dell&#8217;allenatore moderno. <mark>Mentre Weisz fu il primo a sperimentare i ritiri, Erbstein fu il primo a introdurre piani regolari di allenamento<\/mark>. Le loro vicende sono state raccontate anche dallo storyteller <strong>Federico Buffa<\/strong>, la cui narrazione emotiva \u00e8 ormai ben riconoscibile. In particolare quella di Weisz, che dopo aver vinto due campionati consecutivi col <strong>Bologna<\/strong> fu costretto a lasciare l&#8217;Italia dopo la promulgazione delle leggi razziali. Insieme alla moglie e ai figli su deportato ad <strong>Auschwitz<\/strong>, dove mor\u00ec il <strong>31 gennaio 1944<\/strong>.<\/p>\n<p><iframe loading=\"lazy\" title=\"YouTube video player\" src=\"https:\/\/www.youtube.com\/embed\/vq4Yze_zkYk\" width=\"800\" height=\"447\" frameborder=\"0\" allowfullscreen=\"allowfullscreen\"><span style=\"display: inline-block; width: 0px; overflow: hidden; line-height: 0;\" data-mce-type=\"bookmark\" class=\"mce_SELRES_start\">\ufeff<\/span><\/iframe><\/p>\n<h3>Renato Cattaneo<\/h3>\n<p>A essere sopravvissuto \u00e8 invece <a href=\"http:\/\/www.campioninellamemoria.it\/renato-cattaneo\/\" target=\"_blank\" rel=\"noopener\">Renato Cattaneo<\/a>, che oggi ha la bellezza di 98 anni. Il suo nome \u00e8 forse meno noto degli altri, ma la sua storia, strettamente legata alla Toscana, \u00e8 ugualmente commovente. Lombardo, nasce in provincia di Como nel 1923, esattamente a Rovellasca, un piccolo comune di origine romana. <mark>La famiglia esprime consenso al fascismo<\/mark>. Lui studia, diventa un meccanico e inizia a giocare a calcio. Ma la guerra e un certo spirito di rivalsa verso i genitori porta la sua vita a un bivio. Di fronte al possibile arruolamento in aviazione, Cattaneo fugge e trova rifugio in un gruppo di <strong>partigiani<\/strong>. Viene arrestato e condannato ai <strong>lavori forzati<\/strong>, ma riesce di nuovo a scappare. Dopo aver raggiunto l&#8217;Isola d&#8217;Elba si consegna agli americani. <mark>\u00c8 salvo, la guerra finisce e la sua vita riprende. Dove? Sul campo di calcio<\/mark>. Gioca nel Como, nella Cremonese, nel Vincenza e nella <strong>Lucchese<\/strong>, dove in due stagioni di serie A segner\u00e0 15 reti collezionando 67 presenze. Il 16 dicembre del prossimo anno <strong>compir\u00e0 100 anni<\/strong>. <div class=\"focuson\"><a href=\"https:\/\/www.intoscana.it\/it\/articolo\/erbstein-allenatore-errante-di-una-lucchese-controcorrente\/\"><img decoding=\"async\" class=\"lazy\" src=\"https:\/\/www.intoscana.it\/wp-content\/uploads\/erbstein-e-la-lucchese-del-1936.jpg\" style=\"\">\n                <div class=\"cat\">Allenatore errante di una Lucchese controcorrente<\/div>\n                <h4>Ergo Erbstein<\/h4><\/a>\n              <\/div><\/p>\n<h3>Un patrimonio di 2.700 storie<\/h3>\n<p>Queste e altre storie di atleti atleti deportati nei campi di concentramento, oltre che in mostra, son consultabili da chiunque anche sul sito <a href=\"http:\/\/www.campioninellamemoria.it\/\" target=\"_blank\" rel=\"noopener\">Campioni nella memoria<\/a>. <em>&#8220;Questa esposizione si riferisce a fatti storici, ma se oggi assume ancora pi\u00f9 rilevanza \u00e8 perch\u00e9 purtroppo, a circa ottant&#8217;anni di distanza, nel mondo assistiamo ancora a barbarie di questo genere&#8221;<\/em>. A parlare \u00e8 <strong>Ugo Ercoli<\/strong>. Lui, stella d&#8217;oro al merito dello sport e pioniere nella disciplina del tiro con l&#8217;arco, oltre a essere uno scrittore \u00e8 anche presidente della sezione fiorentina Unvs.<em> &#8220;Abbiamo portato questa mostra nelle scuole di tutta Italia, dove abbiamo incontrato migliaia di ragazzi&#8221;<\/em> ci racconta Ercoli. <mark><em>&#8220;A tutti cerchiamo di spiegare che lo sport \u00e8 un&#8217;attivit\u00e0 sociale, e come tale deve ispirarsi a valori assoluti e a principi etici inalienabili&#8221;<\/mark><\/em>.<\/p>\n<figure id=\"post-208175 media-208175\" class=\"align-center\"><img decoding=\"async\" class=\"aligncenter\" src=\"https:\/\/www.intoscana.it\/wp-content\/uploads\/220125_CS3_campioni_memoria_FB.jpg\" alt=\"\" \/><\/figure>\n<div class=\"titleimg\" style=\"text-align: center;\">Campioni nella memoria, inaugurazione della mostra<\/div>\n<p><span class=\"citazione\">&#8220;Un patrimonio unico e una ricerca senza precedenti, n\u00e9 in Italia n\u00e9 all&#8217;estero&#8221;<\/span><\/p>\n<p>Ma l&#8217;attivit\u00e0 di educazione e ricerca dell&#8217;Unione nazionale veterani dello sport non si ferma qua. <strong>Paolo Allegretti<\/strong>, past president della sezione Oreste Gelli e referente per le attivit\u00e0 culturali e storiche, ci anticipa che il percorso va avanti. [\/mark]Sono state infatti individuate e raccolte <strong>pi\u00f9 di 2.700 storie<\/strong> di atleti italiani e internazionali vittime delle barbarie durante la seconda guerra mondiale[\/mark]. <em>&#8220;Non pi\u00f9 solo deportati, ma anche esuli, civili, partigiani, oppositori, discriminati, militari, prigionieri&#8230;&#8221;<\/em> spiega Allegretti. La lista degli status \u00e8 lunghissima. <em>&#8220;Un lavoro di ricerca di questo tipo non ha precedenti. N\u00e9 in Italia n\u00e9 all&#8217;estero&#8221;<\/em> assicura Allegretti, che gi\u00e0 pensa alla nuova mostra di storie di atleti toscani che attingerebbe proprio da questo corposo data base. <em>&#8220;Il titolo? Oltre la vittoria&#8221;.<\/em><\/p>\n<h3>Da Mario Andretti al &#8220;Monument men&#8221;<\/h3>\n<p>Un patrimonio immenso che per prendere forma ed essere condiviso ha solo bisogno di qualche sostegno economico. <em>&#8220;Ma il tema \u00e8 troppo delicato e importante. Per questa ragione abbiamo rifiutato sponsorizzazioni private. Non vorremmo abbinare a queste storie un qualsiasi marchio commerciale&#8221;<\/em> ci confessa Allegretti prima di elencare alcune delle storie contenute in questa nuova, straordinaria e immensa raccolta.<\/p>\n<p><mark>A cominciare da <a href=\"https:\/\/it.wikipedia.org\/wiki\/Mario_Andretti\" target=\"_blank\" rel=\"noopener\">Mario Andretti<\/a>, che prima di diventare pilota di Formula 1 guidando Lotus, Alfa Romeo e <strong>Ferrari<\/strong>, fu un esule<\/mark>. Dalla Jugoslavia la famiglia trov\u00f2 rifugio in un campo profughi a <strong>Lucca<\/strong>, dove Andretti lavor\u00f2 come meccanico e dove assistette per la prima volta, giovanissimo, al passaggio della <em>Mille miglia<\/em>. Un preludio al mondiale che vincer\u00e0 nel 1978.<\/p>\n<p>In questo nuovo elenco ci sono anche il poeta livornese <a href=\"https:\/\/it.wikipedia.org\/wiki\/Giorgio_Caproni\" target=\"_blank\" rel=\"noopener\">Giorgio Caproni<\/a> (che fu partigiano e che partecip\u00f2 alle Olimpiadi dell&#8217;arte), l&#8217;alpinista e antropologo <a href=\"https:\/\/www.intoscana.it\/it\/articolo\/la-casa-di-fosco-maraini-in-garfagnana-polo-turistico-culturale-per-val-di-serchio\/\">Fosco Maraini<\/a> (discriminato e imprigionato in Giappone, dove insegnava) e un certo <a href=\"https:\/\/it.wikipedia.org\/wiki\/Salvatore_Scarpitta\" target=\"_blank\" rel=\"noopener\">Salvatore Scarpitta<\/a>. Ai pi\u00f9, il suo nome non suoner\u00e0 certo familiare. Eppure, a suo modo, lo \u00e8. <mark>Nato da padre siciliano e madre polacca, Scarpitta fu uno dei <em>&#8220;Monument men&#8221;<\/em> che oper\u00f2 anche a Firenze per recuperare le opere d&#8217;arte trafugate dai nazisti<\/mark>. Ma questo italoamericano ha un altro merito involontario: quello di aver ispirato <strong>Italo Calvino<\/strong> per la scrittura del <em>Barone rampante<\/em>. Il giovane Scarpitta, per fuggire agli ordini del padre, sal\u00ec su un albero, dove rimase per ben seicento ore. Aveva 11 anni. Quella storia, assai pi\u00f9 complessa di cos\u00ec, fu raccontata da un vicino di casa che, guarda caso, era giornalista di mestiere. Quel racconto arriv\u00f2 poi all&#8217;attenzione di Calvino. Il resto \u00e8 storia. Anzi, letteratura.<\/p>\n<p>E a proposito di lettere (e letteratura), ecco che <strong>Paolo Allegretti<\/strong>, prima di congedarci, ci parla del suo carteggio personale con <a href=\"https:\/\/www.intoscana.it\/it\/articolo\/ragazzi-scegliete-la-vita-la-forza-il-coraggio-e-lumanita-di-liliana-segre\/\">Liliana Segre<\/a> e di quella volta che, un po&#8217; scorato, dopo aver condiviso le sue perplessit\u00e0 si vide rispondere cos\u00ec: <em>&#8220;L&#8217;importante \u00e8 seminare, qualcosa germoglier\u00e0&#8221;<\/em>.<\/p>\n","protected":false},"excerpt":{"rendered":"<p>Non ci sono solo Castellani, Weisz e Cattaneo tra gli atleti deportati nei campi di concentramento e le cui storie saranno in mostra a Firenze nel Giorno della memoria. Oltre a loro esistono altre 2.700 vite raccontate e archiviate, come quella del &#8220;Monument men&#8221; che ispir\u00f2 Calvino<\/p>\n","protected":false},"author":521,"featured_media":208173,"comment_status":"open","ping_status":"open","sticky":false,"template":"","format":"standard","meta":{"_acf_changed":false,"footnotes":""},"categories":[4],"tags":[4682,1650,238,159],"class_list":["post-208170","post","type-post","status-publish","format-standard","has-post-thumbnail","hentry","category-storie","tag-campioni-nella-memoria","tag-giorno-della-memoria","tag-mostra","tag-sport"],"acf":[],"yoast_head":"<!-- This site is optimized with the Yoast SEO Premium plugin v24.2 (Yoast SEO v25.6) - https:\/\/yoast.com\/wordpress\/plugins\/seo\/ -->\n<title>Da Carlo Castellani ad Arpad Weisz, ecco le storie dei &quot;Campioni nella memoria&quot; - intoscana<\/title>\n<meta name=\"description\" content=\"Storie di atleti deportati nei campi di concentramento, in mostra a Firenze. E poi c&#039;\u00e8 il Monument men che ispir\u00f2 Italo Calvino...\" \/>\n<meta name=\"robots\" content=\"index, follow, max-snippet:-1, max-image-preview:large, max-video-preview:-1\" \/>\n<link rel=\"canonical\" href=\"https:\/\/www.intoscana.it\/it\/castellani-weisz-campioni-memoria\/\" \/>\n<meta property=\"og:locale\" content=\"it_IT\" \/>\n<meta property=\"og:type\" content=\"article\" \/>\n<meta property=\"og:title\" content=\"Da Carlo Castellani ad Arpad Weisz, ecco le storie dei &quot;Campioni nella memoria&quot;\" \/>\n<meta property=\"og:description\" content=\"Storie di atleti deportati nei campi di concentramento, in mostra a Firenze. E poi c&#039;\u00e8 il Monument men che ispir\u00f2 Italo Calvino...\" \/>\n<meta property=\"og:url\" content=\"https:\/\/www.intoscana.it\/it\/castellani-weisz-campioni-memoria\/\" \/>\n<meta property=\"og:site_name\" content=\"intoscana\" \/>\n<meta property=\"article:publisher\" content=\"https:\/\/www.facebook.com\/intoscana.it\" \/>\n<meta property=\"article:published_time\" content=\"2022-01-20T09:13:22+00:00\" \/>\n<meta property=\"article:modified_time\" content=\"2022-04-09T14:43:29+00:00\" \/>\n<meta property=\"og:image\" content=\"https:\/\/www.intoscana.it\/wp-content\/uploads\/LEmpoli-di-Carlo-Castellani.jpg\" \/>\n\t<meta property=\"og:image:width\" content=\"1024\" \/>\n\t<meta property=\"og:image:height\" content=\"667\" \/>\n\t<meta property=\"og:image:type\" content=\"image\/jpeg\" \/>\n<meta name=\"author\" content=\"Gianluca Testa\" \/>\n<meta name=\"twitter:card\" content=\"summary_large_image\" \/>\n<meta name=\"twitter:creator\" content=\"@intoscana\" \/>\n<meta name=\"twitter:site\" content=\"@intoscana\" \/>\n<meta name=\"twitter:label1\" content=\"Written by\" \/>\n\t<meta name=\"twitter:data1\" content=\"Gianluca Testa\" \/>\n\t<meta name=\"twitter:label2\" content=\"Est. reading time\" \/>\n\t<meta name=\"twitter:data2\" content=\"7 minuti\" \/>\n<script type=\"application\/ld+json\" class=\"yoast-schema-graph\">{\"@context\":\"https:\/\/schema.org\",\"@graph\":[{\"@type\":\"WebPage\",\"@id\":\"https:\/\/www.intoscana.it\/it\/castellani-weisz-campioni-memoria\/\",\"url\":\"https:\/\/www.intoscana.it\/it\/castellani-weisz-campioni-memoria\/\",\"name\":\"Da Carlo Castellani ad Arpad Weisz, ecco le storie dei \\\"Campioni nella memoria\\\" - intoscana\",\"isPartOf\":{\"@id\":\"https:\/\/www.intoscana.it\/it\/#website\"},\"primaryImageOfPage\":{\"@id\":\"https:\/\/www.intoscana.it\/it\/castellani-weisz-campioni-memoria\/#primaryimage\"},\"image\":{\"@id\":\"https:\/\/www.intoscana.it\/it\/castellani-weisz-campioni-memoria\/#primaryimage\"},\"thumbnailUrl\":\"https:\/\/www.intoscana.it\/wp-content\/uploads\/LEmpoli-di-Carlo-Castellani.jpg\",\"datePublished\":\"2022-01-20T09:13:22+00:00\",\"dateModified\":\"2022-04-09T14:43:29+00:00\",\"author\":{\"@id\":\"https:\/\/www.intoscana.it\/it\/#\/schema\/person\/f437e015c68b2824ef01d2ed8cdb2923\"},\"description\":\"Storie di atleti deportati nei campi di concentramento, in mostra a Firenze. E poi c'\u00e8 il Monument men che ispir\u00f2 Italo Calvino...\",\"breadcrumb\":{\"@id\":\"https:\/\/www.intoscana.it\/it\/castellani-weisz-campioni-memoria\/#breadcrumb\"},\"inLanguage\":\"it-IT\",\"potentialAction\":[{\"@type\":\"ReadAction\",\"target\":[\"https:\/\/www.intoscana.it\/it\/castellani-weisz-campioni-memoria\/\"]}]},{\"@type\":\"ImageObject\",\"inLanguage\":\"it-IT\",\"@id\":\"https:\/\/www.intoscana.it\/it\/castellani-weisz-campioni-memoria\/#primaryimage\",\"url\":\"https:\/\/www.intoscana.it\/wp-content\/uploads\/LEmpoli-di-Carlo-Castellani.jpg\",\"contentUrl\":\"https:\/\/www.intoscana.it\/wp-content\/uploads\/LEmpoli-di-Carlo-Castellani.jpg\",\"width\":1024,\"height\":667,\"caption\":\"L'Empoli di Carlo Castellani\"},{\"@type\":\"BreadcrumbList\",\"@id\":\"https:\/\/www.intoscana.it\/it\/castellani-weisz-campioni-memoria\/#breadcrumb\",\"itemListElement\":[{\"@type\":\"ListItem\",\"position\":1,\"name\":\"Home\",\"item\":\"https:\/\/www.intoscana.it\/it\/\"},{\"@type\":\"ListItem\",\"position\":2,\"name\":\"Da Carlo Castellani ad Arpad Weisz, ecco le storie dei &#8220;Campioni nella memoria&#8221;\"}]},{\"@type\":\"WebSite\",\"@id\":\"https:\/\/www.intoscana.it\/it\/#website\",\"url\":\"https:\/\/www.intoscana.it\/it\/\",\"name\":\"intoscana\",\"description\":\"\",\"potentialAction\":[{\"@type\":\"SearchAction\",\"target\":{\"@type\":\"EntryPoint\",\"urlTemplate\":\"https:\/\/www.intoscana.it\/it\/?s={search_term_string}\"},\"query-input\":{\"@type\":\"PropertyValueSpecification\",\"valueRequired\":true,\"valueName\":\"search_term_string\"}}],\"inLanguage\":\"it-IT\"},{\"@type\":\"Person\",\"@id\":\"https:\/\/www.intoscana.it\/it\/#\/schema\/person\/f437e015c68b2824ef01d2ed8cdb2923\",\"name\":\"Gianluca Testa\",\"url\":\"https:\/\/www.intoscana.it\/it\/author\/gianluca-testa\/\"}]}<\/script>\n<!-- \/ Yoast SEO Premium plugin. -->","yoast_head_json":{"title":"Da Carlo Castellani ad Arpad Weisz, ecco le storie dei \"Campioni nella memoria\" - intoscana","description":"Storie di atleti deportati nei campi di concentramento, in mostra a Firenze. E poi c'\u00e8 il Monument men che ispir\u00f2 Italo Calvino...","robots":{"index":"index","follow":"follow","max-snippet":"max-snippet:-1","max-image-preview":"max-image-preview:large","max-video-preview":"max-video-preview:-1"},"canonical":"https:\/\/www.intoscana.it\/it\/castellani-weisz-campioni-memoria\/","og_locale":"it_IT","og_type":"article","og_title":"Da Carlo Castellani ad Arpad Weisz, ecco le storie dei \"Campioni nella memoria\"","og_description":"Storie di atleti deportati nei campi di concentramento, in mostra a Firenze. E poi c'\u00e8 il Monument men che ispir\u00f2 Italo Calvino...","og_url":"https:\/\/www.intoscana.it\/it\/castellani-weisz-campioni-memoria\/","og_site_name":"intoscana","article_publisher":"https:\/\/www.facebook.com\/intoscana.it","article_published_time":"2022-01-20T09:13:22+00:00","article_modified_time":"2022-04-09T14:43:29+00:00","og_image":[{"width":1024,"height":667,"url":"https:\/\/www.intoscana.it\/wp-content\/uploads\/LEmpoli-di-Carlo-Castellani.jpg","type":"image\/jpeg"}],"author":"Gianluca Testa","twitter_card":"summary_large_image","twitter_creator":"@intoscana","twitter_site":"@intoscana","twitter_misc":{"Written by":"Gianluca Testa","Est. reading time":"7 minuti"},"schema":{"@context":"https:\/\/schema.org","@graph":[{"@type":"WebPage","@id":"https:\/\/www.intoscana.it\/it\/castellani-weisz-campioni-memoria\/","url":"https:\/\/www.intoscana.it\/it\/castellani-weisz-campioni-memoria\/","name":"Da Carlo Castellani ad Arpad Weisz, ecco le storie dei \"Campioni nella memoria\" - intoscana","isPartOf":{"@id":"https:\/\/www.intoscana.it\/it\/#website"},"primaryImageOfPage":{"@id":"https:\/\/www.intoscana.it\/it\/castellani-weisz-campioni-memoria\/#primaryimage"},"image":{"@id":"https:\/\/www.intoscana.it\/it\/castellani-weisz-campioni-memoria\/#primaryimage"},"thumbnailUrl":"https:\/\/www.intoscana.it\/wp-content\/uploads\/LEmpoli-di-Carlo-Castellani.jpg","datePublished":"2022-01-20T09:13:22+00:00","dateModified":"2022-04-09T14:43:29+00:00","author":{"@id":"https:\/\/www.intoscana.it\/it\/#\/schema\/person\/f437e015c68b2824ef01d2ed8cdb2923"},"description":"Storie di atleti deportati nei campi di concentramento, in mostra a Firenze. E poi c'\u00e8 il Monument men che ispir\u00f2 Italo Calvino...","breadcrumb":{"@id":"https:\/\/www.intoscana.it\/it\/castellani-weisz-campioni-memoria\/#breadcrumb"},"inLanguage":"it-IT","potentialAction":[{"@type":"ReadAction","target":["https:\/\/www.intoscana.it\/it\/castellani-weisz-campioni-memoria\/"]}]},{"@type":"ImageObject","inLanguage":"it-IT","@id":"https:\/\/www.intoscana.it\/it\/castellani-weisz-campioni-memoria\/#primaryimage","url":"https:\/\/www.intoscana.it\/wp-content\/uploads\/LEmpoli-di-Carlo-Castellani.jpg","contentUrl":"https:\/\/www.intoscana.it\/wp-content\/uploads\/LEmpoli-di-Carlo-Castellani.jpg","width":1024,"height":667,"caption":"L'Empoli di Carlo Castellani"},{"@type":"BreadcrumbList","@id":"https:\/\/www.intoscana.it\/it\/castellani-weisz-campioni-memoria\/#breadcrumb","itemListElement":[{"@type":"ListItem","position":1,"name":"Home","item":"https:\/\/www.intoscana.it\/it\/"},{"@type":"ListItem","position":2,"name":"Da Carlo Castellani ad Arpad Weisz, ecco le storie dei &#8220;Campioni nella memoria&#8221;"}]},{"@type":"WebSite","@id":"https:\/\/www.intoscana.it\/it\/#website","url":"https:\/\/www.intoscana.it\/it\/","name":"intoscana","description":"","potentialAction":[{"@type":"SearchAction","target":{"@type":"EntryPoint","urlTemplate":"https:\/\/www.intoscana.it\/it\/?s={search_term_string}"},"query-input":{"@type":"PropertyValueSpecification","valueRequired":true,"valueName":"search_term_string"}}],"inLanguage":"it-IT"},{"@type":"Person","@id":"https:\/\/www.intoscana.it\/it\/#\/schema\/person\/f437e015c68b2824ef01d2ed8cdb2923","name":"Gianluca Testa","url":"https:\/\/www.intoscana.it\/it\/author\/gianluca-testa\/"}]}},"_links":{"self":[{"href":"https:\/\/www.intoscana.it\/it\/wp-json\/wp\/v2\/posts\/208170","targetHints":{"allow":["GET"]}}],"collection":[{"href":"https:\/\/www.intoscana.it\/it\/wp-json\/wp\/v2\/posts"}],"about":[{"href":"https:\/\/www.intoscana.it\/it\/wp-json\/wp\/v2\/types\/post"}],"author":[{"embeddable":true,"href":"https:\/\/www.intoscana.it\/it\/wp-json\/wp\/v2\/users\/521"}],"replies":[{"embeddable":true,"href":"https:\/\/www.intoscana.it\/it\/wp-json\/wp\/v2\/comments?post=208170"}],"version-history":[{"count":0,"href":"https:\/\/www.intoscana.it\/it\/wp-json\/wp\/v2\/posts\/208170\/revisions"}],"wp:featuredmedia":[{"embeddable":true,"href":"https:\/\/www.intoscana.it\/it\/wp-json\/wp\/v2\/media\/208173"}],"wp:attachment":[{"href":"https:\/\/www.intoscana.it\/it\/wp-json\/wp\/v2\/media?parent=208170"}],"wp:term":[{"taxonomy":"category","embeddable":true,"href":"https:\/\/www.intoscana.it\/it\/wp-json\/wp\/v2\/categories?post=208170"},{"taxonomy":"post_tag","embeddable":true,"href":"https:\/\/www.intoscana.it\/it\/wp-json\/wp\/v2\/tags?post=208170"}],"curies":[{"name":"wp","href":"https:\/\/api.w.org\/{rel}","templated":true}]}}