{"id":208208,"date":"2022-01-20T13:05:50","date_gmt":"2022-01-20T12:05:50","guid":{"rendered":"https:\/\/www.intoscana.it\/it\/?p=208208"},"modified":"2022-01-20T13:05:50","modified_gmt":"2022-01-20T12:05:50","slug":"cesvot-luigi-paccosi-presidente","status":"publish","type":"post","link":"https:\/\/www.intoscana.it\/it\/cesvot-luigi-paccosi-presidente\/","title":{"rendered":"Cesvot, Luigi Paccosi \u00e8 il nuovo presidente: &#8220;Rafforziamo la capacit\u00e0 di resilienza&#8221;"},"content":{"rendered":"<p>Eletto il nuovo presidente di Cesvot. <mark><strong>Luigi Paccosi<\/strong> guider\u00e0 per i prossimi quattro anni il Centro servizi volontariato della Toscana, succedendo cos\u00ec a <strong>Federico Gelli<\/strong>, divenuto direttore della Sanit\u00e0 e della Coesione sociale della Regione Toscana<\/mark>. Paccosi, classe 1963, si \u00e8 occupato di volontariato fin dall\u2019universit\u00e0. Volontario egli stesso, conosce molto bene il mondo del terzo settore toscano e nazionale.<\/p>\n<p><em>&#8220;Anche gli enti di terzo settore toscani sono stati fortemente coinvolti dalle conseguenze di due anni di pandemia. In base alle ricerche svolte da Cesvot un terzo di essi hanno sospeso o chiuso le attivit\u00e0. <mark>Il mio impegno sar\u00e0 quello di rafforzare la capacit\u00e0 di resilienza degli enti, di supportarli nella capacit\u00e0 di mantenere le loro funzioni, spesso essenziali per la tenuta del tessuto sociale del territori<\/mark>o, e, laddove necessario, nell\u2019aiutarli a riorientare le attivit\u00e0&#8221;<\/em> ha detto il neo presidente.<\/p>\n<p><em>&#8220;Cesvot \u00e8 un ente in grado di <mark>sostenere il terzo settore anche in un momento delicato e di grandi cambiamenti<\/mark>, ha ricevuto l\u2019accreditamento secondo la nuova normativa di riferimento e fa parte di una infrastruttura nazionale solida, composta da 49 centri di servizio e da un ente di rappresentanza, CSVnet, nel quale abbiamo l\u2019onore di rivestire un ruolo importante di vicepresidenza vicaria&#8221;<\/em> ha aggiunto Paccosi.<\/p>\n<h3>I numeri<\/h3>\n<p>Del resto \u00e8 una platea sempre pi\u00f9 grande quella dei volontari che ricevono i servizi di Cesvot. <mark>La regione infatti conta quasi 500 mila volontari, 27 mila enti no profit, di cui circa 8.528 iscritti ai registri regionali e all\u2019anagrafe delle Onlus (banca dati Cesvot-gennaio 2022)<\/mark>. Paccosi \u00e8 il quarto presidente dalla costituzione dell\u2019ente, avvenuta nel 1997. In Italia, invece, nel 2020 sono state <strong>48.390 le organizzazioni beneficiarie dei servizi dei Csv<\/strong> e quasi 100 mila i volontari che ne hanno usufruito.<\/p>\n<p>In Toscana, da tre anni, Cesvot rivolge i propri servizi ad una platea di oltre <strong>8 mila enti<\/strong> (associazioni di volontariato, associazioni di promozione sociale, cooperative sociali e Onlus).<br \/>\nNel 2021 ha erogato <strong>13.360 servizi<\/strong> di cui 3<strong>.145 consulenze<\/strong> a <strong>1.345 enti del terzo settore<\/strong>, 83 corsi di formazione e seminari ai quali hanno partecipato <strong>1.542 volontari<\/strong> per un totale di 13.824 ore. Cesvot ha inoltre tre Collane editoriali e, negli anni, ha pubblicato <strong>158 volumi<\/strong>.<\/p>\n<p><em>&#8220;Lavorer\u00f2 in continuit\u00e0 con il passato confermando le pi\u00f9 importanti scelte strategiche individuate nel mandato che mi ha preceduto&#8221;<\/em> aggiunge Paccosi. Ovvero <em>&#8220;migliorare i profili di digitalizzazione dei servizi offerti da Cesvot e degli enti del terzo settore; aiutare gli ets in tutti gli adempimenti normativi prescritti dal nuovo Codice del yerzo settore, in particolare per quanto riguarda l\u2019avvio delle iscrizioni al nuovo registro nazionale e le modifiche statutarie connesse; confermare e consolidare tutti i rapporti istituzionali che negli anni Cesvot \u00e8 riuscito a costruire, con Regione Toscana, con Anci e con i Comuni, con le Universit\u00e0, con le fondazioni bancarie della Toscana. <mark>Ovviamente questi obiettivi di programma non potranno essere raggiunti se non con un coinvolgimento importante di tutte le organizzazioni, sia a livello regionale che locale<\/mark>. Proprio per questo a marzo si svolgeranno undici assemblee territoriali che coinvolgeranno l\u2019intero mondo degli ets toscani: stimolare e favorire la partecipazione dei volontari fa parte degli obiettivi primari del mio mandato&#8221;.<\/em><\/p>\n<p>Paccosi ha fatto parte dell\u2019<strong>Osservatorio nazionale del volontariato<\/strong> presso il Ministero del Lavoro e delle Politiche sociali. \u00c8 presidente dell\u2019associazione di volontariato <strong>Voltonet<\/strong>, socia di Cesvot, ed \u00e8 inoltre presidente del consiglio di amministrazione dell\u2019Asp Firenze Montedomini , oltre a far parte del comitato di indirizzo della Fondazione CR Firenze. \u00c8 infine vice presidente vicario dell\u2019associazione nazionale dei Centri di Servizio (CSVnet).<\/p>\n<h3>Il messaggio delle Acli<\/h3>\n<p><em>&#8220;Grazie a Federico Gelli per il grande impegno profuso in questi anni, un augurio di buon lavoro a Luigi Paccosi. Senza un terzo settore in salute, per la Toscana sar\u00e0 difficile uscire dalla crisi sociale provocata dal Covid&#8221;<\/em> dice <strong>Giacomo Martelli<\/strong>, presidente di Acli Toscana, commentando l&#8217;elezione del nuovo presidente Cesvot. <em>&#8220;Facciamo i migliori auguri a Gelli, uno dei nostri storici dirigenti, visto che \u00e8 socio Acli dal 1980, chiamato a ricoprire un incarico importante in Regione. L&#8217;elezione di Paccosi, da anni impegnato nel Cesvot e nella rete dei centri servizi nazionale Csvnet, rappresenta una garanzia di continuit\u00e0 col lavoro impostato da Federico. <mark>Il volontariato toscano, ha un ruolo strategico e centrale nella gestione di questo periodo complesso. I toscani non devono trovare solo macerie ma un tessuto sociale vivo da cui ripartire<\/mark>&#8220;.<\/em><\/p>\n<h3>Le congratulazioni delle Misericordie<\/h3>\n<p><em>&#8220;Le nostre congratulazioni e un grande in bocca al lupo al nuovo presidente Cesvot Luigi Paccosi&#8221;.<\/em> Sono le parole di benvenuto del presidente del Coordinamento Misericordie area fiorentina, <strong>Andrea Ceccherini<\/strong>, al nuovo presidente. <em>&#8220;Voglio ringraziare Federico Gelli per il prezioso lavoro di questi otto anni alla guida del Cesvot. <mark>Il nostro territorio ha sempre fatto della solidariet\u00e0 un punto di forza<\/mark>: i numeri e le storie dei tanti volontari che ogni giorno sono in campo per dare una mano gli altri lo dimostrano. Il nostro obiettivo \u00e8 proseguire con impegno ancora maggiore in questa direzione&#8221;.<\/em><\/p>\n<h3>L&#8217;augurio di Avis<\/h3>\n<p><em>&#8220;Un sincero ringraziamento a Federico Gelli per il grande impegno di questi anni alla guida di Cesvot. E i nostri migliori auguri di buon lavoro al nuovo presidente Luigi Paccosi&#8221;.<\/em> Cos\u00ec Avis Toscana saluta la nomina del nuovo presidente del Centro servizi. <em>&#8220;Mai come in questi anni<\/em> \u2013 prosegue la presidente do Avis regionale, <strong>Claudia Firenze<\/strong> \u2013 <mark><em>il mondo del volontariato ha dato prova del suo ruolo insostituibile nel combattere le disuguaglianze e le difficolt\u00e0 sociali causate dalla pandemia<\/mark>. Un impegno che ha sempre trovato nel Cesvot il necessario punto di raccordo e coordinamento tra le diverse realt\u00e0 del terzo settore, impegnate a combattere gli effetti del Covid nella nostra regione&#8221;.<\/em><\/p>\n","protected":false},"excerpt":{"rendered":"<p>Dopo Federico Gelli, alla presidenza del Centro servizi volontariato della Toscana \u00e8 stato eletto Luigi Paccosi. \u00c8 il quarto presidente dalla costituzione del Cesvot, che nel 2021 ha erogato 13.360 servizi<\/p>\n","protected":false},"author":525,"featured_media":208210,"comment_status":"open","ping_status":"open","sticky":false,"template":"","format":"standard","meta":{"_acf_changed":false,"footnotes":""},"categories":[494],"tags":[4538,5298,4400,416],"class_list":["post-208208","post","type-post","status-publish","format-standard","has-post-thumbnail","hentry","category-attualita","tag-cesvot","tag-sociale","tag-terzo-settore","tag-volontariato"],"acf":[],"yoast_head":"<!-- This site is optimized with the Yoast SEO Premium plugin v24.2 (Yoast SEO v25.6) - https:\/\/yoast.com\/wordpress\/plugins\/seo\/ -->\n<title>Cesvot, Luigi Paccosi \u00e8 il nuovo presidente: &quot;Rafforziamo la capacit\u00e0 di resilienza&quot; - intoscana<\/title>\n<meta name=\"description\" content=\"Dopo Federico Gelli, alla presidenza del Centro servizi volontariato della Toscana \u00e8 stato eletto Luigi Paccosi. \u00c8 il quarto presidente.\" \/>\n<meta name=\"robots\" content=\"index, follow, max-snippet:-1, max-image-preview:large, max-video-preview:-1\" \/>\n<link rel=\"canonical\" href=\"https:\/\/www.intoscana.it\/it\/cesvot-luigi-paccosi-presidente\/\" \/>\n<meta property=\"og:locale\" content=\"it_IT\" \/>\n<meta property=\"og:type\" content=\"article\" \/>\n<meta property=\"og:title\" content=\"Cesvot, Luigi Paccosi \u00e8 il nuovo presidente: &quot;Rafforziamo la capacit\u00e0 di resilienza&quot;\" \/>\n<meta property=\"og:description\" content=\"Dopo Federico Gelli, alla presidenza del Centro servizi volontariato della Toscana \u00e8 stato eletto Luigi Paccosi. \u00c8 il quarto presidente.\" \/>\n<meta property=\"og:url\" content=\"https:\/\/www.intoscana.it\/it\/cesvot-luigi-paccosi-presidente\/\" \/>\n<meta property=\"og:site_name\" content=\"intoscana\" \/>\n<meta property=\"article:publisher\" content=\"https:\/\/www.facebook.com\/intoscana.it\" \/>\n<meta property=\"article:published_time\" content=\"2022-01-20T12:05:50+00:00\" \/>\n<meta property=\"og:image\" content=\"https:\/\/www.intoscana.it\/wp-content\/uploads\/Federico-Gelli-e-Luigi-Paccosi-nuovo-presidente-Cesvot-Foto-Federico-Barattini.jpg\" \/>\n\t<meta property=\"og:image:width\" content=\"1600\" \/>\n\t<meta property=\"og:image:height\" content=\"1066\" \/>\n\t<meta property=\"og:image:type\" content=\"image\/jpeg\" \/>\n<meta name=\"author\" content=\"Redazione\" \/>\n<meta name=\"twitter:card\" content=\"summary_large_image\" \/>\n<meta name=\"twitter:creator\" content=\"@intoscana\" \/>\n<meta name=\"twitter:site\" content=\"@intoscana\" \/>\n<meta name=\"twitter:label1\" content=\"Written by\" \/>\n\t<meta name=\"twitter:data1\" content=\"Redazione\" \/>\n\t<meta name=\"twitter:label2\" content=\"Est. reading time\" \/>\n\t<meta name=\"twitter:data2\" content=\"5 minuti\" \/>\n<script type=\"application\/ld+json\" class=\"yoast-schema-graph\">{\"@context\":\"https:\/\/schema.org\",\"@graph\":[{\"@type\":\"WebPage\",\"@id\":\"https:\/\/www.intoscana.it\/it\/cesvot-luigi-paccosi-presidente\/\",\"url\":\"https:\/\/www.intoscana.it\/it\/cesvot-luigi-paccosi-presidente\/\",\"name\":\"Cesvot, Luigi Paccosi \u00e8 il nuovo presidente: \\\"Rafforziamo la capacit\u00e0 di resilienza\\\" - intoscana\",\"isPartOf\":{\"@id\":\"https:\/\/www.intoscana.it\/it\/#website\"},\"primaryImageOfPage\":{\"@id\":\"https:\/\/www.intoscana.it\/it\/cesvot-luigi-paccosi-presidente\/#primaryimage\"},\"image\":{\"@id\":\"https:\/\/www.intoscana.it\/it\/cesvot-luigi-paccosi-presidente\/#primaryimage\"},\"thumbnailUrl\":\"https:\/\/www.intoscana.it\/wp-content\/uploads\/Federico-Gelli-e-Luigi-Paccosi-nuovo-presidente-Cesvot-Foto-Federico-Barattini.jpg\",\"datePublished\":\"2022-01-20T12:05:50+00:00\",\"author\":{\"@id\":\"https:\/\/www.intoscana.it\/it\/#\/schema\/person\/9223810753230f20bd670fdd322661f8\"},\"description\":\"Dopo Federico Gelli, alla presidenza del Centro servizi volontariato della Toscana \u00e8 stato eletto Luigi Paccosi. \u00c8 il quarto presidente.\",\"breadcrumb\":{\"@id\":\"https:\/\/www.intoscana.it\/it\/cesvot-luigi-paccosi-presidente\/#breadcrumb\"},\"inLanguage\":\"it-IT\",\"potentialAction\":[{\"@type\":\"ReadAction\",\"target\":[\"https:\/\/www.intoscana.it\/it\/cesvot-luigi-paccosi-presidente\/\"]}]},{\"@type\":\"ImageObject\",\"inLanguage\":\"it-IT\",\"@id\":\"https:\/\/www.intoscana.it\/it\/cesvot-luigi-paccosi-presidente\/#primaryimage\",\"url\":\"https:\/\/www.intoscana.it\/wp-content\/uploads\/Federico-Gelli-e-Luigi-Paccosi-nuovo-presidente-Cesvot-Foto-Federico-Barattini.jpg\",\"contentUrl\":\"https:\/\/www.intoscana.it\/wp-content\/uploads\/Federico-Gelli-e-Luigi-Paccosi-nuovo-presidente-Cesvot-Foto-Federico-Barattini.jpg\",\"width\":1600,\"height\":1066,\"caption\":\"Federico Gelli e Luigi Paccosi, nuovo presidente Cesvot\"},{\"@type\":\"BreadcrumbList\",\"@id\":\"https:\/\/www.intoscana.it\/it\/cesvot-luigi-paccosi-presidente\/#breadcrumb\",\"itemListElement\":[{\"@type\":\"ListItem\",\"position\":1,\"name\":\"Home\",\"item\":\"https:\/\/www.intoscana.it\/it\/\"},{\"@type\":\"ListItem\",\"position\":2,\"name\":\"Cesvot, Luigi Paccosi \u00e8 il nuovo presidente: &#8220;Rafforziamo la capacit\u00e0 di resilienza&#8221;\"}]},{\"@type\":\"WebSite\",\"@id\":\"https:\/\/www.intoscana.it\/it\/#website\",\"url\":\"https:\/\/www.intoscana.it\/it\/\",\"name\":\"intoscana\",\"description\":\"\",\"potentialAction\":[{\"@type\":\"SearchAction\",\"target\":{\"@type\":\"EntryPoint\",\"urlTemplate\":\"https:\/\/www.intoscana.it\/it\/?s={search_term_string}\"},\"query-input\":{\"@type\":\"PropertyValueSpecification\",\"valueRequired\":true,\"valueName\":\"search_term_string\"}}],\"inLanguage\":\"it-IT\"},{\"@type\":\"Person\",\"@id\":\"https:\/\/www.intoscana.it\/it\/#\/schema\/person\/9223810753230f20bd670fdd322661f8\",\"name\":\"Redazione\",\"url\":\"https:\/\/www.intoscana.it\/it\/author\/redazione\/\"}]}<\/script>\n<!-- \/ Yoast SEO Premium plugin. -->","yoast_head_json":{"title":"Cesvot, Luigi Paccosi \u00e8 il nuovo presidente: \"Rafforziamo la capacit\u00e0 di resilienza\" - intoscana","description":"Dopo Federico Gelli, alla presidenza del Centro servizi volontariato della Toscana \u00e8 stato eletto Luigi Paccosi. \u00c8 il quarto presidente.","robots":{"index":"index","follow":"follow","max-snippet":"max-snippet:-1","max-image-preview":"max-image-preview:large","max-video-preview":"max-video-preview:-1"},"canonical":"https:\/\/www.intoscana.it\/it\/cesvot-luigi-paccosi-presidente\/","og_locale":"it_IT","og_type":"article","og_title":"Cesvot, Luigi Paccosi \u00e8 il nuovo presidente: \"Rafforziamo la capacit\u00e0 di resilienza\"","og_description":"Dopo Federico Gelli, alla presidenza del Centro servizi volontariato della Toscana \u00e8 stato eletto Luigi Paccosi. \u00c8 il quarto presidente.","og_url":"https:\/\/www.intoscana.it\/it\/cesvot-luigi-paccosi-presidente\/","og_site_name":"intoscana","article_publisher":"https:\/\/www.facebook.com\/intoscana.it","article_published_time":"2022-01-20T12:05:50+00:00","og_image":[{"width":1600,"height":1066,"url":"https:\/\/www.intoscana.it\/wp-content\/uploads\/Federico-Gelli-e-Luigi-Paccosi-nuovo-presidente-Cesvot-Foto-Federico-Barattini.jpg","type":"image\/jpeg"}],"author":"Redazione","twitter_card":"summary_large_image","twitter_creator":"@intoscana","twitter_site":"@intoscana","twitter_misc":{"Written by":"Redazione","Est. reading time":"5 minuti"},"schema":{"@context":"https:\/\/schema.org","@graph":[{"@type":"WebPage","@id":"https:\/\/www.intoscana.it\/it\/cesvot-luigi-paccosi-presidente\/","url":"https:\/\/www.intoscana.it\/it\/cesvot-luigi-paccosi-presidente\/","name":"Cesvot, Luigi Paccosi \u00e8 il nuovo presidente: \"Rafforziamo la capacit\u00e0 di resilienza\" - intoscana","isPartOf":{"@id":"https:\/\/www.intoscana.it\/it\/#website"},"primaryImageOfPage":{"@id":"https:\/\/www.intoscana.it\/it\/cesvot-luigi-paccosi-presidente\/#primaryimage"},"image":{"@id":"https:\/\/www.intoscana.it\/it\/cesvot-luigi-paccosi-presidente\/#primaryimage"},"thumbnailUrl":"https:\/\/www.intoscana.it\/wp-content\/uploads\/Federico-Gelli-e-Luigi-Paccosi-nuovo-presidente-Cesvot-Foto-Federico-Barattini.jpg","datePublished":"2022-01-20T12:05:50+00:00","author":{"@id":"https:\/\/www.intoscana.it\/it\/#\/schema\/person\/9223810753230f20bd670fdd322661f8"},"description":"Dopo Federico Gelli, alla presidenza del Centro servizi volontariato della Toscana \u00e8 stato eletto Luigi Paccosi. \u00c8 il quarto presidente.","breadcrumb":{"@id":"https:\/\/www.intoscana.it\/it\/cesvot-luigi-paccosi-presidente\/#breadcrumb"},"inLanguage":"it-IT","potentialAction":[{"@type":"ReadAction","target":["https:\/\/www.intoscana.it\/it\/cesvot-luigi-paccosi-presidente\/"]}]},{"@type":"ImageObject","inLanguage":"it-IT","@id":"https:\/\/www.intoscana.it\/it\/cesvot-luigi-paccosi-presidente\/#primaryimage","url":"https:\/\/www.intoscana.it\/wp-content\/uploads\/Federico-Gelli-e-Luigi-Paccosi-nuovo-presidente-Cesvot-Foto-Federico-Barattini.jpg","contentUrl":"https:\/\/www.intoscana.it\/wp-content\/uploads\/Federico-Gelli-e-Luigi-Paccosi-nuovo-presidente-Cesvot-Foto-Federico-Barattini.jpg","width":1600,"height":1066,"caption":"Federico Gelli e Luigi Paccosi, nuovo presidente Cesvot"},{"@type":"BreadcrumbList","@id":"https:\/\/www.intoscana.it\/it\/cesvot-luigi-paccosi-presidente\/#breadcrumb","itemListElement":[{"@type":"ListItem","position":1,"name":"Home","item":"https:\/\/www.intoscana.it\/it\/"},{"@type":"ListItem","position":2,"name":"Cesvot, Luigi Paccosi \u00e8 il nuovo presidente: &#8220;Rafforziamo la capacit\u00e0 di resilienza&#8221;"}]},{"@type":"WebSite","@id":"https:\/\/www.intoscana.it\/it\/#website","url":"https:\/\/www.intoscana.it\/it\/","name":"intoscana","description":"","potentialAction":[{"@type":"SearchAction","target":{"@type":"EntryPoint","urlTemplate":"https:\/\/www.intoscana.it\/it\/?s={search_term_string}"},"query-input":{"@type":"PropertyValueSpecification","valueRequired":true,"valueName":"search_term_string"}}],"inLanguage":"it-IT"},{"@type":"Person","@id":"https:\/\/www.intoscana.it\/it\/#\/schema\/person\/9223810753230f20bd670fdd322661f8","name":"Redazione","url":"https:\/\/www.intoscana.it\/it\/author\/redazione\/"}]}},"_links":{"self":[{"href":"https:\/\/www.intoscana.it\/it\/wp-json\/wp\/v2\/posts\/208208","targetHints":{"allow":["GET"]}}],"collection":[{"href":"https:\/\/www.intoscana.it\/it\/wp-json\/wp\/v2\/posts"}],"about":[{"href":"https:\/\/www.intoscana.it\/it\/wp-json\/wp\/v2\/types\/post"}],"author":[{"embeddable":true,"href":"https:\/\/www.intoscana.it\/it\/wp-json\/wp\/v2\/users\/525"}],"replies":[{"embeddable":true,"href":"https:\/\/www.intoscana.it\/it\/wp-json\/wp\/v2\/comments?post=208208"}],"version-history":[{"count":0,"href":"https:\/\/www.intoscana.it\/it\/wp-json\/wp\/v2\/posts\/208208\/revisions"}],"wp:featuredmedia":[{"embeddable":true,"href":"https:\/\/www.intoscana.it\/it\/wp-json\/wp\/v2\/media\/208210"}],"wp:attachment":[{"href":"https:\/\/www.intoscana.it\/it\/wp-json\/wp\/v2\/media?parent=208208"}],"wp:term":[{"taxonomy":"category","embeddable":true,"href":"https:\/\/www.intoscana.it\/it\/wp-json\/wp\/v2\/categories?post=208208"},{"taxonomy":"post_tag","embeddable":true,"href":"https:\/\/www.intoscana.it\/it\/wp-json\/wp\/v2\/tags?post=208208"}],"curies":[{"name":"wp","href":"https:\/\/api.w.org\/{rel}","templated":true}]}}