{"id":208440,"date":"2022-01-21T12:53:12","date_gmt":"2022-01-21T11:53:12","guid":{"rendered":"https:\/\/www.intoscana.it\/it\/?p=208440"},"modified":"2022-01-21T12:57:11","modified_gmt":"2022-01-21T11:57:11","slug":"coronavirus-13-029-nuovi-casi-eta-media-34-anni-i-decessi-sono-34","status":"publish","type":"post","link":"https:\/\/www.intoscana.it\/it\/coronavirus-13-029-nuovi-casi-eta-media-34-anni-i-decessi-sono-34\/","title":{"rendered":"Covid: 13.029 nuovi casi, et\u00e0 media 34 anni. I decessi sono 34"},"content":{"rendered":"<p>In Toscana sono <strong>13.029 in pi\u00f9<\/strong> rispetto a ieri <strong>i casi di positivit\u00e0<\/strong> al Coronavirus (5.791 confermati con tampone molecolare e 7.238 da test rapido antigenico); l&#8217;et\u00e0 media \u00e8 di 34 anni. <strong>I guariti raggiungono quota 452.782<\/strong> (70,6% dei casi totali). Oggi sono stati eseguiti 21.874 tamponi molecolari e 50.975 tamponi antigenici rapidi, di questi il 17,9% \u00e8 risultato positivo.<\/p>\n<p>Sono invece<strong> 17.268 i soggetti testati oggi<\/strong> (con tampone antigenico e\/o molecolare, escludendo i tamponi di controllo), di cui il 75,5% \u00e8 risultato positivo. Gli attualmente positivi sono oggi 180.388, +0,2% rispetto a ieri.<strong> I ricoverati sono 1.465<\/strong> (11 in pi\u00f9 rispetto a ieri), di cui <strong>125 in terapia intensiva<\/strong> (1 in pi\u00f9). Oggi si registrano <strong>34 nuovi decessi<\/strong>: 19 uomini e 15 donne con un&#8217;et\u00e0 media di 82,7 anni. Le persone decedute sono: 11 a Firenze, 3 a Prato, 2 a Pistoia, 4 a Massa Carrara, 2 a Lucca, 3 a Pisa, 6 a Livorno, 1 a Arezzo, 2 a Grosseto.<\/p>\n<p>Sono <strong>193.038 i casi complessivi ad oggi a Firenze<\/strong> (4.057 in pi\u00f9 rispetto a ieri), 50.788 a Prato (793 in pi\u00f9), 55.067 a Pistoia (1.092 in pi\u00f9), 30.462 a Massa (450 in pi\u00f9), 62.786 a Lucca (1.166 in pi\u00f9), 74.387 a Pisa (1.481 in pi\u00f9), 49.699 a Livorno (1.380 in pi\u00f9), 56.589 ad Arezzo (1.148 in pi\u00f9), 40.793 a Siena (755 in pi\u00f9), 26.989 a Grosseto (707 in pi\u00f9). Sono 555 i casi positivi notificati in Toscana, ma residenti in altre regioni.<\/p>\n<p>Sono <strong>178.923 le persone in isolamento a casa<\/strong>, poich\u00e9 presentano sintomi lievi che non richiedono cure ospedaliere, o risultano prive di sintomi (386 in pi\u00f9 rispetto a ieri, pi\u00f9 0,2%).\u00a0Sono 45.941 (5.098 in pi\u00f9 rispetto a ieri, pi\u00f9 12,5%) le persone, anch&#8217;esse isolate, in sorveglianza attiva perch\u00e9 hanno avuto contatti con persone contagiate (ASL Centro 16.144, Nord Ovest 19.496, Sud Est 10.301).<\/p>\n<p><strong>Le persone guarite sono 452.782<\/strong> (12.598 in pi\u00f9 rispetto a ieri, pi\u00f9 2,9%): le cosiddette guarigioni virali, con tampone negativo.<\/p>\n<p>Sono <strong>7.983 i deceduti dall&#8217;inizio dell&#8217;epidemia<\/strong> cosi ripartiti: 2.542 a Firenze, 693 a Prato, 735 a Pistoia, 568 a Massa Carrara, 754 a Lucca, 818 a Pisa, 524 a Livorno, 580 ad Arezzo, 407 a Siena, 259 a Grosseto, 103 persone sono decedute sul suolo toscano ma erano residenti fuori regione.<\/p>\n","protected":false},"excerpt":{"rendered":"<p>I ricoverati sono 1.465 (11 in pi\u00f9 rispetto a ieri), di cui 125 in terapia intensiva (1 in pi\u00f9)<\/p>\n","protected":false},"author":525,"featured_media":194287,"comment_status":"open","ping_status":"open","sticky":false,"template":"","format":"standard","meta":{"_acf_changed":false,"footnotes":""},"categories":[494],"tags":[4868,418],"class_list":["post-208440","post","type-post","status-publish","format-standard","has-post-thumbnail","hentry","category-attualita","tag-bollettino-covid-toscana","tag-covid-19"],"acf":[],"yoast_head":"<!-- This site is optimized with the Yoast SEO Premium plugin v24.2 (Yoast SEO v25.6) - https:\/\/yoast.com\/wordpress\/plugins\/seo\/ -->\n<title>Covid: 13.029 nuovi casi, et\u00e0 media 34 anni. I decessi sono 34 - intoscana<\/title>\n<meta name=\"description\" content=\"I ricoverati sono 1.465 (11 in pi\u00f9 rispetto a ieri), di cui 125 in terapia intensiva (1 in pi\u00f9)\" \/>\n<meta name=\"robots\" content=\"index, follow, max-snippet:-1, max-image-preview:large, max-video-preview:-1\" \/>\n<link rel=\"canonical\" href=\"https:\/\/www.intoscana.it\/it\/coronavirus-13-029-nuovi-casi-eta-media-34-anni-i-decessi-sono-34\/\" \/>\n<meta property=\"og:locale\" content=\"it_IT\" \/>\n<meta property=\"og:type\" content=\"article\" \/>\n<meta property=\"og:title\" content=\"Covid: 13.029 nuovi casi, et\u00e0 media 34 anni. I decessi sono 34\" \/>\n<meta property=\"og:description\" content=\"I ricoverati sono 1.465 (11 in pi\u00f9 rispetto a ieri), di cui 125 in terapia intensiva (1 in pi\u00f9)\" \/>\n<meta property=\"og:url\" content=\"https:\/\/www.intoscana.it\/it\/coronavirus-13-029-nuovi-casi-eta-media-34-anni-i-decessi-sono-34\/\" \/>\n<meta property=\"og:site_name\" content=\"intoscana\" \/>\n<meta property=\"article:publisher\" content=\"https:\/\/www.facebook.com\/intoscana.it\" \/>\n<meta property=\"article:published_time\" content=\"2022-01-21T11:53:12+00:00\" \/>\n<meta property=\"article:modified_time\" content=\"2022-01-21T11:57:11+00:00\" \/>\n<meta property=\"og:image\" content=\"https:\/\/www.intoscana.it\/wp-content\/uploads\/creaf_prato_vaccini_2-scaled.jpg\" \/>\n\t<meta property=\"og:image:width\" content=\"2048\" \/>\n\t<meta property=\"og:image:height\" content=\"1363\" \/>\n\t<meta property=\"og:image:type\" content=\"image\/jpeg\" \/>\n<meta name=\"author\" content=\"Redazione\" \/>\n<meta name=\"twitter:card\" content=\"summary_large_image\" \/>\n<meta name=\"twitter:creator\" content=\"@intoscana\" \/>\n<meta name=\"twitter:site\" content=\"@intoscana\" \/>\n<meta name=\"twitter:label1\" content=\"Written by\" \/>\n\t<meta name=\"twitter:data1\" content=\"Redazione\" \/>\n\t<meta name=\"twitter:label2\" content=\"Est. reading time\" \/>\n\t<meta name=\"twitter:data2\" content=\"2 minuti\" \/>\n<script type=\"application\/ld+json\" class=\"yoast-schema-graph\">{\"@context\":\"https:\/\/schema.org\",\"@graph\":[{\"@type\":\"WebPage\",\"@id\":\"https:\/\/www.intoscana.it\/it\/coronavirus-13-029-nuovi-casi-eta-media-34-anni-i-decessi-sono-34\/\",\"url\":\"https:\/\/www.intoscana.it\/it\/coronavirus-13-029-nuovi-casi-eta-media-34-anni-i-decessi-sono-34\/\",\"name\":\"Covid: 13.029 nuovi casi, et\u00e0 media 34 anni. I decessi sono 34 - intoscana\",\"isPartOf\":{\"@id\":\"https:\/\/www.intoscana.it\/it\/#website\"},\"primaryImageOfPage\":{\"@id\":\"https:\/\/www.intoscana.it\/it\/coronavirus-13-029-nuovi-casi-eta-media-34-anni-i-decessi-sono-34\/#primaryimage\"},\"image\":{\"@id\":\"https:\/\/www.intoscana.it\/it\/coronavirus-13-029-nuovi-casi-eta-media-34-anni-i-decessi-sono-34\/#primaryimage\"},\"thumbnailUrl\":\"https:\/\/www.intoscana.it\/wp-content\/uploads\/creaf_prato_vaccini_2-scaled.jpg\",\"datePublished\":\"2022-01-21T11:53:12+00:00\",\"dateModified\":\"2022-01-21T11:57:11+00:00\",\"author\":{\"@id\":\"https:\/\/www.intoscana.it\/it\/#\/schema\/person\/9223810753230f20bd670fdd322661f8\"},\"description\":\"I ricoverati sono 1.465 (11 in pi\u00f9 rispetto a ieri), di cui 125 in terapia intensiva (1 in pi\u00f9)\",\"breadcrumb\":{\"@id\":\"https:\/\/www.intoscana.it\/it\/coronavirus-13-029-nuovi-casi-eta-media-34-anni-i-decessi-sono-34\/#breadcrumb\"},\"inLanguage\":\"it-IT\",\"potentialAction\":[{\"@type\":\"ReadAction\",\"target\":[\"https:\/\/www.intoscana.it\/it\/coronavirus-13-029-nuovi-casi-eta-media-34-anni-i-decessi-sono-34\/\"]}]},{\"@type\":\"ImageObject\",\"inLanguage\":\"it-IT\",\"@id\":\"https:\/\/www.intoscana.it\/it\/coronavirus-13-029-nuovi-casi-eta-media-34-anni-i-decessi-sono-34\/#primaryimage\",\"url\":\"https:\/\/www.intoscana.it\/wp-content\/uploads\/creaf_prato_vaccini_2-scaled.jpg\",\"contentUrl\":\"https:\/\/www.intoscana.it\/wp-content\/uploads\/creaf_prato_vaccini_2-scaled.jpg\",\"width\":2048,\"height\":1363,\"caption\":\"Infermieri e personale sanitario in reparto Covid (Centro Pegaso di Prato)\"},{\"@type\":\"BreadcrumbList\",\"@id\":\"https:\/\/www.intoscana.it\/it\/coronavirus-13-029-nuovi-casi-eta-media-34-anni-i-decessi-sono-34\/#breadcrumb\",\"itemListElement\":[{\"@type\":\"ListItem\",\"position\":1,\"name\":\"Home\",\"item\":\"https:\/\/www.intoscana.it\/it\/\"},{\"@type\":\"ListItem\",\"position\":2,\"name\":\"Covid: 13.029 nuovi casi, et\u00e0 media 34 anni. I decessi sono 34\"}]},{\"@type\":\"WebSite\",\"@id\":\"https:\/\/www.intoscana.it\/it\/#website\",\"url\":\"https:\/\/www.intoscana.it\/it\/\",\"name\":\"intoscana\",\"description\":\"\",\"potentialAction\":[{\"@type\":\"SearchAction\",\"target\":{\"@type\":\"EntryPoint\",\"urlTemplate\":\"https:\/\/www.intoscana.it\/it\/?s={search_term_string}\"},\"query-input\":{\"@type\":\"PropertyValueSpecification\",\"valueRequired\":true,\"valueName\":\"search_term_string\"}}],\"inLanguage\":\"it-IT\"},{\"@type\":\"Person\",\"@id\":\"https:\/\/www.intoscana.it\/it\/#\/schema\/person\/9223810753230f20bd670fdd322661f8\",\"name\":\"Redazione\",\"url\":\"https:\/\/www.intoscana.it\/it\/author\/redazione\/\"}]}<\/script>\n<!-- \/ Yoast SEO Premium plugin. -->","yoast_head_json":{"title":"Covid: 13.029 nuovi casi, et\u00e0 media 34 anni. I decessi sono 34 - intoscana","description":"I ricoverati sono 1.465 (11 in pi\u00f9 rispetto a ieri), di cui 125 in terapia intensiva (1 in pi\u00f9)","robots":{"index":"index","follow":"follow","max-snippet":"max-snippet:-1","max-image-preview":"max-image-preview:large","max-video-preview":"max-video-preview:-1"},"canonical":"https:\/\/www.intoscana.it\/it\/coronavirus-13-029-nuovi-casi-eta-media-34-anni-i-decessi-sono-34\/","og_locale":"it_IT","og_type":"article","og_title":"Covid: 13.029 nuovi casi, et\u00e0 media 34 anni. I decessi sono 34","og_description":"I ricoverati sono 1.465 (11 in pi\u00f9 rispetto a ieri), di cui 125 in terapia intensiva (1 in pi\u00f9)","og_url":"https:\/\/www.intoscana.it\/it\/coronavirus-13-029-nuovi-casi-eta-media-34-anni-i-decessi-sono-34\/","og_site_name":"intoscana","article_publisher":"https:\/\/www.facebook.com\/intoscana.it","article_published_time":"2022-01-21T11:53:12+00:00","article_modified_time":"2022-01-21T11:57:11+00:00","og_image":[{"width":2048,"height":1363,"url":"https:\/\/www.intoscana.it\/wp-content\/uploads\/creaf_prato_vaccini_2-scaled.jpg","type":"image\/jpeg"}],"author":"Redazione","twitter_card":"summary_large_image","twitter_creator":"@intoscana","twitter_site":"@intoscana","twitter_misc":{"Written by":"Redazione","Est. reading time":"2 minuti"},"schema":{"@context":"https:\/\/schema.org","@graph":[{"@type":"WebPage","@id":"https:\/\/www.intoscana.it\/it\/coronavirus-13-029-nuovi-casi-eta-media-34-anni-i-decessi-sono-34\/","url":"https:\/\/www.intoscana.it\/it\/coronavirus-13-029-nuovi-casi-eta-media-34-anni-i-decessi-sono-34\/","name":"Covid: 13.029 nuovi casi, et\u00e0 media 34 anni. I decessi sono 34 - intoscana","isPartOf":{"@id":"https:\/\/www.intoscana.it\/it\/#website"},"primaryImageOfPage":{"@id":"https:\/\/www.intoscana.it\/it\/coronavirus-13-029-nuovi-casi-eta-media-34-anni-i-decessi-sono-34\/#primaryimage"},"image":{"@id":"https:\/\/www.intoscana.it\/it\/coronavirus-13-029-nuovi-casi-eta-media-34-anni-i-decessi-sono-34\/#primaryimage"},"thumbnailUrl":"https:\/\/www.intoscana.it\/wp-content\/uploads\/creaf_prato_vaccini_2-scaled.jpg","datePublished":"2022-01-21T11:53:12+00:00","dateModified":"2022-01-21T11:57:11+00:00","author":{"@id":"https:\/\/www.intoscana.it\/it\/#\/schema\/person\/9223810753230f20bd670fdd322661f8"},"description":"I ricoverati sono 1.465 (11 in pi\u00f9 rispetto a ieri), di cui 125 in terapia intensiva (1 in pi\u00f9)","breadcrumb":{"@id":"https:\/\/www.intoscana.it\/it\/coronavirus-13-029-nuovi-casi-eta-media-34-anni-i-decessi-sono-34\/#breadcrumb"},"inLanguage":"it-IT","potentialAction":[{"@type":"ReadAction","target":["https:\/\/www.intoscana.it\/it\/coronavirus-13-029-nuovi-casi-eta-media-34-anni-i-decessi-sono-34\/"]}]},{"@type":"ImageObject","inLanguage":"it-IT","@id":"https:\/\/www.intoscana.it\/it\/coronavirus-13-029-nuovi-casi-eta-media-34-anni-i-decessi-sono-34\/#primaryimage","url":"https:\/\/www.intoscana.it\/wp-content\/uploads\/creaf_prato_vaccini_2-scaled.jpg","contentUrl":"https:\/\/www.intoscana.it\/wp-content\/uploads\/creaf_prato_vaccini_2-scaled.jpg","width":2048,"height":1363,"caption":"Infermieri e personale sanitario in reparto Covid (Centro Pegaso di Prato)"},{"@type":"BreadcrumbList","@id":"https:\/\/www.intoscana.it\/it\/coronavirus-13-029-nuovi-casi-eta-media-34-anni-i-decessi-sono-34\/#breadcrumb","itemListElement":[{"@type":"ListItem","position":1,"name":"Home","item":"https:\/\/www.intoscana.it\/it\/"},{"@type":"ListItem","position":2,"name":"Covid: 13.029 nuovi casi, et\u00e0 media 34 anni. I decessi sono 34"}]},{"@type":"WebSite","@id":"https:\/\/www.intoscana.it\/it\/#website","url":"https:\/\/www.intoscana.it\/it\/","name":"intoscana","description":"","potentialAction":[{"@type":"SearchAction","target":{"@type":"EntryPoint","urlTemplate":"https:\/\/www.intoscana.it\/it\/?s={search_term_string}"},"query-input":{"@type":"PropertyValueSpecification","valueRequired":true,"valueName":"search_term_string"}}],"inLanguage":"it-IT"},{"@type":"Person","@id":"https:\/\/www.intoscana.it\/it\/#\/schema\/person\/9223810753230f20bd670fdd322661f8","name":"Redazione","url":"https:\/\/www.intoscana.it\/it\/author\/redazione\/"}]}},"_links":{"self":[{"href":"https:\/\/www.intoscana.it\/it\/wp-json\/wp\/v2\/posts\/208440","targetHints":{"allow":["GET"]}}],"collection":[{"href":"https:\/\/www.intoscana.it\/it\/wp-json\/wp\/v2\/posts"}],"about":[{"href":"https:\/\/www.intoscana.it\/it\/wp-json\/wp\/v2\/types\/post"}],"author":[{"embeddable":true,"href":"https:\/\/www.intoscana.it\/it\/wp-json\/wp\/v2\/users\/525"}],"replies":[{"embeddable":true,"href":"https:\/\/www.intoscana.it\/it\/wp-json\/wp\/v2\/comments?post=208440"}],"version-history":[{"count":0,"href":"https:\/\/www.intoscana.it\/it\/wp-json\/wp\/v2\/posts\/208440\/revisions"}],"wp:featuredmedia":[{"embeddable":true,"href":"https:\/\/www.intoscana.it\/it\/wp-json\/wp\/v2\/media\/194287"}],"wp:attachment":[{"href":"https:\/\/www.intoscana.it\/it\/wp-json\/wp\/v2\/media?parent=208440"}],"wp:term":[{"taxonomy":"category","embeddable":true,"href":"https:\/\/www.intoscana.it\/it\/wp-json\/wp\/v2\/categories?post=208440"},{"taxonomy":"post_tag","embeddable":true,"href":"https:\/\/www.intoscana.it\/it\/wp-json\/wp\/v2\/tags?post=208440"}],"curies":[{"name":"wp","href":"https:\/\/api.w.org\/{rel}","templated":true}]}}