{"id":208648,"date":"2022-01-24T15:47:34","date_gmt":"2022-01-24T14:47:34","guid":{"rendered":"https:\/\/www.intoscana.it\/it\/?p=208648"},"modified":"2022-01-24T15:47:34","modified_gmt":"2022-01-24T14:47:34","slug":"chi-sono-gli-imprenditori-della-gentilezza-in-toscana-i-primi-nomi-e-sono-tutte-donne","status":"publish","type":"post","link":"https:\/\/www.intoscana.it\/it\/chi-sono-gli-imprenditori-della-gentilezza-in-toscana-i-primi-nomi-e-sono-tutte-donne\/","title":{"rendered":"Chi sono gli &#8220;imprenditori della gentilezza&#8221; in Toscana: i primi nomi. E sono tutte donne"},"content":{"rendered":"<p>C&#8217;\u00e8 la nota tassista fiorentina e la sua auto piena di giochi e dolci per i bambini, c&#8217;\u00e8 l&#8217;estetista che ascolta e fa fare amicizia alle sue clienti e c&#8217;\u00e8 l&#8217;avvocata che apre la porta del suo studio sempre\u00a0 con un sorriso. <mark>Praticare gentilezza gratuita e inattesa \u00e8 nella loro indole e da adesso \u00e8 anche strutturata in una vera e propria <a href=\"https:\/\/costruiamogentilezza.org\/\" target=\"_blank\" rel=\"noopener\">associazione<\/a> nazionale da cui sono nati &#8220;Gli imprenditori della gentilezza&#8221;, un nome semplice ma efficace. In Toscana, ad oggi,\u00a0 sono sei le adesioni e &#8211;\u00a0 cosa molto comune, come fanno sapere dall&#8217;associazione &#8211;\u00a0 sono tutte donne.<\/mark><\/p>\n<p>Per essere imprenditrici e imprenditori della gentilezza (manager, liberi professionisti, artigiani e commercianti) \u00e8 necessario possedere determinate caratteristiche, semplici ma non comuni, e costruire quotidianamente pratiche di gentilezza. <em>&#8220;Fondare le proprie relazioni su ascolto, comprensione e fiducia <\/em>&#8211; spiega l&#8217;associazione &#8211;<em>\u00a0 valorizzando le qualit\u00e0 delle persone coinvolte nella relazione lavorativa; favorire l\u2019armonia lavorativa attraverso dialoghi e pratiche costruttive; co-progettare, realizzare e condividere buone pratiche di gentilezza per accrescere il benessere dei lavoratori, in particolar modo prestando attenzione ai genitori e ai loro figli&#8221;<\/em>.<\/p>\n<h3><em>Ecco le sei imprenditrici della gentilezza toscane<\/em><\/h3>\n<p><mark>Sei donne, imprenditrici, che affrontano il lavoro con umanit\u00e0 e il sorriso. I loro approcci sono diversi, ma hanno in comune la voglia di migliorarsi e rendere il loro contesto sociale pi\u00f9 vivibile e accogliente.<\/mark> Eccole:<\/p>\n<p><strong>Caterina Bellandi<\/strong> \u00e8 una tassista di Firenze, conosciuta per i suoi cappelli e mantelli colorati e per il suo taxi ancora pi\u00f9 appariscente, pieno di fiori, giochi e caramelle. <mark>Un paradiso per i bambini a cui lei presta particolare attenzione, soprattutto i piccoli malati che accompagna sempre in ospedale.<\/mark> &#8220;<em>Il mio variopinto taxi per me \u00e8 cuore pulsante, \u00e8 una navicella spaziale con cui mi dirigo nell\u2019universo degli incontri e delle relazioni, con cui trasporto i miei supereroi alle terapie ed in coinvolgenti avventure&#8221;. &#8220;La comunit\u00e0 lavorativa a cui appartengo, ovvero quella dei taxisti, mi sottopone ad un quotidiano esercizio di ascolto. La mia immagine, talvolta giudicata stravagante, oltre che il periodo che stiamo vivendo di forte stress anche in ambito lavorativo, mi sottopone spesso a situazioni di non accoglienza. Praticare gentilezza in tale ambito dipende molto dagli stimoli: con persone gentili lo sforzo \u00e8 inesistente, mentre davanti a stimoli di rifiuto o rigidit\u00e0, mi esercito al silenzio con l\u2019intento di trovare un modo per entrare in relazione anche con chi, ha pi\u00f9 difficolt\u00e0 a praticare la gentilezza&#8221;<\/em><\/p>\n<p><em>&#8220;Ascolto, pazienza ed empatia&#8221;<\/em> sono le caratterisiche di <strong>Deborah Fabbri, <\/strong>agente generale di assicurazioni di Firenze. Per lei <em>&#8220;\u00e8 necessario capire le situazioni, comprendere le caratteristiche di ogni persona per poter valorizzare gli aspetti positivi di ognuno. Come imprenditrice della gentilezza mi impegno a concretizzare piccole azioni quotidiane di utilit\u00e0 comune, a utilizzare parole cortesi con le persone, ad ascoltare e cercare soluzioni condividendo umanamente il bisogno di ogni persona che rivolge una richiesta&#8221;<\/em>.<\/p>\n<figure id=\"post-208676 media-208676\" class=\"align-none\"><img decoding=\"async\" src=\"https:\/\/www.intoscana.it\/wp-content\/uploads\/Debora-Fabbri-.jpg\" alt=\"\" \/><\/figure>\n<div class=\"titleimg\" style=\"text-align: center;\"><em>Debora Fabbri<\/em><\/div>\n<p><strong>Letizia Gentile<\/strong> \u00e8 imprenditrice all\u2019interno di un\u2019agenzia di comunicazione, dal 2021 Direttore di Compagnia delle Opere Toscana di Firenze. <em>\u201cOgni giorno mi impegno nel mettere in pratica la gentilezza essenzialmente\u00a0 ascoltando. L\u2019ascolto \u00e8 un dedicarsi all\u2019altro per approfondire la conoscenza e capire come posso essere di aiuto&#8221;<\/em>.<\/p>\n<figure id=\"post-208675 media-208675\" class=\"align-none\"><img decoding=\"async\" src=\"https:\/\/www.intoscana.it\/wp-content\/uploads\/Letizia-Gentile.jpg\" alt=\"\" \/><\/figure>\n<div class=\"titleimg\" style=\"text-align: left;\"><em>Letizia Gentile<\/em><\/div>\n<p><strong>Elisabetta Marinari<\/strong> invece fa l&#8217; avvocata di Firenze e condivide lo studio con altri professionisti. <em>&#8220;Il mio contributo alla convivenza \u00e8 rispetto e gentilezza. La mia stanza \u00e8 posta in prossimit\u00e0 dell\u2019ingresso. Apro la porta anche ai clienti degli altri studi che accolgo con cordialit\u00e0 e faccio accomodare come se fossero i miei. Distribuisco la posta, ricevo i corrieri e cerco di essere gentile con tutti, aiutandoli nelle piccole cose, quando mi \u00e9 possibile. Come Imprenditore della Gentilezza accolgo gli altri con un sorriso, preoccupandomi dei loro stati d\u2019animo, chiedendo loro notizie della giornata trascorsa e incoraggiando il prossimo\u201d.<\/em><\/p>\n<figure id=\"post-208678 media-208678\" class=\"align-none\"><img decoding=\"async\" src=\"https:\/\/www.intoscana.it\/wp-content\/uploads\/avv-Elisabetta-Marinari--scaled.jpg\" alt=\"\" \/><\/figure>\n<div class=\"titleimg\" style=\"text-align: center;\"><em>Elisabetta Marinari<\/em><\/div>\n<p><strong>Daniela Oliboni<\/strong> fa la consulente e Firenze: <em>\u201cNella mia attivit\u00e0 la prima gentilezza \u00e8 parlare di noi,\u00a0 anzich\u00e9 di io o del mio. Con una cultura dell&#8217;ascolto reciproco attento e di una forte inclusione delle prospettive sia nei progetti che nella gestione aziendale e stiamo introducendo pratiche sempre pi\u00f9 inclusive e collaborative&#8221;.<\/em><\/p>\n<figure id=\"post-208677 media-208677\" class=\"align-none\"><img decoding=\"async\" src=\"https:\/\/www.intoscana.it\/wp-content\/uploads\/Daniela-Oliboni.jpg\" alt=\"\" \/><\/figure>\n<div class=\"titleimg\" style=\"text-align: center;\"><em>Daniela Oliboni<\/em><\/div>\n<p>Da Siena c&#8217;\u00e8<strong> Antonia Pia Sales<\/strong>, titolare di un centro estetico che si occupa delle &#8220;sue donne&#8221; anche fuori dal salone, organizzando cene e aperitivi: <em>\u201cNel mio lavoro, metto in pratica la gentilezza porgendo guancia, cuore e orecchio alle donne che entrano nel mio centro estetico. Le ascolto, le consiglio, cerco di tirarle su di morale. Spesso mi capita di avvertire solitudine nelle loro parole. Allora quale migliore occasione per invitarle a cena e donare loro una nuova amica? Proprio per questa ragione, ho organizzato un aperitivo di gruppo. Tutte le clienti che ne hanno voglia, mi mandano un messaggio dopodich\u00e9 le invito a raggiungermi in un posto ad una determinata ora. L\u2019obiettivo \u00e8 quello di incontrarmi con pi\u00f9 clienti insieme, in modo tale da farle conoscere tra loro per fare nascere nuove amicizie&#8221;.<\/em><\/p>\n<figure id=\"post-208680 media-208680\" class=\"align-none\"><img decoding=\"async\" src=\"https:\/\/www.intoscana.it\/wp-content\/uploads\/Antonia-Pia-Sales-.jpg\" alt=\"\" \/><\/figure>\n<div class=\"titleimg\" style=\"text-align: center;\"><em>Antonia Pia Sales<\/em><\/div>\n<p>Gli imprenditori alla gentilezza sono organizzati in rete e partecipano all\u2019attuazione del <em>Progetto Nazionale Costruiamo Gentilezza <\/em>coordinato dall\u2019Associazione Cor et Amor.\u00a0 Essere riconosciuti <a href=\"https:\/\/costruiamogentilezza.org\/costruttori-di-gentilezza\/imprenditori-alla-gentilezza\/\" target=\"_blank\" rel=\"noopener\">Imprenditori della gentilezza<\/a> \u00e8 gratuito e per diventarlo basta condividere una buona pratica di gentilezza compilando il questionario presente sul sito.<\/p>\n","protected":false},"excerpt":{"rendered":"<p>La tassista, l&#8217;avvocata, l&#8217;estetista, poi consulenti e imprenditrici. Sono sei le professioniste toscane che fanno parte dell&#8217;associazione nazionale<\/p>\n","protected":false},"author":545,"featured_media":208679,"comment_status":"open","ping_status":"open","sticky":false,"template":"","format":"standard","meta":{"_acf_changed":false,"footnotes":""},"categories":[4],"tags":[5418],"class_list":["post-208648","post","type-post","status-publish","format-standard","has-post-thumbnail","hentry","category-storie","tag-impresa"],"acf":[],"yoast_head":"<!-- This site is optimized with the Yoast SEO Premium plugin v24.2 (Yoast SEO v25.6) - https:\/\/yoast.com\/wordpress\/plugins\/seo\/ -->\n<title>Chi sono gli &quot;imprenditori della gentilezza&quot; in Toscana: i primi nomi. E sono tutte donne - intoscana<\/title>\n<meta name=\"description\" content=\"La tassista, l&#039;avvocata, l&#039;estetista, poi consulenti e imprenditrici. Sono sei le professioniste toscane che fanno parte dell&#039;associazione nazionale\" \/>\n<meta name=\"robots\" content=\"index, follow, max-snippet:-1, max-image-preview:large, max-video-preview:-1\" \/>\n<link rel=\"canonical\" href=\"https:\/\/www.intoscana.it\/it\/chi-sono-gli-imprenditori-della-gentilezza-in-toscana-i-primi-nomi-e-sono-tutte-donne\/\" \/>\n<meta property=\"og:locale\" content=\"it_IT\" \/>\n<meta property=\"og:type\" content=\"article\" \/>\n<meta property=\"og:title\" content=\"Chi sono gli &quot;imprenditori della gentilezza&quot; in Toscana: i primi nomi. E sono tutte donne\" \/>\n<meta property=\"og:description\" content=\"La tassista, l&#039;avvocata, l&#039;estetista, poi consulenti e imprenditrici. Sono sei le professioniste toscane che fanno parte dell&#039;associazione nazionale\" \/>\n<meta property=\"og:url\" content=\"https:\/\/www.intoscana.it\/it\/chi-sono-gli-imprenditori-della-gentilezza-in-toscana-i-primi-nomi-e-sono-tutte-donne\/\" \/>\n<meta property=\"og:site_name\" content=\"intoscana\" \/>\n<meta property=\"article:publisher\" content=\"https:\/\/www.facebook.com\/intoscana.it\" \/>\n<meta property=\"article:published_time\" content=\"2022-01-24T14:47:34+00:00\" \/>\n<meta property=\"og:image\" content=\"https:\/\/www.intoscana.it\/wp-content\/uploads\/Caterina-Bellandi-.jpg\" \/>\n\t<meta property=\"og:image:width\" content=\"960\" \/>\n\t<meta property=\"og:image:height\" content=\"638\" \/>\n\t<meta property=\"og:image:type\" content=\"image\/jpeg\" \/>\n<meta name=\"author\" content=\"Clara D&#039;Acunto\" \/>\n<meta name=\"twitter:card\" content=\"summary_large_image\" \/>\n<meta name=\"twitter:creator\" content=\"@intoscana\" \/>\n<meta name=\"twitter:site\" content=\"@intoscana\" \/>\n<meta name=\"twitter:label1\" content=\"Written by\" \/>\n\t<meta name=\"twitter:data1\" content=\"Clara D&#039;Acunto\" \/>\n\t<meta name=\"twitter:label2\" content=\"Est. reading time\" \/>\n\t<meta name=\"twitter:data2\" content=\"4 minuti\" \/>\n<script type=\"application\/ld+json\" class=\"yoast-schema-graph\">{\"@context\":\"https:\/\/schema.org\",\"@graph\":[{\"@type\":\"WebPage\",\"@id\":\"https:\/\/www.intoscana.it\/it\/chi-sono-gli-imprenditori-della-gentilezza-in-toscana-i-primi-nomi-e-sono-tutte-donne\/\",\"url\":\"https:\/\/www.intoscana.it\/it\/chi-sono-gli-imprenditori-della-gentilezza-in-toscana-i-primi-nomi-e-sono-tutte-donne\/\",\"name\":\"Chi sono gli \\\"imprenditori della gentilezza\\\" in Toscana: i primi nomi. E sono tutte donne - intoscana\",\"isPartOf\":{\"@id\":\"https:\/\/www.intoscana.it\/it\/#website\"},\"primaryImageOfPage\":{\"@id\":\"https:\/\/www.intoscana.it\/it\/chi-sono-gli-imprenditori-della-gentilezza-in-toscana-i-primi-nomi-e-sono-tutte-donne\/#primaryimage\"},\"image\":{\"@id\":\"https:\/\/www.intoscana.it\/it\/chi-sono-gli-imprenditori-della-gentilezza-in-toscana-i-primi-nomi-e-sono-tutte-donne\/#primaryimage\"},\"thumbnailUrl\":\"https:\/\/www.intoscana.it\/wp-content\/uploads\/Caterina-Bellandi-.jpg\",\"datePublished\":\"2022-01-24T14:47:34+00:00\",\"author\":{\"@id\":\"https:\/\/www.intoscana.it\/it\/#\/schema\/person\/137419af9ef5d385bde52864a841e6ce\"},\"description\":\"La tassista, l'avvocata, l'estetista, poi consulenti e imprenditrici. Sono sei le professioniste toscane che fanno parte dell'associazione nazionale\",\"breadcrumb\":{\"@id\":\"https:\/\/www.intoscana.it\/it\/chi-sono-gli-imprenditori-della-gentilezza-in-toscana-i-primi-nomi-e-sono-tutte-donne\/#breadcrumb\"},\"inLanguage\":\"it-IT\",\"potentialAction\":[{\"@type\":\"ReadAction\",\"target\":[\"https:\/\/www.intoscana.it\/it\/chi-sono-gli-imprenditori-della-gentilezza-in-toscana-i-primi-nomi-e-sono-tutte-donne\/\"]}]},{\"@type\":\"ImageObject\",\"inLanguage\":\"it-IT\",\"@id\":\"https:\/\/www.intoscana.it\/it\/chi-sono-gli-imprenditori-della-gentilezza-in-toscana-i-primi-nomi-e-sono-tutte-donne\/#primaryimage\",\"url\":\"https:\/\/www.intoscana.it\/wp-content\/uploads\/Caterina-Bellandi-.jpg\",\"contentUrl\":\"https:\/\/www.intoscana.it\/wp-content\/uploads\/Caterina-Bellandi-.jpg\",\"width\":960,\"height\":638,\"caption\":\"Caterina Bellandi\"},{\"@type\":\"BreadcrumbList\",\"@id\":\"https:\/\/www.intoscana.it\/it\/chi-sono-gli-imprenditori-della-gentilezza-in-toscana-i-primi-nomi-e-sono-tutte-donne\/#breadcrumb\",\"itemListElement\":[{\"@type\":\"ListItem\",\"position\":1,\"name\":\"Home\",\"item\":\"https:\/\/www.intoscana.it\/it\/\"},{\"@type\":\"ListItem\",\"position\":2,\"name\":\"Chi sono gli &#8220;imprenditori della gentilezza&#8221; in Toscana: i primi nomi. E sono tutte donne\"}]},{\"@type\":\"WebSite\",\"@id\":\"https:\/\/www.intoscana.it\/it\/#website\",\"url\":\"https:\/\/www.intoscana.it\/it\/\",\"name\":\"intoscana\",\"description\":\"\",\"potentialAction\":[{\"@type\":\"SearchAction\",\"target\":{\"@type\":\"EntryPoint\",\"urlTemplate\":\"https:\/\/www.intoscana.it\/it\/?s={search_term_string}\"},\"query-input\":{\"@type\":\"PropertyValueSpecification\",\"valueRequired\":true,\"valueName\":\"search_term_string\"}}],\"inLanguage\":\"it-IT\"},{\"@type\":\"Person\",\"@id\":\"https:\/\/www.intoscana.it\/it\/#\/schema\/person\/137419af9ef5d385bde52864a841e6ce\",\"name\":\"Clara D'Acunto\",\"url\":\"https:\/\/www.intoscana.it\/it\/author\/clara-d_acunto\/\"}]}<\/script>\n<!-- \/ Yoast SEO Premium plugin. -->","yoast_head_json":{"title":"Chi sono gli \"imprenditori della gentilezza\" in Toscana: i primi nomi. E sono tutte donne - intoscana","description":"La tassista, l'avvocata, l'estetista, poi consulenti e imprenditrici. Sono sei le professioniste toscane che fanno parte dell'associazione nazionale","robots":{"index":"index","follow":"follow","max-snippet":"max-snippet:-1","max-image-preview":"max-image-preview:large","max-video-preview":"max-video-preview:-1"},"canonical":"https:\/\/www.intoscana.it\/it\/chi-sono-gli-imprenditori-della-gentilezza-in-toscana-i-primi-nomi-e-sono-tutte-donne\/","og_locale":"it_IT","og_type":"article","og_title":"Chi sono gli \"imprenditori della gentilezza\" in Toscana: i primi nomi. E sono tutte donne","og_description":"La tassista, l'avvocata, l'estetista, poi consulenti e imprenditrici. Sono sei le professioniste toscane che fanno parte dell'associazione nazionale","og_url":"https:\/\/www.intoscana.it\/it\/chi-sono-gli-imprenditori-della-gentilezza-in-toscana-i-primi-nomi-e-sono-tutte-donne\/","og_site_name":"intoscana","article_publisher":"https:\/\/www.facebook.com\/intoscana.it","article_published_time":"2022-01-24T14:47:34+00:00","og_image":[{"width":960,"height":638,"url":"https:\/\/www.intoscana.it\/wp-content\/uploads\/Caterina-Bellandi-.jpg","type":"image\/jpeg"}],"author":"Clara D'Acunto","twitter_card":"summary_large_image","twitter_creator":"@intoscana","twitter_site":"@intoscana","twitter_misc":{"Written by":"Clara D'Acunto","Est. reading time":"4 minuti"},"schema":{"@context":"https:\/\/schema.org","@graph":[{"@type":"WebPage","@id":"https:\/\/www.intoscana.it\/it\/chi-sono-gli-imprenditori-della-gentilezza-in-toscana-i-primi-nomi-e-sono-tutte-donne\/","url":"https:\/\/www.intoscana.it\/it\/chi-sono-gli-imprenditori-della-gentilezza-in-toscana-i-primi-nomi-e-sono-tutte-donne\/","name":"Chi sono gli \"imprenditori della gentilezza\" in Toscana: i primi nomi. E sono tutte donne - intoscana","isPartOf":{"@id":"https:\/\/www.intoscana.it\/it\/#website"},"primaryImageOfPage":{"@id":"https:\/\/www.intoscana.it\/it\/chi-sono-gli-imprenditori-della-gentilezza-in-toscana-i-primi-nomi-e-sono-tutte-donne\/#primaryimage"},"image":{"@id":"https:\/\/www.intoscana.it\/it\/chi-sono-gli-imprenditori-della-gentilezza-in-toscana-i-primi-nomi-e-sono-tutte-donne\/#primaryimage"},"thumbnailUrl":"https:\/\/www.intoscana.it\/wp-content\/uploads\/Caterina-Bellandi-.jpg","datePublished":"2022-01-24T14:47:34+00:00","author":{"@id":"https:\/\/www.intoscana.it\/it\/#\/schema\/person\/137419af9ef5d385bde52864a841e6ce"},"description":"La tassista, l'avvocata, l'estetista, poi consulenti e imprenditrici. Sono sei le professioniste toscane che fanno parte dell'associazione nazionale","breadcrumb":{"@id":"https:\/\/www.intoscana.it\/it\/chi-sono-gli-imprenditori-della-gentilezza-in-toscana-i-primi-nomi-e-sono-tutte-donne\/#breadcrumb"},"inLanguage":"it-IT","potentialAction":[{"@type":"ReadAction","target":["https:\/\/www.intoscana.it\/it\/chi-sono-gli-imprenditori-della-gentilezza-in-toscana-i-primi-nomi-e-sono-tutte-donne\/"]}]},{"@type":"ImageObject","inLanguage":"it-IT","@id":"https:\/\/www.intoscana.it\/it\/chi-sono-gli-imprenditori-della-gentilezza-in-toscana-i-primi-nomi-e-sono-tutte-donne\/#primaryimage","url":"https:\/\/www.intoscana.it\/wp-content\/uploads\/Caterina-Bellandi-.jpg","contentUrl":"https:\/\/www.intoscana.it\/wp-content\/uploads\/Caterina-Bellandi-.jpg","width":960,"height":638,"caption":"Caterina Bellandi"},{"@type":"BreadcrumbList","@id":"https:\/\/www.intoscana.it\/it\/chi-sono-gli-imprenditori-della-gentilezza-in-toscana-i-primi-nomi-e-sono-tutte-donne\/#breadcrumb","itemListElement":[{"@type":"ListItem","position":1,"name":"Home","item":"https:\/\/www.intoscana.it\/it\/"},{"@type":"ListItem","position":2,"name":"Chi sono gli &#8220;imprenditori della gentilezza&#8221; in Toscana: i primi nomi. E sono tutte donne"}]},{"@type":"WebSite","@id":"https:\/\/www.intoscana.it\/it\/#website","url":"https:\/\/www.intoscana.it\/it\/","name":"intoscana","description":"","potentialAction":[{"@type":"SearchAction","target":{"@type":"EntryPoint","urlTemplate":"https:\/\/www.intoscana.it\/it\/?s={search_term_string}"},"query-input":{"@type":"PropertyValueSpecification","valueRequired":true,"valueName":"search_term_string"}}],"inLanguage":"it-IT"},{"@type":"Person","@id":"https:\/\/www.intoscana.it\/it\/#\/schema\/person\/137419af9ef5d385bde52864a841e6ce","name":"Clara D'Acunto","url":"https:\/\/www.intoscana.it\/it\/author\/clara-d_acunto\/"}]}},"_links":{"self":[{"href":"https:\/\/www.intoscana.it\/it\/wp-json\/wp\/v2\/posts\/208648","targetHints":{"allow":["GET"]}}],"collection":[{"href":"https:\/\/www.intoscana.it\/it\/wp-json\/wp\/v2\/posts"}],"about":[{"href":"https:\/\/www.intoscana.it\/it\/wp-json\/wp\/v2\/types\/post"}],"author":[{"embeddable":true,"href":"https:\/\/www.intoscana.it\/it\/wp-json\/wp\/v2\/users\/545"}],"replies":[{"embeddable":true,"href":"https:\/\/www.intoscana.it\/it\/wp-json\/wp\/v2\/comments?post=208648"}],"version-history":[{"count":0,"href":"https:\/\/www.intoscana.it\/it\/wp-json\/wp\/v2\/posts\/208648\/revisions"}],"wp:featuredmedia":[{"embeddable":true,"href":"https:\/\/www.intoscana.it\/it\/wp-json\/wp\/v2\/media\/208679"}],"wp:attachment":[{"href":"https:\/\/www.intoscana.it\/it\/wp-json\/wp\/v2\/media?parent=208648"}],"wp:term":[{"taxonomy":"category","embeddable":true,"href":"https:\/\/www.intoscana.it\/it\/wp-json\/wp\/v2\/categories?post=208648"},{"taxonomy":"post_tag","embeddable":true,"href":"https:\/\/www.intoscana.it\/it\/wp-json\/wp\/v2\/tags?post=208648"}],"curies":[{"name":"wp","href":"https:\/\/api.w.org\/{rel}","templated":true}]}}