{"id":208701,"date":"2022-01-24T14:23:37","date_gmt":"2022-01-24T13:23:37","guid":{"rendered":"https:\/\/www.intoscana.it\/it\/?p=208701"},"modified":"2022-03-28T15:32:15","modified_gmt":"2022-03-28T13:32:15","slug":"la-bandabardo-annuncia-su-facebook-il-ritorno-la-nuova-voce-sara-cisco","status":"publish","type":"post","link":"https:\/\/www.intoscana.it\/it\/la-bandabardo-annuncia-su-facebook-il-ritorno-la-nuova-voce-sara-cisco\/","title":{"rendered":"La Bandabard\u00f2 annuncia su facebook il ritorno: la nuova voce sar\u00e0 Cisco"},"content":{"rendered":"<p>A un anno dalla scomparsa del suo mai dimenticato leader<a href=\"https:\/\/www.intoscana.it\/it\/articolo\/il-mondo-della-musica-in-lutto-addio-a-erriquez-della-bandabardo\/\" target=\"_blank\" rel=\"noopener\"> <strong>Enrico Greppi in arte Erriquez<\/strong><\/a> la <strong>Bandabard\u00f2 ha ricaricato le pile ed \u00e8 pronta a tornare<\/strong> e lo fa con un commosso post sulla pagina Facebook ufficiale. Il cantante che sostituir\u00e0 la voce di Erriquez sar\u00e0 un vecchio amico della band <strong>Cisco Bellotti.\u00a0<\/strong><\/p>\n<p><strong>Erriquez<\/strong> \u00e8 morto dopo una lunga malattia il <strong>14 febbraio 2021<\/strong>\u00a0nella sua abitazione di Fiesole, lasciando<a href=\"https:\/\/www.intoscana.it\/it\/articolo\/il-mondo-della-musica-in-lutto-addio-a-erriquez-della-bandabardo\/\" target=\"_blank\" rel=\"noopener\"><strong> una commovente lettera d&#8217;addio.<\/strong><\/a><\/p>\n<p><strong>Ecco il loro messaggio ai fan:<br \/>\n<\/strong><br \/>\n<em>&#8220;Tante domande: quelle che ci avete fatto, quelle che ci siamo posti. Tutte si potrebbero riassumere in \u201c\u2026e ora?\u201d. E noi siamo restati l\u00ec sospesi a guardare quelle quattro lettere implacabili. Alla fine \u00e8 stato ancora Erriquez ad indicarci la strada:<\/em> <em>la Bandabard\u00f2 \u00e8 \u201cmusica che accade\u201d, noi siamo musica che accade.<\/em><br \/>\n<strong><em>La Bandabard\u00f2 torna a casa, sul palco.<\/em><\/strong><\/p>\n<p><em>Nei ventisette anni trascorsi in giro per il mondo abbiamo incontrato persone e artisti straordinari, ognuno con la sua storia diversa e preziosa. Con alcuni abbiamo condiviso ideali, progetti, il modo e il senso dell\u2019essere qui ora. <strong>Tra loro Cisco Bellotti, amico e compagno di suonate e bevute, di risate e di canti.<\/strong> Cos\u00ec abbiamo deciso di ripartire insieme a lui con un nuovo progetto: Bandabard\u00f2 &amp; Cisco, semplicemente.<\/em><\/p>\n<p><em>Metteremo insieme canzoni e idee, chitarre e repertori, storie e baldorie. Una collaborazione tra due mondi che si erano gi\u00e0 incontrati in passato e che prender\u00e0 vita per un\u2019estate, senza troppe regole e impicci.<\/em><\/p>\n<p><em>Vedrete. Ascolterete. E, speriamo, ballerete ancora con noi. Lo diciamo nella certezza che anche il nostro fratello Erriquez ci sar\u00e0, ogni sera, per sempre.&#8221;<\/em><\/p>\n<p><strong>Cisco Bellotti ha commentato cos\u00ec l&#8217;annuncio<\/strong>: &#8220;<em>\u00c8 con molta emozione e felicit\u00e0 che vi annunciamo la nascita di questo progetto musicale con gli amici della Bandabard\u00f2. <\/em><em>Sar\u00e0 semplicemente il nostro grande omaggio a un amico, a un artista irripetibile&#8230;Erriquez!\u00a0Per farlo ci serviranno i vostri cuori e tutto il vostro calore.&#8221;<\/em><\/p>\n","protected":false},"excerpt":{"rendered":"<p>Dopo 27 anni in giro per il mondo e la dolorosa morte di Erriquez la Bandabard\u00f2 torna &#8220;a casa&#8221; sul palco insieme all&#8217;amico Cisco<\/p>\n","protected":false},"author":518,"featured_media":208702,"comment_status":"open","ping_status":"open","sticky":false,"template":"","format":"standard","meta":{"_acf_changed":false,"footnotes":""},"categories":[14],"tags":[5527],"class_list":["post-208701","post","type-post","status-publish","format-standard","has-post-thumbnail","hentry","category-musica","tag-bandabardo"],"acf":[],"yoast_head":"<!-- This site is optimized with the Yoast SEO Premium plugin v24.2 (Yoast SEO v25.6) - https:\/\/yoast.com\/wordpress\/plugins\/seo\/ -->\n<title>La Bandabard\u00f2 annuncia su facebook il ritorno: la nuova voce sar\u00e0 Cisco - intoscana<\/title>\n<meta name=\"description\" content=\"Dopo 27 anni in giro per il mondo e la dolorosa morte di Erriquez la Bandabard\u00f2 torna &quot;a casa&quot; sul palco insieme all&#039;amico Cisco\" \/>\n<meta name=\"robots\" content=\"index, follow, max-snippet:-1, max-image-preview:large, max-video-preview:-1\" \/>\n<link rel=\"canonical\" href=\"https:\/\/www.intoscana.it\/it\/la-bandabardo-annuncia-su-facebook-il-ritorno-la-nuova-voce-sara-cisco\/\" \/>\n<meta property=\"og:locale\" content=\"it_IT\" \/>\n<meta property=\"og:type\" content=\"article\" \/>\n<meta property=\"og:title\" content=\"La Bandabard\u00f2 annuncia su facebook il ritorno: la nuova voce sar\u00e0 Cisco\" \/>\n<meta property=\"og:description\" content=\"Dopo 27 anni in giro per il mondo e la dolorosa morte di Erriquez la Bandabard\u00f2 torna &quot;a casa&quot; sul palco insieme all&#039;amico Cisco\" \/>\n<meta property=\"og:url\" content=\"https:\/\/www.intoscana.it\/it\/la-bandabardo-annuncia-su-facebook-il-ritorno-la-nuova-voce-sara-cisco\/\" \/>\n<meta property=\"og:site_name\" content=\"intoscana\" \/>\n<meta property=\"article:publisher\" content=\"https:\/\/www.facebook.com\/intoscana.it\" \/>\n<meta property=\"article:published_time\" content=\"2022-01-24T13:23:37+00:00\" \/>\n<meta property=\"article:modified_time\" content=\"2022-03-28T13:32:15+00:00\" \/>\n<meta property=\"og:image\" content=\"https:\/\/www.intoscana.it\/wp-content\/uploads\/272615855_482869656538011_5051199921724837993_n.jpg\" \/>\n\t<meta property=\"og:image:width\" content=\"960\" \/>\n\t<meta property=\"og:image:height\" content=\"640\" \/>\n\t<meta property=\"og:image:type\" content=\"image\/jpeg\" \/>\n<meta name=\"author\" content=\"Costanza Baldini\" \/>\n<meta name=\"twitter:card\" content=\"summary_large_image\" \/>\n<meta name=\"twitter:creator\" content=\"@intoscana\" \/>\n<meta name=\"twitter:site\" content=\"@intoscana\" \/>\n<meta name=\"twitter:label1\" content=\"Written by\" \/>\n\t<meta name=\"twitter:data1\" content=\"Costanza Baldini\" \/>\n\t<meta name=\"twitter:label2\" content=\"Est. reading time\" \/>\n\t<meta name=\"twitter:data2\" content=\"2 minuti\" \/>\n<script type=\"application\/ld+json\" class=\"yoast-schema-graph\">{\"@context\":\"https:\/\/schema.org\",\"@graph\":[{\"@type\":\"WebPage\",\"@id\":\"https:\/\/www.intoscana.it\/it\/la-bandabardo-annuncia-su-facebook-il-ritorno-la-nuova-voce-sara-cisco\/\",\"url\":\"https:\/\/www.intoscana.it\/it\/la-bandabardo-annuncia-su-facebook-il-ritorno-la-nuova-voce-sara-cisco\/\",\"name\":\"La Bandabard\u00f2 annuncia su facebook il ritorno: la nuova voce sar\u00e0 Cisco - intoscana\",\"isPartOf\":{\"@id\":\"https:\/\/www.intoscana.it\/it\/#website\"},\"primaryImageOfPage\":{\"@id\":\"https:\/\/www.intoscana.it\/it\/la-bandabardo-annuncia-su-facebook-il-ritorno-la-nuova-voce-sara-cisco\/#primaryimage\"},\"image\":{\"@id\":\"https:\/\/www.intoscana.it\/it\/la-bandabardo-annuncia-su-facebook-il-ritorno-la-nuova-voce-sara-cisco\/#primaryimage\"},\"thumbnailUrl\":\"https:\/\/www.intoscana.it\/wp-content\/uploads\/272615855_482869656538011_5051199921724837993_n.jpg\",\"datePublished\":\"2022-01-24T13:23:37+00:00\",\"dateModified\":\"2022-03-28T13:32:15+00:00\",\"author\":{\"@id\":\"https:\/\/www.intoscana.it\/it\/#\/schema\/person\/d469f35f09739bdf00bf5dd3f0647a82\"},\"description\":\"Dopo 27 anni in giro per il mondo e la dolorosa morte di Erriquez la Bandabard\u00f2 torna \\\"a casa\\\" sul palco insieme all'amico Cisco\",\"breadcrumb\":{\"@id\":\"https:\/\/www.intoscana.it\/it\/la-bandabardo-annuncia-su-facebook-il-ritorno-la-nuova-voce-sara-cisco\/#breadcrumb\"},\"inLanguage\":\"it-IT\",\"potentialAction\":[{\"@type\":\"ReadAction\",\"target\":[\"https:\/\/www.intoscana.it\/it\/la-bandabardo-annuncia-su-facebook-il-ritorno-la-nuova-voce-sara-cisco\/\"]}]},{\"@type\":\"ImageObject\",\"inLanguage\":\"it-IT\",\"@id\":\"https:\/\/www.intoscana.it\/it\/la-bandabardo-annuncia-su-facebook-il-ritorno-la-nuova-voce-sara-cisco\/#primaryimage\",\"url\":\"https:\/\/www.intoscana.it\/wp-content\/uploads\/272615855_482869656538011_5051199921724837993_n.jpg\",\"contentUrl\":\"https:\/\/www.intoscana.it\/wp-content\/uploads\/272615855_482869656538011_5051199921724837993_n.jpg\",\"width\":960,\"height\":640},{\"@type\":\"BreadcrumbList\",\"@id\":\"https:\/\/www.intoscana.it\/it\/la-bandabardo-annuncia-su-facebook-il-ritorno-la-nuova-voce-sara-cisco\/#breadcrumb\",\"itemListElement\":[{\"@type\":\"ListItem\",\"position\":1,\"name\":\"Home\",\"item\":\"https:\/\/www.intoscana.it\/it\/\"},{\"@type\":\"ListItem\",\"position\":2,\"name\":\"La Bandabard\u00f2 annuncia su facebook il ritorno: la nuova voce sar\u00e0 Cisco\"}]},{\"@type\":\"WebSite\",\"@id\":\"https:\/\/www.intoscana.it\/it\/#website\",\"url\":\"https:\/\/www.intoscana.it\/it\/\",\"name\":\"intoscana\",\"description\":\"\",\"potentialAction\":[{\"@type\":\"SearchAction\",\"target\":{\"@type\":\"EntryPoint\",\"urlTemplate\":\"https:\/\/www.intoscana.it\/it\/?s={search_term_string}\"},\"query-input\":{\"@type\":\"PropertyValueSpecification\",\"valueRequired\":true,\"valueName\":\"search_term_string\"}}],\"inLanguage\":\"it-IT\"},{\"@type\":\"Person\",\"@id\":\"https:\/\/www.intoscana.it\/it\/#\/schema\/person\/d469f35f09739bdf00bf5dd3f0647a82\",\"name\":\"Costanza Baldini\",\"url\":\"https:\/\/www.intoscana.it\/it\/author\/costanza-baldini\/\"}]}<\/script>\n<!-- \/ Yoast SEO Premium plugin. -->","yoast_head_json":{"title":"La Bandabard\u00f2 annuncia su facebook il ritorno: la nuova voce sar\u00e0 Cisco - intoscana","description":"Dopo 27 anni in giro per il mondo e la dolorosa morte di Erriquez la Bandabard\u00f2 torna \"a casa\" sul palco insieme all'amico Cisco","robots":{"index":"index","follow":"follow","max-snippet":"max-snippet:-1","max-image-preview":"max-image-preview:large","max-video-preview":"max-video-preview:-1"},"canonical":"https:\/\/www.intoscana.it\/it\/la-bandabardo-annuncia-su-facebook-il-ritorno-la-nuova-voce-sara-cisco\/","og_locale":"it_IT","og_type":"article","og_title":"La Bandabard\u00f2 annuncia su facebook il ritorno: la nuova voce sar\u00e0 Cisco","og_description":"Dopo 27 anni in giro per il mondo e la dolorosa morte di Erriquez la Bandabard\u00f2 torna \"a casa\" sul palco insieme all'amico Cisco","og_url":"https:\/\/www.intoscana.it\/it\/la-bandabardo-annuncia-su-facebook-il-ritorno-la-nuova-voce-sara-cisco\/","og_site_name":"intoscana","article_publisher":"https:\/\/www.facebook.com\/intoscana.it","article_published_time":"2022-01-24T13:23:37+00:00","article_modified_time":"2022-03-28T13:32:15+00:00","og_image":[{"width":960,"height":640,"url":"https:\/\/www.intoscana.it\/wp-content\/uploads\/272615855_482869656538011_5051199921724837993_n.jpg","type":"image\/jpeg"}],"author":"Costanza Baldini","twitter_card":"summary_large_image","twitter_creator":"@intoscana","twitter_site":"@intoscana","twitter_misc":{"Written by":"Costanza Baldini","Est. reading time":"2 minuti"},"schema":{"@context":"https:\/\/schema.org","@graph":[{"@type":"WebPage","@id":"https:\/\/www.intoscana.it\/it\/la-bandabardo-annuncia-su-facebook-il-ritorno-la-nuova-voce-sara-cisco\/","url":"https:\/\/www.intoscana.it\/it\/la-bandabardo-annuncia-su-facebook-il-ritorno-la-nuova-voce-sara-cisco\/","name":"La Bandabard\u00f2 annuncia su facebook il ritorno: la nuova voce sar\u00e0 Cisco - intoscana","isPartOf":{"@id":"https:\/\/www.intoscana.it\/it\/#website"},"primaryImageOfPage":{"@id":"https:\/\/www.intoscana.it\/it\/la-bandabardo-annuncia-su-facebook-il-ritorno-la-nuova-voce-sara-cisco\/#primaryimage"},"image":{"@id":"https:\/\/www.intoscana.it\/it\/la-bandabardo-annuncia-su-facebook-il-ritorno-la-nuova-voce-sara-cisco\/#primaryimage"},"thumbnailUrl":"https:\/\/www.intoscana.it\/wp-content\/uploads\/272615855_482869656538011_5051199921724837993_n.jpg","datePublished":"2022-01-24T13:23:37+00:00","dateModified":"2022-03-28T13:32:15+00:00","author":{"@id":"https:\/\/www.intoscana.it\/it\/#\/schema\/person\/d469f35f09739bdf00bf5dd3f0647a82"},"description":"Dopo 27 anni in giro per il mondo e la dolorosa morte di Erriquez la Bandabard\u00f2 torna \"a casa\" sul palco insieme all'amico Cisco","breadcrumb":{"@id":"https:\/\/www.intoscana.it\/it\/la-bandabardo-annuncia-su-facebook-il-ritorno-la-nuova-voce-sara-cisco\/#breadcrumb"},"inLanguage":"it-IT","potentialAction":[{"@type":"ReadAction","target":["https:\/\/www.intoscana.it\/it\/la-bandabardo-annuncia-su-facebook-il-ritorno-la-nuova-voce-sara-cisco\/"]}]},{"@type":"ImageObject","inLanguage":"it-IT","@id":"https:\/\/www.intoscana.it\/it\/la-bandabardo-annuncia-su-facebook-il-ritorno-la-nuova-voce-sara-cisco\/#primaryimage","url":"https:\/\/www.intoscana.it\/wp-content\/uploads\/272615855_482869656538011_5051199921724837993_n.jpg","contentUrl":"https:\/\/www.intoscana.it\/wp-content\/uploads\/272615855_482869656538011_5051199921724837993_n.jpg","width":960,"height":640},{"@type":"BreadcrumbList","@id":"https:\/\/www.intoscana.it\/it\/la-bandabardo-annuncia-su-facebook-il-ritorno-la-nuova-voce-sara-cisco\/#breadcrumb","itemListElement":[{"@type":"ListItem","position":1,"name":"Home","item":"https:\/\/www.intoscana.it\/it\/"},{"@type":"ListItem","position":2,"name":"La Bandabard\u00f2 annuncia su facebook il ritorno: la nuova voce sar\u00e0 Cisco"}]},{"@type":"WebSite","@id":"https:\/\/www.intoscana.it\/it\/#website","url":"https:\/\/www.intoscana.it\/it\/","name":"intoscana","description":"","potentialAction":[{"@type":"SearchAction","target":{"@type":"EntryPoint","urlTemplate":"https:\/\/www.intoscana.it\/it\/?s={search_term_string}"},"query-input":{"@type":"PropertyValueSpecification","valueRequired":true,"valueName":"search_term_string"}}],"inLanguage":"it-IT"},{"@type":"Person","@id":"https:\/\/www.intoscana.it\/it\/#\/schema\/person\/d469f35f09739bdf00bf5dd3f0647a82","name":"Costanza Baldini","url":"https:\/\/www.intoscana.it\/it\/author\/costanza-baldini\/"}]}},"_links":{"self":[{"href":"https:\/\/www.intoscana.it\/it\/wp-json\/wp\/v2\/posts\/208701","targetHints":{"allow":["GET"]}}],"collection":[{"href":"https:\/\/www.intoscana.it\/it\/wp-json\/wp\/v2\/posts"}],"about":[{"href":"https:\/\/www.intoscana.it\/it\/wp-json\/wp\/v2\/types\/post"}],"author":[{"embeddable":true,"href":"https:\/\/www.intoscana.it\/it\/wp-json\/wp\/v2\/users\/518"}],"replies":[{"embeddable":true,"href":"https:\/\/www.intoscana.it\/it\/wp-json\/wp\/v2\/comments?post=208701"}],"version-history":[{"count":0,"href":"https:\/\/www.intoscana.it\/it\/wp-json\/wp\/v2\/posts\/208701\/revisions"}],"wp:featuredmedia":[{"embeddable":true,"href":"https:\/\/www.intoscana.it\/it\/wp-json\/wp\/v2\/media\/208702"}],"wp:attachment":[{"href":"https:\/\/www.intoscana.it\/it\/wp-json\/wp\/v2\/media?parent=208701"}],"wp:term":[{"taxonomy":"category","embeddable":true,"href":"https:\/\/www.intoscana.it\/it\/wp-json\/wp\/v2\/categories?post=208701"},{"taxonomy":"post_tag","embeddable":true,"href":"https:\/\/www.intoscana.it\/it\/wp-json\/wp\/v2\/tags?post=208701"}],"curies":[{"name":"wp","href":"https:\/\/api.w.org\/{rel}","templated":true}]}}