{"id":208738,"date":"2022-01-24T17:59:42","date_gmt":"2022-01-24T16:59:42","guid":{"rendered":"https:\/\/www.intoscana.it\/it\/?p=208738"},"modified":"2022-01-24T17:59:42","modified_gmt":"2022-01-24T16:59:42","slug":"un-aiuto-alle-famiglie-bisognose-con-i-pacchi-alimentari-di-coldiretti","status":"publish","type":"post","link":"https:\/\/www.intoscana.it\/it\/un-aiuto-alle-famiglie-bisognose-con-i-pacchi-alimentari-di-coldiretti\/","title":{"rendered":"Un aiuto alle famiglie bisognose con i pacchi alimentari di Coldiretti"},"content":{"rendered":"<p>La pandemia ha reso <strong>la povert\u00e0 un\u2019emergenza ancora pi\u00f9 diffusa<\/strong> da Nord a Sud. <strong>Oltre 500 le famiglie bisognose, 18 quelle fiorentine<\/strong> segnalate dall&#8217;<strong>Arciconfraternita della Misericordia<\/strong> ad aver ricevuto <strong>i pacchi della Coldiretti<\/strong>.<\/p>\n<p>Si \u00e8 conclusa oggi a Firenze la consegna di <strong>15 tonnellate di generi alimentari<\/strong> di Made in Italy destinati a chi ha bisogno e preparati dagli agricoltori insieme a <strong>Campagna Amica, Filiera Italia<\/strong> e la partecipazione delle pi\u00f9 rilevanti realt\u00e0 economiche e sociali del Paese.<\/p>\n<p>La vicepresidente e assessora all\u2019agroalimentare<strong> Stefania Saccardi<\/strong> ha partecipato alla consegna con il presidente Coldiretti Firenze Prato <strong>Roberto Nocentini<\/strong> e il provveditore della Misericordia <strong>Giovangualberto Basetti Sani<\/strong>. Con lei anche l\u2019assessore del Comune di Firenze <strong>Sara Funaro<\/strong>.<\/p>\n<p>\u201c<em>Credo<\/em> &#8211; ha detto <strong>Saccardi<\/strong> ringraziando <strong>Coldiretti<\/strong> e l\u2019<strong>Arciconfraternita della Misericordia<\/strong> &#8211; <em>che in questo momento la povert\u00e0 alimentare sia una tra le pi\u00f9 insopportabili cui assistiamo. E\u2019 pertanto un grande valore per la nostra regione riuscire a dare una mano a chi ne sta soffrendo, attraverso prodotti qualit\u00e0 che arrivano grazie alla meravigliosa filiera di produttori che Coldiretti riesce a mettere insieme. Degli oltre 500 pacchi alimentari di Coldiretti distribuiti direttamente alle famiglie in difficolt\u00e0 della Toscana, questi ultimi 18 saranno a disposizione delle famiglie di Firenze. Abbiamo scelto, con l\u2019assessore al Welfare del Comune Sara Funaro e con la presidente della commissione comunale politiche sociali Mimma Dardano, che la distribuzione venga fatta dalla Misericordia, di cui conosciamo lo straordinario lavoro in aiuto alle famiglie del territorio e la dedizione con cui lo porta avanti\u201d.<\/em><\/p>\n<figure id=\"post-208741 media-208741\" class=\"align-none\"><img decoding=\"async\" src=\"https:\/\/www.intoscana.it\/wp-content\/uploads\/272220809_465966504885768_4275540436905925060_n.jpg\" alt=\"\" \/><\/figure>\n<p>Per l\u2019assessore al Welfare del Comune di Firenze, <strong>Sara Funaro<\/strong> \u201c<em>le azioni che vengono realizzate grazie alla collaborazione tra Istituzioni, Terzo settore, mondo dell&#8217;associazionismo e aziende sono segnali di vicinanza alle persone che hanno pi\u00f9 bisogno e hanno un grande valore. Iniziative come questa di Coldiretti, che con grande generosit\u00e0 offre un aiuto concreto alle famiglie fiorentine in difficolt\u00e0, dimostrano che la nostra comunit\u00e0 \u00e8 al loro fianco, che non sono sole<\/em>&#8221;\u00a0ha concluso.<\/p>\n<p>All\u2019interno dei pacchi, che contengono <strong>30 chilogrammi di prodotti<\/strong> Made in Italy al 100%, sono presenti tutti i generi alimentari pi\u00f9 importanti dove non mancano certo <mark>pasta, passata e olio extravergine di oliva, ed ancora legumi, prosciutto crudo, farina, il Grana Padano ed il Parmigiano Reggiano, il provolone ed il latte, i biscotti e gli omogenizzati<\/mark>.<\/p>\n<p>&#8220;<em>Contemporaneamente, vogliamo anche evidenziare le grandi eccellenze alimentari del Paese che hanno contribuito a fare grande il Made in Italy in Italia e all\u2019estero e rappresentano una risorsa determinante da cui ripartire.\u00a0Con questa nuova iniziativa, che si aggiunge alle molte organizzate e promosse su tutto il territorio in questi due anni molto difficili, abbiamo concretamente e direttamente aiutato circa 500 famiglie in grande difficolt\u00e0 anche per l\u2019aumento dei costi dei beni di prima necessit\u00e0 che in molti non si possono permettere<\/em>&#8220;, ha spiegato <strong>Roberto Nocentini<\/strong>, presidente Coldiretti Firenze e Prato.<\/p>\n<h3>Famiglie costrette a tirare la cinghia<\/h3>\n<p><strong>Addio pastasciutta<\/strong> sulle tavole a causa di<strong> inflazione, caro bolletta, ritardi sugli accordi di filiera<\/strong> e tensioni internazionali sul fronte energetico. La miscela esplosiva di aumenti fuori controllo, dal campo alla tavola, aggravata dalla prolungata fase emergenziale, rischia di far sparire dal menu delle famiglie <strong>il piatto simbolo della cucina tricolore e della dieta mediterranea<\/strong> come gli spaghetti, olio e pomodoro.<\/p>\n<p>Un rischio non troppo remoto per molte famiglie che hanno gi\u00e0 dovuto <strong>ridurre il budget per la spesa<\/strong> <strong>alimentare<\/strong> nel primo anno pandemico (-1,7%). A determinare la rinuncia del piatto pi\u00f9 amato dagli italiani sono <strong>l\u2019aumento del 30% dei costi<\/strong> per produrre il grano per la pasta, i rincari del 12% per quelli dell\u2019olio extravergine d\u2019oliva ed i ritardi negli accordi di filiera sul prezzo del pomodoro riconosciuto agli agricoltori per l\u2019avvio della coltivazione che ricadono a pioggia sulle famiglie.<\/p>\n","protected":false},"excerpt":{"rendered":"<p>L&#8217;assessora Saccardi sottolinea l&#8217;impegno di associazioni, terzo settore e istituzioni per contrastare la povert\u00e0 post pandemia<\/p>\n","protected":false},"author":525,"featured_media":208742,"comment_status":"open","ping_status":"open","sticky":false,"template":"","format":"standard","meta":{"_acf_changed":false,"footnotes":""},"categories":[494],"tags":[4922,178,4769],"class_list":["post-208738","post","type-post","status-publish","format-standard","has-post-thumbnail","hentry","category-attualita","tag-coldiretti-toscana","tag-comune-di-firenze","tag-stefania-saccardi"],"acf":[],"yoast_head":"<!-- This site is optimized with the Yoast SEO Premium plugin v24.2 (Yoast SEO v25.6) - https:\/\/yoast.com\/wordpress\/plugins\/seo\/ -->\n<title>Un aiuto alle famiglie bisognose con i pacchi alimentari di Coldiretti - intoscana<\/title>\n<meta name=\"description\" content=\"L&#039;assessora Saccardi sottolinea l&#039;impegno di associazioni, terzo settore e istituzioni per contrastare la povert\u00e0 post pandemia\" \/>\n<meta name=\"robots\" content=\"index, follow, max-snippet:-1, max-image-preview:large, max-video-preview:-1\" \/>\n<link rel=\"canonical\" href=\"https:\/\/www.intoscana.it\/it\/un-aiuto-alle-famiglie-bisognose-con-i-pacchi-alimentari-di-coldiretti\/\" \/>\n<meta property=\"og:locale\" content=\"it_IT\" \/>\n<meta property=\"og:type\" content=\"article\" \/>\n<meta property=\"og:title\" content=\"Un aiuto alle famiglie bisognose con i pacchi alimentari di Coldiretti\" \/>\n<meta property=\"og:description\" content=\"L&#039;assessora Saccardi sottolinea l&#039;impegno di associazioni, terzo settore e istituzioni per contrastare la povert\u00e0 post pandemia\" \/>\n<meta property=\"og:url\" content=\"https:\/\/www.intoscana.it\/it\/un-aiuto-alle-famiglie-bisognose-con-i-pacchi-alimentari-di-coldiretti\/\" \/>\n<meta property=\"og:site_name\" content=\"intoscana\" \/>\n<meta property=\"article:publisher\" content=\"https:\/\/www.facebook.com\/intoscana.it\" \/>\n<meta property=\"article:published_time\" content=\"2022-01-24T16:59:42+00:00\" \/>\n<meta property=\"og:image\" content=\"https:\/\/www.intoscana.it\/wp-content\/uploads\/272601592_465966474885771_3144616955219898820_n.jpg\" \/>\n\t<meta property=\"og:image:width\" content=\"960\" \/>\n\t<meta property=\"og:image:height\" content=\"720\" \/>\n\t<meta property=\"og:image:type\" content=\"image\/jpeg\" \/>\n<meta name=\"author\" content=\"Redazione\" \/>\n<meta name=\"twitter:card\" content=\"summary_large_image\" \/>\n<meta name=\"twitter:creator\" content=\"@intoscana\" \/>\n<meta name=\"twitter:site\" content=\"@intoscana\" \/>\n<meta name=\"twitter:label1\" content=\"Written by\" \/>\n\t<meta name=\"twitter:data1\" content=\"Redazione\" \/>\n\t<meta name=\"twitter:label2\" content=\"Est. reading time\" \/>\n\t<meta name=\"twitter:data2\" content=\"3 minuti\" \/>\n<script type=\"application\/ld+json\" class=\"yoast-schema-graph\">{\"@context\":\"https:\/\/schema.org\",\"@graph\":[{\"@type\":\"WebPage\",\"@id\":\"https:\/\/www.intoscana.it\/it\/un-aiuto-alle-famiglie-bisognose-con-i-pacchi-alimentari-di-coldiretti\/\",\"url\":\"https:\/\/www.intoscana.it\/it\/un-aiuto-alle-famiglie-bisognose-con-i-pacchi-alimentari-di-coldiretti\/\",\"name\":\"Un aiuto alle famiglie bisognose con i pacchi alimentari di Coldiretti - intoscana\",\"isPartOf\":{\"@id\":\"https:\/\/www.intoscana.it\/it\/#website\"},\"primaryImageOfPage\":{\"@id\":\"https:\/\/www.intoscana.it\/it\/un-aiuto-alle-famiglie-bisognose-con-i-pacchi-alimentari-di-coldiretti\/#primaryimage\"},\"image\":{\"@id\":\"https:\/\/www.intoscana.it\/it\/un-aiuto-alle-famiglie-bisognose-con-i-pacchi-alimentari-di-coldiretti\/#primaryimage\"},\"thumbnailUrl\":\"https:\/\/www.intoscana.it\/wp-content\/uploads\/272601592_465966474885771_3144616955219898820_n.jpg\",\"datePublished\":\"2022-01-24T16:59:42+00:00\",\"author\":{\"@id\":\"https:\/\/www.intoscana.it\/it\/#\/schema\/person\/9223810753230f20bd670fdd322661f8\"},\"description\":\"L'assessora Saccardi sottolinea l'impegno di associazioni, terzo settore e istituzioni per contrastare la povert\u00e0 post pandemia\",\"breadcrumb\":{\"@id\":\"https:\/\/www.intoscana.it\/it\/un-aiuto-alle-famiglie-bisognose-con-i-pacchi-alimentari-di-coldiretti\/#breadcrumb\"},\"inLanguage\":\"it-IT\",\"potentialAction\":[{\"@type\":\"ReadAction\",\"target\":[\"https:\/\/www.intoscana.it\/it\/un-aiuto-alle-famiglie-bisognose-con-i-pacchi-alimentari-di-coldiretti\/\"]}]},{\"@type\":\"ImageObject\",\"inLanguage\":\"it-IT\",\"@id\":\"https:\/\/www.intoscana.it\/it\/un-aiuto-alle-famiglie-bisognose-con-i-pacchi-alimentari-di-coldiretti\/#primaryimage\",\"url\":\"https:\/\/www.intoscana.it\/wp-content\/uploads\/272601592_465966474885771_3144616955219898820_n.jpg\",\"contentUrl\":\"https:\/\/www.intoscana.it\/wp-content\/uploads\/272601592_465966474885771_3144616955219898820_n.jpg\",\"width\":960,\"height\":720},{\"@type\":\"BreadcrumbList\",\"@id\":\"https:\/\/www.intoscana.it\/it\/un-aiuto-alle-famiglie-bisognose-con-i-pacchi-alimentari-di-coldiretti\/#breadcrumb\",\"itemListElement\":[{\"@type\":\"ListItem\",\"position\":1,\"name\":\"Home\",\"item\":\"https:\/\/www.intoscana.it\/it\/\"},{\"@type\":\"ListItem\",\"position\":2,\"name\":\"Un aiuto alle famiglie bisognose con i pacchi alimentari di Coldiretti\"}]},{\"@type\":\"WebSite\",\"@id\":\"https:\/\/www.intoscana.it\/it\/#website\",\"url\":\"https:\/\/www.intoscana.it\/it\/\",\"name\":\"intoscana\",\"description\":\"\",\"potentialAction\":[{\"@type\":\"SearchAction\",\"target\":{\"@type\":\"EntryPoint\",\"urlTemplate\":\"https:\/\/www.intoscana.it\/it\/?s={search_term_string}\"},\"query-input\":{\"@type\":\"PropertyValueSpecification\",\"valueRequired\":true,\"valueName\":\"search_term_string\"}}],\"inLanguage\":\"it-IT\"},{\"@type\":\"Person\",\"@id\":\"https:\/\/www.intoscana.it\/it\/#\/schema\/person\/9223810753230f20bd670fdd322661f8\",\"name\":\"Redazione\",\"url\":\"https:\/\/www.intoscana.it\/it\/author\/redazione\/\"}]}<\/script>\n<!-- \/ Yoast SEO Premium plugin. -->","yoast_head_json":{"title":"Un aiuto alle famiglie bisognose con i pacchi alimentari di Coldiretti - intoscana","description":"L'assessora Saccardi sottolinea l'impegno di associazioni, terzo settore e istituzioni per contrastare la povert\u00e0 post pandemia","robots":{"index":"index","follow":"follow","max-snippet":"max-snippet:-1","max-image-preview":"max-image-preview:large","max-video-preview":"max-video-preview:-1"},"canonical":"https:\/\/www.intoscana.it\/it\/un-aiuto-alle-famiglie-bisognose-con-i-pacchi-alimentari-di-coldiretti\/","og_locale":"it_IT","og_type":"article","og_title":"Un aiuto alle famiglie bisognose con i pacchi alimentari di Coldiretti","og_description":"L'assessora Saccardi sottolinea l'impegno di associazioni, terzo settore e istituzioni per contrastare la povert\u00e0 post pandemia","og_url":"https:\/\/www.intoscana.it\/it\/un-aiuto-alle-famiglie-bisognose-con-i-pacchi-alimentari-di-coldiretti\/","og_site_name":"intoscana","article_publisher":"https:\/\/www.facebook.com\/intoscana.it","article_published_time":"2022-01-24T16:59:42+00:00","og_image":[{"width":960,"height":720,"url":"https:\/\/www.intoscana.it\/wp-content\/uploads\/272601592_465966474885771_3144616955219898820_n.jpg","type":"image\/jpeg"}],"author":"Redazione","twitter_card":"summary_large_image","twitter_creator":"@intoscana","twitter_site":"@intoscana","twitter_misc":{"Written by":"Redazione","Est. reading time":"3 minuti"},"schema":{"@context":"https:\/\/schema.org","@graph":[{"@type":"WebPage","@id":"https:\/\/www.intoscana.it\/it\/un-aiuto-alle-famiglie-bisognose-con-i-pacchi-alimentari-di-coldiretti\/","url":"https:\/\/www.intoscana.it\/it\/un-aiuto-alle-famiglie-bisognose-con-i-pacchi-alimentari-di-coldiretti\/","name":"Un aiuto alle famiglie bisognose con i pacchi alimentari di Coldiretti - intoscana","isPartOf":{"@id":"https:\/\/www.intoscana.it\/it\/#website"},"primaryImageOfPage":{"@id":"https:\/\/www.intoscana.it\/it\/un-aiuto-alle-famiglie-bisognose-con-i-pacchi-alimentari-di-coldiretti\/#primaryimage"},"image":{"@id":"https:\/\/www.intoscana.it\/it\/un-aiuto-alle-famiglie-bisognose-con-i-pacchi-alimentari-di-coldiretti\/#primaryimage"},"thumbnailUrl":"https:\/\/www.intoscana.it\/wp-content\/uploads\/272601592_465966474885771_3144616955219898820_n.jpg","datePublished":"2022-01-24T16:59:42+00:00","author":{"@id":"https:\/\/www.intoscana.it\/it\/#\/schema\/person\/9223810753230f20bd670fdd322661f8"},"description":"L'assessora Saccardi sottolinea l'impegno di associazioni, terzo settore e istituzioni per contrastare la povert\u00e0 post pandemia","breadcrumb":{"@id":"https:\/\/www.intoscana.it\/it\/un-aiuto-alle-famiglie-bisognose-con-i-pacchi-alimentari-di-coldiretti\/#breadcrumb"},"inLanguage":"it-IT","potentialAction":[{"@type":"ReadAction","target":["https:\/\/www.intoscana.it\/it\/un-aiuto-alle-famiglie-bisognose-con-i-pacchi-alimentari-di-coldiretti\/"]}]},{"@type":"ImageObject","inLanguage":"it-IT","@id":"https:\/\/www.intoscana.it\/it\/un-aiuto-alle-famiglie-bisognose-con-i-pacchi-alimentari-di-coldiretti\/#primaryimage","url":"https:\/\/www.intoscana.it\/wp-content\/uploads\/272601592_465966474885771_3144616955219898820_n.jpg","contentUrl":"https:\/\/www.intoscana.it\/wp-content\/uploads\/272601592_465966474885771_3144616955219898820_n.jpg","width":960,"height":720},{"@type":"BreadcrumbList","@id":"https:\/\/www.intoscana.it\/it\/un-aiuto-alle-famiglie-bisognose-con-i-pacchi-alimentari-di-coldiretti\/#breadcrumb","itemListElement":[{"@type":"ListItem","position":1,"name":"Home","item":"https:\/\/www.intoscana.it\/it\/"},{"@type":"ListItem","position":2,"name":"Un aiuto alle famiglie bisognose con i pacchi alimentari di Coldiretti"}]},{"@type":"WebSite","@id":"https:\/\/www.intoscana.it\/it\/#website","url":"https:\/\/www.intoscana.it\/it\/","name":"intoscana","description":"","potentialAction":[{"@type":"SearchAction","target":{"@type":"EntryPoint","urlTemplate":"https:\/\/www.intoscana.it\/it\/?s={search_term_string}"},"query-input":{"@type":"PropertyValueSpecification","valueRequired":true,"valueName":"search_term_string"}}],"inLanguage":"it-IT"},{"@type":"Person","@id":"https:\/\/www.intoscana.it\/it\/#\/schema\/person\/9223810753230f20bd670fdd322661f8","name":"Redazione","url":"https:\/\/www.intoscana.it\/it\/author\/redazione\/"}]}},"_links":{"self":[{"href":"https:\/\/www.intoscana.it\/it\/wp-json\/wp\/v2\/posts\/208738","targetHints":{"allow":["GET"]}}],"collection":[{"href":"https:\/\/www.intoscana.it\/it\/wp-json\/wp\/v2\/posts"}],"about":[{"href":"https:\/\/www.intoscana.it\/it\/wp-json\/wp\/v2\/types\/post"}],"author":[{"embeddable":true,"href":"https:\/\/www.intoscana.it\/it\/wp-json\/wp\/v2\/users\/525"}],"replies":[{"embeddable":true,"href":"https:\/\/www.intoscana.it\/it\/wp-json\/wp\/v2\/comments?post=208738"}],"version-history":[{"count":0,"href":"https:\/\/www.intoscana.it\/it\/wp-json\/wp\/v2\/posts\/208738\/revisions"}],"wp:featuredmedia":[{"embeddable":true,"href":"https:\/\/www.intoscana.it\/it\/wp-json\/wp\/v2\/media\/208742"}],"wp:attachment":[{"href":"https:\/\/www.intoscana.it\/it\/wp-json\/wp\/v2\/media?parent=208738"}],"wp:term":[{"taxonomy":"category","embeddable":true,"href":"https:\/\/www.intoscana.it\/it\/wp-json\/wp\/v2\/categories?post=208738"},{"taxonomy":"post_tag","embeddable":true,"href":"https:\/\/www.intoscana.it\/it\/wp-json\/wp\/v2\/tags?post=208738"}],"curies":[{"name":"wp","href":"https:\/\/api.w.org\/{rel}","templated":true}]}}