{"id":209158,"date":"2022-01-26T16:31:21","date_gmt":"2022-01-26T15:31:21","guid":{"rendered":"https:\/\/www.intoscana.it\/it\/?p=209158"},"modified":"2022-01-26T16:45:23","modified_gmt":"2022-01-26T15:45:23","slug":"quirnale-terza-votazione-mattarella-piu-votato","status":"publish","type":"post","link":"https:\/\/www.intoscana.it\/it\/quirnale-terza-votazione-mattarella-piu-votato\/","title":{"rendered":"Quirinale, nulla di fatto anche nella terza votazione. Il pi\u00f9 votato \u00e8 Mattarella"},"content":{"rendered":"<p><strong>Altra giornata di nulla di fatto per l\u2019elezione del Presidente della Repubblica<\/strong>. Dopo tre votazioni non c\u2019\u00e8 ancora chiarezza e condivisione sul nome da proporre per prendere il posto di Sergio Mattarella. Iniziate intorno alle 11, il presidente della Camera Roberto Fico ha finito lo spoglio dopo le 15,30: <strong>411 le schede bianche, poi Matterella<\/strong>. Il Presidente uscente ha ottenuto 126 preferenze ed \u00e8 il pi\u00f9 votato di questa giornata. Dopo di lui il candidato di Fratelli d\u2019Italia, <strong>Guido Crosetto.<\/strong><\/p>\n<p>Bocciata la lista chiusa del centro destra (Letizia Moratti, Marcello Pera e Carlo Nordi) le forze politiche non hanno ancora individuato una personalit\u00e0 su cui compattarsi e probabilmente non servir\u00e0 a questo scopo neppure l\u2019indicazione da parte del centrodestra di Maria Elisabetta Alberti Casellati che attualmente ricopre la seconda carica pi\u00f9 alta dello Stato, motivo per cui la sua non sarebbe una candidatura qualsiasi soprattutto se proposta da una sola parte politica.<\/p>\n<h3>Sulle schede bianche<\/h3>\n<p>&#8220;In questo momento, partiti politici stanno lavorando per trovare soluzione unitaria sia giusto cos\u00ec, mi auguro per\u00f2 che questa soluzione, la pi\u00f9 alta possibile, una figura istituzione che rappresenti i bisogno dei cittadini, possa essere trovata gi\u00e0 gioved\u00ec, al quarto scrutinio, per fare questo per\u00f2 non servono gli scatti in avanti\u201d, cos\u00ec il <strong>presidente del Consiglio della Regione Toscana, Antonio Mazzeo<\/strong> in un video pubblicato sulla propria pagina Facebook da Roma dove si trova in veste di <a href=\"https:\/\/www.intoscana.it\/it\/dettaglio-video\/antonio-mazzeo-da-montecitorio-delegato-della-toscana-allelezione-del-presidente-della-repubblica\/\">grande elettore<\/a> insieme al presidente <a href=\"https:\/\/www.intoscana.it\/it\/dettaglio-video\/presidente-della-repubblica-fumata-nera-giani-iniziato-un-percorso-che-spero-porti-a-convergere-profilo-di-grande-responsabilita\/\">Eugenio Giani<\/a> e al portavoce delle opposizioni in consiglio <a href=\"https:\/\/www.intoscana.it\/it\/dettaglio-video\/marco-landi-da-montecitorio-delegato-della-toscana-allelezione-del-presidente-della-repubblica\/\">Marco Landi<\/a>, per spiegare ai cittadini lo stallo attuale del Quirinale.<\/p>\n<p>Niente proposte di parte insomma, per Mazzeo le forze politiche devono trovare una quadra su un nome che sia di alto profilo e che possa rappresentare al meglio gli interessi di tutto il Paese, non quelli di una parte politica e gi\u00e0 \u00e8 proiettato a domani, gioved\u00ec, <strong>la quarta votazione potrebbe essere infatti quella decisiva.<\/strong><\/p>\n<h3>Da domani baster\u00e0 la maggioranza assoluta<\/h3>\n<p>Non sorprende comunque la fumata nera di oggi,<strong> solo in due casi<\/strong> dopotutto nella storia della Repubblica <strong>il Capo dello Stato \u00e8 stato eletto al primo scrutinio<\/strong>: fu il caso di Francesco Cossiga nel 1985 e di Carlo Azeglio Ciampi nel 1999. Le cose cambiano di solito dalla quarta votazione in poi, perch\u00e8 cambia il quorum per ottenere la maggioranza dei voti.\u00a0 Dalla quarta votazione, quella in programma domani, infatti non sar\u00e0 pi\u00f9 necessaria la maggioranza dei due terzi dei componenti dell\u2019assemblea, sar\u00e0 sufficiente la maggioranza assoluta pi\u00f9 uno dei grandi elettori. In numeri, il quorum per l\u2019elezione del prossimo Presidente della Repubblica scender\u00e0 da 673 voti a 505.<\/p>\n<p>In passato sono stati eletti al quarto scrutinio: Luigi Einaudi nel 1948, Giovanni Gronchi nel 1955, Giorgio Napolitano (il primo) nel 2006 e Sergio Mattarella nel 2015. Per eleggere Giovanni Leone, nel 1971, ci vollero invece ben 23 scrutini. Per ora l&#8217;elezione pi\u00f9 lunga.<\/p>\n","protected":false},"excerpt":{"rendered":"<p>Fumata nera per l&#8217;elezione al Quirinale. Da domani per\u00f2 cambier\u00e0 il quorum: dalla quarta votazione infatti non \u00e8 pi\u00f9 richiesta la maggioranza dei due terzi bens\u00ec quella assoluta pi\u00f9 uno<\/p>\n","protected":false},"author":503,"featured_media":102262,"comment_status":"open","ping_status":"open","sticky":false,"template":"","format":"standard","meta":{"_acf_changed":false,"footnotes":""},"categories":[494],"tags":[4548,6391,4581],"class_list":["post-209158","post","type-post","status-publish","format-standard","has-post-thumbnail","hentry","category-attualita","tag-elezioni","tag-presidente-della-repubblica","tag-sergio-mattarella"],"acf":[],"yoast_head":"<!-- This site is optimized with the Yoast SEO Premium plugin v24.2 (Yoast SEO v25.6) - https:\/\/yoast.com\/wordpress\/plugins\/seo\/ -->\n<title>Quirinale, nulla di fatto anche nella terza votazione. Il pi\u00f9 votato \u00e8 Mattarella - intoscana<\/title>\n<meta name=\"description\" content=\"Fumata nera al Quirinale. Da domani per\u00f2 non \u00e8 pi\u00f9 richiesta la maggioranza dei due terzi bens\u00ec quella assoluta pi\u00f9 uno\u00a0dei grandi elettori\" \/>\n<meta name=\"robots\" content=\"index, follow, max-snippet:-1, max-image-preview:large, max-video-preview:-1\" \/>\n<link rel=\"canonical\" href=\"https:\/\/www.intoscana.it\/it\/quirnale-terza-votazione-mattarella-piu-votato\/\" \/>\n<meta property=\"og:locale\" content=\"it_IT\" \/>\n<meta property=\"og:type\" content=\"article\" \/>\n<meta property=\"og:title\" content=\"Quirinale, nulla di fatto anche nella terza votazione. Il pi\u00f9 votato \u00e8 Mattarella\" \/>\n<meta property=\"og:description\" content=\"Fumata nera al Quirinale. Da domani per\u00f2 non \u00e8 pi\u00f9 richiesta la maggioranza dei due terzi bens\u00ec quella assoluta pi\u00f9 uno\u00a0dei grandi elettori\" \/>\n<meta property=\"og:url\" content=\"https:\/\/www.intoscana.it\/it\/quirnale-terza-votazione-mattarella-piu-votato\/\" \/>\n<meta property=\"og:site_name\" content=\"intoscana\" \/>\n<meta property=\"article:publisher\" content=\"https:\/\/www.facebook.com\/intoscana.it\" \/>\n<meta property=\"article:published_time\" content=\"2022-01-26T15:31:21+00:00\" \/>\n<meta property=\"article:modified_time\" content=\"2022-01-26T15:45:23+00:00\" \/>\n<meta property=\"og:image\" content=\"https:\/\/www.intoscana.it\/wp-content\/uploads\/mattarella-12.jpg\" \/>\n\t<meta property=\"og:image:width\" content=\"1024\" \/>\n\t<meta property=\"og:image:height\" content=\"576\" \/>\n\t<meta property=\"og:image:type\" content=\"image\/jpeg\" \/>\n<meta name=\"author\" content=\"Giulia Rafanelli\" \/>\n<meta name=\"twitter:card\" content=\"summary_large_image\" \/>\n<meta name=\"twitter:creator\" content=\"@intoscana\" \/>\n<meta name=\"twitter:site\" content=\"@intoscana\" \/>\n<meta name=\"twitter:label1\" content=\"Written by\" \/>\n\t<meta name=\"twitter:data1\" content=\"Giulia Rafanelli\" \/>\n\t<meta name=\"twitter:label2\" content=\"Est. reading time\" \/>\n\t<meta name=\"twitter:data2\" content=\"2 minuti\" \/>\n<script type=\"application\/ld+json\" class=\"yoast-schema-graph\">{\"@context\":\"https:\/\/schema.org\",\"@graph\":[{\"@type\":\"WebPage\",\"@id\":\"https:\/\/www.intoscana.it\/it\/quirnale-terza-votazione-mattarella-piu-votato\/\",\"url\":\"https:\/\/www.intoscana.it\/it\/quirnale-terza-votazione-mattarella-piu-votato\/\",\"name\":\"Quirinale, nulla di fatto anche nella terza votazione. Il pi\u00f9 votato \u00e8 Mattarella - intoscana\",\"isPartOf\":{\"@id\":\"https:\/\/www.intoscana.it\/it\/#website\"},\"primaryImageOfPage\":{\"@id\":\"https:\/\/www.intoscana.it\/it\/quirnale-terza-votazione-mattarella-piu-votato\/#primaryimage\"},\"image\":{\"@id\":\"https:\/\/www.intoscana.it\/it\/quirnale-terza-votazione-mattarella-piu-votato\/#primaryimage\"},\"thumbnailUrl\":\"https:\/\/www.intoscana.it\/wp-content\/uploads\/mattarella-12.jpg\",\"datePublished\":\"2022-01-26T15:31:21+00:00\",\"dateModified\":\"2022-01-26T15:45:23+00:00\",\"author\":{\"@id\":\"https:\/\/www.intoscana.it\/it\/#\/schema\/person\/333569b367b301e30262defcea56c939\"},\"description\":\"Fumata nera al Quirinale. Da domani per\u00f2 non \u00e8 pi\u00f9 richiesta la maggioranza dei due terzi bens\u00ec quella assoluta pi\u00f9 uno\u00a0dei grandi elettori\",\"breadcrumb\":{\"@id\":\"https:\/\/www.intoscana.it\/it\/quirnale-terza-votazione-mattarella-piu-votato\/#breadcrumb\"},\"inLanguage\":\"it-IT\",\"potentialAction\":[{\"@type\":\"ReadAction\",\"target\":[\"https:\/\/www.intoscana.it\/it\/quirnale-terza-votazione-mattarella-piu-votato\/\"]}]},{\"@type\":\"ImageObject\",\"inLanguage\":\"it-IT\",\"@id\":\"https:\/\/www.intoscana.it\/it\/quirnale-terza-votazione-mattarella-piu-votato\/#primaryimage\",\"url\":\"https:\/\/www.intoscana.it\/wp-content\/uploads\/mattarella-12.jpg\",\"contentUrl\":\"https:\/\/www.intoscana.it\/wp-content\/uploads\/mattarella-12.jpg\",\"width\":1024,\"height\":576,\"caption\":\"Sergio Mattarella\"},{\"@type\":\"BreadcrumbList\",\"@id\":\"https:\/\/www.intoscana.it\/it\/quirnale-terza-votazione-mattarella-piu-votato\/#breadcrumb\",\"itemListElement\":[{\"@type\":\"ListItem\",\"position\":1,\"name\":\"Home\",\"item\":\"https:\/\/www.intoscana.it\/it\/\"},{\"@type\":\"ListItem\",\"position\":2,\"name\":\"Quirinale, nulla di fatto anche nella terza votazione. Il pi\u00f9 votato \u00e8 Mattarella\"}]},{\"@type\":\"WebSite\",\"@id\":\"https:\/\/www.intoscana.it\/it\/#website\",\"url\":\"https:\/\/www.intoscana.it\/it\/\",\"name\":\"intoscana\",\"description\":\"\",\"potentialAction\":[{\"@type\":\"SearchAction\",\"target\":{\"@type\":\"EntryPoint\",\"urlTemplate\":\"https:\/\/www.intoscana.it\/it\/?s={search_term_string}\"},\"query-input\":{\"@type\":\"PropertyValueSpecification\",\"valueRequired\":true,\"valueName\":\"search_term_string\"}}],\"inLanguage\":\"it-IT\"},{\"@type\":\"Person\",\"@id\":\"https:\/\/www.intoscana.it\/it\/#\/schema\/person\/333569b367b301e30262defcea56c939\",\"name\":\"Giulia Rafanelli\",\"url\":\"https:\/\/www.intoscana.it\/it\/author\/giulia-rafanelli\/\"}]}<\/script>\n<!-- \/ Yoast SEO Premium plugin. -->","yoast_head_json":{"title":"Quirinale, nulla di fatto anche nella terza votazione. Il pi\u00f9 votato \u00e8 Mattarella - intoscana","description":"Fumata nera al Quirinale. Da domani per\u00f2 non \u00e8 pi\u00f9 richiesta la maggioranza dei due terzi bens\u00ec quella assoluta pi\u00f9 uno\u00a0dei grandi elettori","robots":{"index":"index","follow":"follow","max-snippet":"max-snippet:-1","max-image-preview":"max-image-preview:large","max-video-preview":"max-video-preview:-1"},"canonical":"https:\/\/www.intoscana.it\/it\/quirnale-terza-votazione-mattarella-piu-votato\/","og_locale":"it_IT","og_type":"article","og_title":"Quirinale, nulla di fatto anche nella terza votazione. Il pi\u00f9 votato \u00e8 Mattarella","og_description":"Fumata nera al Quirinale. Da domani per\u00f2 non \u00e8 pi\u00f9 richiesta la maggioranza dei due terzi bens\u00ec quella assoluta pi\u00f9 uno\u00a0dei grandi elettori","og_url":"https:\/\/www.intoscana.it\/it\/quirnale-terza-votazione-mattarella-piu-votato\/","og_site_name":"intoscana","article_publisher":"https:\/\/www.facebook.com\/intoscana.it","article_published_time":"2022-01-26T15:31:21+00:00","article_modified_time":"2022-01-26T15:45:23+00:00","og_image":[{"width":1024,"height":576,"url":"https:\/\/www.intoscana.it\/wp-content\/uploads\/mattarella-12.jpg","type":"image\/jpeg"}],"author":"Giulia Rafanelli","twitter_card":"summary_large_image","twitter_creator":"@intoscana","twitter_site":"@intoscana","twitter_misc":{"Written by":"Giulia Rafanelli","Est. reading time":"2 minuti"},"schema":{"@context":"https:\/\/schema.org","@graph":[{"@type":"WebPage","@id":"https:\/\/www.intoscana.it\/it\/quirnale-terza-votazione-mattarella-piu-votato\/","url":"https:\/\/www.intoscana.it\/it\/quirnale-terza-votazione-mattarella-piu-votato\/","name":"Quirinale, nulla di fatto anche nella terza votazione. Il pi\u00f9 votato \u00e8 Mattarella - intoscana","isPartOf":{"@id":"https:\/\/www.intoscana.it\/it\/#website"},"primaryImageOfPage":{"@id":"https:\/\/www.intoscana.it\/it\/quirnale-terza-votazione-mattarella-piu-votato\/#primaryimage"},"image":{"@id":"https:\/\/www.intoscana.it\/it\/quirnale-terza-votazione-mattarella-piu-votato\/#primaryimage"},"thumbnailUrl":"https:\/\/www.intoscana.it\/wp-content\/uploads\/mattarella-12.jpg","datePublished":"2022-01-26T15:31:21+00:00","dateModified":"2022-01-26T15:45:23+00:00","author":{"@id":"https:\/\/www.intoscana.it\/it\/#\/schema\/person\/333569b367b301e30262defcea56c939"},"description":"Fumata nera al Quirinale. Da domani per\u00f2 non \u00e8 pi\u00f9 richiesta la maggioranza dei due terzi bens\u00ec quella assoluta pi\u00f9 uno\u00a0dei grandi elettori","breadcrumb":{"@id":"https:\/\/www.intoscana.it\/it\/quirnale-terza-votazione-mattarella-piu-votato\/#breadcrumb"},"inLanguage":"it-IT","potentialAction":[{"@type":"ReadAction","target":["https:\/\/www.intoscana.it\/it\/quirnale-terza-votazione-mattarella-piu-votato\/"]}]},{"@type":"ImageObject","inLanguage":"it-IT","@id":"https:\/\/www.intoscana.it\/it\/quirnale-terza-votazione-mattarella-piu-votato\/#primaryimage","url":"https:\/\/www.intoscana.it\/wp-content\/uploads\/mattarella-12.jpg","contentUrl":"https:\/\/www.intoscana.it\/wp-content\/uploads\/mattarella-12.jpg","width":1024,"height":576,"caption":"Sergio Mattarella"},{"@type":"BreadcrumbList","@id":"https:\/\/www.intoscana.it\/it\/quirnale-terza-votazione-mattarella-piu-votato\/#breadcrumb","itemListElement":[{"@type":"ListItem","position":1,"name":"Home","item":"https:\/\/www.intoscana.it\/it\/"},{"@type":"ListItem","position":2,"name":"Quirinale, nulla di fatto anche nella terza votazione. Il pi\u00f9 votato \u00e8 Mattarella"}]},{"@type":"WebSite","@id":"https:\/\/www.intoscana.it\/it\/#website","url":"https:\/\/www.intoscana.it\/it\/","name":"intoscana","description":"","potentialAction":[{"@type":"SearchAction","target":{"@type":"EntryPoint","urlTemplate":"https:\/\/www.intoscana.it\/it\/?s={search_term_string}"},"query-input":{"@type":"PropertyValueSpecification","valueRequired":true,"valueName":"search_term_string"}}],"inLanguage":"it-IT"},{"@type":"Person","@id":"https:\/\/www.intoscana.it\/it\/#\/schema\/person\/333569b367b301e30262defcea56c939","name":"Giulia Rafanelli","url":"https:\/\/www.intoscana.it\/it\/author\/giulia-rafanelli\/"}]}},"_links":{"self":[{"href":"https:\/\/www.intoscana.it\/it\/wp-json\/wp\/v2\/posts\/209158","targetHints":{"allow":["GET"]}}],"collection":[{"href":"https:\/\/www.intoscana.it\/it\/wp-json\/wp\/v2\/posts"}],"about":[{"href":"https:\/\/www.intoscana.it\/it\/wp-json\/wp\/v2\/types\/post"}],"author":[{"embeddable":true,"href":"https:\/\/www.intoscana.it\/it\/wp-json\/wp\/v2\/users\/503"}],"replies":[{"embeddable":true,"href":"https:\/\/www.intoscana.it\/it\/wp-json\/wp\/v2\/comments?post=209158"}],"version-history":[{"count":0,"href":"https:\/\/www.intoscana.it\/it\/wp-json\/wp\/v2\/posts\/209158\/revisions"}],"wp:featuredmedia":[{"embeddable":true,"href":"https:\/\/www.intoscana.it\/it\/wp-json\/wp\/v2\/media\/102262"}],"wp:attachment":[{"href":"https:\/\/www.intoscana.it\/it\/wp-json\/wp\/v2\/media?parent=209158"}],"wp:term":[{"taxonomy":"category","embeddable":true,"href":"https:\/\/www.intoscana.it\/it\/wp-json\/wp\/v2\/categories?post=209158"},{"taxonomy":"post_tag","embeddable":true,"href":"https:\/\/www.intoscana.it\/it\/wp-json\/wp\/v2\/tags?post=209158"}],"curies":[{"name":"wp","href":"https:\/\/api.w.org\/{rel}","templated":true}]}}