{"id":209320,"date":"2022-01-27T17:34:44","date_gmt":"2022-01-27T16:34:44","guid":{"rendered":"https:\/\/www.intoscana.it\/it\/?p=209320"},"modified":"2022-02-01T17:51:40","modified_gmt":"2022-02-01T16:51:40","slug":"guinadi-paese-cooperativa","status":"publish","type":"post","link":"https:\/\/www.intoscana.it\/it\/guinadi-paese-cooperativa\/","title":{"rendered":"Guinadi, il paese dei &#8220;miracoli&#8221;. Qua tutte le famiglie partecipano alla cooperativa"},"content":{"rendered":"<p>Tutti lo chiamano Max, che poi \u00e8 il diminutivo di Maxime. <strong>Maxime Anelli<\/strong>, per l&#8217;esattezza. A prima vista il suo nome potrebbe trarre in inganno, perch\u00e9 per tradizione e per etimologia non lo si collocherebbe in modo naturale in Toscana. Eppure qua, in <strong>Lunigiana<\/strong>, che per molti \u00e8 terra di confine, l&#8217;origine di quel nome ha una storia e una spiegazione. <div class=\"focuson\"><a href=\"https:\/\/www.intoscana.it\/it\/articolo\/scoprire-la-lunigiana-in-sole-48-ore-ecco-come-andata\/\"><img decoding=\"async\" class=\"lazy\" src=\"https:\/\/www.intoscana.it\/wp-content\/uploads\/Press-tour-in-Lunigiana-26.jpg\" style=\"\">\n                <div class=\"cat\">Scoprire la Lunigiana in (sole) 48 ore <\/div>\n                <h4>Ecco com\u2019\u00e8 andata<\/h4><\/a>\n              <\/div><\/p>\n<p><mark>Ci troviamo a <strong>Guinadi<\/strong>, un piccolo borgo che conta poco pi\u00f9 di una cinquantina d&#8217;anime stabili. Siamo a circa 600 metri sopra il livello del mare, immersi in quella che non ha caso si chiama Valle del Verde<\/mark>. Infatti tutt&#8217;attorno ci sono fitti boschi, che soprattutto in estate abbracciano e accolgono frazioni, strade e paesi con la loro vegetazione.<\/p>\n<p>Il cartello all&#8217;ingresso del paese &#8211; anch&#8217;esso verde &#8211; riporta il benvenuto scritto in tutte (o quasi) le lingue del mondo. Un chiaro segno d&#8217;<strong>accoglienza<\/strong>. In tutta la valle, sommando i vari paesi che distano l&#8217;uno dall&#8217;altro all&#8217;incirca un chilometro o poco pi\u00f9, d&#8217;inverno abitano un centinaio di persone in tutto. Ma contrariamente alla tendenza diffusa dello spopolamento nelle aree interne, qua a Guinadi accade una specie di miracolo. <mark><em>&#8220;Ogni anno cresciamo. Di poco, ma cresciamo&#8221;<\/em> ci racconta Max<\/mark>.<\/p>\n<figure id=\"post-200029 media-200029\" class=\"align-center\"><img decoding=\"async\" class=\"aligncenter\" src=\"https:\/\/www.intoscana.it\/wp-content\/uploads\/Press-tour-in-Lunigiana-159.jpg\" alt=\"\" \/><\/figure>\n<div class=\"titleimg\" style=\"text-align: center;\">Maxime Anelli, cooperativa \u201cLa Guinadese\u201d<\/div>\n<p>Forse \u00e8 anche grazie allo straordinario lavoro della <a href=\"https:\/\/www.laguinadese.it\/\" target=\"_blank\" rel=\"noopener\">cooperativa di comunit\u00e0 <em>&#8220;La Guinadese&#8221;<\/em><\/a>, di cui Maxime Anelli \u00e8 consigliere (anche se, occorre ammetterlo, il ruolo istituzionale non riflette certo il suo impegno per il paese). I soci? Sono <strong>107<\/strong> in tutto. E allora qualcosa non torna, perch\u00e9 sembrerebbero ancor pi\u00f9 degli abitanti residenti nel borgo. Chiediamo il perch\u00e9 a Max, che <mark>ci spiega <em>&#8220;che s\u00ec, i conti tornano&#8221;<\/em> anche perch\u00e9 <em>&#8220;in ogni famiglia c&#8217;\u00e8 almeno un socio della cooperativa, ci tengono tutti moltissimo&#8221;<\/mark>.<\/em> Ed ecco un altro miracolo.<\/p>\n<p>\u00c8 altrettanto miracolosa la <strong>longevit\u00e0 della cooperativa<\/strong>, che oggi \u00e8 &#8220;di comunit\u00e0&#8221;, ma che <strong>dal 1919<\/strong> ha prestato senza sosta servizio per tutto il paese (e non solo). <mark><a href=\"https:\/\/www.facebook.com\/cooperativalaguinadese\/\" target=\"_blank\" rel=\"noopener\"><em>&#8220;La Guinadese&#8221;<\/em> <\/a>\u00e8 infatti la pi\u00f9 antica attivit\u00e0 commerciale di tutta la provincia di Massa Carrara<\/mark>. Quando ogni cinque anni la Camera di Commercio premia le attivit\u00e0 pi\u00f9 longeve, il riconoscimento \u00e8 sempre per loro. <em>&#8220;L&#8217;attivit\u00e0 pi\u00f9 antica dopo la nostra risale al 1945&#8230;&#8221;<\/em> ci spiega Max.<\/p>\n<p><strong>Maxime Anelli, un nome di origine francese. Qual \u00e8 il legame con il paese d&#8217;oltralpe?<\/strong><br \/>\n&#8220;La maggior parte della popolazione di Guinadi e della Valle del Verde \u00e8 emigrata in Francia nel secondo dopoguerra. I primi a essere partiti hanno trovato lavoro, e cos\u00ec hanno chiamato anche tutti gli altri. Poi c&#8217;\u00e8 chi ha fatto ritorno, anche dopo aver fatto dei figli&#8221;.<\/p>\n<p><strong>Come nel tuo caso?<\/strong><br \/>\n&#8220;S\u00ec, sono nato in Francia ma vivo qua a partire dai miei nove anni&#8221;.<\/p>\n<p><strong>Quindi anche tu sei un &#8220;ritornante&#8221;.<\/strong><br \/>\n&#8220;Tecnicamente s\u00ec, ma nessuno ha mai lasciato davvero il paese. Noi, come gli altri, tornavamo d&#8217;estate e restavamo come minimo un mese. Tra gli emigrati di allora era un&#8217;abitudine diffusa&#8230;&#8221;.<\/p>\n<p><strong>E ora?<\/strong><br \/>\n&#8220;Ci sono seconde e terze generazione che continuano a fare ritorno, compiendo il percorso inverso dei loro padri e dei loro nonni&#8221;.<\/p>\n<p><strong>La cooperativa nasce nel 1919. Cos&#8217;\u00e8 cambiato da allora?<\/strong><br \/>\n&#8220;In tutti questi anni \u00e8 sempre stata garantita una certa continuit\u00e0. Inizialmente \u00e8 nata come una cooperativa di consumo per evitare che gli abitanti andassero ad acquistare i beni nel capoluogo. Al tempo si doveva andare a piedi fino a Pontremoli&#8221;.<\/p>\n<p><strong>Poi cos&#8217;\u00e8 successo?<\/strong><br \/>\n&#8220;Ha cambiato diverse gestioni ed ha attraversato la seconda guerra mondiale e il fascismo. Qua c&#8217;\u00e8 ancora la saracinesca di divisorio per il coprifuoco. Dopo una certa ora non si poteva n\u00e9 parlare, n\u00e9 consumare, n\u00e9 giocare a carte. L&#8217;abbiamo lasciata cos\u00ec com&#8217;era, come una testimonianza storica. Chi ha preso la cooperativa in gestione negli anni cinquanta l&#8217;ha portata avanti fino al 2008. Ma erano altri tempi e il paese era assai pi\u00f9 frequentato. Poi, dopo due anni difficili e di transizione, l&#8217;abbiamo presa in mano noi&#8221;.<\/p>\n<figure id=\"post-199765 media-199765\" class=\"align-center\"><img decoding=\"async\" class=\"aligncenter\" src=\"https:\/\/www.intoscana.it\/wp-content\/uploads\/Press-tour-in-Lunigiana-152.jpg\" alt=\"\" \/><\/figure>\n<div class=\"titleimg\" style=\"text-align: center;\">Alessia Bianchi, cooperativa \u201cLa Guinadese\u201d<\/div>\n<p><strong>Da cosa avete cominciato?<\/strong><br \/>\n&#8220;Abbiamo restaurato il locale, ma non solo quello&#8221;.<\/p>\n<p><strong>Del resto la vita di un paese resiste finch\u00e9 c&#8217;\u00e8 ancora un bar, un alimentari o uno spaccio&#8230;<\/strong><br \/>\n&#8220;L&#8217;abbiamo vissuto sulla nostra pelle. Ogni paesino qua attorno aveva il suo bar, ma a poco a poco sono stati chiusi e gli abitanti sono progressivamente diminuiti. Perdendo un presidio come il bar c&#8217;\u00e8 davvero il rischio che la comunit\u00e0 si sgretoli&#8221;.<\/p>\n<p><strong>E a Guinadi?<\/strong><br \/>\n&#8220;Registriamo un dato in controtendenza rispetto ad altri posti&#8230;&#8221;.<\/p>\n<p><strong>Quale?<\/strong><br \/>\n&#8220;Ogni anno abbiamo due, tre persone in pi\u00f9 che vengono ad abitare qua. Arrivano da Pontremoli, ma non solo. C&#8217;\u00e8 anche chi ha lasciato la casa a Milano per venire ad abitare a Guinadi&#8221;.<\/p>\n<p><strong>Quello per la cooperativa non \u00e8 il tuo lavoro principale.<\/strong><br \/>\n&#8220;Sono il responsabile acquisti di una grande azienda, ma vivere qui \u00e8 bellissimo. Serve per decomprimere. Questo \u00e8 un mondo del tutto diverso dove posso coltivare, raccogliere semenze, allevare api e galline, prendermi cura della biodiversit\u00e0. E poi ci sono i testi tradizionali, i castagni antichi&#8230;&#8221;.<\/p>\n<p><strong>Tutte queste passioni hanno una declinazione anche nella cooperativa?<\/strong><br \/>\n&#8220;Non tutte, non nell&#8217;immediato. Per\u00f2 ci sono un sacco di progetti che possiamo ancora realizzare. Ad esempio sono rimasto l&#8217;unico in grado d&#8217;innestare castagni e altre piante&#8221;.<\/p>\n<p><strong>Ci hai parlato anche di biodiversit\u00e0.<\/strong><br \/>\n&#8220;Ecco, solo quest&#8217;anno ho seminato settanta variet\u00e0 di pomodori antichi, tutti diversi. Saremmo di fronte a un orto didattico&#8221;.<\/p>\n<p><iframe loading=\"lazy\" title=\"YouTube video player\" src=\"https:\/\/www.youtube.com\/embed\/C6JEkhkHd7I\" width=\"800\" height=\"447\" frameborder=\"0\" allowfullscreen=\"allowfullscreen\"><span style=\"display: inline-block; width: 0px; overflow: hidden; line-height: 0;\" data-mce-type=\"bookmark\" class=\"mce_SELRES_start\">\ufeff<\/span><\/iframe><\/p>\n<p><strong>Come siete diventati cooperativa di comunit\u00e0?<\/strong><br \/>\n&#8220;Abbiamo partecipato al primo bando della Regione Toscana senza aver fatto nessuna esperienza simile prima di quel momento. L&#8217;ho scritto tutto da solo. Ma ho anche capito fin da subito che quella era la nostra cornice. Noi eravamo davvero una cooperativa di comunit\u00e0, gi\u00e0 prima che si presentasse questa opportunit\u00e0&#8221;.<\/p>\n<p><strong>I primi passi?<\/strong><br \/>\n&#8220;Abbiamo restituito forza e continuit\u00e0 al bar-alimentari, garantendo una gestione continua. Sembra una cosa semplice, ma non \u00e8 affatto banale. Poi c&#8217;\u00e8 la struttura all&#8217;ingresso del paese che accoglie numerosi servizi e attivit\u00e0&#8221;.<\/p>\n<p><strong>Quali?<\/strong><br \/>\n&#8220;Ristorazione, ginnastica dolce per anziani, show cooking, corsi Slow Food sui testi della Lunigiana. Abbiamo anche una postazione internet con stampante e offriamo la possibilit\u00e0 di prenotare on-line le visite mediche. Ora siamo diventati perfino un emporio di comunit\u00e0 e infine apriremo lo sportello per l&#8217;attivazione dello Spid&#8221;.<\/p>\n<p><strong>Le tue aspettative?<\/strong><br \/>\n&#8220;Vorrei contribuire a creare un luogo vivibile per tutti, a qualunque et\u00e0. E poi vorrei potessimo fare migliorie. Insomma, ci sono tanti progetti ancora da realizzare&#8221;.<\/p>\n<p><strong>Quale vorresti che fosse il prossimo?<\/strong><br \/>\n&#8220;Mi piacerebbe fosse avviato un percorso per la trasformazione dei prodotti. Abbiamo frutti, castagne e altre materie prime. Trasformare il prodotto col marchio della cooperativa sarebbe bellissimo&#8221;.<\/p>\n","protected":false},"excerpt":{"rendered":"<p>Storie di ordinaria straordinariet\u00e0. In ogni famiglia del paese c&#8217;\u00e8 almeno un socio della cooperativa di comunit\u00e0 &#8220;La Guinadese&#8221;, che \u00e8 l&#8217;attivit\u00e0 commerciale pi\u00f9 longeva di tutta la provincia. La migrazione in Francia, il ritorno e lo spopolamento che in Lunigiana va in controtendenza<\/p>\n","protected":false},"author":521,"featured_media":209396,"comment_status":"open","ping_status":"open","sticky":false,"template":"","format":"standard","meta":{"_acf_changed":false,"footnotes":""},"categories":[4],"tags":[289,4509,4806,262],"class_list":["post-209320","post","type-post","status-publish","format-standard","has-post-thumbnail","hentry","category-storie","tag-cooperative-di-comunita","tag-lunigiana","tag-pontremoli","tag-viaggiare"],"acf":[],"yoast_head":"<!-- This site is optimized with the Yoast SEO Premium plugin v24.2 (Yoast SEO v25.6) - https:\/\/yoast.com\/wordpress\/plugins\/seo\/ -->\n<title>Guinadi, il paese dei &quot;miracoli&quot;. Qua tutte le famiglie partecipano alla cooperativa - intoscana<\/title>\n<meta name=\"description\" content=\"In ogni famiglia del paese c&#039;\u00e8 un socio della cooperativa di comunit\u00e0 &quot;La Guinadese&quot;. Le migrazioni, i ritorni e l&#039;amore per la Lunigiana.\" \/>\n<meta name=\"robots\" content=\"index, follow, max-snippet:-1, max-image-preview:large, max-video-preview:-1\" \/>\n<link rel=\"canonical\" href=\"https:\/\/www.intoscana.it\/it\/guinadi-paese-cooperativa\/\" \/>\n<meta property=\"og:locale\" content=\"it_IT\" \/>\n<meta property=\"og:type\" content=\"article\" \/>\n<meta property=\"og:title\" content=\"Guinadi, il paese dei &quot;miracoli&quot;. Qua tutte le famiglie partecipano alla cooperativa\" \/>\n<meta property=\"og:description\" content=\"In ogni famiglia del paese c&#039;\u00e8 un socio della cooperativa di comunit\u00e0 &quot;La Guinadese&quot;. Le migrazioni, i ritorni e l&#039;amore per la Lunigiana.\" \/>\n<meta property=\"og:url\" content=\"https:\/\/www.intoscana.it\/it\/guinadi-paese-cooperativa\/\" \/>\n<meta property=\"og:site_name\" content=\"intoscana\" \/>\n<meta property=\"article:publisher\" content=\"https:\/\/www.facebook.com\/intoscana.it\" \/>\n<meta property=\"article:published_time\" content=\"2022-01-27T16:34:44+00:00\" \/>\n<meta property=\"article:modified_time\" content=\"2022-02-01T16:51:40+00:00\" \/>\n<meta property=\"og:image\" content=\"https:\/\/www.intoscana.it\/wp-content\/uploads\/IMG_2626-scaled.jpg\" \/>\n\t<meta property=\"og:image:width\" content=\"2048\" \/>\n\t<meta property=\"og:image:height\" content=\"1536\" \/>\n\t<meta property=\"og:image:type\" content=\"image\/jpeg\" \/>\n<meta name=\"author\" content=\"Gianluca Testa\" \/>\n<meta name=\"twitter:card\" content=\"summary_large_image\" \/>\n<meta name=\"twitter:creator\" content=\"@intoscana\" \/>\n<meta name=\"twitter:site\" content=\"@intoscana\" \/>\n<meta name=\"twitter:label1\" content=\"Written by\" \/>\n\t<meta name=\"twitter:data1\" content=\"Gianluca Testa\" \/>\n\t<meta name=\"twitter:label2\" content=\"Est. reading time\" \/>\n\t<meta name=\"twitter:data2\" content=\"5 minuti\" \/>\n<script type=\"application\/ld+json\" class=\"yoast-schema-graph\">{\"@context\":\"https:\/\/schema.org\",\"@graph\":[{\"@type\":\"WebPage\",\"@id\":\"https:\/\/www.intoscana.it\/it\/guinadi-paese-cooperativa\/\",\"url\":\"https:\/\/www.intoscana.it\/it\/guinadi-paese-cooperativa\/\",\"name\":\"Guinadi, il paese dei \\\"miracoli\\\". Qua tutte le famiglie partecipano alla cooperativa - intoscana\",\"isPartOf\":{\"@id\":\"https:\/\/www.intoscana.it\/it\/#website\"},\"primaryImageOfPage\":{\"@id\":\"https:\/\/www.intoscana.it\/it\/guinadi-paese-cooperativa\/#primaryimage\"},\"image\":{\"@id\":\"https:\/\/www.intoscana.it\/it\/guinadi-paese-cooperativa\/#primaryimage\"},\"thumbnailUrl\":\"https:\/\/www.intoscana.it\/wp-content\/uploads\/IMG_2626-scaled.jpg\",\"datePublished\":\"2022-01-27T16:34:44+00:00\",\"dateModified\":\"2022-02-01T16:51:40+00:00\",\"author\":{\"@id\":\"https:\/\/www.intoscana.it\/it\/#\/schema\/person\/f437e015c68b2824ef01d2ed8cdb2923\"},\"description\":\"In ogni famiglia del paese c'\u00e8 un socio della cooperativa di comunit\u00e0 \\\"La Guinadese\\\". Le migrazioni, i ritorni e l'amore per la Lunigiana.\",\"breadcrumb\":{\"@id\":\"https:\/\/www.intoscana.it\/it\/guinadi-paese-cooperativa\/#breadcrumb\"},\"inLanguage\":\"it-IT\",\"potentialAction\":[{\"@type\":\"ReadAction\",\"target\":[\"https:\/\/www.intoscana.it\/it\/guinadi-paese-cooperativa\/\"]}]},{\"@type\":\"ImageObject\",\"inLanguage\":\"it-IT\",\"@id\":\"https:\/\/www.intoscana.it\/it\/guinadi-paese-cooperativa\/#primaryimage\",\"url\":\"https:\/\/www.intoscana.it\/wp-content\/uploads\/IMG_2626-scaled.jpg\",\"contentUrl\":\"https:\/\/www.intoscana.it\/wp-content\/uploads\/IMG_2626-scaled.jpg\",\"width\":2048,\"height\":1536,\"caption\":\"Via degli emigranti a Guinadi (Pontremoli)\"},{\"@type\":\"BreadcrumbList\",\"@id\":\"https:\/\/www.intoscana.it\/it\/guinadi-paese-cooperativa\/#breadcrumb\",\"itemListElement\":[{\"@type\":\"ListItem\",\"position\":1,\"name\":\"Home\",\"item\":\"https:\/\/www.intoscana.it\/it\/\"},{\"@type\":\"ListItem\",\"position\":2,\"name\":\"Guinadi, il paese dei &#8220;miracoli&#8221;. Qua tutte le famiglie partecipano alla cooperativa\"}]},{\"@type\":\"WebSite\",\"@id\":\"https:\/\/www.intoscana.it\/it\/#website\",\"url\":\"https:\/\/www.intoscana.it\/it\/\",\"name\":\"intoscana\",\"description\":\"\",\"potentialAction\":[{\"@type\":\"SearchAction\",\"target\":{\"@type\":\"EntryPoint\",\"urlTemplate\":\"https:\/\/www.intoscana.it\/it\/?s={search_term_string}\"},\"query-input\":{\"@type\":\"PropertyValueSpecification\",\"valueRequired\":true,\"valueName\":\"search_term_string\"}}],\"inLanguage\":\"it-IT\"},{\"@type\":\"Person\",\"@id\":\"https:\/\/www.intoscana.it\/it\/#\/schema\/person\/f437e015c68b2824ef01d2ed8cdb2923\",\"name\":\"Gianluca Testa\",\"url\":\"https:\/\/www.intoscana.it\/it\/author\/gianluca-testa\/\"}]}<\/script>\n<!-- \/ Yoast SEO Premium plugin. -->","yoast_head_json":{"title":"Guinadi, il paese dei \"miracoli\". Qua tutte le famiglie partecipano alla cooperativa - intoscana","description":"In ogni famiglia del paese c'\u00e8 un socio della cooperativa di comunit\u00e0 \"La Guinadese\". Le migrazioni, i ritorni e l'amore per la Lunigiana.","robots":{"index":"index","follow":"follow","max-snippet":"max-snippet:-1","max-image-preview":"max-image-preview:large","max-video-preview":"max-video-preview:-1"},"canonical":"https:\/\/www.intoscana.it\/it\/guinadi-paese-cooperativa\/","og_locale":"it_IT","og_type":"article","og_title":"Guinadi, il paese dei \"miracoli\". Qua tutte le famiglie partecipano alla cooperativa","og_description":"In ogni famiglia del paese c'\u00e8 un socio della cooperativa di comunit\u00e0 \"La Guinadese\". Le migrazioni, i ritorni e l'amore per la Lunigiana.","og_url":"https:\/\/www.intoscana.it\/it\/guinadi-paese-cooperativa\/","og_site_name":"intoscana","article_publisher":"https:\/\/www.facebook.com\/intoscana.it","article_published_time":"2022-01-27T16:34:44+00:00","article_modified_time":"2022-02-01T16:51:40+00:00","og_image":[{"width":2048,"height":1536,"url":"https:\/\/www.intoscana.it\/wp-content\/uploads\/IMG_2626-scaled.jpg","type":"image\/jpeg"}],"author":"Gianluca Testa","twitter_card":"summary_large_image","twitter_creator":"@intoscana","twitter_site":"@intoscana","twitter_misc":{"Written by":"Gianluca Testa","Est. reading time":"5 minuti"},"schema":{"@context":"https:\/\/schema.org","@graph":[{"@type":"WebPage","@id":"https:\/\/www.intoscana.it\/it\/guinadi-paese-cooperativa\/","url":"https:\/\/www.intoscana.it\/it\/guinadi-paese-cooperativa\/","name":"Guinadi, il paese dei \"miracoli\". Qua tutte le famiglie partecipano alla cooperativa - intoscana","isPartOf":{"@id":"https:\/\/www.intoscana.it\/it\/#website"},"primaryImageOfPage":{"@id":"https:\/\/www.intoscana.it\/it\/guinadi-paese-cooperativa\/#primaryimage"},"image":{"@id":"https:\/\/www.intoscana.it\/it\/guinadi-paese-cooperativa\/#primaryimage"},"thumbnailUrl":"https:\/\/www.intoscana.it\/wp-content\/uploads\/IMG_2626-scaled.jpg","datePublished":"2022-01-27T16:34:44+00:00","dateModified":"2022-02-01T16:51:40+00:00","author":{"@id":"https:\/\/www.intoscana.it\/it\/#\/schema\/person\/f437e015c68b2824ef01d2ed8cdb2923"},"description":"In ogni famiglia del paese c'\u00e8 un socio della cooperativa di comunit\u00e0 \"La Guinadese\". Le migrazioni, i ritorni e l'amore per la Lunigiana.","breadcrumb":{"@id":"https:\/\/www.intoscana.it\/it\/guinadi-paese-cooperativa\/#breadcrumb"},"inLanguage":"it-IT","potentialAction":[{"@type":"ReadAction","target":["https:\/\/www.intoscana.it\/it\/guinadi-paese-cooperativa\/"]}]},{"@type":"ImageObject","inLanguage":"it-IT","@id":"https:\/\/www.intoscana.it\/it\/guinadi-paese-cooperativa\/#primaryimage","url":"https:\/\/www.intoscana.it\/wp-content\/uploads\/IMG_2626-scaled.jpg","contentUrl":"https:\/\/www.intoscana.it\/wp-content\/uploads\/IMG_2626-scaled.jpg","width":2048,"height":1536,"caption":"Via degli emigranti a Guinadi (Pontremoli)"},{"@type":"BreadcrumbList","@id":"https:\/\/www.intoscana.it\/it\/guinadi-paese-cooperativa\/#breadcrumb","itemListElement":[{"@type":"ListItem","position":1,"name":"Home","item":"https:\/\/www.intoscana.it\/it\/"},{"@type":"ListItem","position":2,"name":"Guinadi, il paese dei &#8220;miracoli&#8221;. Qua tutte le famiglie partecipano alla cooperativa"}]},{"@type":"WebSite","@id":"https:\/\/www.intoscana.it\/it\/#website","url":"https:\/\/www.intoscana.it\/it\/","name":"intoscana","description":"","potentialAction":[{"@type":"SearchAction","target":{"@type":"EntryPoint","urlTemplate":"https:\/\/www.intoscana.it\/it\/?s={search_term_string}"},"query-input":{"@type":"PropertyValueSpecification","valueRequired":true,"valueName":"search_term_string"}}],"inLanguage":"it-IT"},{"@type":"Person","@id":"https:\/\/www.intoscana.it\/it\/#\/schema\/person\/f437e015c68b2824ef01d2ed8cdb2923","name":"Gianluca Testa","url":"https:\/\/www.intoscana.it\/it\/author\/gianluca-testa\/"}]}},"_links":{"self":[{"href":"https:\/\/www.intoscana.it\/it\/wp-json\/wp\/v2\/posts\/209320","targetHints":{"allow":["GET"]}}],"collection":[{"href":"https:\/\/www.intoscana.it\/it\/wp-json\/wp\/v2\/posts"}],"about":[{"href":"https:\/\/www.intoscana.it\/it\/wp-json\/wp\/v2\/types\/post"}],"author":[{"embeddable":true,"href":"https:\/\/www.intoscana.it\/it\/wp-json\/wp\/v2\/users\/521"}],"replies":[{"embeddable":true,"href":"https:\/\/www.intoscana.it\/it\/wp-json\/wp\/v2\/comments?post=209320"}],"version-history":[{"count":0,"href":"https:\/\/www.intoscana.it\/it\/wp-json\/wp\/v2\/posts\/209320\/revisions"}],"wp:featuredmedia":[{"embeddable":true,"href":"https:\/\/www.intoscana.it\/it\/wp-json\/wp\/v2\/media\/209396"}],"wp:attachment":[{"href":"https:\/\/www.intoscana.it\/it\/wp-json\/wp\/v2\/media?parent=209320"}],"wp:term":[{"taxonomy":"category","embeddable":true,"href":"https:\/\/www.intoscana.it\/it\/wp-json\/wp\/v2\/categories?post=209320"},{"taxonomy":"post_tag","embeddable":true,"href":"https:\/\/www.intoscana.it\/it\/wp-json\/wp\/v2\/tags?post=209320"}],"curies":[{"name":"wp","href":"https:\/\/api.w.org\/{rel}","templated":true}]}}