{"id":209338,"date":"2022-01-27T18:07:36","date_gmt":"2022-01-27T17:07:36","guid":{"rendered":"https:\/\/www.intoscana.it\/it\/?p=209338"},"modified":"2022-01-28T10:52:06","modified_gmt":"2022-01-28T09:52:06","slug":"contro-odio-e-ignoranza-viaggi-della-memoria-obbligatori-per-tutti","status":"publish","type":"post","link":"https:\/\/www.intoscana.it\/it\/contro-odio-e-ignoranza-viaggi-della-memoria-obbligatori-per-tutti\/","title":{"rendered":"&#8220;Contro odio e ignoranza, viaggi della memoria obbligatori per tutti&#8221;"},"content":{"rendered":"<p><mark>L&#8217;obbligo morale di non dimenticare, l&#8217;impegno civico di educare i giovani<\/mark>. Nel giorno della memoria la Toscana ha risposto presente con <strong>iniziative e prese di posizione<\/strong> che assumono un significato ancora pi\u00f9 importante dopo quanto avvenuto a <strong>Venturina Terme<\/strong> dove un bambino \u00e8 stato <strong>insultato e picchiato<\/strong> da due ragazze 15enni <strong>perch\u00e9 &#8220;ebreo<\/strong>&#8220;.<\/p>\n<p>&#8220;<em>Se vogliamo ricordare dobbiamo conoscere, se non conosciamo non siamo in grado di capire quali sono le nostre radici, la nostra identit\u00e0 e anche per cosa dobbiamo batterci. Quanto successo in questi giorni ci ha addolorato. Quando dietro c&#8217;\u00e8 l&#8217;ignoranza \u00e8 ancora peggio: noi dobbiamo combattere contro l&#8217;ignoranza. I viaggi della memoria per i ragazzi dovrebbero diventare obbligatori nei programmi scolastici di tutta Italia<\/em>&#8220;. Cos\u00ec il sindaco di Firenze <strong>Dario Nardella<\/strong>, a margine della cerimonia del Giorno della Memoria al <strong>Memoriale italiano di Auschwitz <\/strong>che si trova al Centro ex 3 a Gavinana.<\/p>\n<figure id=\"post-209334 media-209334\" class=\"align-none\"><img decoding=\"async\" src=\"https:\/\/www.intoscana.it\/wp-content\/uploads\/Il-treno-della-memoria-1.jpeg\" alt=\"\" \/><\/figure>\n<div class=\"titleimg\">Il treno della memoria<\/div>\n<p>Il presidente della Regione <strong>Eugenio Giani<\/strong>\u00a0nell&#8217;annunciare la fiaccolata al <strong>Parco della Rimembranza di Venturina<\/strong>, ha sottolineato che &#8220;<em>la Toscana \u00e8 terra di civilt\u00e0 e di libert\u00e0. Quell&#8217;episodio, che mi ha lasciato davvero sconvolto e per cui rinnovo la mia solidariet\u00e0 al ragazzino e alla sua famiglia, ci dice quanto la cultura della Memoria sia fondamentale per combattere antisemitismo e discriminazioni. La Memoria \u00e8 come un vaccino che ha bisogno di frequenti richiami<\/em>&#8220;.<\/p>\n<p>Un invito a <strong>coltivare la memoria<\/strong> come dovere morale e civile \u00e8 arrivato dal sindaco di Pisa, <strong>Michele Conti<\/strong>, rivendicando la scelta fatta dalla sua giunta di intitolare in citt\u00e0 <strong>uno spazio pubblico alla memoria di Anna Frank<\/strong>. Il riferimento di Conti \u00e8 alla rotatoria sull&#8217;Aurelia, all&#8217;ingresso del Parco di San Rossore. &#8220;<em>Un luogo<\/em> &#8211; ha spiegato il primo cittadino &#8211; <em>non casuale, perch\u00e9 fu proprio all&#8217;interno della tenuta reale che vennero firmate le leggi razziali che permisero al regime la vergogna delle discriminazioni di migliaia di nostri concittadini, che subirono ingiuste espulsioni dai luoghi di lavoro pubblici, dalle scuole e che infine subirono deportazioni e lutti&#8221;. <\/em>Per cancellare quel ricordo Pisa negli anni si \u00e8 battuta e la scelta di nominare <strong>cittadina onoraria Liliana Segre<\/strong> va in quella direzione.<\/p>\n<h3>Pd:&#8221;L&#8217;impegno di una Regione&#8221;<\/h3>\n<p><strong>Stefania Lio<\/strong>, responsabile formazione e cultura del <strong>Pd toscano<\/strong> nel ribadire la partecipazione del partito alla fiaccolata di <strong>Venturina Terme<\/strong>, ha ricordato che &#8220;<em>in Toscana \u00e8 forte l&#8217;impegno nel contesto della ricerca, della didattica, dell&#8217;intera vita civile con la finalit\u00e0 di andare oltre la dimensione della mera commemorazione. Con il sentito convincimento di educare alla Memoria per agirla nel quotidiano e per farne un percorso esistenziale prima ancora che didattico, educativo, formativo&#8221;<\/em>.<\/p>\n<p>Su tutte le iniziative si staglia l&#8217;attivit\u00e0 della <strong>Regione Toscana<\/strong> con <strong>il Treno della Memoria<\/strong>, con gli eventi inseriti nell&#8217;ambito del <strong>progetto Giovanis\u00ec<\/strong>, con le risorse stanziate per le politiche di cultura e conoscenza della Memoria. E ancora il sostegno della Regione al lavoro dell&#8217;<strong>Istituto Storico della Resistenza in Toscana<\/strong> e della <strong>Rete regionale degli Istituti per la storia della Resistenza<\/strong> e dell&#8217;et\u00e0 contemporanea ed in particolare dal 2014 <strong>il portale &#8216;ToscanaNovecento&#8217;<\/strong>. Il ruolo fondamentale del <strong>Parco nazionale per la pace di Sant&#8217;Anna di Stazzema<\/strong>, della <strong>Fondazione Museo della deportazione e della Resistenza di Prato<\/strong> e dei tanti musei e luoghi della Memoria. \u00c8 sempre in questo quadro si colloca il lavoro del &#8216;<strong>Laboratorio di Public History of Education<\/strong>&#8216;. &#8220;<em>\u00c8 a questo quadro che l&#8217;Anpi non manca mai di dare il proprio prezioso contributo attraverso i suoi coordinamenti. Non possiamo che ringraziare tutte le realt\u00e0 che lavorano ogni giorno per far ragionare sulla storia e con la storia le persone<\/em>&#8220;, conclude <strong>Lio<\/strong>.<\/p>\n<figure id=\"post-209337 media-209337\" class=\"align-none\"><img decoding=\"async\" src=\"https:\/\/www.intoscana.it\/wp-content\/uploads\/Antonio-Mazzeo-al-ghetto-ebraico-a-Roma-e1643302604440.jpeg\" alt=\"\" \/><\/figure>\n<div class=\"titleimg\">Antonio Mazzeo al ghetto ebraico a Roma<\/div>\n<p>Il presidente del Consiglio regionale <strong>Antonio Mazzeo<\/strong>, a Roma per l&#8217;elezione del presidente della Repubblica, ha scelto di far visita al <strong>quartiere ebraico della capitale<\/strong>. &#8220;Ho raggiunto il quartiere ebraico al Portico d&#8217;Ottavia, uno dei luoghi simbolo della Shoah. Qui il 16 ottobre 1943 furono deportati ad Auschwitz 1023 persone. Solo in 16 fecero ritorno. Per non dimenticare&#8221; ha spiegato.<\/p>\n<h3>Imparare la libert\u00e0 con Don Milani<\/h3>\n<p>A Calenzano, in un giorno cos\u00ec carico di significati, \u00e8 stato presentato il progetto didattico di educazione civica e civile &#8216;<em>Costituzione e Resistenza. Imparare la libert\u00e0<\/em>&#8216;, promosso e ideato dalla <strong>Fondazione Don Lorenzo Milani<\/strong> in collaborazione con l&#8217;assessorato alla pubblica istruzione e pari opportunit\u00e0 del Comune e destinato all&#8217;Istituto comprensivo statale di Calenzano.<\/p>\n<p>Il progetto \u00e8 rivolto a <strong>studenti delle medie inferiori<\/strong> che potranno approfondire la conoscenza della Costituzione e gli aspetti storici e sociali della Resistenza. Sono previsti anche <strong>incontri con esperti, testimoni<\/strong>, rappresentanti della Fondazione Don Milani, dell&#8217;Anpi, dell&#8217;Istituto della Resistenza. L&#8217;inizio delle attivit\u00e0 \u00e8 previsto per febbraio, la conclusione a maggio con una visita alla scuola di Barbiana. &#8220;<em>L&#8217;impegno della Fondazione \u00e8 lavorare soprattutto con i ragazzi e le ragazze<\/em> &#8211; dichiara la <strong>Fondazione Don Milani<\/strong> &#8211; <em>affinch\u00e9 possano capire il valore dell&#8217;uguaglianza e la solidariet\u00e0 tra le persone come sancito dalla nostra Costituzione, e che la scuola \u00e8 il luogo dove apprendere questi capisaldi della democrazia<\/em>&#8220;.<\/p>\n<p>&nbsp;<\/p>\n","protected":false},"excerpt":{"rendered":"<p>La proposta di Nardella, aspettando la fiaccolata a Venturina Terme dopo l&#8217;aggressione antisemita contro un bambino<\/p>\n","protected":false},"author":554,"featured_media":209333,"comment_status":"open","ping_status":"open","sticky":false,"template":"","format":"standard","meta":{"_acf_changed":false,"footnotes":""},"categories":[494],"tags":[4760,157,158,1650],"class_list":["post-209338","post","type-post","status-publish","format-standard","has-post-thumbnail","hentry","category-attualita","tag-antonio-mazzeo","tag-dario-nardella","tag-eugenio-giani","tag-giorno-della-memoria"],"acf":[],"yoast_head":"<!-- This site is optimized with the Yoast SEO Premium plugin v24.2 (Yoast SEO v25.6) - https:\/\/yoast.com\/wordpress\/plugins\/seo\/ -->\n<title>&quot;Contro odio e ignoranza, viaggi della memoria obbligatori per tutti&quot; - intoscana<\/title>\n<meta name=\"description\" content=\"La proposta di Nardella, aspettando la fiaccolata a Venturina Terme dopo l&#039;aggressione antisemita contro un bambino\" \/>\n<meta name=\"robots\" content=\"index, follow, max-snippet:-1, max-image-preview:large, max-video-preview:-1\" \/>\n<link rel=\"canonical\" href=\"https:\/\/www.intoscana.it\/it\/contro-odio-e-ignoranza-viaggi-della-memoria-obbligatori-per-tutti\/\" \/>\n<meta property=\"og:locale\" content=\"it_IT\" \/>\n<meta property=\"og:type\" content=\"article\" \/>\n<meta property=\"og:title\" content=\"&quot;Contro odio e ignoranza, viaggi della memoria obbligatori per tutti&quot;\" \/>\n<meta property=\"og:description\" content=\"La proposta di Nardella, aspettando la fiaccolata a Venturina Terme dopo l&#039;aggressione antisemita contro un bambino\" \/>\n<meta property=\"og:url\" content=\"https:\/\/www.intoscana.it\/it\/contro-odio-e-ignoranza-viaggi-della-memoria-obbligatori-per-tutti\/\" \/>\n<meta property=\"og:site_name\" content=\"intoscana\" \/>\n<meta property=\"article:publisher\" content=\"https:\/\/www.facebook.com\/intoscana.it\" \/>\n<meta property=\"article:published_time\" content=\"2022-01-27T17:07:36+00:00\" \/>\n<meta property=\"article:modified_time\" content=\"2022-01-28T09:52:06+00:00\" \/>\n<meta property=\"og:image\" content=\"https:\/\/www.intoscana.it\/wp-content\/uploads\/ll-treno-della-memoria-3.jpeg\" \/>\n\t<meta property=\"og:image:width\" content=\"1620\" \/>\n\t<meta property=\"og:image:height\" content=\"1080\" \/>\n\t<meta property=\"og:image:type\" content=\"image\/jpeg\" \/>\n<meta name=\"author\" content=\"Raffaella Galamini\" \/>\n<meta name=\"twitter:card\" content=\"summary_large_image\" \/>\n<meta name=\"twitter:creator\" content=\"@orio\" \/>\n<meta name=\"twitter:site\" content=\"@intoscana\" \/>\n<meta name=\"twitter:label1\" content=\"Written by\" \/>\n\t<meta name=\"twitter:data1\" content=\"Raffaella Galamini\" \/>\n\t<meta name=\"twitter:label2\" content=\"Est. reading time\" \/>\n\t<meta name=\"twitter:data2\" content=\"4 minuti\" \/>\n<script type=\"application\/ld+json\" class=\"yoast-schema-graph\">{\"@context\":\"https:\/\/schema.org\",\"@graph\":[{\"@type\":\"WebPage\",\"@id\":\"https:\/\/www.intoscana.it\/it\/contro-odio-e-ignoranza-viaggi-della-memoria-obbligatori-per-tutti\/\",\"url\":\"https:\/\/www.intoscana.it\/it\/contro-odio-e-ignoranza-viaggi-della-memoria-obbligatori-per-tutti\/\",\"name\":\"\\\"Contro odio e ignoranza, viaggi della memoria obbligatori per tutti\\\" - intoscana\",\"isPartOf\":{\"@id\":\"https:\/\/www.intoscana.it\/it\/#website\"},\"primaryImageOfPage\":{\"@id\":\"https:\/\/www.intoscana.it\/it\/contro-odio-e-ignoranza-viaggi-della-memoria-obbligatori-per-tutti\/#primaryimage\"},\"image\":{\"@id\":\"https:\/\/www.intoscana.it\/it\/contro-odio-e-ignoranza-viaggi-della-memoria-obbligatori-per-tutti\/#primaryimage\"},\"thumbnailUrl\":\"https:\/\/www.intoscana.it\/wp-content\/uploads\/ll-treno-della-memoria-3.jpeg\",\"datePublished\":\"2022-01-27T17:07:36+00:00\",\"dateModified\":\"2022-01-28T09:52:06+00:00\",\"author\":{\"@id\":\"https:\/\/www.intoscana.it\/it\/#\/schema\/person\/9eb9daa846a49fe51af39a73d9d1986b\"},\"description\":\"La proposta di Nardella, aspettando la fiaccolata a Venturina Terme dopo l'aggressione antisemita contro un bambino\",\"breadcrumb\":{\"@id\":\"https:\/\/www.intoscana.it\/it\/contro-odio-e-ignoranza-viaggi-della-memoria-obbligatori-per-tutti\/#breadcrumb\"},\"inLanguage\":\"it-IT\",\"potentialAction\":[{\"@type\":\"ReadAction\",\"target\":[\"https:\/\/www.intoscana.it\/it\/contro-odio-e-ignoranza-viaggi-della-memoria-obbligatori-per-tutti\/\"]}]},{\"@type\":\"ImageObject\",\"inLanguage\":\"it-IT\",\"@id\":\"https:\/\/www.intoscana.it\/it\/contro-odio-e-ignoranza-viaggi-della-memoria-obbligatori-per-tutti\/#primaryimage\",\"url\":\"https:\/\/www.intoscana.it\/wp-content\/uploads\/ll-treno-della-memoria-3.jpeg\",\"contentUrl\":\"https:\/\/www.intoscana.it\/wp-content\/uploads\/ll-treno-della-memoria-3.jpeg\",\"width\":1620,\"height\":1080},{\"@type\":\"BreadcrumbList\",\"@id\":\"https:\/\/www.intoscana.it\/it\/contro-odio-e-ignoranza-viaggi-della-memoria-obbligatori-per-tutti\/#breadcrumb\",\"itemListElement\":[{\"@type\":\"ListItem\",\"position\":1,\"name\":\"Home\",\"item\":\"https:\/\/www.intoscana.it\/it\/\"},{\"@type\":\"ListItem\",\"position\":2,\"name\":\"&#8220;Contro odio e ignoranza, viaggi della memoria obbligatori per tutti&#8221;\"}]},{\"@type\":\"WebSite\",\"@id\":\"https:\/\/www.intoscana.it\/it\/#website\",\"url\":\"https:\/\/www.intoscana.it\/it\/\",\"name\":\"intoscana\",\"description\":\"\",\"potentialAction\":[{\"@type\":\"SearchAction\",\"target\":{\"@type\":\"EntryPoint\",\"urlTemplate\":\"https:\/\/www.intoscana.it\/it\/?s={search_term_string}\"},\"query-input\":{\"@type\":\"PropertyValueSpecification\",\"valueRequired\":true,\"valueName\":\"search_term_string\"}}],\"inLanguage\":\"it-IT\"},{\"@type\":\"Person\",\"@id\":\"https:\/\/www.intoscana.it\/it\/#\/schema\/person\/9eb9daa846a49fe51af39a73d9d1986b\",\"name\":\"Raffaella Galamini\",\"sameAs\":[\"https:\/\/x.com\/orio\"],\"url\":\"https:\/\/www.intoscana.it\/it\/author\/r-galamini\/\"}]}<\/script>\n<!-- \/ Yoast SEO Premium plugin. -->","yoast_head_json":{"title":"\"Contro odio e ignoranza, viaggi della memoria obbligatori per tutti\" - intoscana","description":"La proposta di Nardella, aspettando la fiaccolata a Venturina Terme dopo l'aggressione antisemita contro un bambino","robots":{"index":"index","follow":"follow","max-snippet":"max-snippet:-1","max-image-preview":"max-image-preview:large","max-video-preview":"max-video-preview:-1"},"canonical":"https:\/\/www.intoscana.it\/it\/contro-odio-e-ignoranza-viaggi-della-memoria-obbligatori-per-tutti\/","og_locale":"it_IT","og_type":"article","og_title":"\"Contro odio e ignoranza, viaggi della memoria obbligatori per tutti\"","og_description":"La proposta di Nardella, aspettando la fiaccolata a Venturina Terme dopo l'aggressione antisemita contro un bambino","og_url":"https:\/\/www.intoscana.it\/it\/contro-odio-e-ignoranza-viaggi-della-memoria-obbligatori-per-tutti\/","og_site_name":"intoscana","article_publisher":"https:\/\/www.facebook.com\/intoscana.it","article_published_time":"2022-01-27T17:07:36+00:00","article_modified_time":"2022-01-28T09:52:06+00:00","og_image":[{"width":1620,"height":1080,"url":"https:\/\/www.intoscana.it\/wp-content\/uploads\/ll-treno-della-memoria-3.jpeg","type":"image\/jpeg"}],"author":"Raffaella Galamini","twitter_card":"summary_large_image","twitter_creator":"@orio","twitter_site":"@intoscana","twitter_misc":{"Written by":"Raffaella Galamini","Est. reading time":"4 minuti"},"schema":{"@context":"https:\/\/schema.org","@graph":[{"@type":"WebPage","@id":"https:\/\/www.intoscana.it\/it\/contro-odio-e-ignoranza-viaggi-della-memoria-obbligatori-per-tutti\/","url":"https:\/\/www.intoscana.it\/it\/contro-odio-e-ignoranza-viaggi-della-memoria-obbligatori-per-tutti\/","name":"\"Contro odio e ignoranza, viaggi della memoria obbligatori per tutti\" - intoscana","isPartOf":{"@id":"https:\/\/www.intoscana.it\/it\/#website"},"primaryImageOfPage":{"@id":"https:\/\/www.intoscana.it\/it\/contro-odio-e-ignoranza-viaggi-della-memoria-obbligatori-per-tutti\/#primaryimage"},"image":{"@id":"https:\/\/www.intoscana.it\/it\/contro-odio-e-ignoranza-viaggi-della-memoria-obbligatori-per-tutti\/#primaryimage"},"thumbnailUrl":"https:\/\/www.intoscana.it\/wp-content\/uploads\/ll-treno-della-memoria-3.jpeg","datePublished":"2022-01-27T17:07:36+00:00","dateModified":"2022-01-28T09:52:06+00:00","author":{"@id":"https:\/\/www.intoscana.it\/it\/#\/schema\/person\/9eb9daa846a49fe51af39a73d9d1986b"},"description":"La proposta di Nardella, aspettando la fiaccolata a Venturina Terme dopo l'aggressione antisemita contro un bambino","breadcrumb":{"@id":"https:\/\/www.intoscana.it\/it\/contro-odio-e-ignoranza-viaggi-della-memoria-obbligatori-per-tutti\/#breadcrumb"},"inLanguage":"it-IT","potentialAction":[{"@type":"ReadAction","target":["https:\/\/www.intoscana.it\/it\/contro-odio-e-ignoranza-viaggi-della-memoria-obbligatori-per-tutti\/"]}]},{"@type":"ImageObject","inLanguage":"it-IT","@id":"https:\/\/www.intoscana.it\/it\/contro-odio-e-ignoranza-viaggi-della-memoria-obbligatori-per-tutti\/#primaryimage","url":"https:\/\/www.intoscana.it\/wp-content\/uploads\/ll-treno-della-memoria-3.jpeg","contentUrl":"https:\/\/www.intoscana.it\/wp-content\/uploads\/ll-treno-della-memoria-3.jpeg","width":1620,"height":1080},{"@type":"BreadcrumbList","@id":"https:\/\/www.intoscana.it\/it\/contro-odio-e-ignoranza-viaggi-della-memoria-obbligatori-per-tutti\/#breadcrumb","itemListElement":[{"@type":"ListItem","position":1,"name":"Home","item":"https:\/\/www.intoscana.it\/it\/"},{"@type":"ListItem","position":2,"name":"&#8220;Contro odio e ignoranza, viaggi della memoria obbligatori per tutti&#8221;"}]},{"@type":"WebSite","@id":"https:\/\/www.intoscana.it\/it\/#website","url":"https:\/\/www.intoscana.it\/it\/","name":"intoscana","description":"","potentialAction":[{"@type":"SearchAction","target":{"@type":"EntryPoint","urlTemplate":"https:\/\/www.intoscana.it\/it\/?s={search_term_string}"},"query-input":{"@type":"PropertyValueSpecification","valueRequired":true,"valueName":"search_term_string"}}],"inLanguage":"it-IT"},{"@type":"Person","@id":"https:\/\/www.intoscana.it\/it\/#\/schema\/person\/9eb9daa846a49fe51af39a73d9d1986b","name":"Raffaella Galamini","sameAs":["https:\/\/x.com\/orio"],"url":"https:\/\/www.intoscana.it\/it\/author\/r-galamini\/"}]}},"_links":{"self":[{"href":"https:\/\/www.intoscana.it\/it\/wp-json\/wp\/v2\/posts\/209338","targetHints":{"allow":["GET"]}}],"collection":[{"href":"https:\/\/www.intoscana.it\/it\/wp-json\/wp\/v2\/posts"}],"about":[{"href":"https:\/\/www.intoscana.it\/it\/wp-json\/wp\/v2\/types\/post"}],"author":[{"embeddable":true,"href":"https:\/\/www.intoscana.it\/it\/wp-json\/wp\/v2\/users\/554"}],"replies":[{"embeddable":true,"href":"https:\/\/www.intoscana.it\/it\/wp-json\/wp\/v2\/comments?post=209338"}],"version-history":[{"count":0,"href":"https:\/\/www.intoscana.it\/it\/wp-json\/wp\/v2\/posts\/209338\/revisions"}],"wp:featuredmedia":[{"embeddable":true,"href":"https:\/\/www.intoscana.it\/it\/wp-json\/wp\/v2\/media\/209333"}],"wp:attachment":[{"href":"https:\/\/www.intoscana.it\/it\/wp-json\/wp\/v2\/media?parent=209338"}],"wp:term":[{"taxonomy":"category","embeddable":true,"href":"https:\/\/www.intoscana.it\/it\/wp-json\/wp\/v2\/categories?post=209338"},{"taxonomy":"post_tag","embeddable":true,"href":"https:\/\/www.intoscana.it\/it\/wp-json\/wp\/v2\/tags?post=209338"}],"curies":[{"name":"wp","href":"https:\/\/api.w.org\/{rel}","templated":true}]}}