{"id":209385,"date":"2022-01-28T10:34:37","date_gmt":"2022-01-28T09:34:37","guid":{"rendered":"https:\/\/www.intoscana.it\/it\/?p=209385"},"modified":"2022-01-28T16:54:17","modified_gmt":"2022-01-28T15:54:17","slug":"in-centinaia-alla-fiaccolata-in-solidarieta-al-bambino-insultato-a-venturina-terme","status":"publish","type":"post","link":"https:\/\/www.intoscana.it\/it\/in-centinaia-alla-fiaccolata-in-solidarieta-al-bambino-insultato-a-venturina-terme\/","title":{"rendered":"In centinaia alla fiaccolata in solidariet\u00e0 al bambino insultato a Venturina Terme"},"content":{"rendered":"<p>In centinaia hanno partecipato <strong>gioved\u00ec 27 gennaio alla fiaccolata al Parco della Rimembranza di Venturina<\/strong> (Livorno) promossa, in concomitanza del <a href=\"https:\/\/www.intoscana.it\/it\/articolo\/giorno-della-memoria-la-toscana-non-dimentica-le-vittime-dellolocausto\/\" target=\"_blank\" rel=\"noopener\"><strong>Giorno della Memoria<\/strong><\/a>, per esprimere solidariet\u00e0 verso il <a href=\"https:\/\/www.intoscana.it\/it\/articolo\/bambino-aggredito-da-due-ragazze-di-15-anni-perche-ebreo-la-condanna-della-toscana\/\" target=\"_blank\" rel=\"noopener\"><strong>12enne aggredito e la sua famiglia<\/strong><\/a>, e testimonianza contro l&#8217;antisemitismo e la violenza razziale.<\/p>\n<p>Numerosa anche la presenza delle istituzioni, con molti sindaci del territorio e toscani. Presente<strong> il sindaco di Campiglia Marittima (Livorno) Alberta Ticciati e il presidente della Regione Toscana Eugenio Giani.<\/strong><\/p>\n<p>A intervenire, tra gli altri, anche<strong> l&#8217;assessore regionale all&#8217;istruzione e alla cultura della Memoria Alessandra Nardini,<\/strong> il <strong>presidente della comunit\u00e0 ebraica di Livorno Vittorio Mosseri,<\/strong> e la dirigente scolastica Maria Elena Frongillo.<\/p>\n<p><em>&#8220;Non facciamo vincere l&#8217;indifferenza. In Toscana non accettiamo discriminazioni e violenze e da qui mandiamo un grande abbraccio di solidariet\u00e0 al bambino e alla famiglia del bambino che purtroppo alcuni giorni fa a Campiglia Marittima (Livorno) \u00e8 stato insultato e aggredito perch\u00e9 ebreo&#8221;. <\/em>Cos\u00ec <strong>l&#8217;assessora alla cultura della Memoria Alessandra Nardini intervenendo in occasione del Giorno della Memoria<\/strong><em><strong>.<\/strong> &#8220;Purtroppo succede ancora oggi, nella civilissima Toscana nel 2022 &#8211; ha aggiunto &#8211; e di fronte a tutto questo abbiamo il dovere di potenziare ancora una volta, a maggior ragione, il nostro impegno&#8221;.<\/em><\/p>\n<p><strong>L&#8217;assessora ha ribadito che<\/strong><em> &#8220;la Memoria \u00e8 il vaccino pi\u00f9 potente ed efficace che abbiamo contro il riemergere di pericolosi rigurgiti nazifascisti per i quali non ci deve essere spazio nel nostro Paese e nel nostro territorio&#8221;. &#8220;La storia va studiata, conosciuta, approfondita &#8211; <\/em><strong>ha aggiunto<\/strong><em> -. Non pu\u00f2 essere rinnegata, n\u00e9 riscritta. Purtroppo questa pandemia ci ha tolto la possibilit\u00e0 di organizzare i Treni della Memoria ma ripartiremo quanto prima perch\u00e9 pensiamo che le giovani generazioni debbano vedere con i propri occhi questi luoghi. Faremo di tutto per continuare a sostenere tutte le politiche che mettiamo in campo per promuovere, difendere, valorizzare la cultura della Memoria&#8221;.<\/em><\/p>\n<p>In concomitanza con la fiaccolata <strong>l&#8217;associazione Unione Suvereto<\/strong> ha proposto di accendere &#8216;Una luce alla memoria&#8217; alle finestre e ai balconi delle abitazioni <strong>alle ore 21,<\/strong> in concomitanza con la partenza del corteo, come forma alternativa di partecipazione a chi non potr\u00e0 essere presente e in segno di solidariet\u00e0.<\/p>\n<p><em>&#8220;Oggi pi\u00f9 che mai &#8211; <\/em><strong>si legge in una nota dell&#8217;associazione<\/strong><em>&#8211; \u00e8 importante unirci come comunit\u00e0 e in occasione della Giornata della Memoria \u00e8 doveroso ricordare e trasmettere alle nuove generazioni la memoria di quei terribili fatti affinch\u00e8 i nostri ragazzi possano crescere in una societ\u00e0 civile fondata sul rispetto della dignit\u00e0 di tutti gli uomini&#8221;.<\/em><\/p>\n<p>&nbsp;<\/p>\n","protected":false},"excerpt":{"rendered":"<p>In concomitanza con la fiaccolata l&#8217;associazione Unione Suvereto ha proposto di accendere &#8216;Una luce alla memoria&#8217; alle finestre e ai balconi delle abitazioni<\/p>\n","protected":false},"author":525,"featured_media":209386,"comment_status":"open","ping_status":"open","sticky":false,"template":"","format":"standard","meta":{"_acf_changed":false,"footnotes":""},"categories":[494],"tags":[1650],"class_list":["post-209385","post","type-post","status-publish","format-standard","has-post-thumbnail","hentry","category-attualita","tag-giorno-della-memoria"],"acf":[],"yoast_head":"<!-- This site is optimized with the Yoast SEO Premium plugin v24.2 (Yoast SEO v25.6) - https:\/\/yoast.com\/wordpress\/plugins\/seo\/ -->\n<title>In centinaia alla fiaccolata in solidariet\u00e0 al bambino insultato a Venturina Terme - intoscana<\/title>\n<meta name=\"description\" content=\"In concomitanza con la fiaccolata l&#039;associazione Unione Suvereto ha proposto di accendere una luce alle finestre e ai balconi\" \/>\n<meta name=\"robots\" content=\"index, follow, max-snippet:-1, max-image-preview:large, max-video-preview:-1\" \/>\n<link rel=\"canonical\" href=\"https:\/\/www.intoscana.it\/it\/in-centinaia-alla-fiaccolata-in-solidarieta-al-bambino-insultato-a-venturina-terme\/\" \/>\n<meta property=\"og:locale\" content=\"it_IT\" \/>\n<meta property=\"og:type\" content=\"article\" \/>\n<meta property=\"og:title\" content=\"In centinaia alla fiaccolata in solidariet\u00e0 al bambino insultato a Venturina Terme\" \/>\n<meta property=\"og:description\" content=\"In concomitanza con la fiaccolata l&#039;associazione Unione Suvereto ha proposto di accendere una luce alle finestre e ai balconi\" \/>\n<meta property=\"og:url\" content=\"https:\/\/www.intoscana.it\/it\/in-centinaia-alla-fiaccolata-in-solidarieta-al-bambino-insultato-a-venturina-terme\/\" \/>\n<meta property=\"og:site_name\" content=\"intoscana\" \/>\n<meta property=\"article:publisher\" content=\"https:\/\/www.facebook.com\/intoscana.it\" \/>\n<meta property=\"article:published_time\" content=\"2022-01-28T09:34:37+00:00\" \/>\n<meta property=\"article:modified_time\" content=\"2022-01-28T15:54:17+00:00\" \/>\n<meta property=\"og:image\" content=\"https:\/\/www.intoscana.it\/wp-content\/uploads\/Fiaccolata-2-scaled.jpg\" \/>\n\t<meta property=\"og:image:width\" content=\"2048\" \/>\n\t<meta property=\"og:image:height\" content=\"1365\" \/>\n\t<meta property=\"og:image:type\" content=\"image\/jpeg\" \/>\n<meta name=\"author\" content=\"Redazione\" \/>\n<meta name=\"twitter:card\" content=\"summary_large_image\" \/>\n<meta name=\"twitter:creator\" content=\"@intoscana\" \/>\n<meta name=\"twitter:site\" content=\"@intoscana\" \/>\n<meta name=\"twitter:label1\" content=\"Written by\" \/>\n\t<meta name=\"twitter:data1\" content=\"Redazione\" \/>\n\t<meta name=\"twitter:label2\" content=\"Est. reading time\" \/>\n\t<meta name=\"twitter:data2\" content=\"2 minuti\" \/>\n<script type=\"application\/ld+json\" class=\"yoast-schema-graph\">{\"@context\":\"https:\/\/schema.org\",\"@graph\":[{\"@type\":\"WebPage\",\"@id\":\"https:\/\/www.intoscana.it\/it\/in-centinaia-alla-fiaccolata-in-solidarieta-al-bambino-insultato-a-venturina-terme\/\",\"url\":\"https:\/\/www.intoscana.it\/it\/in-centinaia-alla-fiaccolata-in-solidarieta-al-bambino-insultato-a-venturina-terme\/\",\"name\":\"In centinaia alla fiaccolata in solidariet\u00e0 al bambino insultato a Venturina Terme - intoscana\",\"isPartOf\":{\"@id\":\"https:\/\/www.intoscana.it\/it\/#website\"},\"primaryImageOfPage\":{\"@id\":\"https:\/\/www.intoscana.it\/it\/in-centinaia-alla-fiaccolata-in-solidarieta-al-bambino-insultato-a-venturina-terme\/#primaryimage\"},\"image\":{\"@id\":\"https:\/\/www.intoscana.it\/it\/in-centinaia-alla-fiaccolata-in-solidarieta-al-bambino-insultato-a-venturina-terme\/#primaryimage\"},\"thumbnailUrl\":\"https:\/\/www.intoscana.it\/wp-content\/uploads\/Fiaccolata-2-scaled.jpg\",\"datePublished\":\"2022-01-28T09:34:37+00:00\",\"dateModified\":\"2022-01-28T15:54:17+00:00\",\"author\":{\"@id\":\"https:\/\/www.intoscana.it\/it\/#\/schema\/person\/9223810753230f20bd670fdd322661f8\"},\"description\":\"In concomitanza con la fiaccolata l'associazione Unione Suvereto ha proposto di accendere una luce alle finestre e ai balconi\",\"breadcrumb\":{\"@id\":\"https:\/\/www.intoscana.it\/it\/in-centinaia-alla-fiaccolata-in-solidarieta-al-bambino-insultato-a-venturina-terme\/#breadcrumb\"},\"inLanguage\":\"it-IT\",\"potentialAction\":[{\"@type\":\"ReadAction\",\"target\":[\"https:\/\/www.intoscana.it\/it\/in-centinaia-alla-fiaccolata-in-solidarieta-al-bambino-insultato-a-venturina-terme\/\"]}]},{\"@type\":\"ImageObject\",\"inLanguage\":\"it-IT\",\"@id\":\"https:\/\/www.intoscana.it\/it\/in-centinaia-alla-fiaccolata-in-solidarieta-al-bambino-insultato-a-venturina-terme\/#primaryimage\",\"url\":\"https:\/\/www.intoscana.it\/wp-content\/uploads\/Fiaccolata-2-scaled.jpg\",\"contentUrl\":\"https:\/\/www.intoscana.it\/wp-content\/uploads\/Fiaccolata-2-scaled.jpg\",\"width\":2048,\"height\":1365},{\"@type\":\"BreadcrumbList\",\"@id\":\"https:\/\/www.intoscana.it\/it\/in-centinaia-alla-fiaccolata-in-solidarieta-al-bambino-insultato-a-venturina-terme\/#breadcrumb\",\"itemListElement\":[{\"@type\":\"ListItem\",\"position\":1,\"name\":\"Home\",\"item\":\"https:\/\/www.intoscana.it\/it\/\"},{\"@type\":\"ListItem\",\"position\":2,\"name\":\"In centinaia alla fiaccolata in solidariet\u00e0 al bambino insultato a Venturina Terme\"}]},{\"@type\":\"WebSite\",\"@id\":\"https:\/\/www.intoscana.it\/it\/#website\",\"url\":\"https:\/\/www.intoscana.it\/it\/\",\"name\":\"intoscana\",\"description\":\"\",\"potentialAction\":[{\"@type\":\"SearchAction\",\"target\":{\"@type\":\"EntryPoint\",\"urlTemplate\":\"https:\/\/www.intoscana.it\/it\/?s={search_term_string}\"},\"query-input\":{\"@type\":\"PropertyValueSpecification\",\"valueRequired\":true,\"valueName\":\"search_term_string\"}}],\"inLanguage\":\"it-IT\"},{\"@type\":\"Person\",\"@id\":\"https:\/\/www.intoscana.it\/it\/#\/schema\/person\/9223810753230f20bd670fdd322661f8\",\"name\":\"Redazione\",\"url\":\"https:\/\/www.intoscana.it\/it\/author\/redazione\/\"}]}<\/script>\n<!-- \/ Yoast SEO Premium plugin. -->","yoast_head_json":{"title":"In centinaia alla fiaccolata in solidariet\u00e0 al bambino insultato a Venturina Terme - intoscana","description":"In concomitanza con la fiaccolata l'associazione Unione Suvereto ha proposto di accendere una luce alle finestre e ai balconi","robots":{"index":"index","follow":"follow","max-snippet":"max-snippet:-1","max-image-preview":"max-image-preview:large","max-video-preview":"max-video-preview:-1"},"canonical":"https:\/\/www.intoscana.it\/it\/in-centinaia-alla-fiaccolata-in-solidarieta-al-bambino-insultato-a-venturina-terme\/","og_locale":"it_IT","og_type":"article","og_title":"In centinaia alla fiaccolata in solidariet\u00e0 al bambino insultato a Venturina Terme","og_description":"In concomitanza con la fiaccolata l'associazione Unione Suvereto ha proposto di accendere una luce alle finestre e ai balconi","og_url":"https:\/\/www.intoscana.it\/it\/in-centinaia-alla-fiaccolata-in-solidarieta-al-bambino-insultato-a-venturina-terme\/","og_site_name":"intoscana","article_publisher":"https:\/\/www.facebook.com\/intoscana.it","article_published_time":"2022-01-28T09:34:37+00:00","article_modified_time":"2022-01-28T15:54:17+00:00","og_image":[{"width":2048,"height":1365,"url":"https:\/\/www.intoscana.it\/wp-content\/uploads\/Fiaccolata-2-scaled.jpg","type":"image\/jpeg"}],"author":"Redazione","twitter_card":"summary_large_image","twitter_creator":"@intoscana","twitter_site":"@intoscana","twitter_misc":{"Written by":"Redazione","Est. reading time":"2 minuti"},"schema":{"@context":"https:\/\/schema.org","@graph":[{"@type":"WebPage","@id":"https:\/\/www.intoscana.it\/it\/in-centinaia-alla-fiaccolata-in-solidarieta-al-bambino-insultato-a-venturina-terme\/","url":"https:\/\/www.intoscana.it\/it\/in-centinaia-alla-fiaccolata-in-solidarieta-al-bambino-insultato-a-venturina-terme\/","name":"In centinaia alla fiaccolata in solidariet\u00e0 al bambino insultato a Venturina Terme - intoscana","isPartOf":{"@id":"https:\/\/www.intoscana.it\/it\/#website"},"primaryImageOfPage":{"@id":"https:\/\/www.intoscana.it\/it\/in-centinaia-alla-fiaccolata-in-solidarieta-al-bambino-insultato-a-venturina-terme\/#primaryimage"},"image":{"@id":"https:\/\/www.intoscana.it\/it\/in-centinaia-alla-fiaccolata-in-solidarieta-al-bambino-insultato-a-venturina-terme\/#primaryimage"},"thumbnailUrl":"https:\/\/www.intoscana.it\/wp-content\/uploads\/Fiaccolata-2-scaled.jpg","datePublished":"2022-01-28T09:34:37+00:00","dateModified":"2022-01-28T15:54:17+00:00","author":{"@id":"https:\/\/www.intoscana.it\/it\/#\/schema\/person\/9223810753230f20bd670fdd322661f8"},"description":"In concomitanza con la fiaccolata l'associazione Unione Suvereto ha proposto di accendere una luce alle finestre e ai balconi","breadcrumb":{"@id":"https:\/\/www.intoscana.it\/it\/in-centinaia-alla-fiaccolata-in-solidarieta-al-bambino-insultato-a-venturina-terme\/#breadcrumb"},"inLanguage":"it-IT","potentialAction":[{"@type":"ReadAction","target":["https:\/\/www.intoscana.it\/it\/in-centinaia-alla-fiaccolata-in-solidarieta-al-bambino-insultato-a-venturina-terme\/"]}]},{"@type":"ImageObject","inLanguage":"it-IT","@id":"https:\/\/www.intoscana.it\/it\/in-centinaia-alla-fiaccolata-in-solidarieta-al-bambino-insultato-a-venturina-terme\/#primaryimage","url":"https:\/\/www.intoscana.it\/wp-content\/uploads\/Fiaccolata-2-scaled.jpg","contentUrl":"https:\/\/www.intoscana.it\/wp-content\/uploads\/Fiaccolata-2-scaled.jpg","width":2048,"height":1365},{"@type":"BreadcrumbList","@id":"https:\/\/www.intoscana.it\/it\/in-centinaia-alla-fiaccolata-in-solidarieta-al-bambino-insultato-a-venturina-terme\/#breadcrumb","itemListElement":[{"@type":"ListItem","position":1,"name":"Home","item":"https:\/\/www.intoscana.it\/it\/"},{"@type":"ListItem","position":2,"name":"In centinaia alla fiaccolata in solidariet\u00e0 al bambino insultato a Venturina Terme"}]},{"@type":"WebSite","@id":"https:\/\/www.intoscana.it\/it\/#website","url":"https:\/\/www.intoscana.it\/it\/","name":"intoscana","description":"","potentialAction":[{"@type":"SearchAction","target":{"@type":"EntryPoint","urlTemplate":"https:\/\/www.intoscana.it\/it\/?s={search_term_string}"},"query-input":{"@type":"PropertyValueSpecification","valueRequired":true,"valueName":"search_term_string"}}],"inLanguage":"it-IT"},{"@type":"Person","@id":"https:\/\/www.intoscana.it\/it\/#\/schema\/person\/9223810753230f20bd670fdd322661f8","name":"Redazione","url":"https:\/\/www.intoscana.it\/it\/author\/redazione\/"}]}},"_links":{"self":[{"href":"https:\/\/www.intoscana.it\/it\/wp-json\/wp\/v2\/posts\/209385","targetHints":{"allow":["GET"]}}],"collection":[{"href":"https:\/\/www.intoscana.it\/it\/wp-json\/wp\/v2\/posts"}],"about":[{"href":"https:\/\/www.intoscana.it\/it\/wp-json\/wp\/v2\/types\/post"}],"author":[{"embeddable":true,"href":"https:\/\/www.intoscana.it\/it\/wp-json\/wp\/v2\/users\/525"}],"replies":[{"embeddable":true,"href":"https:\/\/www.intoscana.it\/it\/wp-json\/wp\/v2\/comments?post=209385"}],"version-history":[{"count":0,"href":"https:\/\/www.intoscana.it\/it\/wp-json\/wp\/v2\/posts\/209385\/revisions"}],"wp:featuredmedia":[{"embeddable":true,"href":"https:\/\/www.intoscana.it\/it\/wp-json\/wp\/v2\/media\/209386"}],"wp:attachment":[{"href":"https:\/\/www.intoscana.it\/it\/wp-json\/wp\/v2\/media?parent=209385"}],"wp:term":[{"taxonomy":"category","embeddable":true,"href":"https:\/\/www.intoscana.it\/it\/wp-json\/wp\/v2\/categories?post=209385"},{"taxonomy":"post_tag","embeddable":true,"href":"https:\/\/www.intoscana.it\/it\/wp-json\/wp\/v2\/tags?post=209385"}],"curies":[{"name":"wp","href":"https:\/\/api.w.org\/{rel}","templated":true}]}}