{"id":209415,"date":"2022-01-28T12:26:27","date_gmt":"2022-01-28T11:26:27","guid":{"rendered":"https:\/\/www.intoscana.it\/it\/?p=209415"},"modified":"2022-01-28T12:26:27","modified_gmt":"2022-01-28T11:26:27","slug":"una-farfalla-dellappennino-sentinella-dei-cambiamenti-climatici-lo-studio-delluniversita-di-firenze","status":"publish","type":"post","link":"https:\/\/www.intoscana.it\/it\/una-farfalla-dellappennino-sentinella-dei-cambiamenti-climatici-lo-studio-delluniversita-di-firenze\/","title":{"rendered":"Una farfalla dell&#8217;Appennino sentinella dei cambiamenti climatici: lo studio dell&#8217;Universit\u00e0 di Firenze"},"content":{"rendered":"<p><strong>La Erebia Pandrose \u00e8 una farfalla rara,<\/strong>\u00a0a <strong>rischio estinzione<\/strong>, di cui esiste solo una popolazione nella sottospecie endemica che vive <strong>sugli Appennini.<\/strong><\/p>\n<p>Un<strong> team internazionale di ricercatori coordinato dall&#8217;Universit\u00e0 di Firenze<\/strong> ha studiato<strong> il DNA mitocondriale<\/strong>\u00a0di questa farfalla e ha potuto cos\u00ec valutare le prospettive sui<strong> rischi della perdita di biodiversit\u00e0 del territorio<\/strong>.<\/p>\n<p>La farfalla \u00e8 stata rintracciata,<strong> dopo circa 40 anni dall\u2019ultima segnalazione,<\/strong> grazie al contributo di<strong> cittadini appassionati<\/strong> durante la <strong>Butterfly Week del 2019<\/strong>, l\u2019iniziativa che coinvolge ricercatori e appassionati nelle azioni di ricerca e di conservazione delle farfalle.<\/p>\n<p>Il ritrovamento ha dato al team la possibilit\u00e0 di <strong>analizzare il DNA mitocondriale dell\u2019insetto<\/strong> e di conseguenza quella di tracciare le sue mutazioni, la sua storia e le prospettive di sopravvivenza.<\/p>\n<p><em>\u201cI cambiamenti climatici sono la causa dello spostamento nella distribuzione territoriale di molte specie, in genere verso luoghi con temperature pi\u00f9 basse \u2013<\/em><strong> racconta Leonardo Dapporto, ricercatore di Zoologia dell\u2019Ateneo fiorentino e coordinatore dello studio<\/strong><em> -. <strong>Le popolazioni montane sono le pi\u00f9 vulnerabili alla minaccia del surriscaldamento,<\/strong> perch\u00e9 c\u2019\u00e8 un limite allo spostamento altitudinale, corrispondente alle cime pi\u00f9 alte. Gli Appennini offrono dei casi di studio importanti a questo riguardo perch\u00e9 ospitano molte popolazioni di farfalle, isolate fra loro e dotate quindi di un\u2019alta specificit\u00e0 genetica, caratteristiche che le rende vulnerabili ai cambiamenti climatici. <strong>\u00c8 questo il caso di Erebia pandrose, che fu registrata per l&#8217;ultima volta nel 1977 sulla sommit\u00e0 di un unico massiccio nei Monti della Laga\u201d.<\/strong><\/em><\/p>\n<p><strong>Altamente isolata dalle altre specie,<\/strong> a oltre 400 km da qualsiasi altra popolazione conosciuta, questa specie di farfalla era gi\u00e0 allora a forte rischio di estinzione. <em>\u201cLa popolazione che abbiamo rinvenuto rappresenta una linea genetica unica e molto divergente\u2013 <\/em><strong>spiega il ricercatore<\/strong><em> \u2013 in linea con la descrizione della sottospecie endemica appenninica sevoensis e soffre di un altissimo rischio di estinzione. Infatti, nelle Alpi e negli Appennini, questa specie si \u00e8 spostata in altitudine pi\u00f9 di 3 metri all&#8217;anno dalla fine del XIX secolo e fino a 22 all&#8217;anno dal 1995\u201d.<\/em><\/p>\n<p>I modelli di distribuzione delle specie suggeriscono che <strong>queste popolazioni montane subiranno una perdita generalizzata di idoneit\u00e0 climatica<\/strong>, che, secondo le proiezioni dei ricercatori,<strong> potrebbe portare all&#8217;estinzione della popolazione appenninica in pochi decenni.<\/strong><\/p>\n<p><em>\u201cL\u2019Erebia pandrose \u00e8 per noi una specie bandiera \u2013 <\/em><strong>conclude Dapporto<\/strong><em> \u2013 e ci segnala il rischio di perdere le popolazioni della fauna montana, che custodiscono porzioni uniche di biodiversit\u00e0, e l\u2019urgenza di azioni che ci permettano di proteggerla\u201d.<\/em><\/p>\n","protected":false},"excerpt":{"rendered":"<p>Lo studio coordinato dall\u2019Ateneo fiorentino denuncia il pericolo per le farfalle appenniniche derivante dai cambiamenti climatici, grazie ai dati raccolti con la collaborazione dei cittadini<\/p>\n","protected":false},"author":525,"featured_media":209416,"comment_status":"open","ping_status":"open","sticky":false,"template":"","format":"standard","meta":{"_acf_changed":false,"footnotes":""},"categories":[19],"tags":[177,353],"class_list":["post-209415","post","type-post","status-publish","format-standard","has-post-thumbnail","hentry","category-ambiente","tag-ambiente","tag-universita-di-firenze"],"acf":[],"yoast_head":"<!-- This site is optimized with the Yoast SEO Premium plugin v24.2 (Yoast SEO v25.6) - https:\/\/yoast.com\/wordpress\/plugins\/seo\/ -->\n<title>Una farfalla dell&#039;Appennino sentinella dei cambiamenti climatici: lo studio dell&#039;Universit\u00e0 di Firenze - intoscana<\/title>\n<meta name=\"description\" content=\"Lo studio coordinato dall\u2019Ateneo fiorentino denuncia il pericolo per le farfalle appenniniche derivante dai cambiamenti climatici\" \/>\n<meta name=\"robots\" content=\"index, follow, max-snippet:-1, max-image-preview:large, max-video-preview:-1\" \/>\n<link rel=\"canonical\" href=\"https:\/\/www.intoscana.it\/it\/una-farfalla-dellappennino-sentinella-dei-cambiamenti-climatici-lo-studio-delluniversita-di-firenze\/\" \/>\n<meta property=\"og:locale\" content=\"it_IT\" \/>\n<meta property=\"og:type\" content=\"article\" \/>\n<meta property=\"og:title\" content=\"Una farfalla dell&#039;Appennino sentinella dei cambiamenti climatici: lo studio dell&#039;Universit\u00e0 di Firenze\" \/>\n<meta property=\"og:description\" content=\"Lo studio coordinato dall\u2019Ateneo fiorentino denuncia il pericolo per le farfalle appenniniche derivante dai cambiamenti climatici\" \/>\n<meta property=\"og:url\" content=\"https:\/\/www.intoscana.it\/it\/una-farfalla-dellappennino-sentinella-dei-cambiamenti-climatici-lo-studio-delluniversita-di-firenze\/\" \/>\n<meta property=\"og:site_name\" content=\"intoscana\" \/>\n<meta property=\"article:publisher\" content=\"https:\/\/www.facebook.com\/intoscana.it\" \/>\n<meta property=\"article:published_time\" content=\"2022-01-28T11:26:27+00:00\" \/>\n<meta property=\"og:image\" content=\"https:\/\/www.intoscana.it\/wp-content\/uploads\/Erebia_pandrose_chrisvanswaay.jpeg\" \/>\n\t<meta property=\"og:image:width\" content=\"1024\" \/>\n\t<meta property=\"og:image:height\" content=\"524\" \/>\n\t<meta property=\"og:image:type\" content=\"image\/jpeg\" \/>\n<meta name=\"author\" content=\"Redazione\" \/>\n<meta name=\"twitter:card\" content=\"summary_large_image\" \/>\n<meta name=\"twitter:creator\" content=\"@intoscana\" \/>\n<meta name=\"twitter:site\" content=\"@intoscana\" \/>\n<meta name=\"twitter:label1\" content=\"Written by\" \/>\n\t<meta name=\"twitter:data1\" content=\"Redazione\" \/>\n\t<meta name=\"twitter:label2\" content=\"Est. reading time\" \/>\n\t<meta name=\"twitter:data2\" content=\"2 minuti\" \/>\n<script type=\"application\/ld+json\" class=\"yoast-schema-graph\">{\"@context\":\"https:\/\/schema.org\",\"@graph\":[{\"@type\":\"WebPage\",\"@id\":\"https:\/\/www.intoscana.it\/it\/una-farfalla-dellappennino-sentinella-dei-cambiamenti-climatici-lo-studio-delluniversita-di-firenze\/\",\"url\":\"https:\/\/www.intoscana.it\/it\/una-farfalla-dellappennino-sentinella-dei-cambiamenti-climatici-lo-studio-delluniversita-di-firenze\/\",\"name\":\"Una farfalla dell'Appennino sentinella dei cambiamenti climatici: lo studio dell'Universit\u00e0 di Firenze - intoscana\",\"isPartOf\":{\"@id\":\"https:\/\/www.intoscana.it\/it\/#website\"},\"primaryImageOfPage\":{\"@id\":\"https:\/\/www.intoscana.it\/it\/una-farfalla-dellappennino-sentinella-dei-cambiamenti-climatici-lo-studio-delluniversita-di-firenze\/#primaryimage\"},\"image\":{\"@id\":\"https:\/\/www.intoscana.it\/it\/una-farfalla-dellappennino-sentinella-dei-cambiamenti-climatici-lo-studio-delluniversita-di-firenze\/#primaryimage\"},\"thumbnailUrl\":\"https:\/\/www.intoscana.it\/wp-content\/uploads\/Erebia_pandrose_chrisvanswaay.jpeg\",\"datePublished\":\"2022-01-28T11:26:27+00:00\",\"author\":{\"@id\":\"https:\/\/www.intoscana.it\/it\/#\/schema\/person\/9223810753230f20bd670fdd322661f8\"},\"description\":\"Lo studio coordinato dall\u2019Ateneo fiorentino denuncia il pericolo per le farfalle appenniniche derivante dai cambiamenti climatici\",\"breadcrumb\":{\"@id\":\"https:\/\/www.intoscana.it\/it\/una-farfalla-dellappennino-sentinella-dei-cambiamenti-climatici-lo-studio-delluniversita-di-firenze\/#breadcrumb\"},\"inLanguage\":\"it-IT\",\"potentialAction\":[{\"@type\":\"ReadAction\",\"target\":[\"https:\/\/www.intoscana.it\/it\/una-farfalla-dellappennino-sentinella-dei-cambiamenti-climatici-lo-studio-delluniversita-di-firenze\/\"]}]},{\"@type\":\"ImageObject\",\"inLanguage\":\"it-IT\",\"@id\":\"https:\/\/www.intoscana.it\/it\/una-farfalla-dellappennino-sentinella-dei-cambiamenti-climatici-lo-studio-delluniversita-di-firenze\/#primaryimage\",\"url\":\"https:\/\/www.intoscana.it\/wp-content\/uploads\/Erebia_pandrose_chrisvanswaay.jpeg\",\"contentUrl\":\"https:\/\/www.intoscana.it\/wp-content\/uploads\/Erebia_pandrose_chrisvanswaay.jpeg\",\"width\":1024,\"height\":524},{\"@type\":\"BreadcrumbList\",\"@id\":\"https:\/\/www.intoscana.it\/it\/una-farfalla-dellappennino-sentinella-dei-cambiamenti-climatici-lo-studio-delluniversita-di-firenze\/#breadcrumb\",\"itemListElement\":[{\"@type\":\"ListItem\",\"position\":1,\"name\":\"Home\",\"item\":\"https:\/\/www.intoscana.it\/it\/\"},{\"@type\":\"ListItem\",\"position\":2,\"name\":\"Una farfalla dell&#8217;Appennino sentinella dei cambiamenti climatici: lo studio dell&#8217;Universit\u00e0 di Firenze\"}]},{\"@type\":\"WebSite\",\"@id\":\"https:\/\/www.intoscana.it\/it\/#website\",\"url\":\"https:\/\/www.intoscana.it\/it\/\",\"name\":\"intoscana\",\"description\":\"\",\"potentialAction\":[{\"@type\":\"SearchAction\",\"target\":{\"@type\":\"EntryPoint\",\"urlTemplate\":\"https:\/\/www.intoscana.it\/it\/?s={search_term_string}\"},\"query-input\":{\"@type\":\"PropertyValueSpecification\",\"valueRequired\":true,\"valueName\":\"search_term_string\"}}],\"inLanguage\":\"it-IT\"},{\"@type\":\"Person\",\"@id\":\"https:\/\/www.intoscana.it\/it\/#\/schema\/person\/9223810753230f20bd670fdd322661f8\",\"name\":\"Redazione\",\"url\":\"https:\/\/www.intoscana.it\/it\/author\/redazione\/\"}]}<\/script>\n<!-- \/ Yoast SEO Premium plugin. -->","yoast_head_json":{"title":"Una farfalla dell'Appennino sentinella dei cambiamenti climatici: lo studio dell'Universit\u00e0 di Firenze - intoscana","description":"Lo studio coordinato dall\u2019Ateneo fiorentino denuncia il pericolo per le farfalle appenniniche derivante dai cambiamenti climatici","robots":{"index":"index","follow":"follow","max-snippet":"max-snippet:-1","max-image-preview":"max-image-preview:large","max-video-preview":"max-video-preview:-1"},"canonical":"https:\/\/www.intoscana.it\/it\/una-farfalla-dellappennino-sentinella-dei-cambiamenti-climatici-lo-studio-delluniversita-di-firenze\/","og_locale":"it_IT","og_type":"article","og_title":"Una farfalla dell'Appennino sentinella dei cambiamenti climatici: lo studio dell'Universit\u00e0 di Firenze","og_description":"Lo studio coordinato dall\u2019Ateneo fiorentino denuncia il pericolo per le farfalle appenniniche derivante dai cambiamenti climatici","og_url":"https:\/\/www.intoscana.it\/it\/una-farfalla-dellappennino-sentinella-dei-cambiamenti-climatici-lo-studio-delluniversita-di-firenze\/","og_site_name":"intoscana","article_publisher":"https:\/\/www.facebook.com\/intoscana.it","article_published_time":"2022-01-28T11:26:27+00:00","og_image":[{"width":1024,"height":524,"url":"https:\/\/www.intoscana.it\/wp-content\/uploads\/Erebia_pandrose_chrisvanswaay.jpeg","type":"image\/jpeg"}],"author":"Redazione","twitter_card":"summary_large_image","twitter_creator":"@intoscana","twitter_site":"@intoscana","twitter_misc":{"Written by":"Redazione","Est. reading time":"2 minuti"},"schema":{"@context":"https:\/\/schema.org","@graph":[{"@type":"WebPage","@id":"https:\/\/www.intoscana.it\/it\/una-farfalla-dellappennino-sentinella-dei-cambiamenti-climatici-lo-studio-delluniversita-di-firenze\/","url":"https:\/\/www.intoscana.it\/it\/una-farfalla-dellappennino-sentinella-dei-cambiamenti-climatici-lo-studio-delluniversita-di-firenze\/","name":"Una farfalla dell'Appennino sentinella dei cambiamenti climatici: lo studio dell'Universit\u00e0 di Firenze - intoscana","isPartOf":{"@id":"https:\/\/www.intoscana.it\/it\/#website"},"primaryImageOfPage":{"@id":"https:\/\/www.intoscana.it\/it\/una-farfalla-dellappennino-sentinella-dei-cambiamenti-climatici-lo-studio-delluniversita-di-firenze\/#primaryimage"},"image":{"@id":"https:\/\/www.intoscana.it\/it\/una-farfalla-dellappennino-sentinella-dei-cambiamenti-climatici-lo-studio-delluniversita-di-firenze\/#primaryimage"},"thumbnailUrl":"https:\/\/www.intoscana.it\/wp-content\/uploads\/Erebia_pandrose_chrisvanswaay.jpeg","datePublished":"2022-01-28T11:26:27+00:00","author":{"@id":"https:\/\/www.intoscana.it\/it\/#\/schema\/person\/9223810753230f20bd670fdd322661f8"},"description":"Lo studio coordinato dall\u2019Ateneo fiorentino denuncia il pericolo per le farfalle appenniniche derivante dai cambiamenti climatici","breadcrumb":{"@id":"https:\/\/www.intoscana.it\/it\/una-farfalla-dellappennino-sentinella-dei-cambiamenti-climatici-lo-studio-delluniversita-di-firenze\/#breadcrumb"},"inLanguage":"it-IT","potentialAction":[{"@type":"ReadAction","target":["https:\/\/www.intoscana.it\/it\/una-farfalla-dellappennino-sentinella-dei-cambiamenti-climatici-lo-studio-delluniversita-di-firenze\/"]}]},{"@type":"ImageObject","inLanguage":"it-IT","@id":"https:\/\/www.intoscana.it\/it\/una-farfalla-dellappennino-sentinella-dei-cambiamenti-climatici-lo-studio-delluniversita-di-firenze\/#primaryimage","url":"https:\/\/www.intoscana.it\/wp-content\/uploads\/Erebia_pandrose_chrisvanswaay.jpeg","contentUrl":"https:\/\/www.intoscana.it\/wp-content\/uploads\/Erebia_pandrose_chrisvanswaay.jpeg","width":1024,"height":524},{"@type":"BreadcrumbList","@id":"https:\/\/www.intoscana.it\/it\/una-farfalla-dellappennino-sentinella-dei-cambiamenti-climatici-lo-studio-delluniversita-di-firenze\/#breadcrumb","itemListElement":[{"@type":"ListItem","position":1,"name":"Home","item":"https:\/\/www.intoscana.it\/it\/"},{"@type":"ListItem","position":2,"name":"Una farfalla dell&#8217;Appennino sentinella dei cambiamenti climatici: lo studio dell&#8217;Universit\u00e0 di Firenze"}]},{"@type":"WebSite","@id":"https:\/\/www.intoscana.it\/it\/#website","url":"https:\/\/www.intoscana.it\/it\/","name":"intoscana","description":"","potentialAction":[{"@type":"SearchAction","target":{"@type":"EntryPoint","urlTemplate":"https:\/\/www.intoscana.it\/it\/?s={search_term_string}"},"query-input":{"@type":"PropertyValueSpecification","valueRequired":true,"valueName":"search_term_string"}}],"inLanguage":"it-IT"},{"@type":"Person","@id":"https:\/\/www.intoscana.it\/it\/#\/schema\/person\/9223810753230f20bd670fdd322661f8","name":"Redazione","url":"https:\/\/www.intoscana.it\/it\/author\/redazione\/"}]}},"_links":{"self":[{"href":"https:\/\/www.intoscana.it\/it\/wp-json\/wp\/v2\/posts\/209415","targetHints":{"allow":["GET"]}}],"collection":[{"href":"https:\/\/www.intoscana.it\/it\/wp-json\/wp\/v2\/posts"}],"about":[{"href":"https:\/\/www.intoscana.it\/it\/wp-json\/wp\/v2\/types\/post"}],"author":[{"embeddable":true,"href":"https:\/\/www.intoscana.it\/it\/wp-json\/wp\/v2\/users\/525"}],"replies":[{"embeddable":true,"href":"https:\/\/www.intoscana.it\/it\/wp-json\/wp\/v2\/comments?post=209415"}],"version-history":[{"count":0,"href":"https:\/\/www.intoscana.it\/it\/wp-json\/wp\/v2\/posts\/209415\/revisions"}],"wp:featuredmedia":[{"embeddable":true,"href":"https:\/\/www.intoscana.it\/it\/wp-json\/wp\/v2\/media\/209416"}],"wp:attachment":[{"href":"https:\/\/www.intoscana.it\/it\/wp-json\/wp\/v2\/media?parent=209415"}],"wp:term":[{"taxonomy":"category","embeddable":true,"href":"https:\/\/www.intoscana.it\/it\/wp-json\/wp\/v2\/categories?post=209415"},{"taxonomy":"post_tag","embeddable":true,"href":"https:\/\/www.intoscana.it\/it\/wp-json\/wp\/v2\/tags?post=209415"}],"curies":[{"name":"wp","href":"https:\/\/api.w.org\/{rel}","templated":true}]}}