{"id":209427,"date":"2022-01-28T15:15:11","date_gmt":"2022-01-28T14:15:11","guid":{"rendered":"https:\/\/www.intoscana.it\/it\/?p=209427"},"modified":"2022-01-28T15:15:11","modified_gmt":"2022-01-28T14:15:11","slug":"formazione-e-trasferimento-tecnologico-il-santanna-collabora-con-le-imprese-di-pisa","status":"publish","type":"post","link":"https:\/\/www.intoscana.it\/it\/formazione-e-trasferimento-tecnologico-il-santanna-collabora-con-le-imprese-di-pisa\/","title":{"rendered":"Formazione e trasferimento tecnologico, il Sant&#8217;Anna collabora con le imprese di Pisa"},"content":{"rendered":"<p>Attivit\u00e0 di <strong>formazione<\/strong>, ma anche<strong> ricerca<\/strong> e <strong>trasferimento tecnologico<\/strong> per contribuire allo sviluppo economico del territorio: con questo obiettivo si rinnova la convenzione tra la <strong>Scuola Superiore Sant\u2019Anna<\/strong> e l\u2019<strong>Unione Industriale Pisana<\/strong> sottoscritta dalla rettrice Sabina Nuti e dalla presidente Patrizia Alma Pacini.<\/p>\n<p>Alla base dell&#8217;accordo c&#8217;\u00e8 <em>&#8220;uno scambio di competenze e di esperienze\u201d<\/em>. <mark>La Scuola Superiore Sant\u2019Anna proporr\u00e0 alle imprenditrici e agli imprenditori dell\u2019Unione Industriale Pisana e ai suoi dipendenti la partecipazione a corsi di alta formazione, convegni, conferenze, seminari sui temi legati allo sviluppo della competitivit\u00e0 e all\u2019introduzione di tecnologie innovative. Gli industriali invece saranno coinvolti, attraverso le loro esperienze e testimonianze, in progetti di ricerca della Scuola. Inoltre, le allieve e agli allievi del Sant&#8217;Anna potranno svolgere stage e tirocini presso aziende e imprese associate.<\/mark><\/p>\n<figure id=\"post-209436 media-209436\" class=\"align-none\"><img decoding=\"async\" src=\"https:\/\/www.intoscana.it\/wp-content\/uploads\/78e4258d-c5ca-4992-9580-72a5d64c492c.jpg\" alt=\"\" \/><\/figure>\n<div class=\"titleimg\" style=\"text-align: center;\"><em>Da sinistra Carlo Frighetto direttore UIP, Sabina Nuti rettrice Scuola Sant\u2019Anna, Patrizia Alma Pacini presidente UIP, Andrea Madonna delegato per i rapporti con le universit\u00e0 UIP<\/em><\/div>\n<p>La Scuola superiore si impegna a anche a favorire il trasferimento tecnologico e conoscenze tecniche-scientifice con le imprese associate e a mettere a disposizione i suoi docenti e ricercatori per corsi di aggiornamento e di approfondimento. Con la convenzione, spiega la rettrice <strong>Sabina Nuti<\/strong>, <em>&#8220;consolidiamo la nostra capacit\u00e0 di produrre valore a beneficio della collettivit\u00e0, agendo come volano di sviluppo sociale ed economico, culturale e tecnologico, attraverso le attivit\u00e0 condivise con aziende e imprese che fanno parte dell\u2019Unione Industriale Pisana. Vogliamo rendere la nostra formazione sempre pi\u00f9 aderente alle figure richieste dal mercato del lavoro, con vantaggi per le nostre allieve e per i nostri allievi. La Scuola Superiore Sant\u2019Anna si propone di portare soluzioni concrete e innovative su temi chiave per lo sviluppo e per la competitivit\u00e0 del territorio, offrendo punti di vista innovativi su temi di carattere etico, economico, giuridico, manageriale, tecnologico\u201d.<\/em><\/p>\n<figure id=\"post-209437 media-209437\" class=\"align-none\"><img decoding=\"async\" src=\"https:\/\/www.intoscana.it\/wp-content\/uploads\/ea375a88-6c9a-4942-903f-5b65fec94e93.jpg\" alt=\"\" \/><\/figure>\n<p>Per la presidente dell\u2019Unione Industriale Patrizia, <strong>Alma Pacini<\/strong>,\u00a0<em>&#8220;il nostro territorio \u00e8 un concentrato unico per la qualit\u00e0 e quantit\u00e0 formativa. La Scuola Superiore Sant\u2019Anna \u00e8 una eccellenza a livello mondiale e le nostre aziende hanno sempre pi\u00f9 bisogno di persone qualificate e di ricerca. La convenzione ha lo scopo di far permeare sempre di pi\u00f9 queste conoscenze sul nostro territorio, cos\u00ec da arricchire il tessuto e generare un ciclo virtuoso tra aziende e universit\u00e0&#8221;<\/em>.<\/p>\n","protected":false},"excerpt":{"rendered":"<p>Corsi per imprenditori e partecipazione ad attivit\u00e0 di ricerca, poi condivisione delle conoscenze tecnico-scientifiche. L&#8217;obiettivo: &#8220;Migliorare lo sviluppo economico del territorio&#8221;<\/p>\n","protected":false},"author":525,"featured_media":78295,"comment_status":"open","ping_status":"open","sticky":false,"template":"","format":"standard","meta":{"_acf_changed":false,"footnotes":""},"categories":[475],"tags":[267,203,4373],"class_list":["post-209427","post","type-post","status-publish","format-standard","has-post-thumbnail","hentry","category-innovazione","tag-imprese","tag-pisa","tag-scuola-santanna-di-pisa"],"acf":[],"yoast_head":"<!-- This site is optimized with the Yoast SEO Premium plugin v24.2 (Yoast SEO v25.6) - https:\/\/yoast.com\/wordpress\/plugins\/seo\/ -->\n<title>Formazione e trasferimento tecnologico, il Sant&#039;Anna collabora con le imprese di Pisa - intoscana<\/title>\n<meta name=\"description\" content=\"Corsi per imprenditori e partecipazione ad attivit\u00e0 di ricerca, poi condivisione delle conoscenze tecnico-scientifiche. L&#039;obiettivo: &quot;Migliorare lo sviluppo economico del territorio&quot;\" \/>\n<meta name=\"robots\" content=\"index, follow, max-snippet:-1, max-image-preview:large, max-video-preview:-1\" \/>\n<link rel=\"canonical\" href=\"https:\/\/www.intoscana.it\/it\/formazione-e-trasferimento-tecnologico-il-santanna-collabora-con-le-imprese-di-pisa\/\" \/>\n<meta property=\"og:locale\" content=\"it_IT\" \/>\n<meta property=\"og:type\" content=\"article\" \/>\n<meta property=\"og:title\" content=\"Formazione e trasferimento tecnologico, il Sant&#039;Anna collabora con le imprese di Pisa\" \/>\n<meta property=\"og:description\" content=\"Corsi per imprenditori e partecipazione ad attivit\u00e0 di ricerca, poi condivisione delle conoscenze tecnico-scientifiche. L&#039;obiettivo: &quot;Migliorare lo sviluppo economico del territorio&quot;\" \/>\n<meta property=\"og:url\" content=\"https:\/\/www.intoscana.it\/it\/formazione-e-trasferimento-tecnologico-il-santanna-collabora-con-le-imprese-di-pisa\/\" \/>\n<meta property=\"og:site_name\" content=\"intoscana\" \/>\n<meta property=\"article:publisher\" content=\"https:\/\/www.facebook.com\/intoscana.it\" \/>\n<meta property=\"article:published_time\" content=\"2022-01-28T14:15:11+00:00\" \/>\n<meta property=\"og:image\" content=\"https:\/\/www.intoscana.it\/wp-content\/uploads\/santanna-5.jpg\" \/>\n\t<meta property=\"og:image:width\" content=\"1000\" \/>\n\t<meta property=\"og:image:height\" content=\"537\" \/>\n\t<meta property=\"og:image:type\" content=\"image\/jpeg\" \/>\n<meta name=\"author\" content=\"Redazione\" \/>\n<meta name=\"twitter:card\" content=\"summary_large_image\" \/>\n<meta name=\"twitter:creator\" content=\"@intoscana\" \/>\n<meta name=\"twitter:site\" content=\"@intoscana\" \/>\n<meta name=\"twitter:label1\" content=\"Written by\" \/>\n\t<meta name=\"twitter:data1\" content=\"Redazione\" \/>\n\t<meta name=\"twitter:label2\" content=\"Est. reading time\" \/>\n\t<meta name=\"twitter:data2\" content=\"2 minuti\" \/>\n<script type=\"application\/ld+json\" class=\"yoast-schema-graph\">{\"@context\":\"https:\/\/schema.org\",\"@graph\":[{\"@type\":\"WebPage\",\"@id\":\"https:\/\/www.intoscana.it\/it\/formazione-e-trasferimento-tecnologico-il-santanna-collabora-con-le-imprese-di-pisa\/\",\"url\":\"https:\/\/www.intoscana.it\/it\/formazione-e-trasferimento-tecnologico-il-santanna-collabora-con-le-imprese-di-pisa\/\",\"name\":\"Formazione e trasferimento tecnologico, il Sant'Anna collabora con le imprese di Pisa - intoscana\",\"isPartOf\":{\"@id\":\"https:\/\/www.intoscana.it\/it\/#website\"},\"primaryImageOfPage\":{\"@id\":\"https:\/\/www.intoscana.it\/it\/formazione-e-trasferimento-tecnologico-il-santanna-collabora-con-le-imprese-di-pisa\/#primaryimage\"},\"image\":{\"@id\":\"https:\/\/www.intoscana.it\/it\/formazione-e-trasferimento-tecnologico-il-santanna-collabora-con-le-imprese-di-pisa\/#primaryimage\"},\"thumbnailUrl\":\"https:\/\/www.intoscana.it\/wp-content\/uploads\/santanna-5.jpg\",\"datePublished\":\"2022-01-28T14:15:11+00:00\",\"author\":{\"@id\":\"https:\/\/www.intoscana.it\/it\/#\/schema\/person\/9223810753230f20bd670fdd322661f8\"},\"description\":\"Corsi per imprenditori e partecipazione ad attivit\u00e0 di ricerca, poi condivisione delle conoscenze tecnico-scientifiche. L'obiettivo: \\\"Migliorare lo sviluppo economico del territorio\\\"\",\"breadcrumb\":{\"@id\":\"https:\/\/www.intoscana.it\/it\/formazione-e-trasferimento-tecnologico-il-santanna-collabora-con-le-imprese-di-pisa\/#breadcrumb\"},\"inLanguage\":\"it-IT\",\"potentialAction\":[{\"@type\":\"ReadAction\",\"target\":[\"https:\/\/www.intoscana.it\/it\/formazione-e-trasferimento-tecnologico-il-santanna-collabora-con-le-imprese-di-pisa\/\"]}]},{\"@type\":\"ImageObject\",\"inLanguage\":\"it-IT\",\"@id\":\"https:\/\/www.intoscana.it\/it\/formazione-e-trasferimento-tecnologico-il-santanna-collabora-con-le-imprese-di-pisa\/#primaryimage\",\"url\":\"https:\/\/www.intoscana.it\/wp-content\/uploads\/santanna-5.jpg\",\"contentUrl\":\"https:\/\/www.intoscana.it\/wp-content\/uploads\/santanna-5.jpg\",\"width\":1000,\"height\":537,\"caption\":\"Sant'Anna, Pisa, ricerca scientifica\"},{\"@type\":\"BreadcrumbList\",\"@id\":\"https:\/\/www.intoscana.it\/it\/formazione-e-trasferimento-tecnologico-il-santanna-collabora-con-le-imprese-di-pisa\/#breadcrumb\",\"itemListElement\":[{\"@type\":\"ListItem\",\"position\":1,\"name\":\"Home\",\"item\":\"https:\/\/www.intoscana.it\/it\/\"},{\"@type\":\"ListItem\",\"position\":2,\"name\":\"Formazione e trasferimento tecnologico, il Sant&#8217;Anna collabora con le imprese di Pisa\"}]},{\"@type\":\"WebSite\",\"@id\":\"https:\/\/www.intoscana.it\/it\/#website\",\"url\":\"https:\/\/www.intoscana.it\/it\/\",\"name\":\"intoscana\",\"description\":\"\",\"potentialAction\":[{\"@type\":\"SearchAction\",\"target\":{\"@type\":\"EntryPoint\",\"urlTemplate\":\"https:\/\/www.intoscana.it\/it\/?s={search_term_string}\"},\"query-input\":{\"@type\":\"PropertyValueSpecification\",\"valueRequired\":true,\"valueName\":\"search_term_string\"}}],\"inLanguage\":\"it-IT\"},{\"@type\":\"Person\",\"@id\":\"https:\/\/www.intoscana.it\/it\/#\/schema\/person\/9223810753230f20bd670fdd322661f8\",\"name\":\"Redazione\",\"url\":\"https:\/\/www.intoscana.it\/it\/author\/redazione\/\"}]}<\/script>\n<!-- \/ Yoast SEO Premium plugin. -->","yoast_head_json":{"title":"Formazione e trasferimento tecnologico, il Sant'Anna collabora con le imprese di Pisa - intoscana","description":"Corsi per imprenditori e partecipazione ad attivit\u00e0 di ricerca, poi condivisione delle conoscenze tecnico-scientifiche. L'obiettivo: \"Migliorare lo sviluppo economico del territorio\"","robots":{"index":"index","follow":"follow","max-snippet":"max-snippet:-1","max-image-preview":"max-image-preview:large","max-video-preview":"max-video-preview:-1"},"canonical":"https:\/\/www.intoscana.it\/it\/formazione-e-trasferimento-tecnologico-il-santanna-collabora-con-le-imprese-di-pisa\/","og_locale":"it_IT","og_type":"article","og_title":"Formazione e trasferimento tecnologico, il Sant'Anna collabora con le imprese di Pisa","og_description":"Corsi per imprenditori e partecipazione ad attivit\u00e0 di ricerca, poi condivisione delle conoscenze tecnico-scientifiche. L'obiettivo: \"Migliorare lo sviluppo economico del territorio\"","og_url":"https:\/\/www.intoscana.it\/it\/formazione-e-trasferimento-tecnologico-il-santanna-collabora-con-le-imprese-di-pisa\/","og_site_name":"intoscana","article_publisher":"https:\/\/www.facebook.com\/intoscana.it","article_published_time":"2022-01-28T14:15:11+00:00","og_image":[{"width":1000,"height":537,"url":"https:\/\/www.intoscana.it\/wp-content\/uploads\/santanna-5.jpg","type":"image\/jpeg"}],"author":"Redazione","twitter_card":"summary_large_image","twitter_creator":"@intoscana","twitter_site":"@intoscana","twitter_misc":{"Written by":"Redazione","Est. reading time":"2 minuti"},"schema":{"@context":"https:\/\/schema.org","@graph":[{"@type":"WebPage","@id":"https:\/\/www.intoscana.it\/it\/formazione-e-trasferimento-tecnologico-il-santanna-collabora-con-le-imprese-di-pisa\/","url":"https:\/\/www.intoscana.it\/it\/formazione-e-trasferimento-tecnologico-il-santanna-collabora-con-le-imprese-di-pisa\/","name":"Formazione e trasferimento tecnologico, il Sant'Anna collabora con le imprese di Pisa - intoscana","isPartOf":{"@id":"https:\/\/www.intoscana.it\/it\/#website"},"primaryImageOfPage":{"@id":"https:\/\/www.intoscana.it\/it\/formazione-e-trasferimento-tecnologico-il-santanna-collabora-con-le-imprese-di-pisa\/#primaryimage"},"image":{"@id":"https:\/\/www.intoscana.it\/it\/formazione-e-trasferimento-tecnologico-il-santanna-collabora-con-le-imprese-di-pisa\/#primaryimage"},"thumbnailUrl":"https:\/\/www.intoscana.it\/wp-content\/uploads\/santanna-5.jpg","datePublished":"2022-01-28T14:15:11+00:00","author":{"@id":"https:\/\/www.intoscana.it\/it\/#\/schema\/person\/9223810753230f20bd670fdd322661f8"},"description":"Corsi per imprenditori e partecipazione ad attivit\u00e0 di ricerca, poi condivisione delle conoscenze tecnico-scientifiche. L'obiettivo: \"Migliorare lo sviluppo economico del territorio\"","breadcrumb":{"@id":"https:\/\/www.intoscana.it\/it\/formazione-e-trasferimento-tecnologico-il-santanna-collabora-con-le-imprese-di-pisa\/#breadcrumb"},"inLanguage":"it-IT","potentialAction":[{"@type":"ReadAction","target":["https:\/\/www.intoscana.it\/it\/formazione-e-trasferimento-tecnologico-il-santanna-collabora-con-le-imprese-di-pisa\/"]}]},{"@type":"ImageObject","inLanguage":"it-IT","@id":"https:\/\/www.intoscana.it\/it\/formazione-e-trasferimento-tecnologico-il-santanna-collabora-con-le-imprese-di-pisa\/#primaryimage","url":"https:\/\/www.intoscana.it\/wp-content\/uploads\/santanna-5.jpg","contentUrl":"https:\/\/www.intoscana.it\/wp-content\/uploads\/santanna-5.jpg","width":1000,"height":537,"caption":"Sant'Anna, Pisa, ricerca scientifica"},{"@type":"BreadcrumbList","@id":"https:\/\/www.intoscana.it\/it\/formazione-e-trasferimento-tecnologico-il-santanna-collabora-con-le-imprese-di-pisa\/#breadcrumb","itemListElement":[{"@type":"ListItem","position":1,"name":"Home","item":"https:\/\/www.intoscana.it\/it\/"},{"@type":"ListItem","position":2,"name":"Formazione e trasferimento tecnologico, il Sant&#8217;Anna collabora con le imprese di Pisa"}]},{"@type":"WebSite","@id":"https:\/\/www.intoscana.it\/it\/#website","url":"https:\/\/www.intoscana.it\/it\/","name":"intoscana","description":"","potentialAction":[{"@type":"SearchAction","target":{"@type":"EntryPoint","urlTemplate":"https:\/\/www.intoscana.it\/it\/?s={search_term_string}"},"query-input":{"@type":"PropertyValueSpecification","valueRequired":true,"valueName":"search_term_string"}}],"inLanguage":"it-IT"},{"@type":"Person","@id":"https:\/\/www.intoscana.it\/it\/#\/schema\/person\/9223810753230f20bd670fdd322661f8","name":"Redazione","url":"https:\/\/www.intoscana.it\/it\/author\/redazione\/"}]}},"_links":{"self":[{"href":"https:\/\/www.intoscana.it\/it\/wp-json\/wp\/v2\/posts\/209427","targetHints":{"allow":["GET"]}}],"collection":[{"href":"https:\/\/www.intoscana.it\/it\/wp-json\/wp\/v2\/posts"}],"about":[{"href":"https:\/\/www.intoscana.it\/it\/wp-json\/wp\/v2\/types\/post"}],"author":[{"embeddable":true,"href":"https:\/\/www.intoscana.it\/it\/wp-json\/wp\/v2\/users\/525"}],"replies":[{"embeddable":true,"href":"https:\/\/www.intoscana.it\/it\/wp-json\/wp\/v2\/comments?post=209427"}],"version-history":[{"count":0,"href":"https:\/\/www.intoscana.it\/it\/wp-json\/wp\/v2\/posts\/209427\/revisions"}],"wp:featuredmedia":[{"embeddable":true,"href":"https:\/\/www.intoscana.it\/it\/wp-json\/wp\/v2\/media\/78295"}],"wp:attachment":[{"href":"https:\/\/www.intoscana.it\/it\/wp-json\/wp\/v2\/media?parent=209427"}],"wp:term":[{"taxonomy":"category","embeddable":true,"href":"https:\/\/www.intoscana.it\/it\/wp-json\/wp\/v2\/categories?post=209427"},{"taxonomy":"post_tag","embeddable":true,"href":"https:\/\/www.intoscana.it\/it\/wp-json\/wp\/v2\/tags?post=209427"}],"curies":[{"name":"wp","href":"https:\/\/api.w.org\/{rel}","templated":true}]}}