{"id":209800,"date":"2022-02-01T10:42:37","date_gmt":"2022-02-01T09:42:37","guid":{"rendered":"https:\/\/www.intoscana.it\/it\/?p=209800"},"modified":"2022-02-01T14:18:45","modified_gmt":"2022-02-01T13:18:45","slug":"mattarella-di-nuovo-a-firenze-stavolta-insieme-al-papa-linvito-dei-vescovi","status":"publish","type":"post","link":"https:\/\/www.intoscana.it\/it\/mattarella-di-nuovo-a-firenze-stavolta-insieme-al-papa-linvito-dei-vescovi\/","title":{"rendered":"Mattarella di nuovo a Firenze, stavolta insieme al Papa. L&#8217;invito dei vescovi"},"content":{"rendered":"<p><mark>Il Presidente della Repubblica <strong>Sergio Mattarella<\/strong>, <a href=\"https:\/\/www.intoscana.it\/it\/articolo\/mattarella-bis-presidente-repubblica-giani\/\">appena rieletto<\/a>, potrebbe di nuovo tornare in Toscana a fine mese<\/mark>. Proprio nella domenica in cui <strong>Papa Francesco<\/strong> celebrer\u00e0 la messa nella Basilica di Santa Croce, a Firenze. Infatti il cardinale <strong>Gualtiero Bassetti<\/strong>, arcivescovo di Perugia-Citt\u00e0 della Pieve e presidente della Conferenza Episcopale Italiana, in accordo con il sindaco di Firenze <strong>Dario Nardella<\/strong> ha invitato Sergio Mattarella alla messa presieduta da Bergoglio a conclusione dell&#8217;Incontro dei vescovi e sindaci del Mediterraneo, che si terr\u00e0 a Firenze <a href=\"https:\/\/www.intoscana.it\/it\/articolo\/diocesi-fiorentina-al-lavoro-per-la-visita-di-papa-francesco\/\">dal 23 al 27 febbraio 2022<\/a>. <div class=\"focuson\"><a href=\"https:\/\/www.intoscana.it\/it\/articolo\/papa-francesco-a-firenze-profughi-rifugiati-messa-santa-croce\/\"><img decoding=\"async\" class=\"lazy\" src=\"https:\/\/www.intoscana.it\/wp-content\/uploads\/Papa-Francesco-3.jpg\" style=\"\">\n                <div class=\"cat\">Papa Francesco a Firenze, incontrer\u00e0 profughi e rifugiati<\/div>\n                <h4>Messa in Santa Croce<\/h4><\/a>\n              <\/div><\/p>\n<h3>Prima il giuramento<\/h3>\n<p>Per avere una risposta ufficiale dal Quirinale si dovr\u00e0 attendere il giuramento del Capo dello Stato. <em>&#8220;La presenza del Capo dello Stato, se accetter\u00e0 il nostro invito, dar\u00e0 ancora pi\u00f9 rilievo alla riflessione condivisa sul sentiero tracciato da Giorgio La Pira&#8221;<\/em> sottolinea il cardinale presidente. <em>&#8220;Calando pi\u00f9 a fondo i temi discussi nell&#8217;esperienza di Bari del 2020, <mark>\u00e8 nostro desiderio infatti proporre nuovi passi insieme per far s\u00ec che la pace diventi realt\u00e0 in tutta l&#8217;area mediterranea<\/mark>&#8220;.<\/em><\/p>\n<p>Anche <strong>Nardella<\/strong> \u00e8 ottimista. <em>&#8220;Mi auguro di cuore che il Presidente Mattarella possa venire a Firenze replicando la sua bellissima partecipazione all&#8217;Incontro dei Vescovi a Bari&#8221;<\/em> ha detto il sindaco. <em>&#8220;Questa volta avremo in pi\u00f9 la presenza dei sindaci del Mediterraneo, che conferirebbe all&#8217;incontro con il Capo dello Stato <mark>un significato di grandissimo livello politico e istituzionale<\/mark>&#8220;.<\/em><\/p>\n<h3>Gli ultimi precedenti in Toscana<\/h3>\n<p>Mattarella, lo ricordiamo, negli ultimi mesi, alla fine del suo primo mandato, \u00e8 stato p\u00f9 volte in <strong>Toscana<\/strong>. Non solo ha <a href=\"https:\/\/www.intoscana.it\/it\/articolo\/mattarella-ai-giovani-di-san-rossore-protagonisti-indispensabili-del-presente\/\">partecipato all&#8217;iniziativa di Giovanis\u00ec &#8220;Siete presente&#8221;<\/a> alla Villa del Gombo di San Rossore, ma \u00e8 anche intervenuto all&#8217;inaugurazione dell&#8217;anno accademico nelle <a href=\"https:\/\/www.intoscana.it\/it\/articolo\/lappello-di-mattarella-da-pisa-contrastare-la-deriva-antiscientifica\/\">universit\u00e0 di Pisa<\/a> e di <a href=\"https:\/\/www.intoscana.it\/it\/articolo\/siena-mattarella-inaugura-anno-accademico-parlando-profughi-pandemia\/\">Siena<\/a>.<\/p>\n","protected":false},"excerpt":{"rendered":"<p>La Cei ha invitato il Presidente della Repubblica al summit sul Mediterraneo in programma a Firenze. Potrebbe assistere alla messa celebrata da Papa Francesco in Santa Croce il 27 febbraio<\/p>\n","protected":false},"author":525,"featured_media":198897,"comment_status":"open","ping_status":"open","sticky":false,"template":"","format":"standard","meta":{"_acf_changed":false,"footnotes":""},"categories":[494],"tags":[4501,1587,4581],"class_list":["post-209800","post","type-post","status-publish","format-standard","has-post-thumbnail","hentry","category-attualita","tag-chiesa-di-santa-croce","tag-papa-francesco-in-toscana","tag-sergio-mattarella"],"acf":[],"yoast_head":"<!-- This site is optimized with the Yoast SEO Premium plugin v24.2 (Yoast SEO v25.6) - https:\/\/yoast.com\/wordpress\/plugins\/seo\/ -->\n<title>Mattarella di nuovo a Firenze, stavolta insieme al Papa. L&#039;invito dei vescovi - intoscana<\/title>\n<meta name=\"description\" content=\"La Cei ha invitato il Presidente della Repubblica al summit sul Mediterraneo in programma a Firenze per assistere alla messa del Papa.\" \/>\n<meta name=\"robots\" content=\"index, follow, max-snippet:-1, max-image-preview:large, max-video-preview:-1\" \/>\n<link rel=\"canonical\" href=\"https:\/\/www.intoscana.it\/it\/mattarella-di-nuovo-a-firenze-stavolta-insieme-al-papa-linvito-dei-vescovi\/\" \/>\n<meta property=\"og:locale\" content=\"it_IT\" \/>\n<meta property=\"og:type\" content=\"article\" \/>\n<meta property=\"og:title\" content=\"Mattarella di nuovo a Firenze, stavolta insieme al Papa. L&#039;invito dei vescovi\" \/>\n<meta property=\"og:description\" content=\"La Cei ha invitato il Presidente della Repubblica al summit sul Mediterraneo in programma a Firenze per assistere alla messa del Papa.\" \/>\n<meta property=\"og:url\" content=\"https:\/\/www.intoscana.it\/it\/mattarella-di-nuovo-a-firenze-stavolta-insieme-al-papa-linvito-dei-vescovi\/\" \/>\n<meta property=\"og:site_name\" content=\"intoscana\" \/>\n<meta property=\"article:publisher\" content=\"https:\/\/www.facebook.com\/intoscana.it\" \/>\n<meta property=\"article:published_time\" content=\"2022-02-01T09:42:37+00:00\" \/>\n<meta property=\"article:modified_time\" content=\"2022-02-01T13:18:45+00:00\" \/>\n<meta property=\"og:image\" content=\"https:\/\/www.intoscana.it\/wp-content\/uploads\/Sergio-Mattarella-allinaugurazione-dellanno-accademico-dellUniversita\u0300-di-Siena-30.jpg\" \/>\n\t<meta property=\"og:image:width\" content=\"850\" \/>\n\t<meta property=\"og:image:height\" content=\"567\" \/>\n\t<meta property=\"og:image:type\" content=\"image\/jpeg\" \/>\n<meta name=\"author\" content=\"Redazione\" \/>\n<meta name=\"twitter:card\" content=\"summary_large_image\" \/>\n<meta name=\"twitter:creator\" content=\"@intoscana\" \/>\n<meta name=\"twitter:site\" content=\"@intoscana\" \/>\n<meta name=\"twitter:label1\" content=\"Written by\" \/>\n\t<meta name=\"twitter:data1\" content=\"Redazione\" \/>\n\t<meta name=\"twitter:label2\" content=\"Est. reading time\" \/>\n\t<meta name=\"twitter:data2\" content=\"1 minuto\" \/>\n<script type=\"application\/ld+json\" class=\"yoast-schema-graph\">{\"@context\":\"https:\/\/schema.org\",\"@graph\":[{\"@type\":\"WebPage\",\"@id\":\"https:\/\/www.intoscana.it\/it\/mattarella-di-nuovo-a-firenze-stavolta-insieme-al-papa-linvito-dei-vescovi\/\",\"url\":\"https:\/\/www.intoscana.it\/it\/mattarella-di-nuovo-a-firenze-stavolta-insieme-al-papa-linvito-dei-vescovi\/\",\"name\":\"Mattarella di nuovo a Firenze, stavolta insieme al Papa. L'invito dei vescovi - intoscana\",\"isPartOf\":{\"@id\":\"https:\/\/www.intoscana.it\/it\/#website\"},\"primaryImageOfPage\":{\"@id\":\"https:\/\/www.intoscana.it\/it\/mattarella-di-nuovo-a-firenze-stavolta-insieme-al-papa-linvito-dei-vescovi\/#primaryimage\"},\"image\":{\"@id\":\"https:\/\/www.intoscana.it\/it\/mattarella-di-nuovo-a-firenze-stavolta-insieme-al-papa-linvito-dei-vescovi\/#primaryimage\"},\"thumbnailUrl\":\"https:\/\/www.intoscana.it\/wp-content\/uploads\/Sergio-Mattarella-allinaugurazione-dellanno-accademico-dellUniversita\u0300-di-Siena-30.jpg\",\"datePublished\":\"2022-02-01T09:42:37+00:00\",\"dateModified\":\"2022-02-01T13:18:45+00:00\",\"author\":{\"@id\":\"https:\/\/www.intoscana.it\/it\/#\/schema\/person\/9223810753230f20bd670fdd322661f8\"},\"description\":\"La Cei ha invitato il Presidente della Repubblica al summit sul Mediterraneo in programma a Firenze per assistere alla messa del Papa.\",\"breadcrumb\":{\"@id\":\"https:\/\/www.intoscana.it\/it\/mattarella-di-nuovo-a-firenze-stavolta-insieme-al-papa-linvito-dei-vescovi\/#breadcrumb\"},\"inLanguage\":\"it-IT\",\"potentialAction\":[{\"@type\":\"ReadAction\",\"target\":[\"https:\/\/www.intoscana.it\/it\/mattarella-di-nuovo-a-firenze-stavolta-insieme-al-papa-linvito-dei-vescovi\/\"]}]},{\"@type\":\"ImageObject\",\"inLanguage\":\"it-IT\",\"@id\":\"https:\/\/www.intoscana.it\/it\/mattarella-di-nuovo-a-firenze-stavolta-insieme-al-papa-linvito-dei-vescovi\/#primaryimage\",\"url\":\"https:\/\/www.intoscana.it\/wp-content\/uploads\/Sergio-Mattarella-allinaugurazione-dellanno-accademico-dellUniversita\u0300-di-Siena-30.jpg\",\"contentUrl\":\"https:\/\/www.intoscana.it\/wp-content\/uploads\/Sergio-Mattarella-allinaugurazione-dellanno-accademico-dellUniversita\u0300-di-Siena-30.jpg\",\"width\":850,\"height\":567},{\"@type\":\"BreadcrumbList\",\"@id\":\"https:\/\/www.intoscana.it\/it\/mattarella-di-nuovo-a-firenze-stavolta-insieme-al-papa-linvito-dei-vescovi\/#breadcrumb\",\"itemListElement\":[{\"@type\":\"ListItem\",\"position\":1,\"name\":\"Home\",\"item\":\"https:\/\/www.intoscana.it\/it\/\"},{\"@type\":\"ListItem\",\"position\":2,\"name\":\"Mattarella di nuovo a Firenze, stavolta insieme al Papa. L&#8217;invito dei vescovi\"}]},{\"@type\":\"WebSite\",\"@id\":\"https:\/\/www.intoscana.it\/it\/#website\",\"url\":\"https:\/\/www.intoscana.it\/it\/\",\"name\":\"intoscana\",\"description\":\"\",\"potentialAction\":[{\"@type\":\"SearchAction\",\"target\":{\"@type\":\"EntryPoint\",\"urlTemplate\":\"https:\/\/www.intoscana.it\/it\/?s={search_term_string}\"},\"query-input\":{\"@type\":\"PropertyValueSpecification\",\"valueRequired\":true,\"valueName\":\"search_term_string\"}}],\"inLanguage\":\"it-IT\"},{\"@type\":\"Person\",\"@id\":\"https:\/\/www.intoscana.it\/it\/#\/schema\/person\/9223810753230f20bd670fdd322661f8\",\"name\":\"Redazione\",\"url\":\"https:\/\/www.intoscana.it\/it\/author\/redazione\/\"}]}<\/script>\n<!-- \/ Yoast SEO Premium plugin. -->","yoast_head_json":{"title":"Mattarella di nuovo a Firenze, stavolta insieme al Papa. L'invito dei vescovi - intoscana","description":"La Cei ha invitato il Presidente della Repubblica al summit sul Mediterraneo in programma a Firenze per assistere alla messa del Papa.","robots":{"index":"index","follow":"follow","max-snippet":"max-snippet:-1","max-image-preview":"max-image-preview:large","max-video-preview":"max-video-preview:-1"},"canonical":"https:\/\/www.intoscana.it\/it\/mattarella-di-nuovo-a-firenze-stavolta-insieme-al-papa-linvito-dei-vescovi\/","og_locale":"it_IT","og_type":"article","og_title":"Mattarella di nuovo a Firenze, stavolta insieme al Papa. L'invito dei vescovi","og_description":"La Cei ha invitato il Presidente della Repubblica al summit sul Mediterraneo in programma a Firenze per assistere alla messa del Papa.","og_url":"https:\/\/www.intoscana.it\/it\/mattarella-di-nuovo-a-firenze-stavolta-insieme-al-papa-linvito-dei-vescovi\/","og_site_name":"intoscana","article_publisher":"https:\/\/www.facebook.com\/intoscana.it","article_published_time":"2022-02-01T09:42:37+00:00","article_modified_time":"2022-02-01T13:18:45+00:00","og_image":[{"width":850,"height":567,"url":"https:\/\/www.intoscana.it\/wp-content\/uploads\/Sergio-Mattarella-allinaugurazione-dellanno-accademico-dellUniversita\u0300-di-Siena-30.jpg","type":"image\/jpeg"}],"author":"Redazione","twitter_card":"summary_large_image","twitter_creator":"@intoscana","twitter_site":"@intoscana","twitter_misc":{"Written by":"Redazione","Est. reading time":"1 minuto"},"schema":{"@context":"https:\/\/schema.org","@graph":[{"@type":"WebPage","@id":"https:\/\/www.intoscana.it\/it\/mattarella-di-nuovo-a-firenze-stavolta-insieme-al-papa-linvito-dei-vescovi\/","url":"https:\/\/www.intoscana.it\/it\/mattarella-di-nuovo-a-firenze-stavolta-insieme-al-papa-linvito-dei-vescovi\/","name":"Mattarella di nuovo a Firenze, stavolta insieme al Papa. L'invito dei vescovi - intoscana","isPartOf":{"@id":"https:\/\/www.intoscana.it\/it\/#website"},"primaryImageOfPage":{"@id":"https:\/\/www.intoscana.it\/it\/mattarella-di-nuovo-a-firenze-stavolta-insieme-al-papa-linvito-dei-vescovi\/#primaryimage"},"image":{"@id":"https:\/\/www.intoscana.it\/it\/mattarella-di-nuovo-a-firenze-stavolta-insieme-al-papa-linvito-dei-vescovi\/#primaryimage"},"thumbnailUrl":"https:\/\/www.intoscana.it\/wp-content\/uploads\/Sergio-Mattarella-allinaugurazione-dellanno-accademico-dellUniversita\u0300-di-Siena-30.jpg","datePublished":"2022-02-01T09:42:37+00:00","dateModified":"2022-02-01T13:18:45+00:00","author":{"@id":"https:\/\/www.intoscana.it\/it\/#\/schema\/person\/9223810753230f20bd670fdd322661f8"},"description":"La Cei ha invitato il Presidente della Repubblica al summit sul Mediterraneo in programma a Firenze per assistere alla messa del Papa.","breadcrumb":{"@id":"https:\/\/www.intoscana.it\/it\/mattarella-di-nuovo-a-firenze-stavolta-insieme-al-papa-linvito-dei-vescovi\/#breadcrumb"},"inLanguage":"it-IT","potentialAction":[{"@type":"ReadAction","target":["https:\/\/www.intoscana.it\/it\/mattarella-di-nuovo-a-firenze-stavolta-insieme-al-papa-linvito-dei-vescovi\/"]}]},{"@type":"ImageObject","inLanguage":"it-IT","@id":"https:\/\/www.intoscana.it\/it\/mattarella-di-nuovo-a-firenze-stavolta-insieme-al-papa-linvito-dei-vescovi\/#primaryimage","url":"https:\/\/www.intoscana.it\/wp-content\/uploads\/Sergio-Mattarella-allinaugurazione-dellanno-accademico-dellUniversita\u0300-di-Siena-30.jpg","contentUrl":"https:\/\/www.intoscana.it\/wp-content\/uploads\/Sergio-Mattarella-allinaugurazione-dellanno-accademico-dellUniversita\u0300-di-Siena-30.jpg","width":850,"height":567},{"@type":"BreadcrumbList","@id":"https:\/\/www.intoscana.it\/it\/mattarella-di-nuovo-a-firenze-stavolta-insieme-al-papa-linvito-dei-vescovi\/#breadcrumb","itemListElement":[{"@type":"ListItem","position":1,"name":"Home","item":"https:\/\/www.intoscana.it\/it\/"},{"@type":"ListItem","position":2,"name":"Mattarella di nuovo a Firenze, stavolta insieme al Papa. L&#8217;invito dei vescovi"}]},{"@type":"WebSite","@id":"https:\/\/www.intoscana.it\/it\/#website","url":"https:\/\/www.intoscana.it\/it\/","name":"intoscana","description":"","potentialAction":[{"@type":"SearchAction","target":{"@type":"EntryPoint","urlTemplate":"https:\/\/www.intoscana.it\/it\/?s={search_term_string}"},"query-input":{"@type":"PropertyValueSpecification","valueRequired":true,"valueName":"search_term_string"}}],"inLanguage":"it-IT"},{"@type":"Person","@id":"https:\/\/www.intoscana.it\/it\/#\/schema\/person\/9223810753230f20bd670fdd322661f8","name":"Redazione","url":"https:\/\/www.intoscana.it\/it\/author\/redazione\/"}]}},"_links":{"self":[{"href":"https:\/\/www.intoscana.it\/it\/wp-json\/wp\/v2\/posts\/209800","targetHints":{"allow":["GET"]}}],"collection":[{"href":"https:\/\/www.intoscana.it\/it\/wp-json\/wp\/v2\/posts"}],"about":[{"href":"https:\/\/www.intoscana.it\/it\/wp-json\/wp\/v2\/types\/post"}],"author":[{"embeddable":true,"href":"https:\/\/www.intoscana.it\/it\/wp-json\/wp\/v2\/users\/525"}],"replies":[{"embeddable":true,"href":"https:\/\/www.intoscana.it\/it\/wp-json\/wp\/v2\/comments?post=209800"}],"version-history":[{"count":0,"href":"https:\/\/www.intoscana.it\/it\/wp-json\/wp\/v2\/posts\/209800\/revisions"}],"wp:featuredmedia":[{"embeddable":true,"href":"https:\/\/www.intoscana.it\/it\/wp-json\/wp\/v2\/media\/198897"}],"wp:attachment":[{"href":"https:\/\/www.intoscana.it\/it\/wp-json\/wp\/v2\/media?parent=209800"}],"wp:term":[{"taxonomy":"category","embeddable":true,"href":"https:\/\/www.intoscana.it\/it\/wp-json\/wp\/v2\/categories?post=209800"},{"taxonomy":"post_tag","embeddable":true,"href":"https:\/\/www.intoscana.it\/it\/wp-json\/wp\/v2\/tags?post=209800"}],"curies":[{"name":"wp","href":"https:\/\/api.w.org\/{rel}","templated":true}]}}