{"id":209819,"date":"2022-02-01T13:00:25","date_gmt":"2022-02-01T12:00:25","guid":{"rendered":"https:\/\/www.intoscana.it\/it\/?p=209819"},"modified":"2022-02-02T17:01:31","modified_gmt":"2022-02-02T16:01:31","slug":"covid-toscana-9877-casi-calo-terapie-intensive","status":"publish","type":"post","link":"https:\/\/www.intoscana.it\/it\/covid-toscana-9877-casi-calo-terapie-intensive\/","title":{"rendered":"Covid, in Toscana 9.877 nuovi casi. In calo le terapie intensive"},"content":{"rendered":"<p>In Toscana sono <strong>749.183<\/strong> i casi di positivit\u00e0 al Coronavirus, <strong>9.877 in pi\u00f9<\/strong> rispetto a ieri (2.861 confermati con tampone molecolare e 7.016 da test rapido antigenico). I nuovi casi sono l&#8217;1,3% in pi\u00f9 rispetto al totale del giorno precedente. L&#8217;et\u00e0 media \u00e8 di <strong>32 anni circa<\/strong> (31% ha meno di 20 anni, 22% tra 20 e 39 anni, 33% tra 40 e 59 anni, 11% tra 60 e 79 anni, 3% ha 80 anni o pi\u00f9). I guariti crescono del 2,5% e raggiungono quota 592.686 (79,1% dei casi totali).<\/p>\n<p><mark>Oggi sono stati eseguiti 15.552 tamponi molecolari e 69.629 tamponi antigenici rapidi, di questi l&#8217;11,6% \u00e8 risultato positivo. Sono invece 13.527 i soggetti testati oggi (con tampone antigenico e\/o molecolare, escludendo i tamponi di controllo), di cui il 73% \u00e8 risultato positivo<\/mark>. Gli attualmente positivi sono oggi 148.210, -3% rispetto a ieri. I ricoverati sono 1.478 (1 in pi\u00f9 rispetto a ieri), di cui 104 in terapia intensiva (8 in meno).<\/p>\n<h3>Numerosit\u00e0 di casi sul territorio<\/h3>\n<p>Di seguito i <strong>casi di positivit\u00e0 sul territorio<\/strong> con la variazione rispetto a ieri (2.861 confermati con tampone molecolare e 7.016 da test rapido antigenico). Sono 224.654 i casi complessivi ad oggi a Firenze (2.580 in pi\u00f9 rispetto a ieri), 58.364 a Prato (667 in pi\u00f9), 64.039 a Pistoia (789 in pi\u00f9), 34.569 a Massa Carrara (421 in pi\u00f9), 73.378 a Lucca (1.016 in pi\u00f9), 86.670 a Pisa (1.242 in pi\u00f9), 60.972 a Livorno (1.023 in pi\u00f9), 66.008 ad Arezzo (921 in pi\u00f9), 46.848 a Siena (587 in pi\u00f9), 33.126 a Grosseto (631 in pi\u00f9). Sono 555 i casi positivi notificati in Toscana, ma residenti in altre regioni. Sono 4.215 i casi riscontrati oggi nell&#8217;Asl Centro, 3.523 nella Nord Ovest, 2.139 nella Sud est.<\/p>\n<p>La <strong>Toscana si trova al 9\u00b0 posto in Italia come numerosit\u00e0 di casi<\/strong> (comprensivi di residenti e non residenti), con circa 20.287 casi per 100.000 abitanti (media italiana circa 18.541 per 100.000, dato di ieri). Le province di notifica con il tasso pi\u00f9 alto sono Firenze con 22.501 casi per 100.000 abitanti, Pistoia con 22.064, Prato con 22.002, la pi\u00f9 bassa Grosseto con 15.206.<\/p>\n<h3>Isolamento, guarigioni e ricoveri<\/h3>\n<p>Complessivamente, <strong>146.732 persone sono in isolamento<\/strong> a casa, poich\u00e9 presentano sintomi lievi che non richiedono cure ospedaliere, o risultano prive di sintomi (4.576 in meno rispetto a ieri, meno 3%). Sono 60.722 (898 in meno rispetto a ieri, meno 1,5%) le persone, anch&#8217;esse isolate, in sorveglianza attiva perch\u00e9 hanno avuto contatti con persone contagiate (Asl Centro 25.764, Nord Ovest 20.905, Sud Est 14.053).<\/p>\n<p><mark>Le persone ricoverate nei posti letto dedicati ai pazienti Covid oggi sono complessivamente <strong>1.478<\/strong> (1 in pi\u00f9 rispetto a ieri, pi\u00f9 0,1%), <strong>104 in terapia intensiva<\/strong> (8 in meno rispetto a ieri, meno 7,1%).<\/mark> Le persone <strong>complessivamente guarite sono 592.686<\/strong> (14.428 in pi\u00f9 rispetto a ieri, pi\u00f9 2,5%): 0 persone clinicamente guarite (stabili rispetto a ieri), divenute cio\u00e8 asintomatiche dopo aver presentato manifestazioni cliniche associate all&#8217;infezione e 592.686 (14.428 in pi\u00f9 rispetto a ieri, pi\u00f9 2,5%) dichiarate guarite a tutti gli effetti, le cosiddette guarigioni virali, con tampone negativo.<\/p>\n<h3>Mortalit\u00e0<\/h3>\n<p><mark>Si registrano 24 nuovi decessi: 12 uomini e 12 donne con un&#8217;et\u00e0 media di 80,9 anni. Relativamente alla provincia di residenza, le 24 persone decedute sono: 8 a Firenze, 1 a Prato, 4 a Pistoia, 1 a Massa Carrara, 3 a Lucca, 1 a Pisa, 1 a Livorno, 2 a Arezzo, 1 a Grosseto, 2 fuori Toscana<\/mark>. Sono <strong>8.287 i deceduti dall&#8217;inizio dell&#8217;epidemia<\/strong> cosi ripartiti: 2.631 a Firenze, 707 a Prato, 760 a Pistoia, 579 a Massa Carrara, 799 a Lucca, 850 a Pisa, 564 a Livorno, 593 ad Arezzo, 428 a Siena, 269 a Grosseto, 107 persone sono decedute sul suolo toscano ma erano residenti fuori regione.<\/p>\n<p>Il <strong>tasso grezzo di mortalit\u00e0 toscano<\/strong> (numero di deceduti\/popolazione residente) per Covid-19 \u00e8 di 224,4 per 100.000 residenti contro il 247,3 della media italiana (11\u00b0 regione). Per quanto riguarda le province, il tasso di mortalit\u00e0 pi\u00f9 alto si riscontra a Massa Carrara (305,0 per 100.000), Prato (266,5) e Firenze (263,5), il pi\u00f9 basso a Grosseto (123,5).<\/p>\n<p>Tutti i dati sono visibili sul sito dell&#8217;Agenzia Regionale di Sanit\u00e0 all&#8217;indirizzo <a href=\"http:\/\/www.ars.toscana.it\/covid19\" target=\"_blank\" rel=\"noopener\">www.ars.toscana.it\/covid19<\/a>.<\/p>\n","protected":false},"excerpt":{"rendered":"<p>In Toscana le persone ricoverate nei posti letto dedicati ai pazienti covid sono complessivamente 1.478 (1 in pi\u00f9 rispetto a ieri), 104 dei quali sono in terapia intensiva (8 in meno). Ventiquattro i decessi registrati nelle ultime ore<\/p>\n","protected":false},"author":525,"featured_media":169812,"comment_status":"open","ping_status":"open","sticky":false,"template":"","format":"standard","meta":{"_acf_changed":false,"footnotes":""},"categories":[494],"tags":[4868,418],"class_list":["post-209819","post","type-post","status-publish","format-standard","has-post-thumbnail","hentry","category-attualita","tag-bollettino-covid-toscana","tag-covid-19"],"acf":[],"yoast_head":"<!-- This site is optimized with the Yoast SEO Premium plugin v24.2 (Yoast SEO v25.6) - https:\/\/yoast.com\/wordpress\/plugins\/seo\/ -->\n<title>Covid, in Toscana 9.877 nuovi casi. In calo le terapie intensive - intoscana<\/title>\n<meta name=\"description\" content=\"In Toscana le persone ricoverate sono complessivamente 1.478 (1 in pi\u00f9 rispetto a ieri), 104 dei quali sono in terapia intensiva (8 in meno).\" \/>\n<meta name=\"robots\" content=\"index, follow, max-snippet:-1, max-image-preview:large, max-video-preview:-1\" \/>\n<link rel=\"canonical\" href=\"https:\/\/www.intoscana.it\/it\/covid-toscana-9877-casi-calo-terapie-intensive\/\" \/>\n<meta property=\"og:locale\" content=\"it_IT\" \/>\n<meta property=\"og:type\" content=\"article\" \/>\n<meta property=\"og:title\" content=\"Covid, in Toscana 9.877 nuovi casi. In calo le terapie intensive\" \/>\n<meta property=\"og:description\" content=\"In Toscana le persone ricoverate sono complessivamente 1.478 (1 in pi\u00f9 rispetto a ieri), 104 dei quali sono in terapia intensiva (8 in meno).\" \/>\n<meta property=\"og:url\" content=\"https:\/\/www.intoscana.it\/it\/covid-toscana-9877-casi-calo-terapie-intensive\/\" \/>\n<meta property=\"og:site_name\" content=\"intoscana\" \/>\n<meta property=\"article:publisher\" content=\"https:\/\/www.facebook.com\/intoscana.it\" \/>\n<meta property=\"article:published_time\" content=\"2022-02-01T12:00:25+00:00\" \/>\n<meta property=\"article:modified_time\" content=\"2022-02-02T16:01:31+00:00\" \/>\n<meta property=\"og:image\" content=\"https:\/\/www.intoscana.it\/wp-content\/uploads\/abbraccio-covid-mamma-e-figlia-mascherina-scaled.jpg\" \/>\n\t<meta property=\"og:image:width\" content=\"2048\" \/>\n\t<meta property=\"og:image:height\" content=\"1152\" \/>\n\t<meta property=\"og:image:type\" content=\"image\/jpeg\" \/>\n<meta name=\"author\" content=\"Redazione\" \/>\n<meta name=\"twitter:card\" content=\"summary_large_image\" \/>\n<meta name=\"twitter:creator\" content=\"@intoscana\" \/>\n<meta name=\"twitter:site\" content=\"@intoscana\" \/>\n<meta name=\"twitter:label1\" content=\"Written by\" \/>\n\t<meta name=\"twitter:data1\" content=\"Redazione\" \/>\n\t<meta name=\"twitter:label2\" content=\"Est. reading time\" \/>\n\t<meta name=\"twitter:data2\" content=\"3 minuti\" \/>\n<script type=\"application\/ld+json\" class=\"yoast-schema-graph\">{\"@context\":\"https:\/\/schema.org\",\"@graph\":[{\"@type\":\"WebPage\",\"@id\":\"https:\/\/www.intoscana.it\/it\/covid-toscana-9877-casi-calo-terapie-intensive\/\",\"url\":\"https:\/\/www.intoscana.it\/it\/covid-toscana-9877-casi-calo-terapie-intensive\/\",\"name\":\"Covid, in Toscana 9.877 nuovi casi. In calo le terapie intensive - intoscana\",\"isPartOf\":{\"@id\":\"https:\/\/www.intoscana.it\/it\/#website\"},\"primaryImageOfPage\":{\"@id\":\"https:\/\/www.intoscana.it\/it\/covid-toscana-9877-casi-calo-terapie-intensive\/#primaryimage\"},\"image\":{\"@id\":\"https:\/\/www.intoscana.it\/it\/covid-toscana-9877-casi-calo-terapie-intensive\/#primaryimage\"},\"thumbnailUrl\":\"https:\/\/www.intoscana.it\/wp-content\/uploads\/abbraccio-covid-mamma-e-figlia-mascherina-scaled.jpg\",\"datePublished\":\"2022-02-01T12:00:25+00:00\",\"dateModified\":\"2022-02-02T16:01:31+00:00\",\"author\":{\"@id\":\"https:\/\/www.intoscana.it\/it\/#\/schema\/person\/9223810753230f20bd670fdd322661f8\"},\"description\":\"In Toscana le persone ricoverate sono complessivamente 1.478 (1 in pi\u00f9 rispetto a ieri), 104 dei quali sono in terapia intensiva (8 in meno).\",\"breadcrumb\":{\"@id\":\"https:\/\/www.intoscana.it\/it\/covid-toscana-9877-casi-calo-terapie-intensive\/#breadcrumb\"},\"inLanguage\":\"it-IT\",\"potentialAction\":[{\"@type\":\"ReadAction\",\"target\":[\"https:\/\/www.intoscana.it\/it\/covid-toscana-9877-casi-calo-terapie-intensive\/\"]}]},{\"@type\":\"ImageObject\",\"inLanguage\":\"it-IT\",\"@id\":\"https:\/\/www.intoscana.it\/it\/covid-toscana-9877-casi-calo-terapie-intensive\/#primaryimage\",\"url\":\"https:\/\/www.intoscana.it\/wp-content\/uploads\/abbraccio-covid-mamma-e-figlia-mascherina-scaled.jpg\",\"contentUrl\":\"https:\/\/www.intoscana.it\/wp-content\/uploads\/abbraccio-covid-mamma-e-figlia-mascherina-scaled.jpg\",\"width\":2048,\"height\":1152},{\"@type\":\"BreadcrumbList\",\"@id\":\"https:\/\/www.intoscana.it\/it\/covid-toscana-9877-casi-calo-terapie-intensive\/#breadcrumb\",\"itemListElement\":[{\"@type\":\"ListItem\",\"position\":1,\"name\":\"Home\",\"item\":\"https:\/\/www.intoscana.it\/it\/\"},{\"@type\":\"ListItem\",\"position\":2,\"name\":\"Covid, in Toscana 9.877 nuovi casi. In calo le terapie intensive\"}]},{\"@type\":\"WebSite\",\"@id\":\"https:\/\/www.intoscana.it\/it\/#website\",\"url\":\"https:\/\/www.intoscana.it\/it\/\",\"name\":\"intoscana\",\"description\":\"\",\"potentialAction\":[{\"@type\":\"SearchAction\",\"target\":{\"@type\":\"EntryPoint\",\"urlTemplate\":\"https:\/\/www.intoscana.it\/it\/?s={search_term_string}\"},\"query-input\":{\"@type\":\"PropertyValueSpecification\",\"valueRequired\":true,\"valueName\":\"search_term_string\"}}],\"inLanguage\":\"it-IT\"},{\"@type\":\"Person\",\"@id\":\"https:\/\/www.intoscana.it\/it\/#\/schema\/person\/9223810753230f20bd670fdd322661f8\",\"name\":\"Redazione\",\"url\":\"https:\/\/www.intoscana.it\/it\/author\/redazione\/\"}]}<\/script>\n<!-- \/ Yoast SEO Premium plugin. -->","yoast_head_json":{"title":"Covid, in Toscana 9.877 nuovi casi. In calo le terapie intensive - intoscana","description":"In Toscana le persone ricoverate sono complessivamente 1.478 (1 in pi\u00f9 rispetto a ieri), 104 dei quali sono in terapia intensiva (8 in meno).","robots":{"index":"index","follow":"follow","max-snippet":"max-snippet:-1","max-image-preview":"max-image-preview:large","max-video-preview":"max-video-preview:-1"},"canonical":"https:\/\/www.intoscana.it\/it\/covid-toscana-9877-casi-calo-terapie-intensive\/","og_locale":"it_IT","og_type":"article","og_title":"Covid, in Toscana 9.877 nuovi casi. In calo le terapie intensive","og_description":"In Toscana le persone ricoverate sono complessivamente 1.478 (1 in pi\u00f9 rispetto a ieri), 104 dei quali sono in terapia intensiva (8 in meno).","og_url":"https:\/\/www.intoscana.it\/it\/covid-toscana-9877-casi-calo-terapie-intensive\/","og_site_name":"intoscana","article_publisher":"https:\/\/www.facebook.com\/intoscana.it","article_published_time":"2022-02-01T12:00:25+00:00","article_modified_time":"2022-02-02T16:01:31+00:00","og_image":[{"width":2048,"height":1152,"url":"https:\/\/www.intoscana.it\/wp-content\/uploads\/abbraccio-covid-mamma-e-figlia-mascherina-scaled.jpg","type":"image\/jpeg"}],"author":"Redazione","twitter_card":"summary_large_image","twitter_creator":"@intoscana","twitter_site":"@intoscana","twitter_misc":{"Written by":"Redazione","Est. reading time":"3 minuti"},"schema":{"@context":"https:\/\/schema.org","@graph":[{"@type":"WebPage","@id":"https:\/\/www.intoscana.it\/it\/covid-toscana-9877-casi-calo-terapie-intensive\/","url":"https:\/\/www.intoscana.it\/it\/covid-toscana-9877-casi-calo-terapie-intensive\/","name":"Covid, in Toscana 9.877 nuovi casi. In calo le terapie intensive - intoscana","isPartOf":{"@id":"https:\/\/www.intoscana.it\/it\/#website"},"primaryImageOfPage":{"@id":"https:\/\/www.intoscana.it\/it\/covid-toscana-9877-casi-calo-terapie-intensive\/#primaryimage"},"image":{"@id":"https:\/\/www.intoscana.it\/it\/covid-toscana-9877-casi-calo-terapie-intensive\/#primaryimage"},"thumbnailUrl":"https:\/\/www.intoscana.it\/wp-content\/uploads\/abbraccio-covid-mamma-e-figlia-mascherina-scaled.jpg","datePublished":"2022-02-01T12:00:25+00:00","dateModified":"2022-02-02T16:01:31+00:00","author":{"@id":"https:\/\/www.intoscana.it\/it\/#\/schema\/person\/9223810753230f20bd670fdd322661f8"},"description":"In Toscana le persone ricoverate sono complessivamente 1.478 (1 in pi\u00f9 rispetto a ieri), 104 dei quali sono in terapia intensiva (8 in meno).","breadcrumb":{"@id":"https:\/\/www.intoscana.it\/it\/covid-toscana-9877-casi-calo-terapie-intensive\/#breadcrumb"},"inLanguage":"it-IT","potentialAction":[{"@type":"ReadAction","target":["https:\/\/www.intoscana.it\/it\/covid-toscana-9877-casi-calo-terapie-intensive\/"]}]},{"@type":"ImageObject","inLanguage":"it-IT","@id":"https:\/\/www.intoscana.it\/it\/covid-toscana-9877-casi-calo-terapie-intensive\/#primaryimage","url":"https:\/\/www.intoscana.it\/wp-content\/uploads\/abbraccio-covid-mamma-e-figlia-mascherina-scaled.jpg","contentUrl":"https:\/\/www.intoscana.it\/wp-content\/uploads\/abbraccio-covid-mamma-e-figlia-mascherina-scaled.jpg","width":2048,"height":1152},{"@type":"BreadcrumbList","@id":"https:\/\/www.intoscana.it\/it\/covid-toscana-9877-casi-calo-terapie-intensive\/#breadcrumb","itemListElement":[{"@type":"ListItem","position":1,"name":"Home","item":"https:\/\/www.intoscana.it\/it\/"},{"@type":"ListItem","position":2,"name":"Covid, in Toscana 9.877 nuovi casi. In calo le terapie intensive"}]},{"@type":"WebSite","@id":"https:\/\/www.intoscana.it\/it\/#website","url":"https:\/\/www.intoscana.it\/it\/","name":"intoscana","description":"","potentialAction":[{"@type":"SearchAction","target":{"@type":"EntryPoint","urlTemplate":"https:\/\/www.intoscana.it\/it\/?s={search_term_string}"},"query-input":{"@type":"PropertyValueSpecification","valueRequired":true,"valueName":"search_term_string"}}],"inLanguage":"it-IT"},{"@type":"Person","@id":"https:\/\/www.intoscana.it\/it\/#\/schema\/person\/9223810753230f20bd670fdd322661f8","name":"Redazione","url":"https:\/\/www.intoscana.it\/it\/author\/redazione\/"}]}},"_links":{"self":[{"href":"https:\/\/www.intoscana.it\/it\/wp-json\/wp\/v2\/posts\/209819","targetHints":{"allow":["GET"]}}],"collection":[{"href":"https:\/\/www.intoscana.it\/it\/wp-json\/wp\/v2\/posts"}],"about":[{"href":"https:\/\/www.intoscana.it\/it\/wp-json\/wp\/v2\/types\/post"}],"author":[{"embeddable":true,"href":"https:\/\/www.intoscana.it\/it\/wp-json\/wp\/v2\/users\/525"}],"replies":[{"embeddable":true,"href":"https:\/\/www.intoscana.it\/it\/wp-json\/wp\/v2\/comments?post=209819"}],"version-history":[{"count":0,"href":"https:\/\/www.intoscana.it\/it\/wp-json\/wp\/v2\/posts\/209819\/revisions"}],"wp:featuredmedia":[{"embeddable":true,"href":"https:\/\/www.intoscana.it\/it\/wp-json\/wp\/v2\/media\/169812"}],"wp:attachment":[{"href":"https:\/\/www.intoscana.it\/it\/wp-json\/wp\/v2\/media?parent=209819"}],"wp:term":[{"taxonomy":"category","embeddable":true,"href":"https:\/\/www.intoscana.it\/it\/wp-json\/wp\/v2\/categories?post=209819"},{"taxonomy":"post_tag","embeddable":true,"href":"https:\/\/www.intoscana.it\/it\/wp-json\/wp\/v2\/tags?post=209819"}],"curies":[{"name":"wp","href":"https:\/\/api.w.org\/{rel}","templated":true}]}}