{"id":210212,"date":"2022-02-03T15:42:36","date_gmt":"2022-02-03T14:42:36","guid":{"rendered":"https:\/\/www.intoscana.it\/it\/?p=210212"},"modified":"2022-02-03T16:54:53","modified_gmt":"2022-02-03T15:54:53","slug":"mika-da-x-factor-alleurovision-con-firenze-nel-cuore","status":"publish","type":"post","link":"https:\/\/www.intoscana.it\/it\/mika-da-x-factor-alleurovision-con-firenze-nel-cuore\/","title":{"rendered":"Mika, da Sanremo all&#8217;Eurovision con Firenze nel cuore"},"content":{"rendered":"<p><strong>Dal palco di Sanremo all&#8217;arena dell&#8217;Eurovision<\/strong> a Torino <strong>passando per Firenze<\/strong> dove torner\u00e0 ad esibirsi il prossimo autunno con <strong>il tour &#8220;The Magic Piano&#8221;<\/strong>. Mika, cittadino del mondo e artista globetrotter ha <strong>un rapporto particolare con il capoluogo toscano<\/strong> e la prossima tourn\u00e9e sta a dimostrarlo: ci sar\u00e0 l&#8217;occasione di ascoltarlo<strong> al Teatro Verdi (21 settembre)<\/strong> e il giorno dopo <strong>al Mandela Forum (22 settembre)<\/strong>. Fil Rouge dell&#8217;una e dell&#8217;altra esibizione il piano che &#8220;<em>far\u00e0 magie dallo spazio musicale pi\u00f9 piccolo a quello pi\u00f9 grande<\/em>&#8220;.<\/p>\n<figure id=\"post-210294 media-210294\" class=\"align-none\"><img decoding=\"async\" src=\"https:\/\/www.intoscana.it\/wp-content\/uploads\/IMG_9193.jpg\" alt=\"\" \/><\/figure>\n<div class=\"titleimg\">Mika nella cucina della sua casa sopra Scandicci \u2013 \u00a9 pagina Instagram Mika<\/div>\n<p>Un grande ritorno per <strong>l&#8217;artista di origine libanese<\/strong> ma naturalizzato inglese che in Toscana si sente a casa ormai da diversi anni. Ha <strong>un buen retiro sopra Scandicci<\/strong>, nella zona di Santa Maria a Marciola: un ambiente tanto rustico quanto chic, a giudicare dalle foto diffuse sui social che lo ritraggono nella cucina della casa <strong>tra mobili in legno e pentole di rame<\/strong> appese alle pareti.<\/p>\n<p>Il soggiorno \u00e8 caratterizzato dal <strong>pavimento in cotto<\/strong> e da <strong>uno scenografico camino<\/strong>: poco pi\u00f9 in l\u00e0 il pianoforte. Quello che a tutti gli effetti sembra un classico casale, \u00e8 dotato anche di <strong>studio di registrazione<\/strong>. Circondato da un grande giardino, qui Mika si rilassa quando \u00e8 libero da impegni e trascorrere alcuni periodi di relax insieme ai suoi <strong>cani Sharky&amp;Moo<\/strong>.<\/p>\n<figure id=\"post-210295 media-210295\" class=\"align-none\"><img decoding=\"async\" src=\"https:\/\/www.intoscana.it\/wp-content\/uploads\/IMG_9195.jpg\" alt=\"\" \/><\/figure>\n<div class=\"titleimg\">Mika nel giardino della sua casa sopra Scandicci \u2013 \u00a9 pagina Instagram Mika<\/div>\n<p><strong>L&#8217;acquisto della casa<\/strong> \u00e8 arrivato dopo un lungo percorso di avvicinamento a Firenze: molti ricordano ancora l&#8217;esibizione <strong>al Maggio Musicale con Sinfonia pop<\/strong> per il Capodanno del dicembre 2016. Poi sono arrivate <strong>le chiavi della citt\u00e0<\/strong> consegnate dal sindaco Dario Nardella <strong>nel gennaio 2018<\/strong> con tanto di raccomandazione a non perderle.<\/p>\n<p>Nel mezzo tanti programmi tv e interviste in cui Firenze \u00e8 sempre stata presente: <strong>Stasera CasaMika<\/strong> nell&#8217;autunno del 2017 in cui il giudice di X Factor \u00e8 salito <strong>a bordo di un taxi<\/strong> per accompagnare in giro per la culla del Rinascimento ignari clienti ripresi da telecamere nascoste.<\/p>\n<figure id=\"post-210217 media-210217\" class=\"align-none\"><img decoding=\"async\" src=\"https:\/\/www.intoscana.it\/wp-content\/uploads\/26195912_1639198529501247_5149353487182626739_n.jpg\" alt=\"\" \/><\/figure>\n<div class=\"titleimg\">Mika riceve le chiavi della citt\u00e0 da Dario Nardella \u2013 \u00a9 pagina Facebook Mika<\/div>\n<p>In tempi pi\u00f9 recenti <strong>la giornalista Monica Maggioni<\/strong> ha scelto di raccogliere la testimonianza di Mika per <strong>uno speciale su Rai Uno<\/strong> proprio girando in centro a Firenze durante le feste natalizie del 2020. Indimenticabili il passaggio alla <strong>Loggia del porcellino e su Ponte Vecchio<\/strong>.<\/p>\n<p>A quel periodo risale anche <strong>il video girato con i Funkoff<\/strong> nella piazza <strong>a San Casciano Val di Pesa<\/strong> per il grande <strong>evento benefico dedicato alla sua Beirut<\/strong> dopo la drammatica esplosione che aveva devastato la capitale libanese. Sempre <strong>in Toscana si sono svolte parte delle prove<\/strong> per il grande concerto organizzato proprio per raccogliere fondi da destinare alla ricostruzione di Beirut.<\/p>\n<figure id=\"post-210221 media-210221\" class=\"align-none\"><img decoding=\"async\" src=\"https:\/\/www.intoscana.it\/wp-content\/uploads\/244359447_426878189003115_3076801607744287339_n.jpg\" alt=\"\" \/><\/figure>\n<div class=\"titleimg\">Tommaso Sacchi e Mika alla mostra di Jenny Saville a Firenze \u2013 \u00a9 pagina Facebook Tommaso Sacchi<\/div>\n<p>Una delle ultime volte che Mika \u00e8 comparso sui social da Firenze \u00e8 stato in occasione della <strong>mostra di Jenny Saville al Museo del Novecento<\/strong> dove ad accompagnarlo c&#8217;era <strong>l&#8217;allora assessore alla Cultura Tommaso Sacchi<\/strong>. In altre occasioni si \u00e8 visto <strong>in visita agli Uffizi insieme al direttore Eike Schmidt<\/strong>. La presenza di Mika \u00e8 tanto discreta quanto pop: non sono pochi i fortunati che possono dire di averlo incontrato <strong>a fare la spesa nel luglio del 2018 alla Coop<\/strong>.<\/p>\n<p>Tra gli impegni per l&#8217;Eurovision e il tour italiano del prossimo autunno <mark>le strade di Mika e di Firenze sono destinate ancora a incontrarsi. E&#8217; solo questione di tempo<\/mark>. La citt\u00e0 \u00e8 pronta come sempre ad accoglierlo: in fondo \u00e8 anche casa sua.<\/p>\n","protected":false},"excerpt":{"rendered":"<p>L&#8217;artista ha casa sopra Scandicci: sar\u00e0 in tourn\u00e9e il prossimo autunno con due concerti al Teatro Verdi e al Mandela Forum<\/p>\n","protected":false},"author":554,"featured_media":210216,"comment_status":"open","ping_status":"open","sticky":false,"template":"","format":"standard","meta":{"_acf_changed":false,"footnotes":""},"categories":[14],"tags":[178,369,5592],"class_list":["post-210212","post","type-post","status-publish","format-standard","has-post-thumbnail","hentry","category-musica","tag-comune-di-firenze","tag-maggio-musicale-fiorentino","tag-sanremo"],"acf":[],"yoast_head":"<!-- This site is optimized with the Yoast SEO Premium plugin v24.2 (Yoast SEO v25.6) - https:\/\/yoast.com\/wordpress\/plugins\/seo\/ -->\n<title>Mika, da Sanremo all&#039;Eurovision con Firenze nel cuore - intoscana<\/title>\n<meta name=\"description\" content=\"L&#039;artista ha casa sopra Scandicci: sar\u00e0 in tourn\u00e9e il prossimo autunno con due concerti al Teatro Verdi e al Mandela Forum\" \/>\n<meta name=\"robots\" content=\"index, follow, max-snippet:-1, max-image-preview:large, max-video-preview:-1\" \/>\n<link rel=\"canonical\" href=\"https:\/\/www.intoscana.it\/it\/mika-da-x-factor-alleurovision-con-firenze-nel-cuore\/\" \/>\n<meta property=\"og:locale\" content=\"it_IT\" \/>\n<meta property=\"og:type\" content=\"article\" \/>\n<meta property=\"og:title\" content=\"Mika, da Sanremo all&#039;Eurovision con Firenze nel cuore\" \/>\n<meta property=\"og:description\" content=\"L&#039;artista ha casa sopra Scandicci: sar\u00e0 in tourn\u00e9e il prossimo autunno con due concerti al Teatro Verdi e al Mandela Forum\" \/>\n<meta property=\"og:url\" content=\"https:\/\/www.intoscana.it\/it\/mika-da-x-factor-alleurovision-con-firenze-nel-cuore\/\" \/>\n<meta property=\"og:site_name\" content=\"intoscana\" \/>\n<meta property=\"article:publisher\" content=\"https:\/\/www.facebook.com\/intoscana.it\" \/>\n<meta property=\"article:published_time\" content=\"2022-02-03T14:42:36+00:00\" \/>\n<meta property=\"article:modified_time\" content=\"2022-02-03T15:54:53+00:00\" \/>\n<meta property=\"og:image\" content=\"https:\/\/www.intoscana.it\/wp-content\/uploads\/15936978_10154429279943040_5918458307477318477_o.jpg\" \/>\n\t<meta property=\"og:image:width\" content=\"1404\" \/>\n\t<meta property=\"og:image:height\" content=\"936\" \/>\n\t<meta property=\"og:image:type\" content=\"image\/jpeg\" \/>\n<meta name=\"author\" content=\"Raffaella Galamini\" \/>\n<meta name=\"twitter:card\" content=\"summary_large_image\" \/>\n<meta name=\"twitter:creator\" content=\"@orio\" \/>\n<meta name=\"twitter:site\" content=\"@intoscana\" \/>\n<meta name=\"twitter:label1\" content=\"Written by\" \/>\n\t<meta name=\"twitter:data1\" content=\"Raffaella Galamini\" \/>\n\t<meta name=\"twitter:label2\" content=\"Est. reading time\" \/>\n\t<meta name=\"twitter:data2\" content=\"3 minuti\" \/>\n<script type=\"application\/ld+json\" class=\"yoast-schema-graph\">{\"@context\":\"https:\/\/schema.org\",\"@graph\":[{\"@type\":\"WebPage\",\"@id\":\"https:\/\/www.intoscana.it\/it\/mika-da-x-factor-alleurovision-con-firenze-nel-cuore\/\",\"url\":\"https:\/\/www.intoscana.it\/it\/mika-da-x-factor-alleurovision-con-firenze-nel-cuore\/\",\"name\":\"Mika, da Sanremo all'Eurovision con Firenze nel cuore - intoscana\",\"isPartOf\":{\"@id\":\"https:\/\/www.intoscana.it\/it\/#website\"},\"primaryImageOfPage\":{\"@id\":\"https:\/\/www.intoscana.it\/it\/mika-da-x-factor-alleurovision-con-firenze-nel-cuore\/#primaryimage\"},\"image\":{\"@id\":\"https:\/\/www.intoscana.it\/it\/mika-da-x-factor-alleurovision-con-firenze-nel-cuore\/#primaryimage\"},\"thumbnailUrl\":\"https:\/\/www.intoscana.it\/wp-content\/uploads\/15936978_10154429279943040_5918458307477318477_o.jpg\",\"datePublished\":\"2022-02-03T14:42:36+00:00\",\"dateModified\":\"2022-02-03T15:54:53+00:00\",\"author\":{\"@id\":\"https:\/\/www.intoscana.it\/it\/#\/schema\/person\/9eb9daa846a49fe51af39a73d9d1986b\"},\"description\":\"L'artista ha casa sopra Scandicci: sar\u00e0 in tourn\u00e9e il prossimo autunno con due concerti al Teatro Verdi e al Mandela Forum\",\"breadcrumb\":{\"@id\":\"https:\/\/www.intoscana.it\/it\/mika-da-x-factor-alleurovision-con-firenze-nel-cuore\/#breadcrumb\"},\"inLanguage\":\"it-IT\",\"potentialAction\":[{\"@type\":\"ReadAction\",\"target\":[\"https:\/\/www.intoscana.it\/it\/mika-da-x-factor-alleurovision-con-firenze-nel-cuore\/\"]}]},{\"@type\":\"ImageObject\",\"inLanguage\":\"it-IT\",\"@id\":\"https:\/\/www.intoscana.it\/it\/mika-da-x-factor-alleurovision-con-firenze-nel-cuore\/#primaryimage\",\"url\":\"https:\/\/www.intoscana.it\/wp-content\/uploads\/15936978_10154429279943040_5918458307477318477_o.jpg\",\"contentUrl\":\"https:\/\/www.intoscana.it\/wp-content\/uploads\/15936978_10154429279943040_5918458307477318477_o.jpg\",\"width\":1404,\"height\":936,\"caption\":\"Mika nel concerto Sinfonia Pop al Maggio Musicale - \u00a9 pagina Facebook Mika\"},{\"@type\":\"BreadcrumbList\",\"@id\":\"https:\/\/www.intoscana.it\/it\/mika-da-x-factor-alleurovision-con-firenze-nel-cuore\/#breadcrumb\",\"itemListElement\":[{\"@type\":\"ListItem\",\"position\":1,\"name\":\"Home\",\"item\":\"https:\/\/www.intoscana.it\/it\/\"},{\"@type\":\"ListItem\",\"position\":2,\"name\":\"Mika, da Sanremo all&#8217;Eurovision con Firenze nel cuore\"}]},{\"@type\":\"WebSite\",\"@id\":\"https:\/\/www.intoscana.it\/it\/#website\",\"url\":\"https:\/\/www.intoscana.it\/it\/\",\"name\":\"intoscana\",\"description\":\"\",\"potentialAction\":[{\"@type\":\"SearchAction\",\"target\":{\"@type\":\"EntryPoint\",\"urlTemplate\":\"https:\/\/www.intoscana.it\/it\/?s={search_term_string}\"},\"query-input\":{\"@type\":\"PropertyValueSpecification\",\"valueRequired\":true,\"valueName\":\"search_term_string\"}}],\"inLanguage\":\"it-IT\"},{\"@type\":\"Person\",\"@id\":\"https:\/\/www.intoscana.it\/it\/#\/schema\/person\/9eb9daa846a49fe51af39a73d9d1986b\",\"name\":\"Raffaella Galamini\",\"sameAs\":[\"https:\/\/x.com\/orio\"],\"url\":\"https:\/\/www.intoscana.it\/it\/author\/r-galamini\/\"}]}<\/script>\n<!-- \/ Yoast SEO Premium plugin. -->","yoast_head_json":{"title":"Mika, da Sanremo all'Eurovision con Firenze nel cuore - intoscana","description":"L'artista ha casa sopra Scandicci: sar\u00e0 in tourn\u00e9e il prossimo autunno con due concerti al Teatro Verdi e al Mandela Forum","robots":{"index":"index","follow":"follow","max-snippet":"max-snippet:-1","max-image-preview":"max-image-preview:large","max-video-preview":"max-video-preview:-1"},"canonical":"https:\/\/www.intoscana.it\/it\/mika-da-x-factor-alleurovision-con-firenze-nel-cuore\/","og_locale":"it_IT","og_type":"article","og_title":"Mika, da Sanremo all'Eurovision con Firenze nel cuore","og_description":"L'artista ha casa sopra Scandicci: sar\u00e0 in tourn\u00e9e il prossimo autunno con due concerti al Teatro Verdi e al Mandela Forum","og_url":"https:\/\/www.intoscana.it\/it\/mika-da-x-factor-alleurovision-con-firenze-nel-cuore\/","og_site_name":"intoscana","article_publisher":"https:\/\/www.facebook.com\/intoscana.it","article_published_time":"2022-02-03T14:42:36+00:00","article_modified_time":"2022-02-03T15:54:53+00:00","og_image":[{"width":1404,"height":936,"url":"https:\/\/www.intoscana.it\/wp-content\/uploads\/15936978_10154429279943040_5918458307477318477_o.jpg","type":"image\/jpeg"}],"author":"Raffaella Galamini","twitter_card":"summary_large_image","twitter_creator":"@orio","twitter_site":"@intoscana","twitter_misc":{"Written by":"Raffaella Galamini","Est. reading time":"3 minuti"},"schema":{"@context":"https:\/\/schema.org","@graph":[{"@type":"WebPage","@id":"https:\/\/www.intoscana.it\/it\/mika-da-x-factor-alleurovision-con-firenze-nel-cuore\/","url":"https:\/\/www.intoscana.it\/it\/mika-da-x-factor-alleurovision-con-firenze-nel-cuore\/","name":"Mika, da Sanremo all'Eurovision con Firenze nel cuore - intoscana","isPartOf":{"@id":"https:\/\/www.intoscana.it\/it\/#website"},"primaryImageOfPage":{"@id":"https:\/\/www.intoscana.it\/it\/mika-da-x-factor-alleurovision-con-firenze-nel-cuore\/#primaryimage"},"image":{"@id":"https:\/\/www.intoscana.it\/it\/mika-da-x-factor-alleurovision-con-firenze-nel-cuore\/#primaryimage"},"thumbnailUrl":"https:\/\/www.intoscana.it\/wp-content\/uploads\/15936978_10154429279943040_5918458307477318477_o.jpg","datePublished":"2022-02-03T14:42:36+00:00","dateModified":"2022-02-03T15:54:53+00:00","author":{"@id":"https:\/\/www.intoscana.it\/it\/#\/schema\/person\/9eb9daa846a49fe51af39a73d9d1986b"},"description":"L'artista ha casa sopra Scandicci: sar\u00e0 in tourn\u00e9e il prossimo autunno con due concerti al Teatro Verdi e al Mandela Forum","breadcrumb":{"@id":"https:\/\/www.intoscana.it\/it\/mika-da-x-factor-alleurovision-con-firenze-nel-cuore\/#breadcrumb"},"inLanguage":"it-IT","potentialAction":[{"@type":"ReadAction","target":["https:\/\/www.intoscana.it\/it\/mika-da-x-factor-alleurovision-con-firenze-nel-cuore\/"]}]},{"@type":"ImageObject","inLanguage":"it-IT","@id":"https:\/\/www.intoscana.it\/it\/mika-da-x-factor-alleurovision-con-firenze-nel-cuore\/#primaryimage","url":"https:\/\/www.intoscana.it\/wp-content\/uploads\/15936978_10154429279943040_5918458307477318477_o.jpg","contentUrl":"https:\/\/www.intoscana.it\/wp-content\/uploads\/15936978_10154429279943040_5918458307477318477_o.jpg","width":1404,"height":936,"caption":"Mika nel concerto Sinfonia Pop al Maggio Musicale - \u00a9 pagina Facebook Mika"},{"@type":"BreadcrumbList","@id":"https:\/\/www.intoscana.it\/it\/mika-da-x-factor-alleurovision-con-firenze-nel-cuore\/#breadcrumb","itemListElement":[{"@type":"ListItem","position":1,"name":"Home","item":"https:\/\/www.intoscana.it\/it\/"},{"@type":"ListItem","position":2,"name":"Mika, da Sanremo all&#8217;Eurovision con Firenze nel cuore"}]},{"@type":"WebSite","@id":"https:\/\/www.intoscana.it\/it\/#website","url":"https:\/\/www.intoscana.it\/it\/","name":"intoscana","description":"","potentialAction":[{"@type":"SearchAction","target":{"@type":"EntryPoint","urlTemplate":"https:\/\/www.intoscana.it\/it\/?s={search_term_string}"},"query-input":{"@type":"PropertyValueSpecification","valueRequired":true,"valueName":"search_term_string"}}],"inLanguage":"it-IT"},{"@type":"Person","@id":"https:\/\/www.intoscana.it\/it\/#\/schema\/person\/9eb9daa846a49fe51af39a73d9d1986b","name":"Raffaella Galamini","sameAs":["https:\/\/x.com\/orio"],"url":"https:\/\/www.intoscana.it\/it\/author\/r-galamini\/"}]}},"_links":{"self":[{"href":"https:\/\/www.intoscana.it\/it\/wp-json\/wp\/v2\/posts\/210212","targetHints":{"allow":["GET"]}}],"collection":[{"href":"https:\/\/www.intoscana.it\/it\/wp-json\/wp\/v2\/posts"}],"about":[{"href":"https:\/\/www.intoscana.it\/it\/wp-json\/wp\/v2\/types\/post"}],"author":[{"embeddable":true,"href":"https:\/\/www.intoscana.it\/it\/wp-json\/wp\/v2\/users\/554"}],"replies":[{"embeddable":true,"href":"https:\/\/www.intoscana.it\/it\/wp-json\/wp\/v2\/comments?post=210212"}],"version-history":[{"count":0,"href":"https:\/\/www.intoscana.it\/it\/wp-json\/wp\/v2\/posts\/210212\/revisions"}],"wp:featuredmedia":[{"embeddable":true,"href":"https:\/\/www.intoscana.it\/it\/wp-json\/wp\/v2\/media\/210216"}],"wp:attachment":[{"href":"https:\/\/www.intoscana.it\/it\/wp-json\/wp\/v2\/media?parent=210212"}],"wp:term":[{"taxonomy":"category","embeddable":true,"href":"https:\/\/www.intoscana.it\/it\/wp-json\/wp\/v2\/categories?post=210212"},{"taxonomy":"post_tag","embeddable":true,"href":"https:\/\/www.intoscana.it\/it\/wp-json\/wp\/v2\/tags?post=210212"}],"curies":[{"name":"wp","href":"https:\/\/api.w.org\/{rel}","templated":true}]}}