{"id":210612,"date":"2022-02-04T17:05:56","date_gmt":"2022-02-04T16:05:56","guid":{"rendered":"https:\/\/www.intoscana.it\/it\/?p=210612"},"modified":"2022-02-04T17:07:09","modified_gmt":"2022-02-04T16:07:09","slug":"in-viaggio-con-davide-boosta-dileo-dentro-il-teatro-della-pergola-di-firenze","status":"publish","type":"post","link":"https:\/\/www.intoscana.it\/it\/in-viaggio-con-davide-boosta-dileo-dentro-il-teatro-della-pergola-di-firenze\/","title":{"rendered":"In viaggio con Davide &#8220;Boosta&#8221; Dileo dentro il Teatro della Pergola di Firenze"},"content":{"rendered":"<p>Musiche evocative che raccontano i mesi inediti e difficilissimi per il <strong>mondo della cultura durante la pandemia,<\/strong> pensate e incise nei luoghi pi\u00f9 segreti del <strong>Teatro della Pergola di Firenze.<\/strong><\/p>\n<p>Questo \u00e8 il progetto di <strong>Davide Boosta Dileo, fondatore dei Subsonica,<\/strong> che accompagner\u00e0 come un racconto intimo il 2022 con <strong>dodici appuntamenti mensili.<\/strong><\/p>\n<p>L\u2019intero<strong> Teatro della Pergola<\/strong> \u00e8 stato messo a disposizione della creativit\u00e0 del musicista\u00a0che ha ideato<strong> dodici video di musica estemporanea<\/strong> che usciranno <strong>l\u2019ultimo luned\u00ec del mese, per un anno.<\/strong><\/p>\n<p>Conclusi i capitoli, verr\u00e0 pubblicato <strong>un documentario integrale che racconta l\u2019esperienza<\/strong> della realizzazione del progetto, alternata ai vari capitoli musicali. Infine il progetto video si trasformer\u00e0 in <strong>uno spettacolo e viagger\u00e0 attraverso club<\/strong> e teatri di tutta Italia.<\/p>\n<p>L\u2019iniziativa, nata da <strong>un\u2019idea di Leonardo Giacomelli,<\/strong> \u00e8 prodotta da <strong>Black Candy produzioni<\/strong>, diretto dal regista Agustin Cornejo, finanziato dal Comune di Firenze e realizzato da <strong>Lorenzo Buzzigoli<\/strong> (produttore audio), Silvia Avigo (scenografa) e Arte Videomaking (casa di produzione video).<\/p>\n<p><em>\u201cUn progetto musicale molto originale &#8211; <\/em><strong>ha\u00a0commentato il sindaco di Firenze Dario Nardella<\/strong><em> &#8211; che riesce a fondere uno dei teatri pi\u00f9 antichi d\u2019Italia con le sonorit\u00e0 contemporanee. Da due anni il mondo della cultura \u00e8 drammaticamente piegato dalla pandemia ma, come questo progetto dimostra, anche durante i periodi di lockdown la creativit\u00e0 e la progettualit\u00e0 degli artisti non \u00e8 mai venuta meno\u201d.<\/em><\/p>\n<h3>Il saloncino della Pergola<\/h3>\n<p><iframe loading=\"lazy\" title=\"YouTube video player\" src=\"https:\/\/www.youtube.com\/embed\/J6dcaUV-W1U\" width=\"800\" height=\"500\" frameborder=\"0\" allowfullscreen=\"allowfullscreen\"><\/iframe><\/p>\n","protected":false},"excerpt":{"rendered":"<p>Ogni ultimo luned\u00ec del mese per un anno uscir\u00e0 su yotube un video di Boosta, alla fine un documentario racconter\u00e0 tutta l&#039;esperienza<\/p>\n","protected":false},"author":525,"featured_media":210615,"comment_status":"open","ping_status":"open","sticky":false,"template":"","format":"standard","meta":{"_acf_changed":false,"footnotes":""},"categories":[14],"tags":[202,236,4659],"class_list":["post-210612","post","type-post","status-publish","format-standard","has-post-thumbnail","hentry","category-musica","tag-firenze","tag-teatro","tag-teatro-della-pergola"],"acf":[],"yoast_head":"<!-- This site is optimized with the Yoast SEO Premium plugin v24.2 (Yoast SEO v25.6) - https:\/\/yoast.com\/wordpress\/plugins\/seo\/ -->\n<title>In viaggio con Davide &quot;Boosta&quot; Dileo dentro il Teatro della Pergola di Firenze - intoscana<\/title>\n<meta name=\"description\" content=\"Ogni ultimo luned\u00ec del mese per un anno uscir\u00e0 su yotube un video di Boosta, alla fine un documentario racconter\u00e0 tutta l&#039;esteperienza\" \/>\n<meta name=\"robots\" content=\"index, follow, max-snippet:-1, max-image-preview:large, max-video-preview:-1\" \/>\n<link rel=\"canonical\" href=\"https:\/\/www.intoscana.it\/it\/in-viaggio-con-davide-boosta-dileo-dentro-il-teatro-della-pergola-di-firenze\/\" \/>\n<meta property=\"og:locale\" content=\"it_IT\" \/>\n<meta property=\"og:type\" content=\"article\" \/>\n<meta property=\"og:title\" content=\"In viaggio con Davide &quot;Boosta&quot; Dileo dentro il Teatro della Pergola di Firenze\" \/>\n<meta property=\"og:description\" content=\"Ogni ultimo luned\u00ec del mese per un anno uscir\u00e0 su yotube un video di Boosta, alla fine un documentario racconter\u00e0 tutta l&#039;esteperienza\" \/>\n<meta property=\"og:url\" content=\"https:\/\/www.intoscana.it\/it\/in-viaggio-con-davide-boosta-dileo-dentro-il-teatro-della-pergola-di-firenze\/\" \/>\n<meta property=\"og:site_name\" content=\"intoscana\" \/>\n<meta property=\"article:publisher\" content=\"https:\/\/www.facebook.com\/intoscana.it\" \/>\n<meta property=\"article:published_time\" content=\"2022-02-04T16:05:56+00:00\" \/>\n<meta property=\"article:modified_time\" content=\"2022-02-04T16:07:09+00:00\" \/>\n<meta property=\"og:image\" content=\"https:\/\/www.intoscana.it\/wp-content\/uploads\/Boosta.jpg\" \/>\n\t<meta property=\"og:image:width\" content=\"1280\" \/>\n\t<meta property=\"og:image:height\" content=\"853\" \/>\n\t<meta property=\"og:image:type\" content=\"image\/jpeg\" \/>\n<meta name=\"author\" content=\"Redazione\" \/>\n<meta name=\"twitter:card\" content=\"summary_large_image\" \/>\n<meta name=\"twitter:creator\" content=\"@intoscana\" \/>\n<meta name=\"twitter:site\" content=\"@intoscana\" \/>\n<meta name=\"twitter:label1\" content=\"Written by\" \/>\n\t<meta name=\"twitter:data1\" content=\"Redazione\" \/>\n\t<meta name=\"twitter:label2\" content=\"Est. reading time\" \/>\n\t<meta name=\"twitter:data2\" content=\"1 minuto\" \/>\n<script type=\"application\/ld+json\" class=\"yoast-schema-graph\">{\"@context\":\"https:\/\/schema.org\",\"@graph\":[{\"@type\":\"WebPage\",\"@id\":\"https:\/\/www.intoscana.it\/it\/in-viaggio-con-davide-boosta-dileo-dentro-il-teatro-della-pergola-di-firenze\/\",\"url\":\"https:\/\/www.intoscana.it\/it\/in-viaggio-con-davide-boosta-dileo-dentro-il-teatro-della-pergola-di-firenze\/\",\"name\":\"In viaggio con Davide \\\"Boosta\\\" Dileo dentro il Teatro della Pergola di Firenze - intoscana\",\"isPartOf\":{\"@id\":\"https:\/\/www.intoscana.it\/it\/#website\"},\"primaryImageOfPage\":{\"@id\":\"https:\/\/www.intoscana.it\/it\/in-viaggio-con-davide-boosta-dileo-dentro-il-teatro-della-pergola-di-firenze\/#primaryimage\"},\"image\":{\"@id\":\"https:\/\/www.intoscana.it\/it\/in-viaggio-con-davide-boosta-dileo-dentro-il-teatro-della-pergola-di-firenze\/#primaryimage\"},\"thumbnailUrl\":\"https:\/\/www.intoscana.it\/wp-content\/uploads\/Boosta.jpg\",\"datePublished\":\"2022-02-04T16:05:56+00:00\",\"dateModified\":\"2022-02-04T16:07:09+00:00\",\"author\":{\"@id\":\"https:\/\/www.intoscana.it\/it\/#\/schema\/person\/9223810753230f20bd670fdd322661f8\"},\"description\":\"Ogni ultimo luned\u00ec del mese per un anno uscir\u00e0 su yotube un video di Boosta, alla fine un documentario racconter\u00e0 tutta l'esteperienza\",\"breadcrumb\":{\"@id\":\"https:\/\/www.intoscana.it\/it\/in-viaggio-con-davide-boosta-dileo-dentro-il-teatro-della-pergola-di-firenze\/#breadcrumb\"},\"inLanguage\":\"it-IT\",\"potentialAction\":[{\"@type\":\"ReadAction\",\"target\":[\"https:\/\/www.intoscana.it\/it\/in-viaggio-con-davide-boosta-dileo-dentro-il-teatro-della-pergola-di-firenze\/\"]}]},{\"@type\":\"ImageObject\",\"inLanguage\":\"it-IT\",\"@id\":\"https:\/\/www.intoscana.it\/it\/in-viaggio-con-davide-boosta-dileo-dentro-il-teatro-della-pergola-di-firenze\/#primaryimage\",\"url\":\"https:\/\/www.intoscana.it\/wp-content\/uploads\/Boosta.jpg\",\"contentUrl\":\"https:\/\/www.intoscana.it\/wp-content\/uploads\/Boosta.jpg\",\"width\":1280,\"height\":853},{\"@type\":\"BreadcrumbList\",\"@id\":\"https:\/\/www.intoscana.it\/it\/in-viaggio-con-davide-boosta-dileo-dentro-il-teatro-della-pergola-di-firenze\/#breadcrumb\",\"itemListElement\":[{\"@type\":\"ListItem\",\"position\":1,\"name\":\"Home\",\"item\":\"https:\/\/www.intoscana.it\/it\/\"},{\"@type\":\"ListItem\",\"position\":2,\"name\":\"In viaggio con Davide &#8220;Boosta&#8221; Dileo dentro il Teatro della Pergola di Firenze\"}]},{\"@type\":\"WebSite\",\"@id\":\"https:\/\/www.intoscana.it\/it\/#website\",\"url\":\"https:\/\/www.intoscana.it\/it\/\",\"name\":\"intoscana\",\"description\":\"\",\"potentialAction\":[{\"@type\":\"SearchAction\",\"target\":{\"@type\":\"EntryPoint\",\"urlTemplate\":\"https:\/\/www.intoscana.it\/it\/?s={search_term_string}\"},\"query-input\":{\"@type\":\"PropertyValueSpecification\",\"valueRequired\":true,\"valueName\":\"search_term_string\"}}],\"inLanguage\":\"it-IT\"},{\"@type\":\"Person\",\"@id\":\"https:\/\/www.intoscana.it\/it\/#\/schema\/person\/9223810753230f20bd670fdd322661f8\",\"name\":\"Redazione\",\"url\":\"https:\/\/www.intoscana.it\/it\/author\/redazione\/\"}]}<\/script>\n<!-- \/ Yoast SEO Premium plugin. -->","yoast_head_json":{"title":"In viaggio con Davide \"Boosta\" Dileo dentro il Teatro della Pergola di Firenze - intoscana","description":"Ogni ultimo luned\u00ec del mese per un anno uscir\u00e0 su yotube un video di Boosta, alla fine un documentario racconter\u00e0 tutta l'esteperienza","robots":{"index":"index","follow":"follow","max-snippet":"max-snippet:-1","max-image-preview":"max-image-preview:large","max-video-preview":"max-video-preview:-1"},"canonical":"https:\/\/www.intoscana.it\/it\/in-viaggio-con-davide-boosta-dileo-dentro-il-teatro-della-pergola-di-firenze\/","og_locale":"it_IT","og_type":"article","og_title":"In viaggio con Davide \"Boosta\" Dileo dentro il Teatro della Pergola di Firenze","og_description":"Ogni ultimo luned\u00ec del mese per un anno uscir\u00e0 su yotube un video di Boosta, alla fine un documentario racconter\u00e0 tutta l'esteperienza","og_url":"https:\/\/www.intoscana.it\/it\/in-viaggio-con-davide-boosta-dileo-dentro-il-teatro-della-pergola-di-firenze\/","og_site_name":"intoscana","article_publisher":"https:\/\/www.facebook.com\/intoscana.it","article_published_time":"2022-02-04T16:05:56+00:00","article_modified_time":"2022-02-04T16:07:09+00:00","og_image":[{"width":1280,"height":853,"url":"https:\/\/www.intoscana.it\/wp-content\/uploads\/Boosta.jpg","type":"image\/jpeg"}],"author":"Redazione","twitter_card":"summary_large_image","twitter_creator":"@intoscana","twitter_site":"@intoscana","twitter_misc":{"Written by":"Redazione","Est. reading time":"1 minuto"},"schema":{"@context":"https:\/\/schema.org","@graph":[{"@type":"WebPage","@id":"https:\/\/www.intoscana.it\/it\/in-viaggio-con-davide-boosta-dileo-dentro-il-teatro-della-pergola-di-firenze\/","url":"https:\/\/www.intoscana.it\/it\/in-viaggio-con-davide-boosta-dileo-dentro-il-teatro-della-pergola-di-firenze\/","name":"In viaggio con Davide \"Boosta\" Dileo dentro il Teatro della Pergola di Firenze - intoscana","isPartOf":{"@id":"https:\/\/www.intoscana.it\/it\/#website"},"primaryImageOfPage":{"@id":"https:\/\/www.intoscana.it\/it\/in-viaggio-con-davide-boosta-dileo-dentro-il-teatro-della-pergola-di-firenze\/#primaryimage"},"image":{"@id":"https:\/\/www.intoscana.it\/it\/in-viaggio-con-davide-boosta-dileo-dentro-il-teatro-della-pergola-di-firenze\/#primaryimage"},"thumbnailUrl":"https:\/\/www.intoscana.it\/wp-content\/uploads\/Boosta.jpg","datePublished":"2022-02-04T16:05:56+00:00","dateModified":"2022-02-04T16:07:09+00:00","author":{"@id":"https:\/\/www.intoscana.it\/it\/#\/schema\/person\/9223810753230f20bd670fdd322661f8"},"description":"Ogni ultimo luned\u00ec del mese per un anno uscir\u00e0 su yotube un video di Boosta, alla fine un documentario racconter\u00e0 tutta l'esteperienza","breadcrumb":{"@id":"https:\/\/www.intoscana.it\/it\/in-viaggio-con-davide-boosta-dileo-dentro-il-teatro-della-pergola-di-firenze\/#breadcrumb"},"inLanguage":"it-IT","potentialAction":[{"@type":"ReadAction","target":["https:\/\/www.intoscana.it\/it\/in-viaggio-con-davide-boosta-dileo-dentro-il-teatro-della-pergola-di-firenze\/"]}]},{"@type":"ImageObject","inLanguage":"it-IT","@id":"https:\/\/www.intoscana.it\/it\/in-viaggio-con-davide-boosta-dileo-dentro-il-teatro-della-pergola-di-firenze\/#primaryimage","url":"https:\/\/www.intoscana.it\/wp-content\/uploads\/Boosta.jpg","contentUrl":"https:\/\/www.intoscana.it\/wp-content\/uploads\/Boosta.jpg","width":1280,"height":853},{"@type":"BreadcrumbList","@id":"https:\/\/www.intoscana.it\/it\/in-viaggio-con-davide-boosta-dileo-dentro-il-teatro-della-pergola-di-firenze\/#breadcrumb","itemListElement":[{"@type":"ListItem","position":1,"name":"Home","item":"https:\/\/www.intoscana.it\/it\/"},{"@type":"ListItem","position":2,"name":"In viaggio con Davide &#8220;Boosta&#8221; Dileo dentro il Teatro della Pergola di Firenze"}]},{"@type":"WebSite","@id":"https:\/\/www.intoscana.it\/it\/#website","url":"https:\/\/www.intoscana.it\/it\/","name":"intoscana","description":"","potentialAction":[{"@type":"SearchAction","target":{"@type":"EntryPoint","urlTemplate":"https:\/\/www.intoscana.it\/it\/?s={search_term_string}"},"query-input":{"@type":"PropertyValueSpecification","valueRequired":true,"valueName":"search_term_string"}}],"inLanguage":"it-IT"},{"@type":"Person","@id":"https:\/\/www.intoscana.it\/it\/#\/schema\/person\/9223810753230f20bd670fdd322661f8","name":"Redazione","url":"https:\/\/www.intoscana.it\/it\/author\/redazione\/"}]}},"_links":{"self":[{"href":"https:\/\/www.intoscana.it\/it\/wp-json\/wp\/v2\/posts\/210612","targetHints":{"allow":["GET"]}}],"collection":[{"href":"https:\/\/www.intoscana.it\/it\/wp-json\/wp\/v2\/posts"}],"about":[{"href":"https:\/\/www.intoscana.it\/it\/wp-json\/wp\/v2\/types\/post"}],"author":[{"embeddable":true,"href":"https:\/\/www.intoscana.it\/it\/wp-json\/wp\/v2\/users\/525"}],"replies":[{"embeddable":true,"href":"https:\/\/www.intoscana.it\/it\/wp-json\/wp\/v2\/comments?post=210612"}],"version-history":[{"count":0,"href":"https:\/\/www.intoscana.it\/it\/wp-json\/wp\/v2\/posts\/210612\/revisions"}],"wp:featuredmedia":[{"embeddable":true,"href":"https:\/\/www.intoscana.it\/it\/wp-json\/wp\/v2\/media\/210615"}],"wp:attachment":[{"href":"https:\/\/www.intoscana.it\/it\/wp-json\/wp\/v2\/media?parent=210612"}],"wp:term":[{"taxonomy":"category","embeddable":true,"href":"https:\/\/www.intoscana.it\/it\/wp-json\/wp\/v2\/categories?post=210612"},{"taxonomy":"post_tag","embeddable":true,"href":"https:\/\/www.intoscana.it\/it\/wp-json\/wp\/v2\/tags?post=210612"}],"curies":[{"name":"wp","href":"https:\/\/api.w.org\/{rel}","templated":true}]}}