{"id":210842,"date":"2022-02-07T11:58:41","date_gmt":"2022-02-07T10:58:41","guid":{"rendered":"https:\/\/www.intoscana.it\/it\/?p=210842"},"modified":"2022-02-08T17:18:46","modified_gmt":"2022-02-08T16:18:46","slug":"papa-francesco-in-tv-parla-a-tutti-cresce-lattesa-per-la-visita-in-toscana","status":"publish","type":"post","link":"https:\/\/www.intoscana.it\/it\/papa-francesco-in-tv-parla-a-tutti-cresce-lattesa-per-la-visita-in-toscana\/","title":{"rendered":"Papa Francesco in tv parla a tutti: cresce l&#8217;attesa per la visita in Toscana"},"content":{"rendered":"<p>Un <strong>Papa<\/strong> in tv, in prima serata, che parla di s\u00e9 e del mondo. Che usa parole semplici, dirette, metafore leggere ed efficaci per metterci di fronte alle miserie umane e all\u2019indifferenza che le moltiplica. <strong>Papa Francesco<\/strong> domenica sera a <em>Che tempo che fa<\/em>, intervistato da <strong>Fabio Fazio<\/strong>, ha rotto tutte le barriere e si \u00e8 avvicinato ancora di pi\u00f9 alle persone, non importa se credenti o no.<\/p>\n<p><mark>L\u2019imminente visita in Toscana, a Firenze, il prossimo <a href=\"https:\/\/www.intoscana.it\/it\/articolo\/diocesi-fiorentina-al-lavoro-per-la-visita-di-papa-francesco\/\" target=\"_blank\" rel=\"noopener\">27 febbraio in occasione del convegno dei vescovi del Mediterraneo<\/a>, diventa cos\u00ec ancora pi\u00f9 emotiva.<\/mark> L\u2019attesa si carica di aspettative e di curiosit\u00e0 verso un uomo che sa parlare a tutti, la cui empatia riesce ad essere pi\u00f9 moderna della politica dei palazzi e va oltre i simboli religiosi.<\/p>\n<p>Ha parlato di <strong>migrazione<\/strong> e usato parole spesso eluse dalla diplomazia. &#8220;<em>Ci sono lager nella Libia&#8221;<\/em>, ha detto chiaramente il pontefice. <em>&#8220;Dobbiamo pensare alla politica migratoria. l&#8217;Unione europea deve mettersi d&#8217;accordo&#8221;<\/em>, usare <em>&#8220;equilibrio&#8221;<\/em>,\u00a0 ognuno accogliendo quante persone pu\u00f2 e non lasciando tutto sulle spalle di <em>&#8220;Italia e Spagna&#8221;<\/em>. <mark>Ha parlato dell&#8217;indifferenza, di come ci <em>&#8220;manca il toccare le miserie&#8221;<\/em> perch\u00e9\u00a0 &#8220;<em>il toccarle ci porta all&#8217;eroicit\u00e0, penso a medici e infermieri\u00a0 che hanno toccato il male durante la pandemia e hanno scelto di stare l\u00ec. Il tatto \u00e8 il senso pi\u00f9 pieno&#8221;<\/em>.<\/mark> Ha parlato di guerra e di come sia distruzione, <em>&#8220;l&#8217;anti-senso della creazione&#8221;<\/em> riferendosi chiaramente alle tensioni tra Ucraina e Russia.<\/p>\n<p>E poi l&#8217;<strong>ambiente<\/strong>, a cui ha gi\u00e0 dedicato l&#8217;enciclica <em>&#8220;Laudato S\u00ec&#8221;<\/em>.\u00a0 Anche qui senza giri di parole o arpeggi linguistici: <em>&#8220;Buttare la plastica in mare \u00e8 criminale <\/em>&#8211;\u00a0 ha detto &#8211;<em> uccide la terra, dobbiamo tutelare la biodiversit\u00e0, dobbiamo prenderci cura del Creato&#8221;<\/em>. Ha infine parlato di s\u00e9 come uomo e con i suoi limiti. &#8220;<em>Non sono tanto santo, ho bisogno dei rapporti umani, per questo sono andato a vivere a Santa Marta. Ho bisogno degli amici, ne ho: sono pochi ma veri&#8221;<\/em>. Un uomo che ha bisogno del conforto degli altri e lo spiega portando alla mente di tutti il film di De Sica<em> &#8220;Miracolo a Milano&#8221;<\/em>: <em>&#8220;In quel film c&#8217;era un indovino che leggeva la mano e diceva: grazie, cento lire. Io vi dico: grazie, cento preghiere&#8221;<\/em>, chiude sorridendo.<\/p>\n<p>Un discorso politico, nel senso pi\u00f9 alto e laico del termine. E i politici erano tutti l\u00ec domenica sera, a guardarlo e soprattutto ascoltarlo. I massimi rappresentati delle istituzioni regionali si sono subito espressi. <mark><em>\u201cGrazie. Grazie per esserci Papa Francesco\u201d<\/em>, scrive in una storia di Instagram il presidente della Regione Toscana, <strong>Eugenio Giani<\/strong>. Anche il rappresentate dell\u2019assemblea toscana, <strong>Antonio Mazzeo<\/strong>, affida la sua riflessione ai social: <em>\u201cPapa Francesco \u00e8 un gigante del nostro tempo e stasera, da Fazio, ci sta regalando un manifesto sulla generosit\u00e0, l&#8217;altruismo, l&#8217;accoglienza, la pace, la fratellanza e l\u2019amore per il Creato&#8221;<\/em>.<\/mark><\/p>\n<p>L&#8217;appuntamento con Papa Francesco a Firenze \u00e8 per il 27 febbraio, dunque. Una giornata che potrebbe avere un altro risvolto importante: la visita del presidente della Repubblica, <strong>Sergio Mattarella<\/strong>. Gi\u00e0 prima del suo giuramento, <a href=\"https:\/\/www.intoscana.it\/it\/articolo\/mattarella-di-nuovo-a-firenze-stavolta-insieme-al-papa-linvito-dei-vescovi\/\" target=\"_blank\" rel=\"noopener\">la Conferenze Episcopale italiana e il sindaco di Firenze, <strong>Dario Nardella<\/strong>, lo hanno invitato<\/a>. Ancora nessuna conferma, solo la speranza di avere insieme, in Toscana, il Papa e il Presidente.<\/p>\n","protected":false},"excerpt":{"rendered":"<p>Intervistato domenica sera a &#8220;Che tempo che fa&#8221;, il Pontefice riesce a parlare a tutti, credenti e non. Il 27 febbraio sar\u00e0 a Firenze, forse con il presidente Mattarella<\/p>\n","protected":false},"author":545,"featured_media":198827,"comment_status":"open","ping_status":"open","sticky":false,"template":"","format":"standard","meta":{"_acf_changed":false,"footnotes":""},"categories":[4],"tags":[1587,4581],"class_list":["post-210842","post","type-post","status-publish","format-standard","has-post-thumbnail","hentry","category-storie","tag-papa-francesco-in-toscana","tag-sergio-mattarella"],"acf":[],"yoast_head":"<!-- This site is optimized with the Yoast SEO Premium plugin v24.2 (Yoast SEO v25.6) - https:\/\/yoast.com\/wordpress\/plugins\/seo\/ -->\n<title>Papa Francesco in tv parla a tutti: cresce l&#039;attesa per la visita in Toscana - intoscana<\/title>\n<meta name=\"description\" content=\"Intervistato domenica sera a &quot;Che tempo che fa&quot;, il Pontefice riesce a parlare a tutti, credenti e non. Il 27 febbraio sar\u00e0 a Firenze, forse con il presidente Mattarella\" \/>\n<meta name=\"robots\" content=\"index, follow, max-snippet:-1, max-image-preview:large, max-video-preview:-1\" \/>\n<link rel=\"canonical\" href=\"https:\/\/www.intoscana.it\/it\/papa-francesco-in-tv-parla-a-tutti-cresce-lattesa-per-la-visita-in-toscana\/\" \/>\n<meta property=\"og:locale\" content=\"it_IT\" \/>\n<meta property=\"og:type\" content=\"article\" \/>\n<meta property=\"og:title\" content=\"Papa Francesco in tv parla a tutti: cresce l&#039;attesa per la visita in Toscana\" \/>\n<meta property=\"og:description\" content=\"Intervistato domenica sera a &quot;Che tempo che fa&quot;, il Pontefice riesce a parlare a tutti, credenti e non. Il 27 febbraio sar\u00e0 a Firenze, forse con il presidente Mattarella\" \/>\n<meta property=\"og:url\" content=\"https:\/\/www.intoscana.it\/it\/papa-francesco-in-tv-parla-a-tutti-cresce-lattesa-per-la-visita-in-toscana\/\" \/>\n<meta property=\"og:site_name\" content=\"intoscana\" \/>\n<meta property=\"article:publisher\" content=\"https:\/\/www.facebook.com\/intoscana.it\" \/>\n<meta property=\"article:published_time\" content=\"2022-02-07T10:58:41+00:00\" \/>\n<meta property=\"article:modified_time\" content=\"2022-02-08T16:18:46+00:00\" \/>\n<meta property=\"og:image\" content=\"https:\/\/www.intoscana.it\/wp-content\/uploads\/Papa-Francesco-3.jpg\" \/>\n\t<meta property=\"og:image:width\" content=\"700\" \/>\n\t<meta property=\"og:image:height\" content=\"467\" \/>\n\t<meta property=\"og:image:type\" content=\"image\/jpeg\" \/>\n<meta name=\"author\" content=\"Clara D&#039;Acunto\" \/>\n<meta name=\"twitter:card\" content=\"summary_large_image\" \/>\n<meta name=\"twitter:creator\" content=\"@intoscana\" \/>\n<meta name=\"twitter:site\" content=\"@intoscana\" \/>\n<meta name=\"twitter:label1\" content=\"Written by\" \/>\n\t<meta name=\"twitter:data1\" content=\"Clara D&#039;Acunto\" \/>\n\t<meta name=\"twitter:label2\" content=\"Est. reading time\" \/>\n\t<meta name=\"twitter:data2\" content=\"3 minuti\" \/>\n<script type=\"application\/ld+json\" class=\"yoast-schema-graph\">{\"@context\":\"https:\/\/schema.org\",\"@graph\":[{\"@type\":\"WebPage\",\"@id\":\"https:\/\/www.intoscana.it\/it\/papa-francesco-in-tv-parla-a-tutti-cresce-lattesa-per-la-visita-in-toscana\/\",\"url\":\"https:\/\/www.intoscana.it\/it\/papa-francesco-in-tv-parla-a-tutti-cresce-lattesa-per-la-visita-in-toscana\/\",\"name\":\"Papa Francesco in tv parla a tutti: cresce l'attesa per la visita in Toscana - intoscana\",\"isPartOf\":{\"@id\":\"https:\/\/www.intoscana.it\/it\/#website\"},\"primaryImageOfPage\":{\"@id\":\"https:\/\/www.intoscana.it\/it\/papa-francesco-in-tv-parla-a-tutti-cresce-lattesa-per-la-visita-in-toscana\/#primaryimage\"},\"image\":{\"@id\":\"https:\/\/www.intoscana.it\/it\/papa-francesco-in-tv-parla-a-tutti-cresce-lattesa-per-la-visita-in-toscana\/#primaryimage\"},\"thumbnailUrl\":\"https:\/\/www.intoscana.it\/wp-content\/uploads\/Papa-Francesco-3.jpg\",\"datePublished\":\"2022-02-07T10:58:41+00:00\",\"dateModified\":\"2022-02-08T16:18:46+00:00\",\"author\":{\"@id\":\"https:\/\/www.intoscana.it\/it\/#\/schema\/person\/137419af9ef5d385bde52864a841e6ce\"},\"description\":\"Intervistato domenica sera a \\\"Che tempo che fa\\\", il Pontefice riesce a parlare a tutti, credenti e non. Il 27 febbraio sar\u00e0 a Firenze, forse con il presidente Mattarella\",\"breadcrumb\":{\"@id\":\"https:\/\/www.intoscana.it\/it\/papa-francesco-in-tv-parla-a-tutti-cresce-lattesa-per-la-visita-in-toscana\/#breadcrumb\"},\"inLanguage\":\"it-IT\",\"potentialAction\":[{\"@type\":\"ReadAction\",\"target\":[\"https:\/\/www.intoscana.it\/it\/papa-francesco-in-tv-parla-a-tutti-cresce-lattesa-per-la-visita-in-toscana\/\"]}]},{\"@type\":\"ImageObject\",\"inLanguage\":\"it-IT\",\"@id\":\"https:\/\/www.intoscana.it\/it\/papa-francesco-in-tv-parla-a-tutti-cresce-lattesa-per-la-visita-in-toscana\/#primaryimage\",\"url\":\"https:\/\/www.intoscana.it\/wp-content\/uploads\/Papa-Francesco-3.jpg\",\"contentUrl\":\"https:\/\/www.intoscana.it\/wp-content\/uploads\/Papa-Francesco-3.jpg\",\"width\":700,\"height\":467,\"caption\":\"Papa Francesco\"},{\"@type\":\"BreadcrumbList\",\"@id\":\"https:\/\/www.intoscana.it\/it\/papa-francesco-in-tv-parla-a-tutti-cresce-lattesa-per-la-visita-in-toscana\/#breadcrumb\",\"itemListElement\":[{\"@type\":\"ListItem\",\"position\":1,\"name\":\"Home\",\"item\":\"https:\/\/www.intoscana.it\/it\/\"},{\"@type\":\"ListItem\",\"position\":2,\"name\":\"Papa Francesco in tv parla a tutti: cresce l&#8217;attesa per la visita in Toscana\"}]},{\"@type\":\"WebSite\",\"@id\":\"https:\/\/www.intoscana.it\/it\/#website\",\"url\":\"https:\/\/www.intoscana.it\/it\/\",\"name\":\"intoscana\",\"description\":\"\",\"potentialAction\":[{\"@type\":\"SearchAction\",\"target\":{\"@type\":\"EntryPoint\",\"urlTemplate\":\"https:\/\/www.intoscana.it\/it\/?s={search_term_string}\"},\"query-input\":{\"@type\":\"PropertyValueSpecification\",\"valueRequired\":true,\"valueName\":\"search_term_string\"}}],\"inLanguage\":\"it-IT\"},{\"@type\":\"Person\",\"@id\":\"https:\/\/www.intoscana.it\/it\/#\/schema\/person\/137419af9ef5d385bde52864a841e6ce\",\"name\":\"Clara D'Acunto\",\"url\":\"https:\/\/www.intoscana.it\/it\/author\/clara-d_acunto\/\"}]}<\/script>\n<!-- \/ Yoast SEO Premium plugin. -->","yoast_head_json":{"title":"Papa Francesco in tv parla a tutti: cresce l'attesa per la visita in Toscana - intoscana","description":"Intervistato domenica sera a \"Che tempo che fa\", il Pontefice riesce a parlare a tutti, credenti e non. Il 27 febbraio sar\u00e0 a Firenze, forse con il presidente Mattarella","robots":{"index":"index","follow":"follow","max-snippet":"max-snippet:-1","max-image-preview":"max-image-preview:large","max-video-preview":"max-video-preview:-1"},"canonical":"https:\/\/www.intoscana.it\/it\/papa-francesco-in-tv-parla-a-tutti-cresce-lattesa-per-la-visita-in-toscana\/","og_locale":"it_IT","og_type":"article","og_title":"Papa Francesco in tv parla a tutti: cresce l'attesa per la visita in Toscana","og_description":"Intervistato domenica sera a \"Che tempo che fa\", il Pontefice riesce a parlare a tutti, credenti e non. Il 27 febbraio sar\u00e0 a Firenze, forse con il presidente Mattarella","og_url":"https:\/\/www.intoscana.it\/it\/papa-francesco-in-tv-parla-a-tutti-cresce-lattesa-per-la-visita-in-toscana\/","og_site_name":"intoscana","article_publisher":"https:\/\/www.facebook.com\/intoscana.it","article_published_time":"2022-02-07T10:58:41+00:00","article_modified_time":"2022-02-08T16:18:46+00:00","og_image":[{"width":700,"height":467,"url":"https:\/\/www.intoscana.it\/wp-content\/uploads\/Papa-Francesco-3.jpg","type":"image\/jpeg"}],"author":"Clara D'Acunto","twitter_card":"summary_large_image","twitter_creator":"@intoscana","twitter_site":"@intoscana","twitter_misc":{"Written by":"Clara D'Acunto","Est. reading time":"3 minuti"},"schema":{"@context":"https:\/\/schema.org","@graph":[{"@type":"WebPage","@id":"https:\/\/www.intoscana.it\/it\/papa-francesco-in-tv-parla-a-tutti-cresce-lattesa-per-la-visita-in-toscana\/","url":"https:\/\/www.intoscana.it\/it\/papa-francesco-in-tv-parla-a-tutti-cresce-lattesa-per-la-visita-in-toscana\/","name":"Papa Francesco in tv parla a tutti: cresce l'attesa per la visita in Toscana - intoscana","isPartOf":{"@id":"https:\/\/www.intoscana.it\/it\/#website"},"primaryImageOfPage":{"@id":"https:\/\/www.intoscana.it\/it\/papa-francesco-in-tv-parla-a-tutti-cresce-lattesa-per-la-visita-in-toscana\/#primaryimage"},"image":{"@id":"https:\/\/www.intoscana.it\/it\/papa-francesco-in-tv-parla-a-tutti-cresce-lattesa-per-la-visita-in-toscana\/#primaryimage"},"thumbnailUrl":"https:\/\/www.intoscana.it\/wp-content\/uploads\/Papa-Francesco-3.jpg","datePublished":"2022-02-07T10:58:41+00:00","dateModified":"2022-02-08T16:18:46+00:00","author":{"@id":"https:\/\/www.intoscana.it\/it\/#\/schema\/person\/137419af9ef5d385bde52864a841e6ce"},"description":"Intervistato domenica sera a \"Che tempo che fa\", il Pontefice riesce a parlare a tutti, credenti e non. Il 27 febbraio sar\u00e0 a Firenze, forse con il presidente Mattarella","breadcrumb":{"@id":"https:\/\/www.intoscana.it\/it\/papa-francesco-in-tv-parla-a-tutti-cresce-lattesa-per-la-visita-in-toscana\/#breadcrumb"},"inLanguage":"it-IT","potentialAction":[{"@type":"ReadAction","target":["https:\/\/www.intoscana.it\/it\/papa-francesco-in-tv-parla-a-tutti-cresce-lattesa-per-la-visita-in-toscana\/"]}]},{"@type":"ImageObject","inLanguage":"it-IT","@id":"https:\/\/www.intoscana.it\/it\/papa-francesco-in-tv-parla-a-tutti-cresce-lattesa-per-la-visita-in-toscana\/#primaryimage","url":"https:\/\/www.intoscana.it\/wp-content\/uploads\/Papa-Francesco-3.jpg","contentUrl":"https:\/\/www.intoscana.it\/wp-content\/uploads\/Papa-Francesco-3.jpg","width":700,"height":467,"caption":"Papa Francesco"},{"@type":"BreadcrumbList","@id":"https:\/\/www.intoscana.it\/it\/papa-francesco-in-tv-parla-a-tutti-cresce-lattesa-per-la-visita-in-toscana\/#breadcrumb","itemListElement":[{"@type":"ListItem","position":1,"name":"Home","item":"https:\/\/www.intoscana.it\/it\/"},{"@type":"ListItem","position":2,"name":"Papa Francesco in tv parla a tutti: cresce l&#8217;attesa per la visita in Toscana"}]},{"@type":"WebSite","@id":"https:\/\/www.intoscana.it\/it\/#website","url":"https:\/\/www.intoscana.it\/it\/","name":"intoscana","description":"","potentialAction":[{"@type":"SearchAction","target":{"@type":"EntryPoint","urlTemplate":"https:\/\/www.intoscana.it\/it\/?s={search_term_string}"},"query-input":{"@type":"PropertyValueSpecification","valueRequired":true,"valueName":"search_term_string"}}],"inLanguage":"it-IT"},{"@type":"Person","@id":"https:\/\/www.intoscana.it\/it\/#\/schema\/person\/137419af9ef5d385bde52864a841e6ce","name":"Clara D'Acunto","url":"https:\/\/www.intoscana.it\/it\/author\/clara-d_acunto\/"}]}},"_links":{"self":[{"href":"https:\/\/www.intoscana.it\/it\/wp-json\/wp\/v2\/posts\/210842","targetHints":{"allow":["GET"]}}],"collection":[{"href":"https:\/\/www.intoscana.it\/it\/wp-json\/wp\/v2\/posts"}],"about":[{"href":"https:\/\/www.intoscana.it\/it\/wp-json\/wp\/v2\/types\/post"}],"author":[{"embeddable":true,"href":"https:\/\/www.intoscana.it\/it\/wp-json\/wp\/v2\/users\/545"}],"replies":[{"embeddable":true,"href":"https:\/\/www.intoscana.it\/it\/wp-json\/wp\/v2\/comments?post=210842"}],"version-history":[{"count":0,"href":"https:\/\/www.intoscana.it\/it\/wp-json\/wp\/v2\/posts\/210842\/revisions"}],"wp:featuredmedia":[{"embeddable":true,"href":"https:\/\/www.intoscana.it\/it\/wp-json\/wp\/v2\/media\/198827"}],"wp:attachment":[{"href":"https:\/\/www.intoscana.it\/it\/wp-json\/wp\/v2\/media?parent=210842"}],"wp:term":[{"taxonomy":"category","embeddable":true,"href":"https:\/\/www.intoscana.it\/it\/wp-json\/wp\/v2\/categories?post=210842"},{"taxonomy":"post_tag","embeddable":true,"href":"https:\/\/www.intoscana.it\/it\/wp-json\/wp\/v2\/tags?post=210842"}],"curies":[{"name":"wp","href":"https:\/\/api.w.org\/{rel}","templated":true}]}}