{"id":211177,"date":"2022-02-08T13:03:55","date_gmt":"2022-02-08T12:03:55","guid":{"rendered":"https:\/\/www.intoscana.it\/it\/?p=211177"},"modified":"2022-02-09T12:26:07","modified_gmt":"2022-02-09T11:26:07","slug":"covid-6-653-nuovi-casi-eta-media-36-anni-sono-30-i-decessi","status":"publish","type":"post","link":"https:\/\/www.intoscana.it\/it\/covid-6-653-nuovi-casi-eta-media-36-anni-sono-30-i-decessi\/","title":{"rendered":"Covid, 6.653 nuovi casi: et\u00e0 media 36 anni. Sono 30 i decessi"},"content":{"rendered":"<p>I nuovi casi <strong>Covid<\/strong> registrati nelle 24 ore in Toscana sono 6.653 su 65.157 test di cui 12.874 tamponi molecolari e 52.283 test rapidi. Il tasso dei nuovi positivi \u00e8 10,21% (67,2% sulle prime diagnosi). L&#8217;et\u00e0 media dei nuovi positivi \u00e8 di 36 anni: 30% ha meno di 20 anni, 22% tra 20 e 39 anni, 32% tra 40 e 59 anni, 12% tra 60 e 79 anni, 4% ha 80 anni o pi\u00f9.<\/p>\n<p>I <strong>ricoverati<\/strong> sono 1.374 (13 in meno rispetto a ieri), di cui 97 in <strong>terapia intensiva<\/strong> (3 in meno). Oggi si registrano 30 nuovi decessi: 12 uomini e 18 donne con un&#8217;et\u00e0 media di 85,4 anni.<\/p>\n<h3><em>I casi di positivit\u00e0 sul territorio<\/em><\/h3>\n<p>Sono 236.389 i casi complessivi ad oggi a Firenze (1.639 in pi\u00f9 rispetto a ieri), 61.370 a Prato (439 in pi\u00f9), 67.429 a Pistoia (536 in pi\u00f9), 36.320 a Massa (304 in pi\u00f9), 78.170 a Lucca (730 in pi\u00f9), 91.658 a Pisa (828 in pi\u00f9), 65.776 a Livorno (642 in pi\u00f9), 70.093 ad Arezzo (622 in pi\u00f9), 49.741 a Siena (438 in pi\u00f9), 36.151 a Grosseto (475 in pi\u00f9).<\/p>\n<p>Complessivamente, 103.886 persone sono in <strong>isolamento<\/strong> a casa, poich\u00e9 presentano sintomi lievi che non richiedono cure ospedaliere, o risultano prive di sintomi (8.787 in meno rispetto a ieri, meno 7,8%).<br \/>\nSono 43.244 (3.299 in meno rispetto a ieri, meno 7,1%) le persone, anch&#8217;esse isolate, in sorveglianza attiva perch\u00e9 hanno avuto contatti con persone contagiate (ASL Centro 18.123, Nord Ovest 16.184, Sud Est 8.937).<\/p>\n<p><mark>Sono 8.507 i deceduti dall&#8217;inizio dell&#8217;epidemia<\/mark>: 2.696 a Firenze, 719 a Prato, 773 a Pistoia, 588 a Massa Carrara, 816 a Lucca, 889 a Pisa, 585 a Livorno, 607 ad Arezzo, 440 a Siena, 282 a Grosseto, 112 persone sono decedute sul suolo toscano ma erano residenti fuori regione.<\/p>\n","protected":false},"excerpt":{"rendered":"<p>Calano ricoveri e terapie intesive. Si abbassa anche il tasso di positivit\u00e0<\/p>\n","protected":false},"author":525,"featured_media":145659,"comment_status":"open","ping_status":"open","sticky":false,"template":"","format":"standard","meta":{"_acf_changed":false,"footnotes":""},"categories":[494],"tags":[4868,418],"class_list":["post-211177","post","type-post","status-publish","format-standard","has-post-thumbnail","hentry","category-attualita","tag-bollettino-covid-toscana","tag-covid-19"],"acf":[],"yoast_head":"<!-- This site is optimized with the Yoast SEO Premium plugin v24.2 (Yoast SEO v25.6) - https:\/\/yoast.com\/wordpress\/plugins\/seo\/ -->\n<title>Covid, 6.653 nuovi casi: et\u00e0 media 36 anni. Sono 30 i decessi - intoscana<\/title>\n<meta name=\"description\" content=\"Calano ricoveri e terapie intesive. Si abbassa anche il tasso di positivit\u00e0\" \/>\n<meta name=\"robots\" content=\"index, follow, max-snippet:-1, max-image-preview:large, max-video-preview:-1\" \/>\n<link rel=\"canonical\" href=\"https:\/\/www.intoscana.it\/it\/covid-6-653-nuovi-casi-eta-media-36-anni-sono-30-i-decessi\/\" \/>\n<meta property=\"og:locale\" content=\"it_IT\" \/>\n<meta property=\"og:type\" content=\"article\" \/>\n<meta property=\"og:title\" content=\"Covid, 6.653 nuovi casi: et\u00e0 media 36 anni. Sono 30 i decessi\" \/>\n<meta property=\"og:description\" content=\"Calano ricoveri e terapie intesive. Si abbassa anche il tasso di positivit\u00e0\" \/>\n<meta property=\"og:url\" content=\"https:\/\/www.intoscana.it\/it\/covid-6-653-nuovi-casi-eta-media-36-anni-sono-30-i-decessi\/\" \/>\n<meta property=\"og:site_name\" content=\"intoscana\" \/>\n<meta property=\"article:publisher\" content=\"https:\/\/www.facebook.com\/intoscana.it\" \/>\n<meta property=\"article:published_time\" content=\"2022-02-08T12:03:55+00:00\" \/>\n<meta property=\"article:modified_time\" content=\"2022-02-09T11:26:07+00:00\" \/>\n<meta property=\"og:image\" content=\"https:\/\/www.intoscana.it\/wp-content\/uploads\/coronavirus-lavarsi-mani-1.jpg\" \/>\n\t<meta property=\"og:image:width\" content=\"1000\" \/>\n\t<meta property=\"og:image:height\" content=\"667\" \/>\n\t<meta property=\"og:image:type\" content=\"image\/jpeg\" \/>\n<meta name=\"author\" content=\"Redazione\" \/>\n<meta name=\"twitter:card\" content=\"summary_large_image\" \/>\n<meta name=\"twitter:creator\" content=\"@intoscana\" \/>\n<meta name=\"twitter:site\" content=\"@intoscana\" \/>\n<meta name=\"twitter:label1\" content=\"Written by\" \/>\n\t<meta name=\"twitter:data1\" content=\"Redazione\" \/>\n\t<meta name=\"twitter:label2\" content=\"Est. reading time\" \/>\n\t<meta name=\"twitter:data2\" content=\"1 minuto\" \/>\n<script type=\"application\/ld+json\" class=\"yoast-schema-graph\">{\"@context\":\"https:\/\/schema.org\",\"@graph\":[{\"@type\":\"WebPage\",\"@id\":\"https:\/\/www.intoscana.it\/it\/covid-6-653-nuovi-casi-eta-media-36-anni-sono-30-i-decessi\/\",\"url\":\"https:\/\/www.intoscana.it\/it\/covid-6-653-nuovi-casi-eta-media-36-anni-sono-30-i-decessi\/\",\"name\":\"Covid, 6.653 nuovi casi: et\u00e0 media 36 anni. Sono 30 i decessi - intoscana\",\"isPartOf\":{\"@id\":\"https:\/\/www.intoscana.it\/it\/#website\"},\"primaryImageOfPage\":{\"@id\":\"https:\/\/www.intoscana.it\/it\/covid-6-653-nuovi-casi-eta-media-36-anni-sono-30-i-decessi\/#primaryimage\"},\"image\":{\"@id\":\"https:\/\/www.intoscana.it\/it\/covid-6-653-nuovi-casi-eta-media-36-anni-sono-30-i-decessi\/#primaryimage\"},\"thumbnailUrl\":\"https:\/\/www.intoscana.it\/wp-content\/uploads\/coronavirus-lavarsi-mani-1.jpg\",\"datePublished\":\"2022-02-08T12:03:55+00:00\",\"dateModified\":\"2022-02-09T11:26:07+00:00\",\"author\":{\"@id\":\"https:\/\/www.intoscana.it\/it\/#\/schema\/person\/9223810753230f20bd670fdd322661f8\"},\"description\":\"Calano ricoveri e terapie intesive. Si abbassa anche il tasso di positivit\u00e0\",\"breadcrumb\":{\"@id\":\"https:\/\/www.intoscana.it\/it\/covid-6-653-nuovi-casi-eta-media-36-anni-sono-30-i-decessi\/#breadcrumb\"},\"inLanguage\":\"it-IT\",\"potentialAction\":[{\"@type\":\"ReadAction\",\"target\":[\"https:\/\/www.intoscana.it\/it\/covid-6-653-nuovi-casi-eta-media-36-anni-sono-30-i-decessi\/\"]}]},{\"@type\":\"ImageObject\",\"inLanguage\":\"it-IT\",\"@id\":\"https:\/\/www.intoscana.it\/it\/covid-6-653-nuovi-casi-eta-media-36-anni-sono-30-i-decessi\/#primaryimage\",\"url\":\"https:\/\/www.intoscana.it\/wp-content\/uploads\/coronavirus-lavarsi-mani-1.jpg\",\"contentUrl\":\"https:\/\/www.intoscana.it\/wp-content\/uploads\/coronavirus-lavarsi-mani-1.jpg\",\"width\":1000,\"height\":667},{\"@type\":\"BreadcrumbList\",\"@id\":\"https:\/\/www.intoscana.it\/it\/covid-6-653-nuovi-casi-eta-media-36-anni-sono-30-i-decessi\/#breadcrumb\",\"itemListElement\":[{\"@type\":\"ListItem\",\"position\":1,\"name\":\"Home\",\"item\":\"https:\/\/www.intoscana.it\/it\/\"},{\"@type\":\"ListItem\",\"position\":2,\"name\":\"Covid, 6.653 nuovi casi: et\u00e0 media 36 anni. Sono 30 i decessi\"}]},{\"@type\":\"WebSite\",\"@id\":\"https:\/\/www.intoscana.it\/it\/#website\",\"url\":\"https:\/\/www.intoscana.it\/it\/\",\"name\":\"intoscana\",\"description\":\"\",\"potentialAction\":[{\"@type\":\"SearchAction\",\"target\":{\"@type\":\"EntryPoint\",\"urlTemplate\":\"https:\/\/www.intoscana.it\/it\/?s={search_term_string}\"},\"query-input\":{\"@type\":\"PropertyValueSpecification\",\"valueRequired\":true,\"valueName\":\"search_term_string\"}}],\"inLanguage\":\"it-IT\"},{\"@type\":\"Person\",\"@id\":\"https:\/\/www.intoscana.it\/it\/#\/schema\/person\/9223810753230f20bd670fdd322661f8\",\"name\":\"Redazione\",\"url\":\"https:\/\/www.intoscana.it\/it\/author\/redazione\/\"}]}<\/script>\n<!-- \/ Yoast SEO Premium plugin. -->","yoast_head_json":{"title":"Covid, 6.653 nuovi casi: et\u00e0 media 36 anni. Sono 30 i decessi - intoscana","description":"Calano ricoveri e terapie intesive. Si abbassa anche il tasso di positivit\u00e0","robots":{"index":"index","follow":"follow","max-snippet":"max-snippet:-1","max-image-preview":"max-image-preview:large","max-video-preview":"max-video-preview:-1"},"canonical":"https:\/\/www.intoscana.it\/it\/covid-6-653-nuovi-casi-eta-media-36-anni-sono-30-i-decessi\/","og_locale":"it_IT","og_type":"article","og_title":"Covid, 6.653 nuovi casi: et\u00e0 media 36 anni. Sono 30 i decessi","og_description":"Calano ricoveri e terapie intesive. Si abbassa anche il tasso di positivit\u00e0","og_url":"https:\/\/www.intoscana.it\/it\/covid-6-653-nuovi-casi-eta-media-36-anni-sono-30-i-decessi\/","og_site_name":"intoscana","article_publisher":"https:\/\/www.facebook.com\/intoscana.it","article_published_time":"2022-02-08T12:03:55+00:00","article_modified_time":"2022-02-09T11:26:07+00:00","og_image":[{"width":1000,"height":667,"url":"https:\/\/www.intoscana.it\/wp-content\/uploads\/coronavirus-lavarsi-mani-1.jpg","type":"image\/jpeg"}],"author":"Redazione","twitter_card":"summary_large_image","twitter_creator":"@intoscana","twitter_site":"@intoscana","twitter_misc":{"Written by":"Redazione","Est. reading time":"1 minuto"},"schema":{"@context":"https:\/\/schema.org","@graph":[{"@type":"WebPage","@id":"https:\/\/www.intoscana.it\/it\/covid-6-653-nuovi-casi-eta-media-36-anni-sono-30-i-decessi\/","url":"https:\/\/www.intoscana.it\/it\/covid-6-653-nuovi-casi-eta-media-36-anni-sono-30-i-decessi\/","name":"Covid, 6.653 nuovi casi: et\u00e0 media 36 anni. Sono 30 i decessi - intoscana","isPartOf":{"@id":"https:\/\/www.intoscana.it\/it\/#website"},"primaryImageOfPage":{"@id":"https:\/\/www.intoscana.it\/it\/covid-6-653-nuovi-casi-eta-media-36-anni-sono-30-i-decessi\/#primaryimage"},"image":{"@id":"https:\/\/www.intoscana.it\/it\/covid-6-653-nuovi-casi-eta-media-36-anni-sono-30-i-decessi\/#primaryimage"},"thumbnailUrl":"https:\/\/www.intoscana.it\/wp-content\/uploads\/coronavirus-lavarsi-mani-1.jpg","datePublished":"2022-02-08T12:03:55+00:00","dateModified":"2022-02-09T11:26:07+00:00","author":{"@id":"https:\/\/www.intoscana.it\/it\/#\/schema\/person\/9223810753230f20bd670fdd322661f8"},"description":"Calano ricoveri e terapie intesive. Si abbassa anche il tasso di positivit\u00e0","breadcrumb":{"@id":"https:\/\/www.intoscana.it\/it\/covid-6-653-nuovi-casi-eta-media-36-anni-sono-30-i-decessi\/#breadcrumb"},"inLanguage":"it-IT","potentialAction":[{"@type":"ReadAction","target":["https:\/\/www.intoscana.it\/it\/covid-6-653-nuovi-casi-eta-media-36-anni-sono-30-i-decessi\/"]}]},{"@type":"ImageObject","inLanguage":"it-IT","@id":"https:\/\/www.intoscana.it\/it\/covid-6-653-nuovi-casi-eta-media-36-anni-sono-30-i-decessi\/#primaryimage","url":"https:\/\/www.intoscana.it\/wp-content\/uploads\/coronavirus-lavarsi-mani-1.jpg","contentUrl":"https:\/\/www.intoscana.it\/wp-content\/uploads\/coronavirus-lavarsi-mani-1.jpg","width":1000,"height":667},{"@type":"BreadcrumbList","@id":"https:\/\/www.intoscana.it\/it\/covid-6-653-nuovi-casi-eta-media-36-anni-sono-30-i-decessi\/#breadcrumb","itemListElement":[{"@type":"ListItem","position":1,"name":"Home","item":"https:\/\/www.intoscana.it\/it\/"},{"@type":"ListItem","position":2,"name":"Covid, 6.653 nuovi casi: et\u00e0 media 36 anni. Sono 30 i decessi"}]},{"@type":"WebSite","@id":"https:\/\/www.intoscana.it\/it\/#website","url":"https:\/\/www.intoscana.it\/it\/","name":"intoscana","description":"","potentialAction":[{"@type":"SearchAction","target":{"@type":"EntryPoint","urlTemplate":"https:\/\/www.intoscana.it\/it\/?s={search_term_string}"},"query-input":{"@type":"PropertyValueSpecification","valueRequired":true,"valueName":"search_term_string"}}],"inLanguage":"it-IT"},{"@type":"Person","@id":"https:\/\/www.intoscana.it\/it\/#\/schema\/person\/9223810753230f20bd670fdd322661f8","name":"Redazione","url":"https:\/\/www.intoscana.it\/it\/author\/redazione\/"}]}},"_links":{"self":[{"href":"https:\/\/www.intoscana.it\/it\/wp-json\/wp\/v2\/posts\/211177","targetHints":{"allow":["GET"]}}],"collection":[{"href":"https:\/\/www.intoscana.it\/it\/wp-json\/wp\/v2\/posts"}],"about":[{"href":"https:\/\/www.intoscana.it\/it\/wp-json\/wp\/v2\/types\/post"}],"author":[{"embeddable":true,"href":"https:\/\/www.intoscana.it\/it\/wp-json\/wp\/v2\/users\/525"}],"replies":[{"embeddable":true,"href":"https:\/\/www.intoscana.it\/it\/wp-json\/wp\/v2\/comments?post=211177"}],"version-history":[{"count":0,"href":"https:\/\/www.intoscana.it\/it\/wp-json\/wp\/v2\/posts\/211177\/revisions"}],"wp:featuredmedia":[{"embeddable":true,"href":"https:\/\/www.intoscana.it\/it\/wp-json\/wp\/v2\/media\/145659"}],"wp:attachment":[{"href":"https:\/\/www.intoscana.it\/it\/wp-json\/wp\/v2\/media?parent=211177"}],"wp:term":[{"taxonomy":"category","embeddable":true,"href":"https:\/\/www.intoscana.it\/it\/wp-json\/wp\/v2\/categories?post=211177"},{"taxonomy":"post_tag","embeddable":true,"href":"https:\/\/www.intoscana.it\/it\/wp-json\/wp\/v2\/tags?post=211177"}],"curies":[{"name":"wp","href":"https:\/\/api.w.org\/{rel}","templated":true}]}}