{"id":211370,"date":"2022-02-09T11:31:26","date_gmt":"2022-02-09T10:31:26","guid":{"rendered":"https:\/\/www.intoscana.it\/it\/?p=211370"},"modified":"2022-02-09T14:42:57","modified_gmt":"2022-02-09T13:42:57","slug":"tutela-ambiente-costituzione","status":"publish","type":"post","link":"https:\/\/www.intoscana.it\/it\/tutela-ambiente-costituzione\/","title":{"rendered":"La tutela dell&#8217;ambiente \u00e8 uno dei principi fondamentali dello Stato Italiano"},"content":{"rendered":"<p><strong>La tutela dell\u2019ambiente \u00e8 entrata in Costituzione.<\/strong> Dopo un iter durato anni, con le modifiche alla Carta fondante della nostra Repubblica <strong>la tutela della Natura \u00e8 adesso uno dei principi fondamentali dello Stato Italiano<\/strong>.<\/p>\n<p>Una svolta epocale, l&#8217;hanno definta in molti. E forse per la prima volta, la nostra Costituzione non fa che prendere atto di una sensibilit\u00e0 gi\u00e0 diffusa nella societ\u00e0, inziata dal basso, nelle menti e invocato sui manifesti e sui cartelloni colorati tenuti in mano dai giovani di tutto il mondo che per primi hanno sentito l&#8217;urgenza di essere parte attiva nella tutela del pianeta. Loro prima dei Governi hanno manifestato il loro attaccamento al pianeta che abitano.<\/p>\n<p>I padri costituenti nel 1948 d&#8217;altronde avevano altro tipo di <em>urgenze. <\/em>Nell&#8217;Italia da ricostruire del post guerra\u00a0l\u2019ambiente, la biodiversit\u00e0, gli ecosistemi non rientravamo plausibilmente tra queste, si <em>limitarono<\/em> \u2013 per cos\u00ec dire \u2013 a sancire per iscritto sulla Carta i<strong>l principio della tutela del paesaggio e del patrimonio storico e artistico nazionale<\/strong>. Da oggi quell\u2019articolo, <strong>il numero 9<\/strong>, \u00e8 modificato come segue: <mark>La Repubblica [&#8230;] tutela l&#8217;ambiente, la biodiversit\u00e0 e gli ecosistemi, anche nell&#8217;interesse delle future generazioni. La legge dello Stato disciplina i modi e le forme di tutela degli animali\u201d. <\/mark><\/p>\n<p>Fondamentale il richiamo alle <strong>future generazioni<\/strong>: a loro il merito, per loro l&#8217;impegno attuale per un futuro pi\u00f9 sostenibile, a loro anche il compito di portare avanti questo dovere, da oggi, sancito dalla Costituzione.<\/p>\n<p>Un passaggio che in qualche modo aveva gi\u00e0 anticipato <strong>il Presidente Sergio Mattarella nel suo discorso di insediamento immaginando e auspicandosi l\u2019Italia del dopo pandemia<\/strong>, un\u2019Italia impegnata nella difesa dell\u2019ambiente, della biodiversit\u00e0, degli ecosistemi, consapevole delle responsabilit\u00e0 nei confronti delle future generazioni.<\/p>\n<p>\u201cQuesto voto sancisce che la salute e l\u2019ambiente sono paradigmi da tutelare da parte dell\u2019economia, al pari della sicurezza, della libert\u00e0 e della dignit\u00e0 umana\u201d,<strong> si legge nel commento del Ministero della Transizione ecologica<\/strong>.<\/p>\n<p><iframe loading=\"lazy\" style=\"border: none; overflow: hidden;\" src=\"https:\/\/www.facebook.com\/plugins\/post.php?href=https%3A%2F%2Fwww.facebook.com%2FMinisteroTransizioneEcologica%2Fposts%2F10160130302123846&amp;show_text=true&amp;width=500\" width=\"500\" height=\"757\" frameborder=\"0\" scrolling=\"no\" allowfullscreen=\"allowfullscreen\"><\/iframe><\/p>\n<p>La modifica alla Costituzione, nel suoi vari passaggi tra Camera e Senato, \u00e8 stata approvata con maggioranza qualificata, entra quindi in vigore senza bisogno di referendum.<\/p>\n<p>L\u2019altra modifica della Carta riguarda <strong>l\u2019articolo 41<\/strong> , d&#8217;ora in poi declinato come segue: <mark>L\u2019iniziativa economica &#8220;non pu\u00f2 svolgersi in modo da creare danno alla salute, all&#8217;ambiente <\/mark>, alla sicurezza, libert\u00e0, e dignit\u00e0 umana&#8221;.<\/p>\n<p>Anche in questo caso, un passaggio fondamentale: <strong>crescita economica e tutela ambientale diventano due facce della stessa medaglia.<\/strong> L\u2019una non pu\u00f2 avvenire a discapito dell\u2019altra. La strada dopotutto \u00e8 segnata anche dalle linee di indirizzo indicate dalle missioni che il Pnrr intende realizzare, <strong>ponendosi come obiettivo uno sviluppo sostenibile del Paese.<\/strong><\/p>\n","protected":false},"excerpt":{"rendered":"<p>Con la modifica alla Costituzione approvata a maggioranza qualificata la tutela dell&#8217;ambiente, della biodiversit\u00e0 e degli ecosistemi diventano principi fondanti. Modificato anche l&#8217;art.41: &#8220;L\u2019iniziativa economica non pu\u00f2 svolgersi in modo da creare danno alla salute, all&#8217;ambiente&#8221;<\/p>\n","protected":false},"author":503,"featured_media":79300,"comment_status":"open","ping_status":"open","sticky":false,"template":"","format":"standard","meta":{"_acf_changed":false,"footnotes":""},"categories":[19],"tags":[177,5739,5612,372,4581],"class_list":["post-211370","post","type-post","status-publish","format-standard","has-post-thumbnail","hentry","category-ambiente","tag-ambiente","tag-costituzione-italiana","tag-ecosostenibilita","tag-natura","tag-sergio-mattarella"],"acf":[],"yoast_head":"<!-- This site is optimized with the Yoast SEO Premium plugin v24.2 (Yoast SEO v25.6) - https:\/\/yoast.com\/wordpress\/plugins\/seo\/ -->\n<title>La tutela dell&#039;ambiente \u00e8 uno dei principi fondamentali dello Stato Italiano - intoscana<\/title>\n<meta name=\"description\" content=\"Con la modifica alla Costituzione da oggi l&#039;ambiente, la biodiversit\u00e0 e gli ecosistemi sono principi da tutelate\" \/>\n<meta name=\"robots\" content=\"index, follow, max-snippet:-1, max-image-preview:large, max-video-preview:-1\" \/>\n<link rel=\"canonical\" href=\"https:\/\/www.intoscana.it\/it\/tutela-ambiente-costituzione\/\" \/>\n<meta property=\"og:locale\" content=\"it_IT\" \/>\n<meta property=\"og:type\" content=\"article\" \/>\n<meta property=\"og:title\" content=\"La tutela dell&#039;ambiente \u00e8 uno dei principi fondamentali dello Stato Italiano\" \/>\n<meta property=\"og:description\" content=\"Con la modifica alla Costituzione da oggi l&#039;ambiente, la biodiversit\u00e0 e gli ecosistemi sono principi da tutelate\" \/>\n<meta property=\"og:url\" content=\"https:\/\/www.intoscana.it\/it\/tutela-ambiente-costituzione\/\" \/>\n<meta property=\"og:site_name\" content=\"intoscana\" \/>\n<meta property=\"article:publisher\" content=\"https:\/\/www.facebook.com\/intoscana.it\" \/>\n<meta property=\"article:published_time\" content=\"2022-02-09T10:31:26+00:00\" \/>\n<meta property=\"article:modified_time\" content=\"2022-02-09T13:42:57+00:00\" \/>\n<meta property=\"og:image\" content=\"https:\/\/www.intoscana.it\/wp-content\/uploads\/1331d7a67309ffdcf9ca86f74229309a-3.jpg\" \/>\n\t<meta property=\"og:image:width\" content=\"1000\" \/>\n\t<meta property=\"og:image:height\" content=\"1000\" \/>\n\t<meta property=\"og:image:type\" content=\"image\/jpeg\" \/>\n<meta name=\"author\" content=\"Giulia Rafanelli\" \/>\n<meta name=\"twitter:card\" content=\"summary_large_image\" \/>\n<meta name=\"twitter:creator\" content=\"@intoscana\" \/>\n<meta name=\"twitter:site\" content=\"@intoscana\" \/>\n<meta name=\"twitter:label1\" content=\"Written by\" \/>\n\t<meta name=\"twitter:data1\" content=\"Giulia Rafanelli\" \/>\n\t<meta name=\"twitter:label2\" content=\"Est. reading time\" \/>\n\t<meta name=\"twitter:data2\" content=\"2 minuti\" \/>\n<script type=\"application\/ld+json\" class=\"yoast-schema-graph\">{\"@context\":\"https:\/\/schema.org\",\"@graph\":[{\"@type\":\"WebPage\",\"@id\":\"https:\/\/www.intoscana.it\/it\/tutela-ambiente-costituzione\/\",\"url\":\"https:\/\/www.intoscana.it\/it\/tutela-ambiente-costituzione\/\",\"name\":\"La tutela dell'ambiente \u00e8 uno dei principi fondamentali dello Stato Italiano - intoscana\",\"isPartOf\":{\"@id\":\"https:\/\/www.intoscana.it\/it\/#website\"},\"primaryImageOfPage\":{\"@id\":\"https:\/\/www.intoscana.it\/it\/tutela-ambiente-costituzione\/#primaryimage\"},\"image\":{\"@id\":\"https:\/\/www.intoscana.it\/it\/tutela-ambiente-costituzione\/#primaryimage\"},\"thumbnailUrl\":\"https:\/\/www.intoscana.it\/wp-content\/uploads\/1331d7a67309ffdcf9ca86f74229309a-3.jpg\",\"datePublished\":\"2022-02-09T10:31:26+00:00\",\"dateModified\":\"2022-02-09T13:42:57+00:00\",\"author\":{\"@id\":\"https:\/\/www.intoscana.it\/it\/#\/schema\/person\/333569b367b301e30262defcea56c939\"},\"description\":\"Con la modifica alla Costituzione da oggi l'ambiente, la biodiversit\u00e0 e gli ecosistemi sono principi da tutelate\",\"breadcrumb\":{\"@id\":\"https:\/\/www.intoscana.it\/it\/tutela-ambiente-costituzione\/#breadcrumb\"},\"inLanguage\":\"it-IT\",\"potentialAction\":[{\"@type\":\"ReadAction\",\"target\":[\"https:\/\/www.intoscana.it\/it\/tutela-ambiente-costituzione\/\"]}]},{\"@type\":\"ImageObject\",\"inLanguage\":\"it-IT\",\"@id\":\"https:\/\/www.intoscana.it\/it\/tutela-ambiente-costituzione\/#primaryimage\",\"url\":\"https:\/\/www.intoscana.it\/wp-content\/uploads\/1331d7a67309ffdcf9ca86f74229309a-3.jpg\",\"contentUrl\":\"https:\/\/www.intoscana.it\/wp-content\/uploads\/1331d7a67309ffdcf9ca86f74229309a-3.jpg\",\"width\":1000,\"height\":1000,\"caption\":\"Energierinnovabili_ambiente_pianeta\"},{\"@type\":\"BreadcrumbList\",\"@id\":\"https:\/\/www.intoscana.it\/it\/tutela-ambiente-costituzione\/#breadcrumb\",\"itemListElement\":[{\"@type\":\"ListItem\",\"position\":1,\"name\":\"Home\",\"item\":\"https:\/\/www.intoscana.it\/it\/\"},{\"@type\":\"ListItem\",\"position\":2,\"name\":\"La tutela dell&#8217;ambiente \u00e8 uno dei principi fondamentali dello Stato Italiano\"}]},{\"@type\":\"WebSite\",\"@id\":\"https:\/\/www.intoscana.it\/it\/#website\",\"url\":\"https:\/\/www.intoscana.it\/it\/\",\"name\":\"intoscana\",\"description\":\"\",\"potentialAction\":[{\"@type\":\"SearchAction\",\"target\":{\"@type\":\"EntryPoint\",\"urlTemplate\":\"https:\/\/www.intoscana.it\/it\/?s={search_term_string}\"},\"query-input\":{\"@type\":\"PropertyValueSpecification\",\"valueRequired\":true,\"valueName\":\"search_term_string\"}}],\"inLanguage\":\"it-IT\"},{\"@type\":\"Person\",\"@id\":\"https:\/\/www.intoscana.it\/it\/#\/schema\/person\/333569b367b301e30262defcea56c939\",\"name\":\"Giulia Rafanelli\",\"url\":\"https:\/\/www.intoscana.it\/it\/author\/giulia-rafanelli\/\"}]}<\/script>\n<!-- \/ Yoast SEO Premium plugin. -->","yoast_head_json":{"title":"La tutela dell'ambiente \u00e8 uno dei principi fondamentali dello Stato Italiano - intoscana","description":"Con la modifica alla Costituzione da oggi l'ambiente, la biodiversit\u00e0 e gli ecosistemi sono principi da tutelate","robots":{"index":"index","follow":"follow","max-snippet":"max-snippet:-1","max-image-preview":"max-image-preview:large","max-video-preview":"max-video-preview:-1"},"canonical":"https:\/\/www.intoscana.it\/it\/tutela-ambiente-costituzione\/","og_locale":"it_IT","og_type":"article","og_title":"La tutela dell'ambiente \u00e8 uno dei principi fondamentali dello Stato Italiano","og_description":"Con la modifica alla Costituzione da oggi l'ambiente, la biodiversit\u00e0 e gli ecosistemi sono principi da tutelate","og_url":"https:\/\/www.intoscana.it\/it\/tutela-ambiente-costituzione\/","og_site_name":"intoscana","article_publisher":"https:\/\/www.facebook.com\/intoscana.it","article_published_time":"2022-02-09T10:31:26+00:00","article_modified_time":"2022-02-09T13:42:57+00:00","og_image":[{"width":1000,"height":1000,"url":"https:\/\/www.intoscana.it\/wp-content\/uploads\/1331d7a67309ffdcf9ca86f74229309a-3.jpg","type":"image\/jpeg"}],"author":"Giulia Rafanelli","twitter_card":"summary_large_image","twitter_creator":"@intoscana","twitter_site":"@intoscana","twitter_misc":{"Written by":"Giulia Rafanelli","Est. reading time":"2 minuti"},"schema":{"@context":"https:\/\/schema.org","@graph":[{"@type":"WebPage","@id":"https:\/\/www.intoscana.it\/it\/tutela-ambiente-costituzione\/","url":"https:\/\/www.intoscana.it\/it\/tutela-ambiente-costituzione\/","name":"La tutela dell'ambiente \u00e8 uno dei principi fondamentali dello Stato Italiano - intoscana","isPartOf":{"@id":"https:\/\/www.intoscana.it\/it\/#website"},"primaryImageOfPage":{"@id":"https:\/\/www.intoscana.it\/it\/tutela-ambiente-costituzione\/#primaryimage"},"image":{"@id":"https:\/\/www.intoscana.it\/it\/tutela-ambiente-costituzione\/#primaryimage"},"thumbnailUrl":"https:\/\/www.intoscana.it\/wp-content\/uploads\/1331d7a67309ffdcf9ca86f74229309a-3.jpg","datePublished":"2022-02-09T10:31:26+00:00","dateModified":"2022-02-09T13:42:57+00:00","author":{"@id":"https:\/\/www.intoscana.it\/it\/#\/schema\/person\/333569b367b301e30262defcea56c939"},"description":"Con la modifica alla Costituzione da oggi l'ambiente, la biodiversit\u00e0 e gli ecosistemi sono principi da tutelate","breadcrumb":{"@id":"https:\/\/www.intoscana.it\/it\/tutela-ambiente-costituzione\/#breadcrumb"},"inLanguage":"it-IT","potentialAction":[{"@type":"ReadAction","target":["https:\/\/www.intoscana.it\/it\/tutela-ambiente-costituzione\/"]}]},{"@type":"ImageObject","inLanguage":"it-IT","@id":"https:\/\/www.intoscana.it\/it\/tutela-ambiente-costituzione\/#primaryimage","url":"https:\/\/www.intoscana.it\/wp-content\/uploads\/1331d7a67309ffdcf9ca86f74229309a-3.jpg","contentUrl":"https:\/\/www.intoscana.it\/wp-content\/uploads\/1331d7a67309ffdcf9ca86f74229309a-3.jpg","width":1000,"height":1000,"caption":"Energierinnovabili_ambiente_pianeta"},{"@type":"BreadcrumbList","@id":"https:\/\/www.intoscana.it\/it\/tutela-ambiente-costituzione\/#breadcrumb","itemListElement":[{"@type":"ListItem","position":1,"name":"Home","item":"https:\/\/www.intoscana.it\/it\/"},{"@type":"ListItem","position":2,"name":"La tutela dell&#8217;ambiente \u00e8 uno dei principi fondamentali dello Stato Italiano"}]},{"@type":"WebSite","@id":"https:\/\/www.intoscana.it\/it\/#website","url":"https:\/\/www.intoscana.it\/it\/","name":"intoscana","description":"","potentialAction":[{"@type":"SearchAction","target":{"@type":"EntryPoint","urlTemplate":"https:\/\/www.intoscana.it\/it\/?s={search_term_string}"},"query-input":{"@type":"PropertyValueSpecification","valueRequired":true,"valueName":"search_term_string"}}],"inLanguage":"it-IT"},{"@type":"Person","@id":"https:\/\/www.intoscana.it\/it\/#\/schema\/person\/333569b367b301e30262defcea56c939","name":"Giulia Rafanelli","url":"https:\/\/www.intoscana.it\/it\/author\/giulia-rafanelli\/"}]}},"_links":{"self":[{"href":"https:\/\/www.intoscana.it\/it\/wp-json\/wp\/v2\/posts\/211370","targetHints":{"allow":["GET"]}}],"collection":[{"href":"https:\/\/www.intoscana.it\/it\/wp-json\/wp\/v2\/posts"}],"about":[{"href":"https:\/\/www.intoscana.it\/it\/wp-json\/wp\/v2\/types\/post"}],"author":[{"embeddable":true,"href":"https:\/\/www.intoscana.it\/it\/wp-json\/wp\/v2\/users\/503"}],"replies":[{"embeddable":true,"href":"https:\/\/www.intoscana.it\/it\/wp-json\/wp\/v2\/comments?post=211370"}],"version-history":[{"count":0,"href":"https:\/\/www.intoscana.it\/it\/wp-json\/wp\/v2\/posts\/211370\/revisions"}],"wp:featuredmedia":[{"embeddable":true,"href":"https:\/\/www.intoscana.it\/it\/wp-json\/wp\/v2\/media\/79300"}],"wp:attachment":[{"href":"https:\/\/www.intoscana.it\/it\/wp-json\/wp\/v2\/media?parent=211370"}],"wp:term":[{"taxonomy":"category","embeddable":true,"href":"https:\/\/www.intoscana.it\/it\/wp-json\/wp\/v2\/categories?post=211370"},{"taxonomy":"post_tag","embeddable":true,"href":"https:\/\/www.intoscana.it\/it\/wp-json\/wp\/v2\/tags?post=211370"}],"curies":[{"name":"wp","href":"https:\/\/api.w.org\/{rel}","templated":true}]}}