{"id":211454,"date":"2022-02-09T15:43:01","date_gmt":"2022-02-09T14:43:01","guid":{"rendered":"https:\/\/www.intoscana.it\/it\/?p=211454"},"modified":"2022-02-09T16:24:47","modified_gmt":"2022-02-09T15:24:47","slug":"dopo-i-raid-vandalici-firenze-abbraccia-le-sue-scuole-il-girotondo-dei-bambini","status":"publish","type":"post","link":"https:\/\/www.intoscana.it\/it\/dopo-i-raid-vandalici-firenze-abbraccia-le-sue-scuole-il-girotondo-dei-bambini\/","title":{"rendered":"Dopo i raid vandalici, Firenze abbraccia le sue scuole: il girotondo dei bambini"},"content":{"rendered":"<p>Un girotondo grande come la scuola e forte come un abbraccio, per manifestare il dissenso verso ogni forma di <strong>vandalismo<\/strong> e violenza. <mark>Cos\u00ec <strong>Firenze<\/strong> e soprattutto gli studenti reagiscono agli attacchi contro le scuole dell&#8217;infanzia e primaria Balducci e la secondaria di primo grado Paolo Uccello della notte tra domenica e luned\u00ec 7 febbraio.<\/mark> La mattina di mercoled\u00ec 9 febbraio, tanti bambini e ragazzi che quelle aule le frequentano ogni giorno hanno manifestato prendendosi per mano, suonando e sventolando palloncini colorati. Con loro le istituzioni e il personale scolastico.<\/p>\n<h3><em>Il raid incendiario compiuto da ignoti<\/em><\/h3>\n<p>Contro gli istituti sono state lanciate probabilmente bottiglie molotov o stracci imbevuti di liquido infiammabile che hanno provocato principi d&#8217;incendio. Si sono registrati danni lievi, solo le vetrate d&#8217;ingresso annerite dalle fiamme. Al momento non ci sono state rivendicazione e le indagini di polizia sono in corso. Immediata la condanna e soprattutto la reazione. La dirigente dell&#8217;istituto <strong>Marika Intrieri<\/strong> spiega come questa sorta di flash mob\u00a0 <em>&#8220;esprima la nostra indignazione e al tempo stesso i nostri valori civili. I ragazzi abbracceranno la scuola idealmente e fisicamente&#8221;.<\/em><\/p>\n<p>&#8220;<em>Era giusto organizzare una cosa del genere<\/em> &#8211; ha detto l&#8217;assessora all&#8217;Educazione del Comune di Firenze, <strong>Sara Funaro<\/strong> &#8211; <em>Gli episodi dei giorni scorsi non devono avvenire nelle nostre scuole: noi ci siamo, c&#8217;\u00e8 la scuola, con tutto il mondo all&#8217;interno, a partire dai ragazzi. E&#8217; il segnale pi\u00f9 importante che possiamo mandare alla citt\u00e0<\/em>&#8220;. &#8220;<em>Il modo migliore per reagire a questi episodi, oltre a condannarli, \u00e8 fare quello che abbiamo fatto oggi: abbracciare tutti insieme le scuole per lanciare il messaggio che la scuola c\u2019\u00e8, \u00e8 viva ed \u00e8 presente con tutto il suo popolo, composto da studenti, insegnanti, personale scolastico e famiglie. La scuola \u00e8 il cuore della nostra comunit\u00e0, della nostra societ\u00e0, noi ci teniamo e non ci facciamo intimidire da questo tipo di attacchi ignobili<\/em>\u201d.<\/p>\n<p><em>\u201cIn questi giorni ho sentito molte persone che mi chiedevano cosa fosse successo nelle due scuole che sono state oggetto di atti vandalici &#8211; <\/em>ha raccontato poi il presidente del Quartiere 5 di Firenze,\u00a0 <strong>Cristiano Balli<\/strong> &#8211; <em>Le due scuole<\/em> <em>sono state ferite. Mi auguro che gli enti preposti trovino i responsabili. <mark>La scuola ferita la si cura facendo pi\u00f9 scuola.<\/mark> Mettendo al centro l\u2019edificio, cos\u00ec come abbiamo fatto con questo girotondo, e continuare a credere alla scuola come luogo di educazione e di crescita dei futuri cittadini<\/em>\u201d.<\/p>\n","protected":false},"excerpt":{"rendered":"<p>La reazione degli studenti e delle istituzioni agli attacchi incendiari della notte scorsa alle scuole Balducci e Paolo Uccello: una grande catena umana per condannare il gesto<\/p>\n","protected":false},"author":545,"featured_media":211496,"comment_status":"open","ping_status":"open","sticky":false,"template":"","format":"standard","meta":{"_acf_changed":false,"footnotes":""},"categories":[494],"tags":[202,212],"class_list":["post-211454","post","type-post","status-publish","format-standard","has-post-thumbnail","hentry","category-attualita","tag-firenze","tag-scuola"],"acf":[],"yoast_head":"<!-- This site is optimized with the Yoast SEO Premium plugin v24.2 (Yoast SEO v25.6) - https:\/\/yoast.com\/wordpress\/plugins\/seo\/ -->\n<title>Dopo i raid vandalici, Firenze abbraccia le sue scuole: il girotondo dei bambini - intoscana<\/title>\n<meta name=\"description\" content=\"La reazione degli studenti e delle istituzioni agli attacchi incendiari della notte scorsa alle scuole Balducci e Paolo Uccello: una grande catena umana per condannare il gesto\" \/>\n<meta name=\"robots\" content=\"index, follow, max-snippet:-1, max-image-preview:large, max-video-preview:-1\" \/>\n<link rel=\"canonical\" href=\"https:\/\/www.intoscana.it\/it\/dopo-i-raid-vandalici-firenze-abbraccia-le-sue-scuole-il-girotondo-dei-bambini\/\" \/>\n<meta property=\"og:locale\" content=\"it_IT\" \/>\n<meta property=\"og:type\" content=\"article\" \/>\n<meta property=\"og:title\" content=\"Dopo i raid vandalici, Firenze abbraccia le sue scuole: il girotondo dei bambini\" \/>\n<meta property=\"og:description\" content=\"La reazione degli studenti e delle istituzioni agli attacchi incendiari della notte scorsa alle scuole Balducci e Paolo Uccello: una grande catena umana per condannare il gesto\" \/>\n<meta property=\"og:url\" content=\"https:\/\/www.intoscana.it\/it\/dopo-i-raid-vandalici-firenze-abbraccia-le-sue-scuole-il-girotondo-dei-bambini\/\" \/>\n<meta property=\"og:site_name\" content=\"intoscana\" \/>\n<meta property=\"article:publisher\" content=\"https:\/\/www.facebook.com\/intoscana.it\" \/>\n<meta property=\"article:published_time\" content=\"2022-02-09T14:43:01+00:00\" \/>\n<meta property=\"article:modified_time\" content=\"2022-02-09T15:24:47+00:00\" \/>\n<meta property=\"og:image\" content=\"https:\/\/www.intoscana.it\/wp-content\/uploads\/PHOTO-2022-02-09-14-23-55.jpeg\" \/>\n\t<meta property=\"og:image:width\" content=\"1024\" \/>\n\t<meta property=\"og:image:height\" content=\"684\" \/>\n\t<meta property=\"og:image:type\" content=\"image\/jpeg\" \/>\n<meta name=\"author\" content=\"Clara D&#039;Acunto\" \/>\n<meta name=\"twitter:card\" content=\"summary_large_image\" \/>\n<meta name=\"twitter:creator\" content=\"@intoscana\" \/>\n<meta name=\"twitter:site\" content=\"@intoscana\" \/>\n<meta name=\"twitter:label1\" content=\"Written by\" \/>\n\t<meta name=\"twitter:data1\" content=\"Clara D&#039;Acunto\" \/>\n\t<meta name=\"twitter:label2\" content=\"Est. reading time\" \/>\n\t<meta name=\"twitter:data2\" content=\"2 minuti\" \/>\n<script type=\"application\/ld+json\" class=\"yoast-schema-graph\">{\"@context\":\"https:\/\/schema.org\",\"@graph\":[{\"@type\":\"WebPage\",\"@id\":\"https:\/\/www.intoscana.it\/it\/dopo-i-raid-vandalici-firenze-abbraccia-le-sue-scuole-il-girotondo-dei-bambini\/\",\"url\":\"https:\/\/www.intoscana.it\/it\/dopo-i-raid-vandalici-firenze-abbraccia-le-sue-scuole-il-girotondo-dei-bambini\/\",\"name\":\"Dopo i raid vandalici, Firenze abbraccia le sue scuole: il girotondo dei bambini - intoscana\",\"isPartOf\":{\"@id\":\"https:\/\/www.intoscana.it\/it\/#website\"},\"primaryImageOfPage\":{\"@id\":\"https:\/\/www.intoscana.it\/it\/dopo-i-raid-vandalici-firenze-abbraccia-le-sue-scuole-il-girotondo-dei-bambini\/#primaryimage\"},\"image\":{\"@id\":\"https:\/\/www.intoscana.it\/it\/dopo-i-raid-vandalici-firenze-abbraccia-le-sue-scuole-il-girotondo-dei-bambini\/#primaryimage\"},\"thumbnailUrl\":\"https:\/\/www.intoscana.it\/wp-content\/uploads\/PHOTO-2022-02-09-14-23-55.jpeg\",\"datePublished\":\"2022-02-09T14:43:01+00:00\",\"dateModified\":\"2022-02-09T15:24:47+00:00\",\"author\":{\"@id\":\"https:\/\/www.intoscana.it\/it\/#\/schema\/person\/137419af9ef5d385bde52864a841e6ce\"},\"description\":\"La reazione degli studenti e delle istituzioni agli attacchi incendiari della notte scorsa alle scuole Balducci e Paolo Uccello: una grande catena umana per condannare il gesto\",\"breadcrumb\":{\"@id\":\"https:\/\/www.intoscana.it\/it\/dopo-i-raid-vandalici-firenze-abbraccia-le-sue-scuole-il-girotondo-dei-bambini\/#breadcrumb\"},\"inLanguage\":\"it-IT\",\"potentialAction\":[{\"@type\":\"ReadAction\",\"target\":[\"https:\/\/www.intoscana.it\/it\/dopo-i-raid-vandalici-firenze-abbraccia-le-sue-scuole-il-girotondo-dei-bambini\/\"]}]},{\"@type\":\"ImageObject\",\"inLanguage\":\"it-IT\",\"@id\":\"https:\/\/www.intoscana.it\/it\/dopo-i-raid-vandalici-firenze-abbraccia-le-sue-scuole-il-girotondo-dei-bambini\/#primaryimage\",\"url\":\"https:\/\/www.intoscana.it\/wp-content\/uploads\/PHOTO-2022-02-09-14-23-55.jpeg\",\"contentUrl\":\"https:\/\/www.intoscana.it\/wp-content\/uploads\/PHOTO-2022-02-09-14-23-55.jpeg\",\"width\":1024,\"height\":684},{\"@type\":\"BreadcrumbList\",\"@id\":\"https:\/\/www.intoscana.it\/it\/dopo-i-raid-vandalici-firenze-abbraccia-le-sue-scuole-il-girotondo-dei-bambini\/#breadcrumb\",\"itemListElement\":[{\"@type\":\"ListItem\",\"position\":1,\"name\":\"Home\",\"item\":\"https:\/\/www.intoscana.it\/it\/\"},{\"@type\":\"ListItem\",\"position\":2,\"name\":\"Dopo i raid vandalici, Firenze abbraccia le sue scuole: il girotondo dei bambini\"}]},{\"@type\":\"WebSite\",\"@id\":\"https:\/\/www.intoscana.it\/it\/#website\",\"url\":\"https:\/\/www.intoscana.it\/it\/\",\"name\":\"intoscana\",\"description\":\"\",\"potentialAction\":[{\"@type\":\"SearchAction\",\"target\":{\"@type\":\"EntryPoint\",\"urlTemplate\":\"https:\/\/www.intoscana.it\/it\/?s={search_term_string}\"},\"query-input\":{\"@type\":\"PropertyValueSpecification\",\"valueRequired\":true,\"valueName\":\"search_term_string\"}}],\"inLanguage\":\"it-IT\"},{\"@type\":\"Person\",\"@id\":\"https:\/\/www.intoscana.it\/it\/#\/schema\/person\/137419af9ef5d385bde52864a841e6ce\",\"name\":\"Clara D'Acunto\",\"url\":\"https:\/\/www.intoscana.it\/it\/author\/clara-d_acunto\/\"}]}<\/script>\n<!-- \/ Yoast SEO Premium plugin. -->","yoast_head_json":{"title":"Dopo i raid vandalici, Firenze abbraccia le sue scuole: il girotondo dei bambini - intoscana","description":"La reazione degli studenti e delle istituzioni agli attacchi incendiari della notte scorsa alle scuole Balducci e Paolo Uccello: una grande catena umana per condannare il gesto","robots":{"index":"index","follow":"follow","max-snippet":"max-snippet:-1","max-image-preview":"max-image-preview:large","max-video-preview":"max-video-preview:-1"},"canonical":"https:\/\/www.intoscana.it\/it\/dopo-i-raid-vandalici-firenze-abbraccia-le-sue-scuole-il-girotondo-dei-bambini\/","og_locale":"it_IT","og_type":"article","og_title":"Dopo i raid vandalici, Firenze abbraccia le sue scuole: il girotondo dei bambini","og_description":"La reazione degli studenti e delle istituzioni agli attacchi incendiari della notte scorsa alle scuole Balducci e Paolo Uccello: una grande catena umana per condannare il gesto","og_url":"https:\/\/www.intoscana.it\/it\/dopo-i-raid-vandalici-firenze-abbraccia-le-sue-scuole-il-girotondo-dei-bambini\/","og_site_name":"intoscana","article_publisher":"https:\/\/www.facebook.com\/intoscana.it","article_published_time":"2022-02-09T14:43:01+00:00","article_modified_time":"2022-02-09T15:24:47+00:00","og_image":[{"width":1024,"height":684,"url":"https:\/\/www.intoscana.it\/wp-content\/uploads\/PHOTO-2022-02-09-14-23-55.jpeg","type":"image\/jpeg"}],"author":"Clara D'Acunto","twitter_card":"summary_large_image","twitter_creator":"@intoscana","twitter_site":"@intoscana","twitter_misc":{"Written by":"Clara D'Acunto","Est. reading time":"2 minuti"},"schema":{"@context":"https:\/\/schema.org","@graph":[{"@type":"WebPage","@id":"https:\/\/www.intoscana.it\/it\/dopo-i-raid-vandalici-firenze-abbraccia-le-sue-scuole-il-girotondo-dei-bambini\/","url":"https:\/\/www.intoscana.it\/it\/dopo-i-raid-vandalici-firenze-abbraccia-le-sue-scuole-il-girotondo-dei-bambini\/","name":"Dopo i raid vandalici, Firenze abbraccia le sue scuole: il girotondo dei bambini - intoscana","isPartOf":{"@id":"https:\/\/www.intoscana.it\/it\/#website"},"primaryImageOfPage":{"@id":"https:\/\/www.intoscana.it\/it\/dopo-i-raid-vandalici-firenze-abbraccia-le-sue-scuole-il-girotondo-dei-bambini\/#primaryimage"},"image":{"@id":"https:\/\/www.intoscana.it\/it\/dopo-i-raid-vandalici-firenze-abbraccia-le-sue-scuole-il-girotondo-dei-bambini\/#primaryimage"},"thumbnailUrl":"https:\/\/www.intoscana.it\/wp-content\/uploads\/PHOTO-2022-02-09-14-23-55.jpeg","datePublished":"2022-02-09T14:43:01+00:00","dateModified":"2022-02-09T15:24:47+00:00","author":{"@id":"https:\/\/www.intoscana.it\/it\/#\/schema\/person\/137419af9ef5d385bde52864a841e6ce"},"description":"La reazione degli studenti e delle istituzioni agli attacchi incendiari della notte scorsa alle scuole Balducci e Paolo Uccello: una grande catena umana per condannare il gesto","breadcrumb":{"@id":"https:\/\/www.intoscana.it\/it\/dopo-i-raid-vandalici-firenze-abbraccia-le-sue-scuole-il-girotondo-dei-bambini\/#breadcrumb"},"inLanguage":"it-IT","potentialAction":[{"@type":"ReadAction","target":["https:\/\/www.intoscana.it\/it\/dopo-i-raid-vandalici-firenze-abbraccia-le-sue-scuole-il-girotondo-dei-bambini\/"]}]},{"@type":"ImageObject","inLanguage":"it-IT","@id":"https:\/\/www.intoscana.it\/it\/dopo-i-raid-vandalici-firenze-abbraccia-le-sue-scuole-il-girotondo-dei-bambini\/#primaryimage","url":"https:\/\/www.intoscana.it\/wp-content\/uploads\/PHOTO-2022-02-09-14-23-55.jpeg","contentUrl":"https:\/\/www.intoscana.it\/wp-content\/uploads\/PHOTO-2022-02-09-14-23-55.jpeg","width":1024,"height":684},{"@type":"BreadcrumbList","@id":"https:\/\/www.intoscana.it\/it\/dopo-i-raid-vandalici-firenze-abbraccia-le-sue-scuole-il-girotondo-dei-bambini\/#breadcrumb","itemListElement":[{"@type":"ListItem","position":1,"name":"Home","item":"https:\/\/www.intoscana.it\/it\/"},{"@type":"ListItem","position":2,"name":"Dopo i raid vandalici, Firenze abbraccia le sue scuole: il girotondo dei bambini"}]},{"@type":"WebSite","@id":"https:\/\/www.intoscana.it\/it\/#website","url":"https:\/\/www.intoscana.it\/it\/","name":"intoscana","description":"","potentialAction":[{"@type":"SearchAction","target":{"@type":"EntryPoint","urlTemplate":"https:\/\/www.intoscana.it\/it\/?s={search_term_string}"},"query-input":{"@type":"PropertyValueSpecification","valueRequired":true,"valueName":"search_term_string"}}],"inLanguage":"it-IT"},{"@type":"Person","@id":"https:\/\/www.intoscana.it\/it\/#\/schema\/person\/137419af9ef5d385bde52864a841e6ce","name":"Clara D'Acunto","url":"https:\/\/www.intoscana.it\/it\/author\/clara-d_acunto\/"}]}},"_links":{"self":[{"href":"https:\/\/www.intoscana.it\/it\/wp-json\/wp\/v2\/posts\/211454","targetHints":{"allow":["GET"]}}],"collection":[{"href":"https:\/\/www.intoscana.it\/it\/wp-json\/wp\/v2\/posts"}],"about":[{"href":"https:\/\/www.intoscana.it\/it\/wp-json\/wp\/v2\/types\/post"}],"author":[{"embeddable":true,"href":"https:\/\/www.intoscana.it\/it\/wp-json\/wp\/v2\/users\/545"}],"replies":[{"embeddable":true,"href":"https:\/\/www.intoscana.it\/it\/wp-json\/wp\/v2\/comments?post=211454"}],"version-history":[{"count":0,"href":"https:\/\/www.intoscana.it\/it\/wp-json\/wp\/v2\/posts\/211454\/revisions"}],"wp:featuredmedia":[{"embeddable":true,"href":"https:\/\/www.intoscana.it\/it\/wp-json\/wp\/v2\/media\/211496"}],"wp:attachment":[{"href":"https:\/\/www.intoscana.it\/it\/wp-json\/wp\/v2\/media?parent=211454"}],"wp:term":[{"taxonomy":"category","embeddable":true,"href":"https:\/\/www.intoscana.it\/it\/wp-json\/wp\/v2\/categories?post=211454"},{"taxonomy":"post_tag","embeddable":true,"href":"https:\/\/www.intoscana.it\/it\/wp-json\/wp\/v2\/tags?post=211454"}],"curies":[{"name":"wp","href":"https:\/\/api.w.org\/{rel}","templated":true}]}}