{"id":211460,"date":"2022-02-09T13:12:49","date_gmt":"2022-02-09T12:12:49","guid":{"rendered":"https:\/\/www.intoscana.it\/it\/?p=211460"},"modified":"2022-02-09T13:14:33","modified_gmt":"2022-02-09T12:14:33","slug":"covid-9-febbario-4860-nuovi-casi","status":"publish","type":"post","link":"https:\/\/www.intoscana.it\/it\/covid-9-febbario-4860-nuovi-casi\/","title":{"rendered":"Covid, nuovi casi sotto quota 5mila. Ancora tanti i decessi: +26"},"content":{"rendered":"<p>Sono 798.512 i casi di positivit\u00e0 al Coronavirus registrati oggi in Toscana, ovvero <strong>4.860<\/strong> in pi\u00f9 rispetto a ieri: 1.855 confermati con tampone molecolare e 3.005 da test rapido antigenico. <strong>Si tratta dello 0,6% in pi\u00f9 rispetto al totale del giorno precedente<\/strong>.<\/p>\n<h3>I nuovi casi odierni<\/h3>\n<p>Oggi sono stati eseguiti 13.461 tamponi molecolari e 31.399 tamponi antigenici rapidi, <strong>di questi il 10,8% \u00e8 risultato positivo<\/strong>. Sono invece 7.693 i soggetti testati oggi (con tampone antigenico e\/o molecolare, escludendo i tamponi di controllo), di cui il 63,2% \u00e8 risultato positivo. Gli attualmente positivi sono oggi 98.742, -6,2% rispetto a ieri.<\/p>\n<p><strong>L&#8217;et\u00e0 media dei 4.860 nuovi positivi odierni \u00e8 di 37 anni circa<\/strong> (31% ha meno di 20 anni, 20% tra 20 e 39 anni, 29% tra 40 e 59 anni, 14% tra 60 e 79 anni, 6% ha 80 anni o pi\u00f9).<\/p>\n<h3>I casi di positivit\u00e0 sul territorio<\/h3>\n<p>Di seguito i casi di positivit\u00e0 sul territorio con la variazione rispetto a ieri (1.855 confermati con tampone molecolare e 3.005 da test rapido antigenico). Sono 237.681 i casi complessivi ad oggi a Firenze (1.292 in pi\u00f9 rispetto a ieri), 61.714 a Prato (344 in pi\u00f9), 67.799 a Pistoia (370 in pi\u00f9), 36.540 a Massa (220 in pi\u00f9), 78.725 a Lucca (555 in pi\u00f9), 92.173 a Pisa (515 in pi\u00f9), 66.264 a Livorno (488 in pi\u00f9), 70.573 ad Arezzo (480 in pi\u00f9), 50.068 a Siena (327 in pi\u00f9), 36.420 a Grosseto (269 in pi\u00f9). Sono 555 i casi positivi notificati in Toscana, ma residenti in altre regioni.<\/p>\n<p>Sono 2.060 i casi riscontrati oggi nell&#8217;Asl Centro, 1.724 nella Nord Ovest, 1.076 nella Sud est.<\/p>\n<p>La Toscana si trova al 9\u00b0 posto in Italia come numerosit\u00e0 di casi (comprensivi di residenti e non residenti), con circa 21.623 casi per 100.000 abitanti (media italiana circa 19.862 x100.000, dato di ieri). Le province di notifica con il tasso pi\u00f9 alto sono Firenze con 23.805 casi x100.000 abitanti, Pistoia con 23.359, Prato con 23.265, la pi\u00f9 bassa Grosseto con 16.718.<\/p>\n<h3>Ricoveri e quarantene<\/h3>\n<p>Complessivamente, <strong>97.394 persone sono in isolamento a cas<\/strong>a, poich\u00e9 presentano sintomi lievi che non richiedono cure ospedaliere, o risultano prive di sintomi (6.492 in meno rispetto a ieri, meno 6,2%). Sono 37.610 (5.634 in meno rispetto a ieri, meno 13%) le persone, anch&#8217;esse isolate, in sorveglianza attiva perch\u00e9 hanno avuto contatti con persone contagiate (ASL Centro 15.189, Nord Ovest 14.642, Sud Est 7.779).<\/p>\n<p><strong>Le persone ricoverate nei posti letto dedicati ai pazienti Covid oggi sono complessivamente 1.348<\/strong> (26 in meno rispetto a ieri, meno 1,9%), 96 in terapia intensiva (1 in meno rispetto a ieri, meno 1%).<\/p>\n<p><strong>Le persone complessivamente guarite sono 691.237<\/strong> (11.352 in pi\u00f9 rispetto a ieri, pi\u00f9 1,7%): 0 persone clinicamente guarite (stabili rispetto a ieri), divenute cio\u00e8 asintomatiche dopo aver presentato manifestazioni cliniche associate all&#8217;infezione e 691.237 (11.352 in pi\u00f9 rispetto a ieri, pi\u00f9 1,7%) dichiarate guarite a tutti gli effetti, le cosiddette guarigioni virali, con tampone negativo.<\/p>\n<h3>Mortalit\u00e0<\/h3>\n<p><strong>Oggi si registrano 26 nuovi decessi.<\/strong> Relativamente alla provincia di residenza, le 26 persone decedute sono\u00a08 a Firenze, 2 a Prato, 1 a Pistoia, 2 a Massa Carrara, 3 a Pisa, 6 a Livorno, 1 a Siena, 2 a Grosseto, 1 non residente in Toscana.<\/p>\n<p>Sono 8.533 i deceduti dall&#8217;inizio dell&#8217;epidemia cosi ripartiti: 2.706 a Firenze, 721 a Prato, 774 a Pistoia, 590 a Massa Carrara, 816 a Lucca, 892 a Pisa, 591 a Livorno, 607 ad Arezzo, 441 a Siena, 284 a Grosseto, 111 persone sono decedute sul suolo toscano ma erano residenti fuori regione.<\/p>\n<p>Il tasso grezzo di mortalit\u00e0 toscano (numero di deceduti\/popolazione residente) per Covid-19 \u00e8 di 231,1 x100.000 residenti contro il 252,4 x100.000 della media italiana (11\u00b0 regione). Per quanto riguarda le province, il tasso di mortalit\u00e0 pi\u00f9 alto si riscontra a Massa Carrara (310,8 x100.000), Prato (271,8 x100.000) e Firenze (271,0 x100.000), il pi\u00f9 basso a Grosseto (130,4 x100.000).<\/p>\n","protected":false},"excerpt":{"rendered":"<p>L&#8217;et\u00e0 media dei 4.860 nuovi positivi odierni \u00e8 di 37 anni. Diminuiscono i ricoveri sia nei reparti ordinari che in terapia intensiva<\/p>\n","protected":false},"author":525,"featured_media":190289,"comment_status":"open","ping_status":"open","sticky":false,"template":"","format":"standard","meta":{"_acf_changed":false,"footnotes":""},"categories":[494],"tags":[4868,4809,349],"class_list":["post-211460","post","type-post","status-publish","format-standard","has-post-thumbnail","hentry","category-attualita","tag-bollettino-covid-toscana","tag-covid","tag-sanita"],"acf":[],"yoast_head":"<!-- This site is optimized with the Yoast SEO Premium plugin v24.2 (Yoast SEO v25.6) - https:\/\/yoast.com\/wordpress\/plugins\/seo\/ -->\n<title>Covid, nuovi casi sotto quota 5mila. Ancora tanti i decessi: +26 - intoscana<\/title>\n<meta name=\"description\" content=\"L&#039;et\u00e0 media dei 4.860 nuovi positivi odierni \u00e8 di 37 anni. Diminuiscono i ricoveri sia nei reparti ordinari che in terapia intensiva\" \/>\n<meta name=\"robots\" content=\"index, follow, max-snippet:-1, max-image-preview:large, max-video-preview:-1\" \/>\n<link rel=\"canonical\" href=\"https:\/\/www.intoscana.it\/it\/covid-9-febbario-4860-nuovi-casi\/\" \/>\n<meta property=\"og:locale\" content=\"it_IT\" \/>\n<meta property=\"og:type\" content=\"article\" \/>\n<meta property=\"og:title\" content=\"Covid, nuovi casi sotto quota 5mila. Ancora tanti i decessi: +26\" \/>\n<meta property=\"og:description\" content=\"L&#039;et\u00e0 media dei 4.860 nuovi positivi odierni \u00e8 di 37 anni. Diminuiscono i ricoveri sia nei reparti ordinari che in terapia intensiva\" \/>\n<meta property=\"og:url\" content=\"https:\/\/www.intoscana.it\/it\/covid-9-febbario-4860-nuovi-casi\/\" \/>\n<meta property=\"og:site_name\" content=\"intoscana\" \/>\n<meta property=\"article:publisher\" content=\"https:\/\/www.facebook.com\/intoscana.it\" \/>\n<meta property=\"article:published_time\" content=\"2022-02-09T12:12:49+00:00\" \/>\n<meta property=\"article:modified_time\" content=\"2022-02-09T12:14:33+00:00\" \/>\n<meta property=\"og:image\" content=\"https:\/\/www.intoscana.it\/wp-content\/uploads\/Obbligo-di-mascherine-Waldemar-Brandt-Unsplash.jpg\" \/>\n\t<meta property=\"og:image:width\" content=\"1920\" \/>\n\t<meta property=\"og:image:height\" content=\"1500\" \/>\n\t<meta property=\"og:image:type\" content=\"image\/jpeg\" \/>\n<meta name=\"author\" content=\"Redazione\" \/>\n<meta name=\"twitter:card\" content=\"summary_large_image\" \/>\n<meta name=\"twitter:creator\" content=\"@intoscana\" \/>\n<meta name=\"twitter:site\" content=\"@intoscana\" \/>\n<meta name=\"twitter:label1\" content=\"Written by\" \/>\n\t<meta name=\"twitter:data1\" content=\"Redazione\" \/>\n\t<meta name=\"twitter:label2\" content=\"Est. reading time\" \/>\n\t<meta name=\"twitter:data2\" content=\"3 minuti\" \/>\n<script type=\"application\/ld+json\" class=\"yoast-schema-graph\">{\"@context\":\"https:\/\/schema.org\",\"@graph\":[{\"@type\":\"WebPage\",\"@id\":\"https:\/\/www.intoscana.it\/it\/covid-9-febbario-4860-nuovi-casi\/\",\"url\":\"https:\/\/www.intoscana.it\/it\/covid-9-febbario-4860-nuovi-casi\/\",\"name\":\"Covid, nuovi casi sotto quota 5mila. Ancora tanti i decessi: +26 - intoscana\",\"isPartOf\":{\"@id\":\"https:\/\/www.intoscana.it\/it\/#website\"},\"primaryImageOfPage\":{\"@id\":\"https:\/\/www.intoscana.it\/it\/covid-9-febbario-4860-nuovi-casi\/#primaryimage\"},\"image\":{\"@id\":\"https:\/\/www.intoscana.it\/it\/covid-9-febbario-4860-nuovi-casi\/#primaryimage\"},\"thumbnailUrl\":\"https:\/\/www.intoscana.it\/wp-content\/uploads\/Obbligo-di-mascherine-Waldemar-Brandt-Unsplash.jpg\",\"datePublished\":\"2022-02-09T12:12:49+00:00\",\"dateModified\":\"2022-02-09T12:14:33+00:00\",\"author\":{\"@id\":\"https:\/\/www.intoscana.it\/it\/#\/schema\/person\/9223810753230f20bd670fdd322661f8\"},\"description\":\"L'et\u00e0 media dei 4.860 nuovi positivi odierni \u00e8 di 37 anni. Diminuiscono i ricoveri sia nei reparti ordinari che in terapia intensiva\",\"breadcrumb\":{\"@id\":\"https:\/\/www.intoscana.it\/it\/covid-9-febbario-4860-nuovi-casi\/#breadcrumb\"},\"inLanguage\":\"it-IT\",\"potentialAction\":[{\"@type\":\"ReadAction\",\"target\":[\"https:\/\/www.intoscana.it\/it\/covid-9-febbario-4860-nuovi-casi\/\"]}]},{\"@type\":\"ImageObject\",\"inLanguage\":\"it-IT\",\"@id\":\"https:\/\/www.intoscana.it\/it\/covid-9-febbario-4860-nuovi-casi\/#primaryimage\",\"url\":\"https:\/\/www.intoscana.it\/wp-content\/uploads\/Obbligo-di-mascherine-Waldemar-Brandt-Unsplash.jpg\",\"contentUrl\":\"https:\/\/www.intoscana.it\/wp-content\/uploads\/Obbligo-di-mascherine-Waldemar-Brandt-Unsplash.jpg\",\"width\":1920,\"height\":1500,\"caption\":\"Obbligatorio indossare la mascherina\"},{\"@type\":\"BreadcrumbList\",\"@id\":\"https:\/\/www.intoscana.it\/it\/covid-9-febbario-4860-nuovi-casi\/#breadcrumb\",\"itemListElement\":[{\"@type\":\"ListItem\",\"position\":1,\"name\":\"Home\",\"item\":\"https:\/\/www.intoscana.it\/it\/\"},{\"@type\":\"ListItem\",\"position\":2,\"name\":\"Covid, nuovi casi sotto quota 5mila. Ancora tanti i decessi: +26\"}]},{\"@type\":\"WebSite\",\"@id\":\"https:\/\/www.intoscana.it\/it\/#website\",\"url\":\"https:\/\/www.intoscana.it\/it\/\",\"name\":\"intoscana\",\"description\":\"\",\"potentialAction\":[{\"@type\":\"SearchAction\",\"target\":{\"@type\":\"EntryPoint\",\"urlTemplate\":\"https:\/\/www.intoscana.it\/it\/?s={search_term_string}\"},\"query-input\":{\"@type\":\"PropertyValueSpecification\",\"valueRequired\":true,\"valueName\":\"search_term_string\"}}],\"inLanguage\":\"it-IT\"},{\"@type\":\"Person\",\"@id\":\"https:\/\/www.intoscana.it\/it\/#\/schema\/person\/9223810753230f20bd670fdd322661f8\",\"name\":\"Redazione\",\"url\":\"https:\/\/www.intoscana.it\/it\/author\/redazione\/\"}]}<\/script>\n<!-- \/ Yoast SEO Premium plugin. -->","yoast_head_json":{"title":"Covid, nuovi casi sotto quota 5mila. Ancora tanti i decessi: +26 - intoscana","description":"L'et\u00e0 media dei 4.860 nuovi positivi odierni \u00e8 di 37 anni. Diminuiscono i ricoveri sia nei reparti ordinari che in terapia intensiva","robots":{"index":"index","follow":"follow","max-snippet":"max-snippet:-1","max-image-preview":"max-image-preview:large","max-video-preview":"max-video-preview:-1"},"canonical":"https:\/\/www.intoscana.it\/it\/covid-9-febbario-4860-nuovi-casi\/","og_locale":"it_IT","og_type":"article","og_title":"Covid, nuovi casi sotto quota 5mila. Ancora tanti i decessi: +26","og_description":"L'et\u00e0 media dei 4.860 nuovi positivi odierni \u00e8 di 37 anni. Diminuiscono i ricoveri sia nei reparti ordinari che in terapia intensiva","og_url":"https:\/\/www.intoscana.it\/it\/covid-9-febbario-4860-nuovi-casi\/","og_site_name":"intoscana","article_publisher":"https:\/\/www.facebook.com\/intoscana.it","article_published_time":"2022-02-09T12:12:49+00:00","article_modified_time":"2022-02-09T12:14:33+00:00","og_image":[{"width":1920,"height":1500,"url":"https:\/\/www.intoscana.it\/wp-content\/uploads\/Obbligo-di-mascherine-Waldemar-Brandt-Unsplash.jpg","type":"image\/jpeg"}],"author":"Redazione","twitter_card":"summary_large_image","twitter_creator":"@intoscana","twitter_site":"@intoscana","twitter_misc":{"Written by":"Redazione","Est. reading time":"3 minuti"},"schema":{"@context":"https:\/\/schema.org","@graph":[{"@type":"WebPage","@id":"https:\/\/www.intoscana.it\/it\/covid-9-febbario-4860-nuovi-casi\/","url":"https:\/\/www.intoscana.it\/it\/covid-9-febbario-4860-nuovi-casi\/","name":"Covid, nuovi casi sotto quota 5mila. Ancora tanti i decessi: +26 - intoscana","isPartOf":{"@id":"https:\/\/www.intoscana.it\/it\/#website"},"primaryImageOfPage":{"@id":"https:\/\/www.intoscana.it\/it\/covid-9-febbario-4860-nuovi-casi\/#primaryimage"},"image":{"@id":"https:\/\/www.intoscana.it\/it\/covid-9-febbario-4860-nuovi-casi\/#primaryimage"},"thumbnailUrl":"https:\/\/www.intoscana.it\/wp-content\/uploads\/Obbligo-di-mascherine-Waldemar-Brandt-Unsplash.jpg","datePublished":"2022-02-09T12:12:49+00:00","dateModified":"2022-02-09T12:14:33+00:00","author":{"@id":"https:\/\/www.intoscana.it\/it\/#\/schema\/person\/9223810753230f20bd670fdd322661f8"},"description":"L'et\u00e0 media dei 4.860 nuovi positivi odierni \u00e8 di 37 anni. Diminuiscono i ricoveri sia nei reparti ordinari che in terapia intensiva","breadcrumb":{"@id":"https:\/\/www.intoscana.it\/it\/covid-9-febbario-4860-nuovi-casi\/#breadcrumb"},"inLanguage":"it-IT","potentialAction":[{"@type":"ReadAction","target":["https:\/\/www.intoscana.it\/it\/covid-9-febbario-4860-nuovi-casi\/"]}]},{"@type":"ImageObject","inLanguage":"it-IT","@id":"https:\/\/www.intoscana.it\/it\/covid-9-febbario-4860-nuovi-casi\/#primaryimage","url":"https:\/\/www.intoscana.it\/wp-content\/uploads\/Obbligo-di-mascherine-Waldemar-Brandt-Unsplash.jpg","contentUrl":"https:\/\/www.intoscana.it\/wp-content\/uploads\/Obbligo-di-mascherine-Waldemar-Brandt-Unsplash.jpg","width":1920,"height":1500,"caption":"Obbligatorio indossare la mascherina"},{"@type":"BreadcrumbList","@id":"https:\/\/www.intoscana.it\/it\/covid-9-febbario-4860-nuovi-casi\/#breadcrumb","itemListElement":[{"@type":"ListItem","position":1,"name":"Home","item":"https:\/\/www.intoscana.it\/it\/"},{"@type":"ListItem","position":2,"name":"Covid, nuovi casi sotto quota 5mila. Ancora tanti i decessi: +26"}]},{"@type":"WebSite","@id":"https:\/\/www.intoscana.it\/it\/#website","url":"https:\/\/www.intoscana.it\/it\/","name":"intoscana","description":"","potentialAction":[{"@type":"SearchAction","target":{"@type":"EntryPoint","urlTemplate":"https:\/\/www.intoscana.it\/it\/?s={search_term_string}"},"query-input":{"@type":"PropertyValueSpecification","valueRequired":true,"valueName":"search_term_string"}}],"inLanguage":"it-IT"},{"@type":"Person","@id":"https:\/\/www.intoscana.it\/it\/#\/schema\/person\/9223810753230f20bd670fdd322661f8","name":"Redazione","url":"https:\/\/www.intoscana.it\/it\/author\/redazione\/"}]}},"_links":{"self":[{"href":"https:\/\/www.intoscana.it\/it\/wp-json\/wp\/v2\/posts\/211460","targetHints":{"allow":["GET"]}}],"collection":[{"href":"https:\/\/www.intoscana.it\/it\/wp-json\/wp\/v2\/posts"}],"about":[{"href":"https:\/\/www.intoscana.it\/it\/wp-json\/wp\/v2\/types\/post"}],"author":[{"embeddable":true,"href":"https:\/\/www.intoscana.it\/it\/wp-json\/wp\/v2\/users\/525"}],"replies":[{"embeddable":true,"href":"https:\/\/www.intoscana.it\/it\/wp-json\/wp\/v2\/comments?post=211460"}],"version-history":[{"count":0,"href":"https:\/\/www.intoscana.it\/it\/wp-json\/wp\/v2\/posts\/211460\/revisions"}],"wp:featuredmedia":[{"embeddable":true,"href":"https:\/\/www.intoscana.it\/it\/wp-json\/wp\/v2\/media\/190289"}],"wp:attachment":[{"href":"https:\/\/www.intoscana.it\/it\/wp-json\/wp\/v2\/media?parent=211460"}],"wp:term":[{"taxonomy":"category","embeddable":true,"href":"https:\/\/www.intoscana.it\/it\/wp-json\/wp\/v2\/categories?post=211460"},{"taxonomy":"post_tag","embeddable":true,"href":"https:\/\/www.intoscana.it\/it\/wp-json\/wp\/v2\/tags?post=211460"}],"curies":[{"name":"wp","href":"https:\/\/api.w.org\/{rel}","templated":true}]}}