{"id":211705,"date":"2022-02-10T15:23:37","date_gmt":"2022-02-10T14:23:37","guid":{"rendered":"https:\/\/www.intoscana.it\/it\/?p=211705"},"modified":"2022-02-11T13:57:08","modified_gmt":"2022-02-11T12:57:08","slug":"coronavirus-sono-4-946-i-nuovi-positivi-e-28-i-decessi","status":"publish","type":"post","link":"https:\/\/www.intoscana.it\/it\/coronavirus-sono-4-946-i-nuovi-positivi-e-28-i-decessi\/","title":{"rendered":"Coronavirus: sono 4.946 i nuovi positivi e 28 i decessi"},"content":{"rendered":"<p><strong>I casi di positivit\u00e0<\/strong> al Coronavirus<strong> sono 4.946 in pi\u00f9 rispetto a ieri<\/strong> (2.306 confermati con tampone molecolare e 2.640 da test rapido antigenico) con et\u00e0 media 37 anni, in Toscana sono 803.458. Continua a crescere <strong>il numero dei guariti<\/strong>: raggiungono <strong>quota 702.261<\/strong> (87,4% dei casi totali).<\/p>\n<p>Oggi sono stati eseguiti <strong>12.891 tamponi molecolari e 32.362 tamponi antigenici<\/strong> rapidi, di questi il 10,9% \u00e8 risultato positivo. Sono invece 8.280 i soggetti testati oggi (con tampone antigenico e\/o molecolare, escludendo i tamponi di controllo), di cui il 59,7% \u00e8 risultato positivo.<\/p>\n<p><strong>I positivi sono oggi 92.636<\/strong>, -6,2% rispetto a ieri.\u00a0<strong>Le persone ricoverate<\/strong> oggi <strong>sono 1.295<\/strong> (53 in meno rispetto a ieri, meno 3,9%), <strong>90 in terapia intensiva<\/strong> (6 in meno rispetto a ieri, meno 6,3%).<\/p>\n<p>Sono <strong>28 i nuovi decessi<\/strong>: 16 uomini e 12 donne con un&#8217;et\u00e0 media di 84,6 anni (7 a Firenze, 1 a Prato, 1 a Pistoia, 2 a Massa Carrara, 2 a Lucca, 6 a Pisa, 2 a Arezzo, 3 a Siena, 3 a Grosseto, 1 fuori Toscana).<\/p>\n<p>Sono <strong>239.029 i casi complessivi ad oggi a Firenze<\/strong> (1.348 in pi\u00f9 rispetto a ieri), 62.071 a Prato (357 in pi\u00f9), 68.201 a Pistoia (402 in pi\u00f9), 36.719 a Massa Carrara (179 in pi\u00f9), 79.258 a Lucca (533 in pi\u00f9), 92.699 a Pisa (526 in pi\u00f9), 66.807 a Livorno (543 in pi\u00f9), 70.994 ad Arezzo (421 in pi\u00f9), 50.358 a Siena (290 in pi\u00f9), 36.767 a Grosseto (347 in pi\u00f9). Sono 555 i casi positivi notificati in Toscana, ma residenti in altre regioni.<\/p>\n<p>Ben <strong>91.341 persone sono in isolamento a casa<\/strong>, poich\u00e9 presentano sintomi lievi che non richiedono cure ospedaliere, o risultano prive di sintomi (6.053 in meno rispetto a ieri, meno 6,2%).<\/p>\n<p>Sono <strong>34.263 le persone in sorveglianza attiva<\/strong> (3.347 in meno rispetto a ieri, meno 8,9%) perch\u00e9 hanno avuto contatti con persone contagiate (Asl Centro 14.129, Nord Ovest 13.156, Sud Est 6.978).<\/p>\n<p>Sono <strong>8.561 i deceduti<\/strong> dall&#8217;inizio dell&#8217;epidemia cosi ripartiti: 2.713 a Firenze, 722 a Prato, 775 a Pistoia, 592 a Massa Carrara, 818 a Lucca, 898 a Pisa, 591 a Livorno, 609 ad Arezzo, 444 a Siena, 287 a Grosseto, 112 persone sono decedute sul suolo toscano ma erano residenti fuori regione.<\/p>\n","protected":false},"excerpt":{"rendered":"<p>I ricoveri sono 1.295 (53 in meno rispetto a ieri, &#8211; 3,9%), 90 in terapia intensiva (-6,3%)<\/p>\n","protected":false},"author":525,"featured_media":145428,"comment_status":"open","ping_status":"open","sticky":false,"template":"","format":"standard","meta":{"_acf_changed":false,"footnotes":""},"categories":[494],"tags":[4868],"class_list":["post-211705","post","type-post","status-publish","format-standard","has-post-thumbnail","hentry","category-attualita","tag-bollettino-covid-toscana"],"acf":[],"yoast_head":"<!-- This site is optimized with the Yoast SEO Premium plugin v24.2 (Yoast SEO v25.6) - https:\/\/yoast.com\/wordpress\/plugins\/seo\/ -->\n<title>Coronavirus: sono 4.946 i nuovi positivi e 28 i decessi - intoscana<\/title>\n<meta name=\"description\" content=\"I ricoveri sono 1.295 (53 in meno rispetto a ieri, - 3,9%), 90 in terapia intensiva (-6,3%)\" \/>\n<meta name=\"robots\" content=\"index, follow, max-snippet:-1, max-image-preview:large, max-video-preview:-1\" \/>\n<link rel=\"canonical\" href=\"https:\/\/www.intoscana.it\/it\/coronavirus-sono-4-946-i-nuovi-positivi-e-28-i-decessi\/\" \/>\n<meta property=\"og:locale\" content=\"it_IT\" \/>\n<meta property=\"og:type\" content=\"article\" \/>\n<meta property=\"og:title\" content=\"Coronavirus: sono 4.946 i nuovi positivi e 28 i decessi\" \/>\n<meta property=\"og:description\" content=\"I ricoveri sono 1.295 (53 in meno rispetto a ieri, - 3,9%), 90 in terapia intensiva (-6,3%)\" \/>\n<meta property=\"og:url\" content=\"https:\/\/www.intoscana.it\/it\/coronavirus-sono-4-946-i-nuovi-positivi-e-28-i-decessi\/\" \/>\n<meta property=\"og:site_name\" content=\"intoscana\" \/>\n<meta property=\"article:publisher\" content=\"https:\/\/www.facebook.com\/intoscana.it\" \/>\n<meta property=\"article:published_time\" content=\"2022-02-10T14:23:37+00:00\" \/>\n<meta property=\"article:modified_time\" content=\"2022-02-11T12:57:08+00:00\" \/>\n<meta property=\"og:image\" content=\"https:\/\/www.intoscana.it\/wp-content\/uploads\/analisi-dati-santari-covid-1.jpg\" \/>\n\t<meta property=\"og:image:width\" content=\"1000\" \/>\n\t<meta property=\"og:image:height\" content=\"632\" \/>\n\t<meta property=\"og:image:type\" content=\"image\/jpeg\" \/>\n<meta name=\"author\" content=\"Redazione\" \/>\n<meta name=\"twitter:card\" content=\"summary_large_image\" \/>\n<meta name=\"twitter:creator\" content=\"@intoscana\" \/>\n<meta name=\"twitter:site\" content=\"@intoscana\" \/>\n<meta name=\"twitter:label1\" content=\"Written by\" \/>\n\t<meta name=\"twitter:data1\" content=\"Redazione\" \/>\n\t<meta name=\"twitter:label2\" content=\"Est. reading time\" \/>\n\t<meta name=\"twitter:data2\" content=\"1 minuto\" \/>\n<script type=\"application\/ld+json\" class=\"yoast-schema-graph\">{\"@context\":\"https:\/\/schema.org\",\"@graph\":[{\"@type\":\"WebPage\",\"@id\":\"https:\/\/www.intoscana.it\/it\/coronavirus-sono-4-946-i-nuovi-positivi-e-28-i-decessi\/\",\"url\":\"https:\/\/www.intoscana.it\/it\/coronavirus-sono-4-946-i-nuovi-positivi-e-28-i-decessi\/\",\"name\":\"Coronavirus: sono 4.946 i nuovi positivi e 28 i decessi - intoscana\",\"isPartOf\":{\"@id\":\"https:\/\/www.intoscana.it\/it\/#website\"},\"primaryImageOfPage\":{\"@id\":\"https:\/\/www.intoscana.it\/it\/coronavirus-sono-4-946-i-nuovi-positivi-e-28-i-decessi\/#primaryimage\"},\"image\":{\"@id\":\"https:\/\/www.intoscana.it\/it\/coronavirus-sono-4-946-i-nuovi-positivi-e-28-i-decessi\/#primaryimage\"},\"thumbnailUrl\":\"https:\/\/www.intoscana.it\/wp-content\/uploads\/analisi-dati-santari-covid-1.jpg\",\"datePublished\":\"2022-02-10T14:23:37+00:00\",\"dateModified\":\"2022-02-11T12:57:08+00:00\",\"author\":{\"@id\":\"https:\/\/www.intoscana.it\/it\/#\/schema\/person\/9223810753230f20bd670fdd322661f8\"},\"description\":\"I ricoveri sono 1.295 (53 in meno rispetto a ieri, - 3,9%), 90 in terapia intensiva (-6,3%)\",\"breadcrumb\":{\"@id\":\"https:\/\/www.intoscana.it\/it\/coronavirus-sono-4-946-i-nuovi-positivi-e-28-i-decessi\/#breadcrumb\"},\"inLanguage\":\"it-IT\",\"potentialAction\":[{\"@type\":\"ReadAction\",\"target\":[\"https:\/\/www.intoscana.it\/it\/coronavirus-sono-4-946-i-nuovi-positivi-e-28-i-decessi\/\"]}]},{\"@type\":\"ImageObject\",\"inLanguage\":\"it-IT\",\"@id\":\"https:\/\/www.intoscana.it\/it\/coronavirus-sono-4-946-i-nuovi-positivi-e-28-i-decessi\/#primaryimage\",\"url\":\"https:\/\/www.intoscana.it\/wp-content\/uploads\/analisi-dati-santari-covid-1.jpg\",\"contentUrl\":\"https:\/\/www.intoscana.it\/wp-content\/uploads\/analisi-dati-santari-covid-1.jpg\",\"width\":1000,\"height\":632},{\"@type\":\"BreadcrumbList\",\"@id\":\"https:\/\/www.intoscana.it\/it\/coronavirus-sono-4-946-i-nuovi-positivi-e-28-i-decessi\/#breadcrumb\",\"itemListElement\":[{\"@type\":\"ListItem\",\"position\":1,\"name\":\"Home\",\"item\":\"https:\/\/www.intoscana.it\/it\/\"},{\"@type\":\"ListItem\",\"position\":2,\"name\":\"Coronavirus: sono 4.946 i nuovi positivi e 28 i decessi\"}]},{\"@type\":\"WebSite\",\"@id\":\"https:\/\/www.intoscana.it\/it\/#website\",\"url\":\"https:\/\/www.intoscana.it\/it\/\",\"name\":\"intoscana\",\"description\":\"\",\"potentialAction\":[{\"@type\":\"SearchAction\",\"target\":{\"@type\":\"EntryPoint\",\"urlTemplate\":\"https:\/\/www.intoscana.it\/it\/?s={search_term_string}\"},\"query-input\":{\"@type\":\"PropertyValueSpecification\",\"valueRequired\":true,\"valueName\":\"search_term_string\"}}],\"inLanguage\":\"it-IT\"},{\"@type\":\"Person\",\"@id\":\"https:\/\/www.intoscana.it\/it\/#\/schema\/person\/9223810753230f20bd670fdd322661f8\",\"name\":\"Redazione\",\"url\":\"https:\/\/www.intoscana.it\/it\/author\/redazione\/\"}]}<\/script>\n<!-- \/ Yoast SEO Premium plugin. -->","yoast_head_json":{"title":"Coronavirus: sono 4.946 i nuovi positivi e 28 i decessi - intoscana","description":"I ricoveri sono 1.295 (53 in meno rispetto a ieri, - 3,9%), 90 in terapia intensiva (-6,3%)","robots":{"index":"index","follow":"follow","max-snippet":"max-snippet:-1","max-image-preview":"max-image-preview:large","max-video-preview":"max-video-preview:-1"},"canonical":"https:\/\/www.intoscana.it\/it\/coronavirus-sono-4-946-i-nuovi-positivi-e-28-i-decessi\/","og_locale":"it_IT","og_type":"article","og_title":"Coronavirus: sono 4.946 i nuovi positivi e 28 i decessi","og_description":"I ricoveri sono 1.295 (53 in meno rispetto a ieri, - 3,9%), 90 in terapia intensiva (-6,3%)","og_url":"https:\/\/www.intoscana.it\/it\/coronavirus-sono-4-946-i-nuovi-positivi-e-28-i-decessi\/","og_site_name":"intoscana","article_publisher":"https:\/\/www.facebook.com\/intoscana.it","article_published_time":"2022-02-10T14:23:37+00:00","article_modified_time":"2022-02-11T12:57:08+00:00","og_image":[{"width":1000,"height":632,"url":"https:\/\/www.intoscana.it\/wp-content\/uploads\/analisi-dati-santari-covid-1.jpg","type":"image\/jpeg"}],"author":"Redazione","twitter_card":"summary_large_image","twitter_creator":"@intoscana","twitter_site":"@intoscana","twitter_misc":{"Written by":"Redazione","Est. reading time":"1 minuto"},"schema":{"@context":"https:\/\/schema.org","@graph":[{"@type":"WebPage","@id":"https:\/\/www.intoscana.it\/it\/coronavirus-sono-4-946-i-nuovi-positivi-e-28-i-decessi\/","url":"https:\/\/www.intoscana.it\/it\/coronavirus-sono-4-946-i-nuovi-positivi-e-28-i-decessi\/","name":"Coronavirus: sono 4.946 i nuovi positivi e 28 i decessi - intoscana","isPartOf":{"@id":"https:\/\/www.intoscana.it\/it\/#website"},"primaryImageOfPage":{"@id":"https:\/\/www.intoscana.it\/it\/coronavirus-sono-4-946-i-nuovi-positivi-e-28-i-decessi\/#primaryimage"},"image":{"@id":"https:\/\/www.intoscana.it\/it\/coronavirus-sono-4-946-i-nuovi-positivi-e-28-i-decessi\/#primaryimage"},"thumbnailUrl":"https:\/\/www.intoscana.it\/wp-content\/uploads\/analisi-dati-santari-covid-1.jpg","datePublished":"2022-02-10T14:23:37+00:00","dateModified":"2022-02-11T12:57:08+00:00","author":{"@id":"https:\/\/www.intoscana.it\/it\/#\/schema\/person\/9223810753230f20bd670fdd322661f8"},"description":"I ricoveri sono 1.295 (53 in meno rispetto a ieri, - 3,9%), 90 in terapia intensiva (-6,3%)","breadcrumb":{"@id":"https:\/\/www.intoscana.it\/it\/coronavirus-sono-4-946-i-nuovi-positivi-e-28-i-decessi\/#breadcrumb"},"inLanguage":"it-IT","potentialAction":[{"@type":"ReadAction","target":["https:\/\/www.intoscana.it\/it\/coronavirus-sono-4-946-i-nuovi-positivi-e-28-i-decessi\/"]}]},{"@type":"ImageObject","inLanguage":"it-IT","@id":"https:\/\/www.intoscana.it\/it\/coronavirus-sono-4-946-i-nuovi-positivi-e-28-i-decessi\/#primaryimage","url":"https:\/\/www.intoscana.it\/wp-content\/uploads\/analisi-dati-santari-covid-1.jpg","contentUrl":"https:\/\/www.intoscana.it\/wp-content\/uploads\/analisi-dati-santari-covid-1.jpg","width":1000,"height":632},{"@type":"BreadcrumbList","@id":"https:\/\/www.intoscana.it\/it\/coronavirus-sono-4-946-i-nuovi-positivi-e-28-i-decessi\/#breadcrumb","itemListElement":[{"@type":"ListItem","position":1,"name":"Home","item":"https:\/\/www.intoscana.it\/it\/"},{"@type":"ListItem","position":2,"name":"Coronavirus: sono 4.946 i nuovi positivi e 28 i decessi"}]},{"@type":"WebSite","@id":"https:\/\/www.intoscana.it\/it\/#website","url":"https:\/\/www.intoscana.it\/it\/","name":"intoscana","description":"","potentialAction":[{"@type":"SearchAction","target":{"@type":"EntryPoint","urlTemplate":"https:\/\/www.intoscana.it\/it\/?s={search_term_string}"},"query-input":{"@type":"PropertyValueSpecification","valueRequired":true,"valueName":"search_term_string"}}],"inLanguage":"it-IT"},{"@type":"Person","@id":"https:\/\/www.intoscana.it\/it\/#\/schema\/person\/9223810753230f20bd670fdd322661f8","name":"Redazione","url":"https:\/\/www.intoscana.it\/it\/author\/redazione\/"}]}},"_links":{"self":[{"href":"https:\/\/www.intoscana.it\/it\/wp-json\/wp\/v2\/posts\/211705","targetHints":{"allow":["GET"]}}],"collection":[{"href":"https:\/\/www.intoscana.it\/it\/wp-json\/wp\/v2\/posts"}],"about":[{"href":"https:\/\/www.intoscana.it\/it\/wp-json\/wp\/v2\/types\/post"}],"author":[{"embeddable":true,"href":"https:\/\/www.intoscana.it\/it\/wp-json\/wp\/v2\/users\/525"}],"replies":[{"embeddable":true,"href":"https:\/\/www.intoscana.it\/it\/wp-json\/wp\/v2\/comments?post=211705"}],"version-history":[{"count":0,"href":"https:\/\/www.intoscana.it\/it\/wp-json\/wp\/v2\/posts\/211705\/revisions"}],"wp:featuredmedia":[{"embeddable":true,"href":"https:\/\/www.intoscana.it\/it\/wp-json\/wp\/v2\/media\/145428"}],"wp:attachment":[{"href":"https:\/\/www.intoscana.it\/it\/wp-json\/wp\/v2\/media?parent=211705"}],"wp:term":[{"taxonomy":"category","embeddable":true,"href":"https:\/\/www.intoscana.it\/it\/wp-json\/wp\/v2\/categories?post=211705"},{"taxonomy":"post_tag","embeddable":true,"href":"https:\/\/www.intoscana.it\/it\/wp-json\/wp\/v2\/tags?post=211705"}],"curies":[{"name":"wp","href":"https:\/\/api.w.org\/{rel}","templated":true}]}}