{"id":212277,"date":"2022-02-14T12:18:10","date_gmt":"2022-02-14T11:18:10","guid":{"rendered":"https:\/\/www.intoscana.it\/it\/?p=212277"},"modified":"2022-02-15T17:35:46","modified_gmt":"2022-02-15T16:35:46","slug":"bollettino-covi-14-febbraio-2022","status":"publish","type":"post","link":"https:\/\/www.intoscana.it\/it\/bollettino-covi-14-febbraio-2022\/","title":{"rendered":"Covid-19, scendono i contagi 1.680 nuovi positivi, Giani: &#8220;la Toscana realt\u00e0 virtuosa con 88% vaccinati&#8221;"},"content":{"rendered":"<p>In Toscana sono <strong>816.725 i casi di positivit\u00e0 al Coronavirus, 1.680 in pi\u00f9 rispetto a ieri<\/strong> (849 confermati con tampone molecolare e 831 da test rapido antigenico). I nuovi casi sono lo 0,2% in pi\u00f9 rispetto al totale del giorno precedente.<\/p>\n<p><strong>I guariti<\/strong> crescono dello 0,5% e raggiungono <strong>quota 736.501<\/strong> (90,2% dei casi totali). Oggi sono stati eseguiti <strong>6.934 tamponi molecolari e 8.221 tamponi antigenici rapidi,<\/strong> di questi l&#8217;11,1% \u00e8 risultato positivo. Sono invece 3.185 i soggetti testati oggi (con tampone antigenico e\/o molecolare, escludendo i tamponi di controllo), di cui il 52,7% \u00e8 risultato positivo.<\/p>\n<p><strong>Gli attualmente positivi sono oggi 71.558,<\/strong> -3,1% rispetto a ieri. I ricoverati sono 1.193 (3 in pi\u00f9 rispetto a ieri), di cui 85 in terapia intensiva (4 in pi\u00f9). Oggi si registrano 29 nuovi decessi: 17 uomini e 12 donne con un&#8217;et\u00e0 media di 79,6 anni.<\/p>\n<p><strong>L&#8217;et\u00e0 media dei 1.680 nuovi positivi odierni \u00e8 di 30 anni circa<\/strong> (37% ha meno di 20 anni, 20% tra 20 e 39 anni, 30% tra 40 e 59 anni, 9% tra 60 e 79 anni, 4% ha 80 anni o pi\u00f9).<\/p>\n<p><em>&#8220;Oggi con soddisfazione vediamo che le politiche vaccinali funzionano, perch\u00e9 \u00e8 proprio il vaccino che ha ridotto gli effetti del virus sul piano dell&#8217;intensit\u00e0, e ora vediamo che accade anche sul piano dei contagi. Stamattina sono 1.600 e poco pi\u00f9, davvero nulla rispetto ai 18.900 di poco pi\u00f9 di un mese fa&#8221;<\/em> &#8211; <strong>ha dichiarato Eugenio Giani, presidente della Regione Toscana<\/strong>. <em>&#8220;Noi ormai abbiamo una copertura vaccinale &#8211; <\/em><strong>ha aggiunto<\/strong><em> &#8211; che per quanto riguarda la popolazione supera abbondantemente l&#8217;88%; per quanto riguarda i vaccinabili, ovvero tutti coloro esclusi i bambini che possono essere vaccinati, siamo ben oltre il 93-94%, quindi ci rendiamo conto che la Toscana \u00e8 una regione che si presenta fra le pi\u00f9 virtuose. Anzi, se noi seguiamo i dati della Fondazione Gimbe, ci rendiamo conto che siamo davvero stati per mesi la regione pi\u00f9 virtuosa&#8221;. <\/em><\/p>\n<h3>I casi di positivit\u00e0 sul territorio<\/h3>\n<p>Di seguito i casi di positivit\u00e0 sul territorio con la variazione rispetto a ieri (849 confermati con tampone molecolare e 831 da test rapido antigenico). Sono 242.213 i casi complessivi ad oggi a Firenze (401 in pi\u00f9 rispetto a ieri), 62.962 a Prato (95 in pi\u00f9), 69.282 a Pistoia (118 in pi\u00f9), 37.369 a Massa (81 in pi\u00f9), 80.817 a Lucca (199 in pi\u00f9), 94.105 a Pisa (171 in pi\u00f9), 68.229 a Livorno (220 in pi\u00f9), 72.275 ad Arezzo (162 in pi\u00f9), 51.234 a Siena (118 in pi\u00f9), 37.684 a Grosseto (115 in pi\u00f9). Sono 555 i casi positivi notificati in Toscana, ma residenti in altre regioni.<\/p>\n<p><strong>Sono 630 i casi riscontrati oggi nell&#8217;Asl Centro, 655 nella Nord Ovest, 395 nella Sud est.<\/strong><\/p>\n<p>La Toscana si trova al 9\u00b0 posto in Italia come numerosit\u00e0 di casi (comprensivi di residenti e non residenti), con circa 22.116 casi per 100.000 abitanti (media italiana circa 20.436 x100.000, dato di ieri). Le province di notifica con il tasso pi\u00f9 alto sono Firenze con 24.259 casi x100.000 abitanti, Pistoia con 23.870, Prato con 23.735, la pi\u00f9 bassa Grosseto con 17.298.<\/p>\n<p>Complessivamente, <strong>70.365 persone sono in isolamento a casa, poich\u00e9 presentano sintomi lievi<\/strong> che non richiedono cure ospedaliere, o risultano prive di sintomi (2.328 in meno rispetto a ieri, meno 3,2%).\u00a0Sono 21.151 (3.181 in meno rispetto a ieri, meno 13,1%) le persone, anch&#8217;esse isolate, in sorveglianza attiva perch\u00e9 hanno avuto contatti con persone contagiate (ASL Centro 8.416, Nord Ovest 8.906, Sud Est 3.829).<\/p>\n<p><strong>Le persone ricoverate nei posti letto dedicati ai pazienti COVID oggi sono complessivamente 1.193<\/strong> (3 in pi\u00f9 rispetto a ieri, pi\u00f9 0,3%),<strong> 85 in terapia intensiva<\/strong> (4 in pi\u00f9 rispetto a ieri, pi\u00f9 4,9%).<\/p>\n<p><strong>Le persone complessivamente guarite sono 736.501<\/strong> (3.976 in pi\u00f9 rispetto a ieri, pi\u00f9 0,5%): 0 persone clinicamente guarite (stabili rispetto a ieri), divenute cio\u00e8 asintomatiche dopo aver presentato manifestazioni cliniche associate all&#8217;infezione e 736.501 (3.976 in pi\u00f9 rispetto a ieri, pi\u00f9 0,5%) dichiarate guarite a tutti gli effetti, le cosiddette guarigioni virali, con tampone negativo.<\/p>\n<h3>I decessi<\/h3>\n<p>Relativamente alla provincia di residenza, le 29 persone decedute sono: <strong>9 a Firenze, 2 a Prato, 2 a Pistoia, 2 a Massa Carrara, 5 a Lucca, 1 a Pisa, 5 a Livorno, 3 a Arezzo.<\/strong><\/p>\n<p><strong>Sono 8.666 i deceduti dall&#8217;inizio dell&#8217;epidemia<\/strong> cosi ripartiti: 2.751 a Firenze, 726 a Prato, 785 a Pistoia, 597 a Massa Carrara, 831 a Lucca, 904 a Pisa, 605 a Livorno, 616 ad Arezzo, 450 a Siena, 289 a Grosseto, 112 persone sono decedute sul suolo toscano ma erano residenti fuori regione.<\/p>\n<p>Il tasso grezzo di mortalit\u00e0 toscano (numero di deceduti\/popolazione residente) per Covid-19 \u00e8 di 234,7 x100.000 residenti contro il 254,9 x100.000 della media italiana (10\u00b0 regione). Per quanto riguarda le province, il tasso di mortalit\u00e0 pi\u00f9 alto si riscontra a Massa Carrara (314,5 x100.000), Firenze (275,5 x100.000) e Prato (273,7 x100.000), il pi\u00f9 basso a Grosseto (132,7 x100.000).<\/p>\n","protected":false},"excerpt":{"rendered":"<p>I ricoverati sono 1.193 (3 in pi\u00f9 rispetto a ieri), di cui 85 in terapia intensiva (4 in pi\u00f9)<\/p>\n","protected":false},"author":525,"featured_media":187107,"comment_status":"open","ping_status":"open","sticky":false,"template":"","format":"standard","meta":{"_acf_changed":false,"footnotes":""},"categories":[494],"tags":[4868,418],"class_list":["post-212277","post","type-post","status-publish","format-standard","has-post-thumbnail","hentry","category-attualita","tag-bollettino-covid-toscana","tag-covid-19"],"acf":[],"yoast_head":"<!-- This site is optimized with the Yoast SEO Premium plugin v24.2 (Yoast SEO v25.6) - https:\/\/yoast.com\/wordpress\/plugins\/seo\/ -->\n<title>Covid-19, scendono i contagi 1.680 nuovi positivi, Giani: &quot;la Toscana realt\u00e0 virtuosa con 88% vaccinati&quot; - intoscana<\/title>\n<meta name=\"description\" content=\"Ecco i dati giornalieri del bolelttino Covid-19: 1.193 i ricoverati (3 in pi\u00f9 rispetto a ieri), di cui 85 in terapia intensiva (4 in pi\u00f9)\" \/>\n<meta name=\"robots\" content=\"index, follow, max-snippet:-1, max-image-preview:large, max-video-preview:-1\" \/>\n<link rel=\"canonical\" href=\"https:\/\/www.intoscana.it\/it\/bollettino-covi-14-febbraio-2022\/\" \/>\n<meta property=\"og:locale\" content=\"it_IT\" \/>\n<meta property=\"og:type\" content=\"article\" \/>\n<meta property=\"og:title\" content=\"Covid-19, scendono i contagi 1.680 nuovi positivi, Giani: &quot;la Toscana realt\u00e0 virtuosa con 88% vaccinati&quot;\" \/>\n<meta property=\"og:description\" content=\"Ecco i dati giornalieri del bolelttino Covid-19: 1.193 i ricoverati (3 in pi\u00f9 rispetto a ieri), di cui 85 in terapia intensiva (4 in pi\u00f9)\" \/>\n<meta property=\"og:url\" content=\"https:\/\/www.intoscana.it\/it\/bollettino-covi-14-febbraio-2022\/\" \/>\n<meta property=\"og:site_name\" content=\"intoscana\" \/>\n<meta property=\"article:publisher\" content=\"https:\/\/www.facebook.com\/intoscana.it\" \/>\n<meta property=\"article:published_time\" content=\"2022-02-14T11:18:10+00:00\" \/>\n<meta property=\"article:modified_time\" content=\"2022-02-15T16:35:46+00:00\" \/>\n<meta property=\"og:image\" content=\"https:\/\/www.intoscana.it\/wp-content\/uploads\/Ragazza-con-mascherina-Alexander-Aashiesh-Unsplash.jpg\" \/>\n\t<meta property=\"og:image:width\" content=\"1920\" \/>\n\t<meta property=\"og:image:height\" content=\"1280\" \/>\n\t<meta property=\"og:image:type\" content=\"image\/jpeg\" \/>\n<meta name=\"author\" content=\"Redazione\" \/>\n<meta name=\"twitter:card\" content=\"summary_large_image\" \/>\n<meta name=\"twitter:creator\" content=\"@intoscana\" \/>\n<meta name=\"twitter:site\" content=\"@intoscana\" \/>\n<meta name=\"twitter:label1\" content=\"Written by\" \/>\n\t<meta name=\"twitter:data1\" content=\"Redazione\" \/>\n\t<meta name=\"twitter:label2\" content=\"Est. reading time\" \/>\n\t<meta name=\"twitter:data2\" content=\"3 minuti\" \/>\n<script type=\"application\/ld+json\" class=\"yoast-schema-graph\">{\"@context\":\"https:\/\/schema.org\",\"@graph\":[{\"@type\":\"WebPage\",\"@id\":\"https:\/\/www.intoscana.it\/it\/bollettino-covi-14-febbraio-2022\/\",\"url\":\"https:\/\/www.intoscana.it\/it\/bollettino-covi-14-febbraio-2022\/\",\"name\":\"Covid-19, scendono i contagi 1.680 nuovi positivi, Giani: \\\"la Toscana realt\u00e0 virtuosa con 88% vaccinati\\\" - intoscana\",\"isPartOf\":{\"@id\":\"https:\/\/www.intoscana.it\/it\/#website\"},\"primaryImageOfPage\":{\"@id\":\"https:\/\/www.intoscana.it\/it\/bollettino-covi-14-febbraio-2022\/#primaryimage\"},\"image\":{\"@id\":\"https:\/\/www.intoscana.it\/it\/bollettino-covi-14-febbraio-2022\/#primaryimage\"},\"thumbnailUrl\":\"https:\/\/www.intoscana.it\/wp-content\/uploads\/Ragazza-con-mascherina-Alexander-Aashiesh-Unsplash.jpg\",\"datePublished\":\"2022-02-14T11:18:10+00:00\",\"dateModified\":\"2022-02-15T16:35:46+00:00\",\"author\":{\"@id\":\"https:\/\/www.intoscana.it\/it\/#\/schema\/person\/9223810753230f20bd670fdd322661f8\"},\"description\":\"Ecco i dati giornalieri del bolelttino Covid-19: 1.193 i ricoverati (3 in pi\u00f9 rispetto a ieri), di cui 85 in terapia intensiva (4 in pi\u00f9)\",\"breadcrumb\":{\"@id\":\"https:\/\/www.intoscana.it\/it\/bollettino-covi-14-febbraio-2022\/#breadcrumb\"},\"inLanguage\":\"it-IT\",\"potentialAction\":[{\"@type\":\"ReadAction\",\"target\":[\"https:\/\/www.intoscana.it\/it\/bollettino-covi-14-febbraio-2022\/\"]}]},{\"@type\":\"ImageObject\",\"inLanguage\":\"it-IT\",\"@id\":\"https:\/\/www.intoscana.it\/it\/bollettino-covi-14-febbraio-2022\/#primaryimage\",\"url\":\"https:\/\/www.intoscana.it\/wp-content\/uploads\/Ragazza-con-mascherina-Alexander-Aashiesh-Unsplash.jpg\",\"contentUrl\":\"https:\/\/www.intoscana.it\/wp-content\/uploads\/Ragazza-con-mascherina-Alexander-Aashiesh-Unsplash.jpg\",\"width\":1920,\"height\":1280,\"caption\":\"Ragazza con mascherina\"},{\"@type\":\"BreadcrumbList\",\"@id\":\"https:\/\/www.intoscana.it\/it\/bollettino-covi-14-febbraio-2022\/#breadcrumb\",\"itemListElement\":[{\"@type\":\"ListItem\",\"position\":1,\"name\":\"Home\",\"item\":\"https:\/\/www.intoscana.it\/it\/\"},{\"@type\":\"ListItem\",\"position\":2,\"name\":\"Covid-19, scendono i contagi 1.680 nuovi positivi, Giani: &#8220;la Toscana realt\u00e0 virtuosa con 88% vaccinati&#8221;\"}]},{\"@type\":\"WebSite\",\"@id\":\"https:\/\/www.intoscana.it\/it\/#website\",\"url\":\"https:\/\/www.intoscana.it\/it\/\",\"name\":\"intoscana\",\"description\":\"\",\"potentialAction\":[{\"@type\":\"SearchAction\",\"target\":{\"@type\":\"EntryPoint\",\"urlTemplate\":\"https:\/\/www.intoscana.it\/it\/?s={search_term_string}\"},\"query-input\":{\"@type\":\"PropertyValueSpecification\",\"valueRequired\":true,\"valueName\":\"search_term_string\"}}],\"inLanguage\":\"it-IT\"},{\"@type\":\"Person\",\"@id\":\"https:\/\/www.intoscana.it\/it\/#\/schema\/person\/9223810753230f20bd670fdd322661f8\",\"name\":\"Redazione\",\"url\":\"https:\/\/www.intoscana.it\/it\/author\/redazione\/\"}]}<\/script>\n<!-- \/ Yoast SEO Premium plugin. -->","yoast_head_json":{"title":"Covid-19, scendono i contagi 1.680 nuovi positivi, Giani: \"la Toscana realt\u00e0 virtuosa con 88% vaccinati\" - intoscana","description":"Ecco i dati giornalieri del bolelttino Covid-19: 1.193 i ricoverati (3 in pi\u00f9 rispetto a ieri), di cui 85 in terapia intensiva (4 in pi\u00f9)","robots":{"index":"index","follow":"follow","max-snippet":"max-snippet:-1","max-image-preview":"max-image-preview:large","max-video-preview":"max-video-preview:-1"},"canonical":"https:\/\/www.intoscana.it\/it\/bollettino-covi-14-febbraio-2022\/","og_locale":"it_IT","og_type":"article","og_title":"Covid-19, scendono i contagi 1.680 nuovi positivi, Giani: \"la Toscana realt\u00e0 virtuosa con 88% vaccinati\"","og_description":"Ecco i dati giornalieri del bolelttino Covid-19: 1.193 i ricoverati (3 in pi\u00f9 rispetto a ieri), di cui 85 in terapia intensiva (4 in pi\u00f9)","og_url":"https:\/\/www.intoscana.it\/it\/bollettino-covi-14-febbraio-2022\/","og_site_name":"intoscana","article_publisher":"https:\/\/www.facebook.com\/intoscana.it","article_published_time":"2022-02-14T11:18:10+00:00","article_modified_time":"2022-02-15T16:35:46+00:00","og_image":[{"width":1920,"height":1280,"url":"https:\/\/www.intoscana.it\/wp-content\/uploads\/Ragazza-con-mascherina-Alexander-Aashiesh-Unsplash.jpg","type":"image\/jpeg"}],"author":"Redazione","twitter_card":"summary_large_image","twitter_creator":"@intoscana","twitter_site":"@intoscana","twitter_misc":{"Written by":"Redazione","Est. reading time":"3 minuti"},"schema":{"@context":"https:\/\/schema.org","@graph":[{"@type":"WebPage","@id":"https:\/\/www.intoscana.it\/it\/bollettino-covi-14-febbraio-2022\/","url":"https:\/\/www.intoscana.it\/it\/bollettino-covi-14-febbraio-2022\/","name":"Covid-19, scendono i contagi 1.680 nuovi positivi, Giani: \"la Toscana realt\u00e0 virtuosa con 88% vaccinati\" - intoscana","isPartOf":{"@id":"https:\/\/www.intoscana.it\/it\/#website"},"primaryImageOfPage":{"@id":"https:\/\/www.intoscana.it\/it\/bollettino-covi-14-febbraio-2022\/#primaryimage"},"image":{"@id":"https:\/\/www.intoscana.it\/it\/bollettino-covi-14-febbraio-2022\/#primaryimage"},"thumbnailUrl":"https:\/\/www.intoscana.it\/wp-content\/uploads\/Ragazza-con-mascherina-Alexander-Aashiesh-Unsplash.jpg","datePublished":"2022-02-14T11:18:10+00:00","dateModified":"2022-02-15T16:35:46+00:00","author":{"@id":"https:\/\/www.intoscana.it\/it\/#\/schema\/person\/9223810753230f20bd670fdd322661f8"},"description":"Ecco i dati giornalieri del bolelttino Covid-19: 1.193 i ricoverati (3 in pi\u00f9 rispetto a ieri), di cui 85 in terapia intensiva (4 in pi\u00f9)","breadcrumb":{"@id":"https:\/\/www.intoscana.it\/it\/bollettino-covi-14-febbraio-2022\/#breadcrumb"},"inLanguage":"it-IT","potentialAction":[{"@type":"ReadAction","target":["https:\/\/www.intoscana.it\/it\/bollettino-covi-14-febbraio-2022\/"]}]},{"@type":"ImageObject","inLanguage":"it-IT","@id":"https:\/\/www.intoscana.it\/it\/bollettino-covi-14-febbraio-2022\/#primaryimage","url":"https:\/\/www.intoscana.it\/wp-content\/uploads\/Ragazza-con-mascherina-Alexander-Aashiesh-Unsplash.jpg","contentUrl":"https:\/\/www.intoscana.it\/wp-content\/uploads\/Ragazza-con-mascherina-Alexander-Aashiesh-Unsplash.jpg","width":1920,"height":1280,"caption":"Ragazza con mascherina"},{"@type":"BreadcrumbList","@id":"https:\/\/www.intoscana.it\/it\/bollettino-covi-14-febbraio-2022\/#breadcrumb","itemListElement":[{"@type":"ListItem","position":1,"name":"Home","item":"https:\/\/www.intoscana.it\/it\/"},{"@type":"ListItem","position":2,"name":"Covid-19, scendono i contagi 1.680 nuovi positivi, Giani: &#8220;la Toscana realt\u00e0 virtuosa con 88% vaccinati&#8221;"}]},{"@type":"WebSite","@id":"https:\/\/www.intoscana.it\/it\/#website","url":"https:\/\/www.intoscana.it\/it\/","name":"intoscana","description":"","potentialAction":[{"@type":"SearchAction","target":{"@type":"EntryPoint","urlTemplate":"https:\/\/www.intoscana.it\/it\/?s={search_term_string}"},"query-input":{"@type":"PropertyValueSpecification","valueRequired":true,"valueName":"search_term_string"}}],"inLanguage":"it-IT"},{"@type":"Person","@id":"https:\/\/www.intoscana.it\/it\/#\/schema\/person\/9223810753230f20bd670fdd322661f8","name":"Redazione","url":"https:\/\/www.intoscana.it\/it\/author\/redazione\/"}]}},"_links":{"self":[{"href":"https:\/\/www.intoscana.it\/it\/wp-json\/wp\/v2\/posts\/212277","targetHints":{"allow":["GET"]}}],"collection":[{"href":"https:\/\/www.intoscana.it\/it\/wp-json\/wp\/v2\/posts"}],"about":[{"href":"https:\/\/www.intoscana.it\/it\/wp-json\/wp\/v2\/types\/post"}],"author":[{"embeddable":true,"href":"https:\/\/www.intoscana.it\/it\/wp-json\/wp\/v2\/users\/525"}],"replies":[{"embeddable":true,"href":"https:\/\/www.intoscana.it\/it\/wp-json\/wp\/v2\/comments?post=212277"}],"version-history":[{"count":0,"href":"https:\/\/www.intoscana.it\/it\/wp-json\/wp\/v2\/posts\/212277\/revisions"}],"wp:featuredmedia":[{"embeddable":true,"href":"https:\/\/www.intoscana.it\/it\/wp-json\/wp\/v2\/media\/187107"}],"wp:attachment":[{"href":"https:\/\/www.intoscana.it\/it\/wp-json\/wp\/v2\/media?parent=212277"}],"wp:term":[{"taxonomy":"category","embeddable":true,"href":"https:\/\/www.intoscana.it\/it\/wp-json\/wp\/v2\/categories?post=212277"},{"taxonomy":"post_tag","embeddable":true,"href":"https:\/\/www.intoscana.it\/it\/wp-json\/wp\/v2\/tags?post=212277"}],"curies":[{"name":"wp","href":"https:\/\/api.w.org\/{rel}","templated":true}]}}