{"id":212458,"date":"2022-02-15T15:31:53","date_gmt":"2022-02-15T14:31:53","guid":{"rendered":"https:\/\/www.intoscana.it\/it\/?p=212458"},"modified":"2022-02-16T15:18:44","modified_gmt":"2022-02-16T14:18:44","slug":"adotta-bolletta-anziano-firenze","status":"publish","type":"post","link":"https:\/\/www.intoscana.it\/it\/adotta-bolletta-anziano-firenze\/","title":{"rendered":"Adotta la bolletta di un anziano solo, a Firenze parte la catena di solidariet\u00e0"},"content":{"rendered":"<p>Chiamiamolo pure fund raising o\u00a0 raccolta benefica, non importa. Quello che sta accadendo a Firenze \u00e8 specchio di un tempo difficile e malevolo, ma anche il riflesso di una comunit\u00e0 solidale che reagisce alle difficolt\u00e0 altrui. <strong>&#8220;Adotta una bolletta&#8221;<\/strong> \u00e8 uno slogan che racchiude il senso dell&#8217;iniziativa che il <strong>Comune di Firenze<\/strong> sta portando avanti attraverso la <strong>Fondazione Montedomini<\/strong>, che si occupa dell&#8217;assistenza anziani.<\/p>\n<p><mark>Tutti possono donare quello che vogliono, tramite bonifico, e permettere ad un anziano in difficolt\u00e0 di pagare le bollette sempre pi\u00f9 care.<\/mark> Specchio dei tempi, si diceva. I costi di mantenimento di una casa sono oggettivamente aumentati, raddoppiati, e chi ha sempre la solita entrata, come una pensione sui mille euro, si trova in seria difficolt\u00e0. Solo a Firenze le persone sopra i 65 anni che vivono sole sono 32mila. Molti di loro hanno solo la pensione minima e rischiano di dover fare scelte drastiche: tra il mangiare o il pagare l&#8217;affitto, minando la loro stessa dignit\u00e0.<\/p>\n<h3><em>Come si pu\u00f2 donare<\/em><\/h3>\n<p>Si pu\u00f2 donare quello che si pu\u00f2, fino a mille euro, ma anche 50 euro. Questo \u00e8 l&#8217;iban, IT75H0306909606100000141309. L&#8217;intestazione \u00e8 <a href=\"https:\/\/fondazionemontedomini.com\/adotta-una-bolletta-2\/\" target=\"_blank\" rel=\"noopener\">Fondazione Montedomini Onlus<\/a> e la causale \u00e8 &#8220;Adotta una bolletta&#8221;. Ad oggi le risposte sono sorprendenti. Ci sono le associazioni, come i Lions, ma anche singoli cittadini. <mark>&#8220;<em>Sono arrivati anche diversi bonifici da mille euro in appena un paio di giorni dal lancio dell&#8217;iniziativa&#8221;<\/em>, racconta <strong>Luigi Paccosi<\/strong>, presidente della Fondazione Montedomini. &#8220;<em>L&#8217;idea \u00e8 venuta all&#8217;assessora comunale al Welfare <strong>Sara Funaro<\/strong> e noi ci siamo messi a disposizione con la nostra struttura e il nostro conto corrente. Siamo stati sommersi, \u00e8 stato molto bello&#8221;<\/em>.<\/mark><\/p>\n<p><em>\u201cSono gi\u00e0 stati versati alla Fondazione Montedomini pi\u00f9 di <strong>5mila euro<\/strong>&#8220;<\/em>, fa sapere l\u2019assessora Sara Funaro. <em>&#8220;Ancora una volta abbiamo la dimostrazione di quanto le persone siano solidali e vicine a chi \u00e8 in difficolt\u00e0 e ha pi\u00f9 bisogno. Firenze da sempre \u00e8 al fianco degli anziani e li mette al centro delle politiche di welfare con aiuti concreti. Insieme alla Fondazione Montedomini siamo impegnati con vari progetti per aiutare e sostenere gli anziani soli e in difficolt\u00e0 ad affrontare gli ostacoli che incontrano nella quotidianit\u00e0 e che possono essere fonte di grande preoccupazione. Da qui nasce l\u2019 idea di questa raccolta fondi \u2018Adotta una bolletta\u2019 <\/em>&#8211; ha spiegato Funaro &#8211;<em> <mark>in un momento delicato e complesso come quello che stiamo vivendo con l\u2019<strong>aumento dei prezzi di luce e gas<\/strong> abbiamo pensato di offrire loro un sostegno per far fronte al caro bollette e per dargli modo di non dover affrontare questa preoccupazione anche da un punto di vista emotivo. Anche in questo caso gli anziani fiorentini non sono soli, noi siamo al loro fianco\u201d.<\/mark><\/em><\/p>\n<p><span class=\"citazione\">I nostri anziani sono davvero nostri. Non possiamo lasciare indietro nessuno, noi siamo al loro fianco<\/span><\/p>\n<h3><em>Il duplice appello ai cittadini e agli anziani<\/em><\/h3>\n<p>La Fondazione Montedomini ha un osservatorio particolare sulla situazione anziani in citt\u00e0, grazie al progetto <a href=\"https:\/\/fondazionemontedomini.com\/portfolio-item\/soli-mai\/\" target=\"_blank\" rel=\"noopener\"><strong>&#8220;Soli mai&#8221;<\/strong><\/a> che da circa cinque anni mette in campo volontari di ogni et\u00e0 per fare compagnia a chi vive solo. <em>&#8220;Abbiamo il polso della situazione e c&#8217;\u00e8 una crescente preoccupazione per questi aumenti nelle bollette. In tanti non ce la fanno e ce lo dicono,\u00a0 ma molto spesso dobbiamo andarli a cercare&#8221;, <\/em>racconta ancora Paccosi.<\/p>\n<p>Non tutti hanno infatti voglia di raccontare le difficolt\u00e0, di far conoscere ad altri la propria situazione di disagio. <mark><em>&#8220;C&#8217;\u00e8 una sorta di resistenza a raccontare. A Firenze, secoli fa, c\u2019era la Compagnia di San Martino che assisteva i &#8220;nobili decaduti vergognosi&#8221;, in forma anonima. Anche ora \u00e8 cos\u00ec, ma dobbiamo superarlo&#8221;.<\/mark><\/em><\/p>\n<p>Da qui il duplice appello. &#8220;<em>Chiediamo a tutti i cittadini una maggiore sensibilit\u00e0 nell&#8217;intercettare situazioni di difficolt\u00e0: <mark>se nel proprio condominio c&#8217;\u00e8 un anziano solo, che magari incrociate solo nelle scale, chiedetegli come sta&#8221;<\/em>.<\/mark> E agli anziani: <em>&#8220;Chiamate la nostra Fondazione per ricevere ascolto e aiuto&#8221;<\/em>. Questi i numeri: <a href=\"https:\/\/fondazionemontedomini.com\/contatti\/\" target=\"_blank\" rel=\"noopener\"><strong>3391969164 e 3357379467<\/strong><\/a>.<\/p>\n<p>L&#8217;iniziativa andr\u00e0 avanti per un po&#8217;. <em>&#8220;Aiuteremo le persone che il Comune e i servizi sociali ci indicheranno. Pensiamo di dare un contributo tra i <strong>2-300 euro ad anziano<\/strong>, in proporzione agli aumenti registrati. La risposta di Firenze \u00e8 come sempre meravigliosa <\/em>&#8211; continua Paccosi &#8211;<em>\u00a0 I nostri anziani sono davvero nostri. Non possiamo lasciare indietro nessuno&#8221;<\/em>. A questa iniziativa ne seguiranno altre, magari a cadenza temporale e, forse, forti dell&#8217;esperienza di mobilitazione che si sta verificando a Firenze, anche altre citt\u00e0 faranno lo stesso.<\/p>\n","protected":false},"excerpt":{"rendered":"<p>Il Comune e la Fondazione Montedomini hanno aperto un conto corrente per raccogliere donazioni. &#8220;In tanti sono in difficolt\u00e0 e non chiedono aiuto per vergogna. Dobbiamo essere pi\u00f9 sensibili ad intercettare situazioni di disagio, partendo anche dai nostri vicini di casa&#8221;<\/p>\n","protected":false},"author":545,"featured_media":72993,"comment_status":"open","ping_status":"open","sticky":false,"template":"","format":"standard","meta":{"_acf_changed":false,"footnotes":""},"categories":[494],"tags":[370,178,5301,356],"class_list":["post-212458","post","type-post","status-publish","format-standard","has-post-thumbnail","hentry","category-attualita","tag-anziani","tag-comune-di-firenze","tag-montedomini","tag-solidarieta"],"acf":[],"yoast_head":"<!-- This site is optimized with the Yoast SEO Premium plugin v24.2 (Yoast SEO v25.6) - https:\/\/yoast.com\/wordpress\/plugins\/seo\/ -->\n<title>Adotta la bolletta di un anziano solo, a Firenze parte la catena di solidariet\u00e0 - intoscana<\/title>\n<meta name=\"description\" content=\"Il Comune e la Fondazione Montedomini hanno aperto un conto corrente per raccogliere donazioni. &quot;In tanti sono in difficolt\u00e0 e non chiedono aiuto per vergogna. Dobbiamo essere pi\u00f9 sensibili ad intercettare situazioni di disagio, partendo anche dai nostri vicini di casa&quot;\" \/>\n<meta name=\"robots\" content=\"index, follow, max-snippet:-1, max-image-preview:large, max-video-preview:-1\" \/>\n<link rel=\"canonical\" href=\"https:\/\/www.intoscana.it\/it\/adotta-bolletta-anziano-firenze\/\" \/>\n<meta property=\"og:locale\" content=\"it_IT\" \/>\n<meta property=\"og:type\" content=\"article\" \/>\n<meta property=\"og:title\" content=\"Adotta la bolletta di un anziano solo, a Firenze parte la catena di solidariet\u00e0\" \/>\n<meta property=\"og:description\" content=\"Il Comune e la Fondazione Montedomini hanno aperto un conto corrente per raccogliere donazioni. &quot;In tanti sono in difficolt\u00e0 e non chiedono aiuto per vergogna. Dobbiamo essere pi\u00f9 sensibili ad intercettare situazioni di disagio, partendo anche dai nostri vicini di casa&quot;\" \/>\n<meta property=\"og:url\" content=\"https:\/\/www.intoscana.it\/it\/adotta-bolletta-anziano-firenze\/\" \/>\n<meta property=\"og:site_name\" content=\"intoscana\" \/>\n<meta property=\"article:publisher\" content=\"https:\/\/www.facebook.com\/intoscana.it\" \/>\n<meta property=\"article:published_time\" content=\"2022-02-15T14:31:53+00:00\" \/>\n<meta property=\"article:modified_time\" content=\"2022-02-16T14:18:44+00:00\" \/>\n<meta property=\"og:image\" content=\"https:\/\/www.intoscana.it\/wp-content\/uploads\/I-ANZIANI-2.jpg\" \/>\n\t<meta property=\"og:image:width\" content=\"900\" \/>\n\t<meta property=\"og:image:height\" content=\"514\" \/>\n\t<meta property=\"og:image:type\" content=\"image\/jpeg\" \/>\n<meta name=\"author\" content=\"Clara D&#039;Acunto\" \/>\n<meta name=\"twitter:card\" content=\"summary_large_image\" \/>\n<meta name=\"twitter:creator\" content=\"@intoscana\" \/>\n<meta name=\"twitter:site\" content=\"@intoscana\" \/>\n<meta name=\"twitter:label1\" content=\"Written by\" \/>\n\t<meta name=\"twitter:data1\" content=\"Clara D&#039;Acunto\" \/>\n\t<meta name=\"twitter:label2\" content=\"Est. reading time\" \/>\n\t<meta name=\"twitter:data2\" content=\"4 minuti\" \/>\n<script type=\"application\/ld+json\" class=\"yoast-schema-graph\">{\"@context\":\"https:\/\/schema.org\",\"@graph\":[{\"@type\":\"WebPage\",\"@id\":\"https:\/\/www.intoscana.it\/it\/adotta-bolletta-anziano-firenze\/\",\"url\":\"https:\/\/www.intoscana.it\/it\/adotta-bolletta-anziano-firenze\/\",\"name\":\"Adotta la bolletta di un anziano solo, a Firenze parte la catena di solidariet\u00e0 - intoscana\",\"isPartOf\":{\"@id\":\"https:\/\/www.intoscana.it\/it\/#website\"},\"primaryImageOfPage\":{\"@id\":\"https:\/\/www.intoscana.it\/it\/adotta-bolletta-anziano-firenze\/#primaryimage\"},\"image\":{\"@id\":\"https:\/\/www.intoscana.it\/it\/adotta-bolletta-anziano-firenze\/#primaryimage\"},\"thumbnailUrl\":\"https:\/\/www.intoscana.it\/wp-content\/uploads\/I-ANZIANI-2.jpg\",\"datePublished\":\"2022-02-15T14:31:53+00:00\",\"dateModified\":\"2022-02-16T14:18:44+00:00\",\"author\":{\"@id\":\"https:\/\/www.intoscana.it\/it\/#\/schema\/person\/137419af9ef5d385bde52864a841e6ce\"},\"description\":\"Il Comune e la Fondazione Montedomini hanno aperto un conto corrente per raccogliere donazioni. \\\"In tanti sono in difficolt\u00e0 e non chiedono aiuto per vergogna. Dobbiamo essere pi\u00f9 sensibili ad intercettare situazioni di disagio, partendo anche dai nostri vicini di casa\\\"\",\"breadcrumb\":{\"@id\":\"https:\/\/www.intoscana.it\/it\/adotta-bolletta-anziano-firenze\/#breadcrumb\"},\"inLanguage\":\"it-IT\",\"potentialAction\":[{\"@type\":\"ReadAction\",\"target\":[\"https:\/\/www.intoscana.it\/it\/adotta-bolletta-anziano-firenze\/\"]}]},{\"@type\":\"ImageObject\",\"inLanguage\":\"it-IT\",\"@id\":\"https:\/\/www.intoscana.it\/it\/adotta-bolletta-anziano-firenze\/#primaryimage\",\"url\":\"https:\/\/www.intoscana.it\/wp-content\/uploads\/I-ANZIANI-2.jpg\",\"contentUrl\":\"https:\/\/www.intoscana.it\/wp-content\/uploads\/I-ANZIANI-2.jpg\",\"width\":900,\"height\":514},{\"@type\":\"BreadcrumbList\",\"@id\":\"https:\/\/www.intoscana.it\/it\/adotta-bolletta-anziano-firenze\/#breadcrumb\",\"itemListElement\":[{\"@type\":\"ListItem\",\"position\":1,\"name\":\"Home\",\"item\":\"https:\/\/www.intoscana.it\/it\/\"},{\"@type\":\"ListItem\",\"position\":2,\"name\":\"Adotta la bolletta di un anziano solo, a Firenze parte la catena di solidariet\u00e0\"}]},{\"@type\":\"WebSite\",\"@id\":\"https:\/\/www.intoscana.it\/it\/#website\",\"url\":\"https:\/\/www.intoscana.it\/it\/\",\"name\":\"intoscana\",\"description\":\"\",\"potentialAction\":[{\"@type\":\"SearchAction\",\"target\":{\"@type\":\"EntryPoint\",\"urlTemplate\":\"https:\/\/www.intoscana.it\/it\/?s={search_term_string}\"},\"query-input\":{\"@type\":\"PropertyValueSpecification\",\"valueRequired\":true,\"valueName\":\"search_term_string\"}}],\"inLanguage\":\"it-IT\"},{\"@type\":\"Person\",\"@id\":\"https:\/\/www.intoscana.it\/it\/#\/schema\/person\/137419af9ef5d385bde52864a841e6ce\",\"name\":\"Clara D'Acunto\",\"url\":\"https:\/\/www.intoscana.it\/it\/author\/clara-d_acunto\/\"}]}<\/script>\n<!-- \/ Yoast SEO Premium plugin. -->","yoast_head_json":{"title":"Adotta la bolletta di un anziano solo, a Firenze parte la catena di solidariet\u00e0 - intoscana","description":"Il Comune e la Fondazione Montedomini hanno aperto un conto corrente per raccogliere donazioni. \"In tanti sono in difficolt\u00e0 e non chiedono aiuto per vergogna. Dobbiamo essere pi\u00f9 sensibili ad intercettare situazioni di disagio, partendo anche dai nostri vicini di casa\"","robots":{"index":"index","follow":"follow","max-snippet":"max-snippet:-1","max-image-preview":"max-image-preview:large","max-video-preview":"max-video-preview:-1"},"canonical":"https:\/\/www.intoscana.it\/it\/adotta-bolletta-anziano-firenze\/","og_locale":"it_IT","og_type":"article","og_title":"Adotta la bolletta di un anziano solo, a Firenze parte la catena di solidariet\u00e0","og_description":"Il Comune e la Fondazione Montedomini hanno aperto un conto corrente per raccogliere donazioni. \"In tanti sono in difficolt\u00e0 e non chiedono aiuto per vergogna. Dobbiamo essere pi\u00f9 sensibili ad intercettare situazioni di disagio, partendo anche dai nostri vicini di casa\"","og_url":"https:\/\/www.intoscana.it\/it\/adotta-bolletta-anziano-firenze\/","og_site_name":"intoscana","article_publisher":"https:\/\/www.facebook.com\/intoscana.it","article_published_time":"2022-02-15T14:31:53+00:00","article_modified_time":"2022-02-16T14:18:44+00:00","og_image":[{"width":900,"height":514,"url":"https:\/\/www.intoscana.it\/wp-content\/uploads\/I-ANZIANI-2.jpg","type":"image\/jpeg"}],"author":"Clara D'Acunto","twitter_card":"summary_large_image","twitter_creator":"@intoscana","twitter_site":"@intoscana","twitter_misc":{"Written by":"Clara D'Acunto","Est. reading time":"4 minuti"},"schema":{"@context":"https:\/\/schema.org","@graph":[{"@type":"WebPage","@id":"https:\/\/www.intoscana.it\/it\/adotta-bolletta-anziano-firenze\/","url":"https:\/\/www.intoscana.it\/it\/adotta-bolletta-anziano-firenze\/","name":"Adotta la bolletta di un anziano solo, a Firenze parte la catena di solidariet\u00e0 - intoscana","isPartOf":{"@id":"https:\/\/www.intoscana.it\/it\/#website"},"primaryImageOfPage":{"@id":"https:\/\/www.intoscana.it\/it\/adotta-bolletta-anziano-firenze\/#primaryimage"},"image":{"@id":"https:\/\/www.intoscana.it\/it\/adotta-bolletta-anziano-firenze\/#primaryimage"},"thumbnailUrl":"https:\/\/www.intoscana.it\/wp-content\/uploads\/I-ANZIANI-2.jpg","datePublished":"2022-02-15T14:31:53+00:00","dateModified":"2022-02-16T14:18:44+00:00","author":{"@id":"https:\/\/www.intoscana.it\/it\/#\/schema\/person\/137419af9ef5d385bde52864a841e6ce"},"description":"Il Comune e la Fondazione Montedomini hanno aperto un conto corrente per raccogliere donazioni. \"In tanti sono in difficolt\u00e0 e non chiedono aiuto per vergogna. Dobbiamo essere pi\u00f9 sensibili ad intercettare situazioni di disagio, partendo anche dai nostri vicini di casa\"","breadcrumb":{"@id":"https:\/\/www.intoscana.it\/it\/adotta-bolletta-anziano-firenze\/#breadcrumb"},"inLanguage":"it-IT","potentialAction":[{"@type":"ReadAction","target":["https:\/\/www.intoscana.it\/it\/adotta-bolletta-anziano-firenze\/"]}]},{"@type":"ImageObject","inLanguage":"it-IT","@id":"https:\/\/www.intoscana.it\/it\/adotta-bolletta-anziano-firenze\/#primaryimage","url":"https:\/\/www.intoscana.it\/wp-content\/uploads\/I-ANZIANI-2.jpg","contentUrl":"https:\/\/www.intoscana.it\/wp-content\/uploads\/I-ANZIANI-2.jpg","width":900,"height":514},{"@type":"BreadcrumbList","@id":"https:\/\/www.intoscana.it\/it\/adotta-bolletta-anziano-firenze\/#breadcrumb","itemListElement":[{"@type":"ListItem","position":1,"name":"Home","item":"https:\/\/www.intoscana.it\/it\/"},{"@type":"ListItem","position":2,"name":"Adotta la bolletta di un anziano solo, a Firenze parte la catena di solidariet\u00e0"}]},{"@type":"WebSite","@id":"https:\/\/www.intoscana.it\/it\/#website","url":"https:\/\/www.intoscana.it\/it\/","name":"intoscana","description":"","potentialAction":[{"@type":"SearchAction","target":{"@type":"EntryPoint","urlTemplate":"https:\/\/www.intoscana.it\/it\/?s={search_term_string}"},"query-input":{"@type":"PropertyValueSpecification","valueRequired":true,"valueName":"search_term_string"}}],"inLanguage":"it-IT"},{"@type":"Person","@id":"https:\/\/www.intoscana.it\/it\/#\/schema\/person\/137419af9ef5d385bde52864a841e6ce","name":"Clara D'Acunto","url":"https:\/\/www.intoscana.it\/it\/author\/clara-d_acunto\/"}]}},"_links":{"self":[{"href":"https:\/\/www.intoscana.it\/it\/wp-json\/wp\/v2\/posts\/212458","targetHints":{"allow":["GET"]}}],"collection":[{"href":"https:\/\/www.intoscana.it\/it\/wp-json\/wp\/v2\/posts"}],"about":[{"href":"https:\/\/www.intoscana.it\/it\/wp-json\/wp\/v2\/types\/post"}],"author":[{"embeddable":true,"href":"https:\/\/www.intoscana.it\/it\/wp-json\/wp\/v2\/users\/545"}],"replies":[{"embeddable":true,"href":"https:\/\/www.intoscana.it\/it\/wp-json\/wp\/v2\/comments?post=212458"}],"version-history":[{"count":0,"href":"https:\/\/www.intoscana.it\/it\/wp-json\/wp\/v2\/posts\/212458\/revisions"}],"wp:featuredmedia":[{"embeddable":true,"href":"https:\/\/www.intoscana.it\/it\/wp-json\/wp\/v2\/media\/72993"}],"wp:attachment":[{"href":"https:\/\/www.intoscana.it\/it\/wp-json\/wp\/v2\/media?parent=212458"}],"wp:term":[{"taxonomy":"category","embeddable":true,"href":"https:\/\/www.intoscana.it\/it\/wp-json\/wp\/v2\/categories?post=212458"},{"taxonomy":"post_tag","embeddable":true,"href":"https:\/\/www.intoscana.it\/it\/wp-json\/wp\/v2\/tags?post=212458"}],"curies":[{"name":"wp","href":"https:\/\/api.w.org\/{rel}","templated":true}]}}