{"id":212485,"date":"2022-02-15T12:42:25","date_gmt":"2022-02-15T11:42:25","guid":{"rendered":"https:\/\/www.intoscana.it\/it\/?p=212485"},"modified":"2022-02-16T10:20:00","modified_gmt":"2022-02-16T09:20:00","slug":"un-patto-a-tre-per-valorizzare-i-beni-comuni","status":"publish","type":"post","link":"https:\/\/www.intoscana.it\/it\/un-patto-a-tre-per-valorizzare-i-beni-comuni\/","title":{"rendered":"Un innovativo patto a tre per valorizzare i beni comuni"},"content":{"rendered":"<p>Nuove <strong>frontiere per la partecipazione<\/strong> attraverso <strong>progetti concreti<\/strong> che partono dalla base per sostenere <strong>uno sviluppo sostenibile<\/strong> e combattere ogni forma di <strong>disuguaglianze sociali ed economiche<\/strong>.<\/p>\n<p>Con questo spirito <strong>Regione e Anci Toscana<\/strong>, hanno sottoscritto insieme all\u2019Associazione Labsus, laboratorio per la sussidiariet\u00e0, un <strong>Protocollo per la valorizzazione di beni comuni<\/strong>, la promozione della coesione sociale e della cittadinanza attiva.<\/p>\n<p>Il documento \u00e8 stato sottoscritto dal presidente <strong>Eugenio Giani<\/strong>, dal direttore di Anci Toscana, <strong>Simone Gheri<\/strong>, e dal presidente di Labsus, <strong>Pasquale Bonasora<\/strong>.<\/p>\n<p>\u201c<em>Intendiamo in questo modo<\/em> &#8211; spiega il presidente, <strong>Eugenio Giani<\/strong> &#8211; <em>favorire l&#8217;autonoma iniziativa dei cittadini, singoli e associati, per lo svolgimento di attivit\u00e0 di interesse generale, sulla base del principio di sussidiariet\u00e0, cos\u00ec come \u00e8 previsto dall\u2019articolo 118 della Costituzione repubblicana<\/em>&#8220;.<\/p>\n<p>Tra <strong>le priorit\u00e0 dello statuto regionale<\/strong> ci sono proprio la tutela e la valorizzazione dei beni comuni, intesi quali <strong>beni materiali, immateriali e digitali<\/strong> che &#8220;<em>esprimono utilit\u00e0 funzionali all\u2019esercizio dei diritti fondamentali della persona, al benessere individuale e collettivo, alla coesione sociale, alla vita delle generazioni future e alla promozione di forme diffuse di partecipazione nella gestione condivisa e nella loro fruizione<\/em>\u201d aggiunge il presidente Giani.<\/p>\n<h3>Una collaborazione consolidata<\/h3>\n<p>L&#8217;impegno di <strong>Anci Toscana<\/strong> sul fronte <strong>dei beni comuni, dell\u2019economia civile e partecipativa<\/strong> viene quindi ribadito. &#8220;<em>L\u2019innovazione sociale e le buone pratiche sono ormai nell\u2019agenda di quasi tutti i Comuni della regione, ed Anci Toscana \u00e8 al loro fianco, in una sfida per costruire comunit\u00e0 pi\u00f9 solidali e coese<\/em>&#8221; sottolinea il presidente di Anci Toscana e sindaco di Prato <strong>Matteo Biffoni<\/strong>.<\/p>\n<p>Si consolida cos\u00ec la collaborazione gi\u00e0 in atto con la Regione e l&#8217;augurio \u00e8 che &#8220;<em>l\u2019apporto dell&#8217;Associazione Labsus porter\u00e0 un valore aggiunto decisivo. Gli enti locali possono muovere molte leve amministrative, procedurali, informative per governare il cambiamento verso una nuova frontiera della partecipazione, attraverso progettualit\u00e0 concrete\u201d<\/em>.<\/p>\n<p>Il protocollo, destinato a durare per l\u2019intera legislatura regionale, mira ad ottenere <mark>il miglioramento del livello dei servizi, il superamento delle disuguaglianze economiche e sociali e a favorire la collaborazione dei cittadini e delle formazioni sociali<\/mark>, secondo le loro specificit\u00e0, ai fini della <strong>valorizzazione della persona<\/strong> e dello<strong> sviluppo solidale delle comunit\u00e0<\/strong>.<\/p>\n<figure id=\"post-193358 media-193358\" class=\"align-none\"><img decoding=\"async\" src=\"https:\/\/www.intoscana.it\/wp-content\/uploads\/ciuoffo.png\" alt=\"\" \/><\/figure>\n<div class=\"titleimg\">L&#8217;assessore Stefano Ciuoffo<\/div>\n<p>\u201c<em>I soggetti protagonisti<\/em> \u2013 aggiunge l\u2019assessore regionale alla partecipazione e ai rapporti con gli enti locali, <strong>Stefano Ciuoffo<\/strong> &#8211; <em>sono considerati tutti coloro che vivono sul territorio regionale, sia come singoli, sia attraverso formazioni sociali compresi gli enti del Terzo settore. Sono loro che chiamiamo ad esprimere, secondo le rispettive caratteristiche di ognuno, finalit\u00e0 civiche, solidaristiche e di utilit\u00e0 sociale, in linea con i principi ispiratori della Regione Toscana&#8221;<\/em>.<\/p>\n<p>Ciuoffo porta ad esempio <strong>progetti di rigenerazione socio urbana e di rispetto dell\u2019ambiente<\/strong> &#8220;<em>attraverso iniziative che costruiscano esperienze di rinnovamento degli strumenti di governo<\/em>&#8220;.<\/p>\n<p>\u201c<em>Parole come beni comuni, consumo consapevole, sviluppo sostenibile, welfare civico non sono pi\u00f9 solo buone intenzioni<\/em> &#8211; afferma da parte sua il sindaco di Campi Bisenzio <strong>Emiliano Fossi<\/strong>, delegato di settore di Anci Toscana &#8211; <em>Il protocollo tra l\u2019altro ci aiuter\u00e0 a condividere informazioni e scambio di buone prassi, a costruire percorsi formativi per i dipendenti degli enti locali e per i cittadini che partecipano ai patti di collaborazione, e a promuovere azioni di animazione nei territori e di comunicazione per far conoscere queste esperienze<\/em>\u201d.<\/p>\n<h3>Le finalit\u00e0 di Labsus<\/h3>\n<p>L\u2019associazione <strong>Labsus Laboratorio per la sussidiariet\u00e0<\/strong> da anni \u00e8 impegnata nel promuovere <strong>forme di collaborazione tra Istituzioni e cittadini<\/strong> attraverso l\u2019applicazione del principio costituzionale di sussidiariet\u00e0 orizzontale previsto dall\u2019art. 118, 4\u00b0 comma della Costituzione. In Italia sono <strong>circa 300 i comuni c<\/strong>he hanno adottato il Regolamento per l\u2019amministrazione condivisa e <strong>pi\u00f9 di 6000 i Patti di collaborazione<\/strong> sottoscritti.<\/p>\n<p>&#8220;<em>Questi numeri segnalano la rilevanza dei progetti di cura dei beni comuni e la necessit\u00e0 di sostenere i percorsi avviati dagli Enti locali<\/em> &#8211;\u00a0afferma <strong>il presidente Bonasora<\/strong> &#8211; \u00a0<em>La Regione Toscana, forte delle sue tradizioni di civismo, solidariet\u00e0 e buon governo non solo ha inserito nel suo Statuto norme che promuovono il principio di sussidiariet\u00e0 orizzontale ma con la legge 71 del 2020 sul Governo collaborativo dei beni comuni e del territorio ha definito principi criteri e strumenti per sostenere i percorsi di enti locali, cittadini attivi e formazioni sociali che hanno deciso di intraprendere questa strada<\/em>&#8220;.<\/p>\n<p><mark>La sottoscrizione di un protocollo con Regione e Anci Toscana, unico di questo genere in Italia<\/mark>, rappresenta l\u2019occasione per <strong>promuovere la cultura dell\u2019Amministrazione condivisa<\/strong> attraverso attivit\u00e0 che vanno dalla c<strong>ondivisione e scambio di buone prassi<\/strong> alla formazione, all\u2019accompagnamento attraverso la definizione di <strong>linee guida per la cura dei beni comuni<\/strong>.<\/p>\n<p>&#8220;<em>Tali attivit\u00e0 permetteranno di monitorare l\u2019efficacia e lo stato di applicazione della Legge regionale e dare impulso e sostegno a quelle forme collaborative tra istituzioni e comunit\u00e0 indispensabili per promuovere la tutela, la salvaguardia e la rigenerazione dei beni comuni a tutela dell\u2019interesse generale<\/em>&#8221; conclude Bonasora.<\/p>\n","protected":false},"excerpt":{"rendered":"<p>L&#8217;intesa sottoscritta da Regione e Anci Toscana insieme all\u2019associazione Laboratorio per la sussidiariet\u00e0<\/p>\n","protected":false},"author":525,"featured_media":212527,"comment_status":"open","ping_status":"open","sticky":false,"template":"","format":"standard","meta":{"_acf_changed":false,"footnotes":""},"categories":[494],"tags":[4714,158,5145],"class_list":["post-212485","post","type-post","status-publish","format-standard","has-post-thumbnail","hentry","category-attualita","tag-anci-toscana","tag-eugenio-giani","tag-stefano-ciuoffo"],"acf":[],"yoast_head":"<!-- This site is optimized with the Yoast SEO Premium plugin v24.2 (Yoast SEO v25.6) - https:\/\/yoast.com\/wordpress\/plugins\/seo\/ -->\n<title>Un innovativo patto a tre per valorizzare i beni comuni - intoscana<\/title>\n<meta name=\"description\" content=\"L&#039;intesa sottoscritta da Regione e Anci Toscana insieme all\u2019associazione Laboratorio per la sussidiariet\u00e0\" \/>\n<meta name=\"robots\" content=\"index, follow, max-snippet:-1, max-image-preview:large, max-video-preview:-1\" \/>\n<link rel=\"canonical\" href=\"https:\/\/www.intoscana.it\/it\/un-patto-a-tre-per-valorizzare-i-beni-comuni\/\" \/>\n<meta property=\"og:locale\" content=\"it_IT\" \/>\n<meta property=\"og:type\" content=\"article\" \/>\n<meta property=\"og:title\" content=\"Un innovativo patto a tre per valorizzare i beni comuni\" \/>\n<meta property=\"og:description\" content=\"L&#039;intesa sottoscritta da Regione e Anci Toscana insieme all\u2019associazione Laboratorio per la sussidiariet\u00e0\" \/>\n<meta property=\"og:url\" content=\"https:\/\/www.intoscana.it\/it\/un-patto-a-tre-per-valorizzare-i-beni-comuni\/\" \/>\n<meta property=\"og:site_name\" content=\"intoscana\" \/>\n<meta property=\"article:publisher\" content=\"https:\/\/www.facebook.com\/intoscana.it\" \/>\n<meta property=\"article:published_time\" content=\"2022-02-15T11:42:25+00:00\" \/>\n<meta property=\"article:modified_time\" content=\"2022-02-16T09:20:00+00:00\" \/>\n<meta property=\"og:image\" content=\"https:\/\/www.intoscana.it\/wp-content\/uploads\/pitigliano-2.jpeg\" \/>\n\t<meta property=\"og:image:width\" content=\"1217\" \/>\n\t<meta property=\"og:image:height\" content=\"694\" \/>\n\t<meta property=\"og:image:type\" content=\"image\/jpeg\" \/>\n<meta name=\"author\" content=\"Redazione\" \/>\n<meta name=\"twitter:card\" content=\"summary_large_image\" \/>\n<meta name=\"twitter:creator\" content=\"@intoscana\" \/>\n<meta name=\"twitter:site\" content=\"@intoscana\" \/>\n<meta name=\"twitter:label1\" content=\"Written by\" \/>\n\t<meta name=\"twitter:data1\" content=\"Redazione\" \/>\n\t<meta name=\"twitter:label2\" content=\"Est. reading time\" \/>\n\t<meta name=\"twitter:data2\" content=\"4 minuti\" \/>\n<script type=\"application\/ld+json\" class=\"yoast-schema-graph\">{\"@context\":\"https:\/\/schema.org\",\"@graph\":[{\"@type\":\"WebPage\",\"@id\":\"https:\/\/www.intoscana.it\/it\/un-patto-a-tre-per-valorizzare-i-beni-comuni\/\",\"url\":\"https:\/\/www.intoscana.it\/it\/un-patto-a-tre-per-valorizzare-i-beni-comuni\/\",\"name\":\"Un innovativo patto a tre per valorizzare i beni comuni - intoscana\",\"isPartOf\":{\"@id\":\"https:\/\/www.intoscana.it\/it\/#website\"},\"primaryImageOfPage\":{\"@id\":\"https:\/\/www.intoscana.it\/it\/un-patto-a-tre-per-valorizzare-i-beni-comuni\/#primaryimage\"},\"image\":{\"@id\":\"https:\/\/www.intoscana.it\/it\/un-patto-a-tre-per-valorizzare-i-beni-comuni\/#primaryimage\"},\"thumbnailUrl\":\"https:\/\/www.intoscana.it\/wp-content\/uploads\/pitigliano-2.jpeg\",\"datePublished\":\"2022-02-15T11:42:25+00:00\",\"dateModified\":\"2022-02-16T09:20:00+00:00\",\"author\":{\"@id\":\"https:\/\/www.intoscana.it\/it\/#\/schema\/person\/9223810753230f20bd670fdd322661f8\"},\"description\":\"L'intesa sottoscritta da Regione e Anci Toscana insieme all\u2019associazione Laboratorio per la sussidiariet\u00e0\",\"breadcrumb\":{\"@id\":\"https:\/\/www.intoscana.it\/it\/un-patto-a-tre-per-valorizzare-i-beni-comuni\/#breadcrumb\"},\"inLanguage\":\"it-IT\",\"potentialAction\":[{\"@type\":\"ReadAction\",\"target\":[\"https:\/\/www.intoscana.it\/it\/un-patto-a-tre-per-valorizzare-i-beni-comuni\/\"]}]},{\"@type\":\"ImageObject\",\"inLanguage\":\"it-IT\",\"@id\":\"https:\/\/www.intoscana.it\/it\/un-patto-a-tre-per-valorizzare-i-beni-comuni\/#primaryimage\",\"url\":\"https:\/\/www.intoscana.it\/wp-content\/uploads\/pitigliano-2.jpeg\",\"contentUrl\":\"https:\/\/www.intoscana.it\/wp-content\/uploads\/pitigliano-2.jpeg\",\"width\":1217,\"height\":694,\"caption\":\"Pitigliano\"},{\"@type\":\"BreadcrumbList\",\"@id\":\"https:\/\/www.intoscana.it\/it\/un-patto-a-tre-per-valorizzare-i-beni-comuni\/#breadcrumb\",\"itemListElement\":[{\"@type\":\"ListItem\",\"position\":1,\"name\":\"Home\",\"item\":\"https:\/\/www.intoscana.it\/it\/\"},{\"@type\":\"ListItem\",\"position\":2,\"name\":\"Un innovativo patto a tre per valorizzare i beni comuni\"}]},{\"@type\":\"WebSite\",\"@id\":\"https:\/\/www.intoscana.it\/it\/#website\",\"url\":\"https:\/\/www.intoscana.it\/it\/\",\"name\":\"intoscana\",\"description\":\"\",\"potentialAction\":[{\"@type\":\"SearchAction\",\"target\":{\"@type\":\"EntryPoint\",\"urlTemplate\":\"https:\/\/www.intoscana.it\/it\/?s={search_term_string}\"},\"query-input\":{\"@type\":\"PropertyValueSpecification\",\"valueRequired\":true,\"valueName\":\"search_term_string\"}}],\"inLanguage\":\"it-IT\"},{\"@type\":\"Person\",\"@id\":\"https:\/\/www.intoscana.it\/it\/#\/schema\/person\/9223810753230f20bd670fdd322661f8\",\"name\":\"Redazione\",\"url\":\"https:\/\/www.intoscana.it\/it\/author\/redazione\/\"}]}<\/script>\n<!-- \/ Yoast SEO Premium plugin. -->","yoast_head_json":{"title":"Un innovativo patto a tre per valorizzare i beni comuni - intoscana","description":"L'intesa sottoscritta da Regione e Anci Toscana insieme all\u2019associazione Laboratorio per la sussidiariet\u00e0","robots":{"index":"index","follow":"follow","max-snippet":"max-snippet:-1","max-image-preview":"max-image-preview:large","max-video-preview":"max-video-preview:-1"},"canonical":"https:\/\/www.intoscana.it\/it\/un-patto-a-tre-per-valorizzare-i-beni-comuni\/","og_locale":"it_IT","og_type":"article","og_title":"Un innovativo patto a tre per valorizzare i beni comuni","og_description":"L'intesa sottoscritta da Regione e Anci Toscana insieme all\u2019associazione Laboratorio per la sussidiariet\u00e0","og_url":"https:\/\/www.intoscana.it\/it\/un-patto-a-tre-per-valorizzare-i-beni-comuni\/","og_site_name":"intoscana","article_publisher":"https:\/\/www.facebook.com\/intoscana.it","article_published_time":"2022-02-15T11:42:25+00:00","article_modified_time":"2022-02-16T09:20:00+00:00","og_image":[{"width":1217,"height":694,"url":"https:\/\/www.intoscana.it\/wp-content\/uploads\/pitigliano-2.jpeg","type":"image\/jpeg"}],"author":"Redazione","twitter_card":"summary_large_image","twitter_creator":"@intoscana","twitter_site":"@intoscana","twitter_misc":{"Written by":"Redazione","Est. reading time":"4 minuti"},"schema":{"@context":"https:\/\/schema.org","@graph":[{"@type":"WebPage","@id":"https:\/\/www.intoscana.it\/it\/un-patto-a-tre-per-valorizzare-i-beni-comuni\/","url":"https:\/\/www.intoscana.it\/it\/un-patto-a-tre-per-valorizzare-i-beni-comuni\/","name":"Un innovativo patto a tre per valorizzare i beni comuni - intoscana","isPartOf":{"@id":"https:\/\/www.intoscana.it\/it\/#website"},"primaryImageOfPage":{"@id":"https:\/\/www.intoscana.it\/it\/un-patto-a-tre-per-valorizzare-i-beni-comuni\/#primaryimage"},"image":{"@id":"https:\/\/www.intoscana.it\/it\/un-patto-a-tre-per-valorizzare-i-beni-comuni\/#primaryimage"},"thumbnailUrl":"https:\/\/www.intoscana.it\/wp-content\/uploads\/pitigliano-2.jpeg","datePublished":"2022-02-15T11:42:25+00:00","dateModified":"2022-02-16T09:20:00+00:00","author":{"@id":"https:\/\/www.intoscana.it\/it\/#\/schema\/person\/9223810753230f20bd670fdd322661f8"},"description":"L'intesa sottoscritta da Regione e Anci Toscana insieme all\u2019associazione Laboratorio per la sussidiariet\u00e0","breadcrumb":{"@id":"https:\/\/www.intoscana.it\/it\/un-patto-a-tre-per-valorizzare-i-beni-comuni\/#breadcrumb"},"inLanguage":"it-IT","potentialAction":[{"@type":"ReadAction","target":["https:\/\/www.intoscana.it\/it\/un-patto-a-tre-per-valorizzare-i-beni-comuni\/"]}]},{"@type":"ImageObject","inLanguage":"it-IT","@id":"https:\/\/www.intoscana.it\/it\/un-patto-a-tre-per-valorizzare-i-beni-comuni\/#primaryimage","url":"https:\/\/www.intoscana.it\/wp-content\/uploads\/pitigliano-2.jpeg","contentUrl":"https:\/\/www.intoscana.it\/wp-content\/uploads\/pitigliano-2.jpeg","width":1217,"height":694,"caption":"Pitigliano"},{"@type":"BreadcrumbList","@id":"https:\/\/www.intoscana.it\/it\/un-patto-a-tre-per-valorizzare-i-beni-comuni\/#breadcrumb","itemListElement":[{"@type":"ListItem","position":1,"name":"Home","item":"https:\/\/www.intoscana.it\/it\/"},{"@type":"ListItem","position":2,"name":"Un innovativo patto a tre per valorizzare i beni comuni"}]},{"@type":"WebSite","@id":"https:\/\/www.intoscana.it\/it\/#website","url":"https:\/\/www.intoscana.it\/it\/","name":"intoscana","description":"","potentialAction":[{"@type":"SearchAction","target":{"@type":"EntryPoint","urlTemplate":"https:\/\/www.intoscana.it\/it\/?s={search_term_string}"},"query-input":{"@type":"PropertyValueSpecification","valueRequired":true,"valueName":"search_term_string"}}],"inLanguage":"it-IT"},{"@type":"Person","@id":"https:\/\/www.intoscana.it\/it\/#\/schema\/person\/9223810753230f20bd670fdd322661f8","name":"Redazione","url":"https:\/\/www.intoscana.it\/it\/author\/redazione\/"}]}},"_links":{"self":[{"href":"https:\/\/www.intoscana.it\/it\/wp-json\/wp\/v2\/posts\/212485","targetHints":{"allow":["GET"]}}],"collection":[{"href":"https:\/\/www.intoscana.it\/it\/wp-json\/wp\/v2\/posts"}],"about":[{"href":"https:\/\/www.intoscana.it\/it\/wp-json\/wp\/v2\/types\/post"}],"author":[{"embeddable":true,"href":"https:\/\/www.intoscana.it\/it\/wp-json\/wp\/v2\/users\/525"}],"replies":[{"embeddable":true,"href":"https:\/\/www.intoscana.it\/it\/wp-json\/wp\/v2\/comments?post=212485"}],"version-history":[{"count":0,"href":"https:\/\/www.intoscana.it\/it\/wp-json\/wp\/v2\/posts\/212485\/revisions"}],"wp:featuredmedia":[{"embeddable":true,"href":"https:\/\/www.intoscana.it\/it\/wp-json\/wp\/v2\/media\/212527"}],"wp:attachment":[{"href":"https:\/\/www.intoscana.it\/it\/wp-json\/wp\/v2\/media?parent=212485"}],"wp:term":[{"taxonomy":"category","embeddable":true,"href":"https:\/\/www.intoscana.it\/it\/wp-json\/wp\/v2\/categories?post=212485"},{"taxonomy":"post_tag","embeddable":true,"href":"https:\/\/www.intoscana.it\/it\/wp-json\/wp\/v2\/tags?post=212485"}],"curies":[{"name":"wp","href":"https:\/\/api.w.org\/{rel}","templated":true}]}}