{"id":212554,"date":"2022-02-15T14:12:43","date_gmt":"2022-02-15T13:12:43","guid":{"rendered":"https:\/\/www.intoscana.it\/it\/?p=212554"},"modified":"2022-02-16T10:09:22","modified_gmt":"2022-02-16T09:09:22","slug":"coronavirus-4-216-nuovi-positivi-sono-23-i-decessi","status":"publish","type":"post","link":"https:\/\/www.intoscana.it\/it\/coronavirus-4-216-nuovi-positivi-sono-23-i-decessi\/","title":{"rendered":"Coronavirus, 4.216 nuovi positivi. Sono 23 i decessi"},"content":{"rendered":"<p>I nuovi casi di positivit\u00e0 al Coronavirus sono 4.216 in pi\u00f9 rispetto a ieri (1.085 confermati con tampone molecolare e 3.131 da test rapido antigenico), l&#8217;et\u00e0 media \u00e8 di 37 anni circa.<\/p>\n<p>I positivi sono oggi 65.937, -7,9% rispetto a ieri. <strong>Le persone ricoverate oggi sono 1.150<\/strong> (43 in meno rispetto a ieri, meno 3,6%), <strong>72 in terapia intensiva<\/strong> (13 in meno rispetto a ieri, meno 15,3%). <strong>I guariti crescono dell&#8217;1,3%<\/strong> e raggiungono quota 746.315 (90,9% dei casi totali).<\/p>\n<p>Oggi sono stati eseguiti <strong>9.929 tamponi molecolari e 33.511 tamponi antigenici rapidi<\/strong>, di questi il 9,7% \u00e8 risultato positivo. Sono invece 7.177 i soggetti testati oggi (con tampone antigenico e\/o molecolare, escludendo i tamponi di controllo), di cui il 58,7% \u00e8 risultato positivo.<\/p>\n<p>Oggi si registrano <strong>23 nuovi decessi<\/strong>: 12 uomini e 11 donne con un&#8217;et\u00e0 media di 84,8 anni. Relativamente alla provincia di residenza: 7 a Firenze, 4 a Prato, 3 a Pistoia, 1 a Lucca, 5 a Pisa, 1 a Livorno, 1 a Siena, 1 fuori Toscana.<\/p>\n<p>Sono <strong>243.315 i casi complessivi<\/strong> <strong>ad oggi a Firenze<\/strong> (1.102 in pi\u00f9 rispetto a ieri), 63.190 a Prato (228 in pi\u00f9), 69.571 a Pistoia (289 in pi\u00f9), 37.572 a Massa (203 in pi\u00f9), 81.285 a Lucca (468 in pi\u00f9), 94.553 a Pisa (448 in pi\u00f9), 68.652 a Livorno (423 in pi\u00f9), 72.735 ad Arezzo (460 in pi\u00f9), 51.514 a Siena (280 in pi\u00f9), 37.999 a Grosseto (315 in pi\u00f9). Sono 555 i casi positivi notificati in Toscana, ma residenti in altre regioni.<\/p>\n<p>Sono <strong>64.787 le persone in isolamento a casa<\/strong>, poich\u00e9 presentano sintomi lievi che non richiedono cure ospedaliere, o risultano prive di sintomi (5.578 in meno rispetto a ieri, meno 7,9%).<\/p>\n<p><strong>Sono 16.522<\/strong> (4.629 in meno rispetto a ieri, meno 21,9%) le persone, anch&#8217;esse isolate, <strong>in sorveglianza attiva<\/strong> perch\u00e9 hanno avuto contatti con persone contagiate (ASL Centro 4.638, Nord Ovest 8.142, Sud Est 3.742).<\/p>\n<p><strong>Le persone guarite sono 746.315<\/strong> (9.814 in pi\u00f9 rispetto a ieri, pi\u00f9 1,3%): le cosiddette guarigioni virali, con tampone negativo.<\/p>\n<p><strong>Sono 8.689 i deceduti dall&#8217;inizio dell&#8217;epidemia<\/strong> cosi ripartiti: 2.758 a Firenze, 730 a Prato, 788 a Pistoia, 597 a Massa Carrara, 832 a Lucca, 909 a Pisa, 606 a Livorno, 616 ad Arezzo, 451 a Siena, 289 a Grosseto, 113 persone sono decedute sul suolo toscano ma erano residenti fuori regione.<\/p>\n","protected":false},"excerpt":{"rendered":"<p>Le persone ricoverate sono 1.150 (43 in meno rispetto a ieri, meno 3,6%), 72 in terapia intensiva (-15,3%)<\/p>\n","protected":false},"author":525,"featured_media":145673,"comment_status":"open","ping_status":"open","sticky":false,"template":"","format":"standard","meta":{"_acf_changed":false,"footnotes":""},"categories":[494],"tags":[4868,5466],"class_list":["post-212554","post","type-post","status-publish","format-standard","has-post-thumbnail","hentry","category-attualita","tag-bollettino-covid-toscana","tag-piano-vaccini"],"acf":[],"yoast_head":"<!-- This site is optimized with the Yoast SEO Premium plugin v24.2 (Yoast SEO v25.6) - https:\/\/yoast.com\/wordpress\/plugins\/seo\/ -->\n<title>Coronavirus, 4.216 nuovi positivi. Sono 23 i decessi - intoscana<\/title>\n<meta name=\"description\" content=\"Le persone ricoverate sono 1.150 (43 in meno rispetto a ieri, meno 3,6%), 72 in terapia intensiva (-15,3%)\" \/>\n<meta name=\"robots\" content=\"index, follow, max-snippet:-1, max-image-preview:large, max-video-preview:-1\" \/>\n<link rel=\"canonical\" href=\"https:\/\/www.intoscana.it\/it\/coronavirus-4-216-nuovi-positivi-sono-23-i-decessi\/\" \/>\n<meta property=\"og:locale\" content=\"it_IT\" \/>\n<meta property=\"og:type\" content=\"article\" \/>\n<meta property=\"og:title\" content=\"Coronavirus, 4.216 nuovi positivi. Sono 23 i decessi\" \/>\n<meta property=\"og:description\" content=\"Le persone ricoverate sono 1.150 (43 in meno rispetto a ieri, meno 3,6%), 72 in terapia intensiva (-15,3%)\" \/>\n<meta property=\"og:url\" content=\"https:\/\/www.intoscana.it\/it\/coronavirus-4-216-nuovi-positivi-sono-23-i-decessi\/\" \/>\n<meta property=\"og:site_name\" content=\"intoscana\" \/>\n<meta property=\"article:publisher\" content=\"https:\/\/www.facebook.com\/intoscana.it\" \/>\n<meta property=\"article:published_time\" content=\"2022-02-15T13:12:43+00:00\" \/>\n<meta property=\"article:modified_time\" content=\"2022-02-16T09:09:22+00:00\" \/>\n<meta property=\"og:image\" content=\"https:\/\/www.intoscana.it\/wp-content\/uploads\/test-sierologico-covid-4.jpg\" \/>\n\t<meta property=\"og:image:width\" content=\"1000\" \/>\n\t<meta property=\"og:image:height\" content=\"667\" \/>\n\t<meta property=\"og:image:type\" content=\"image\/jpeg\" \/>\n<meta name=\"author\" content=\"Redazione\" \/>\n<meta name=\"twitter:card\" content=\"summary_large_image\" \/>\n<meta name=\"twitter:creator\" content=\"@intoscana\" \/>\n<meta name=\"twitter:site\" content=\"@intoscana\" \/>\n<meta name=\"twitter:label1\" content=\"Written by\" \/>\n\t<meta name=\"twitter:data1\" content=\"Redazione\" \/>\n\t<meta name=\"twitter:label2\" content=\"Est. reading time\" \/>\n\t<meta name=\"twitter:data2\" content=\"2 minuti\" \/>\n<script type=\"application\/ld+json\" class=\"yoast-schema-graph\">{\"@context\":\"https:\/\/schema.org\",\"@graph\":[{\"@type\":\"WebPage\",\"@id\":\"https:\/\/www.intoscana.it\/it\/coronavirus-4-216-nuovi-positivi-sono-23-i-decessi\/\",\"url\":\"https:\/\/www.intoscana.it\/it\/coronavirus-4-216-nuovi-positivi-sono-23-i-decessi\/\",\"name\":\"Coronavirus, 4.216 nuovi positivi. Sono 23 i decessi - intoscana\",\"isPartOf\":{\"@id\":\"https:\/\/www.intoscana.it\/it\/#website\"},\"primaryImageOfPage\":{\"@id\":\"https:\/\/www.intoscana.it\/it\/coronavirus-4-216-nuovi-positivi-sono-23-i-decessi\/#primaryimage\"},\"image\":{\"@id\":\"https:\/\/www.intoscana.it\/it\/coronavirus-4-216-nuovi-positivi-sono-23-i-decessi\/#primaryimage\"},\"thumbnailUrl\":\"https:\/\/www.intoscana.it\/wp-content\/uploads\/test-sierologico-covid-4.jpg\",\"datePublished\":\"2022-02-15T13:12:43+00:00\",\"dateModified\":\"2022-02-16T09:09:22+00:00\",\"author\":{\"@id\":\"https:\/\/www.intoscana.it\/it\/#\/schema\/person\/9223810753230f20bd670fdd322661f8\"},\"description\":\"Le persone ricoverate sono 1.150 (43 in meno rispetto a ieri, meno 3,6%), 72 in terapia intensiva (-15,3%)\",\"breadcrumb\":{\"@id\":\"https:\/\/www.intoscana.it\/it\/coronavirus-4-216-nuovi-positivi-sono-23-i-decessi\/#breadcrumb\"},\"inLanguage\":\"it-IT\",\"potentialAction\":[{\"@type\":\"ReadAction\",\"target\":[\"https:\/\/www.intoscana.it\/it\/coronavirus-4-216-nuovi-positivi-sono-23-i-decessi\/\"]}]},{\"@type\":\"ImageObject\",\"inLanguage\":\"it-IT\",\"@id\":\"https:\/\/www.intoscana.it\/it\/coronavirus-4-216-nuovi-positivi-sono-23-i-decessi\/#primaryimage\",\"url\":\"https:\/\/www.intoscana.it\/wp-content\/uploads\/test-sierologico-covid-4.jpg\",\"contentUrl\":\"https:\/\/www.intoscana.it\/wp-content\/uploads\/test-sierologico-covid-4.jpg\",\"width\":1000,\"height\":667,\"caption\":\"Coronavirus\"},{\"@type\":\"BreadcrumbList\",\"@id\":\"https:\/\/www.intoscana.it\/it\/coronavirus-4-216-nuovi-positivi-sono-23-i-decessi\/#breadcrumb\",\"itemListElement\":[{\"@type\":\"ListItem\",\"position\":1,\"name\":\"Home\",\"item\":\"https:\/\/www.intoscana.it\/it\/\"},{\"@type\":\"ListItem\",\"position\":2,\"name\":\"Coronavirus, 4.216 nuovi positivi. Sono 23 i decessi\"}]},{\"@type\":\"WebSite\",\"@id\":\"https:\/\/www.intoscana.it\/it\/#website\",\"url\":\"https:\/\/www.intoscana.it\/it\/\",\"name\":\"intoscana\",\"description\":\"\",\"potentialAction\":[{\"@type\":\"SearchAction\",\"target\":{\"@type\":\"EntryPoint\",\"urlTemplate\":\"https:\/\/www.intoscana.it\/it\/?s={search_term_string}\"},\"query-input\":{\"@type\":\"PropertyValueSpecification\",\"valueRequired\":true,\"valueName\":\"search_term_string\"}}],\"inLanguage\":\"it-IT\"},{\"@type\":\"Person\",\"@id\":\"https:\/\/www.intoscana.it\/it\/#\/schema\/person\/9223810753230f20bd670fdd322661f8\",\"name\":\"Redazione\",\"url\":\"https:\/\/www.intoscana.it\/it\/author\/redazione\/\"}]}<\/script>\n<!-- \/ Yoast SEO Premium plugin. -->","yoast_head_json":{"title":"Coronavirus, 4.216 nuovi positivi. Sono 23 i decessi - intoscana","description":"Le persone ricoverate sono 1.150 (43 in meno rispetto a ieri, meno 3,6%), 72 in terapia intensiva (-15,3%)","robots":{"index":"index","follow":"follow","max-snippet":"max-snippet:-1","max-image-preview":"max-image-preview:large","max-video-preview":"max-video-preview:-1"},"canonical":"https:\/\/www.intoscana.it\/it\/coronavirus-4-216-nuovi-positivi-sono-23-i-decessi\/","og_locale":"it_IT","og_type":"article","og_title":"Coronavirus, 4.216 nuovi positivi. Sono 23 i decessi","og_description":"Le persone ricoverate sono 1.150 (43 in meno rispetto a ieri, meno 3,6%), 72 in terapia intensiva (-15,3%)","og_url":"https:\/\/www.intoscana.it\/it\/coronavirus-4-216-nuovi-positivi-sono-23-i-decessi\/","og_site_name":"intoscana","article_publisher":"https:\/\/www.facebook.com\/intoscana.it","article_published_time":"2022-02-15T13:12:43+00:00","article_modified_time":"2022-02-16T09:09:22+00:00","og_image":[{"width":1000,"height":667,"url":"https:\/\/www.intoscana.it\/wp-content\/uploads\/test-sierologico-covid-4.jpg","type":"image\/jpeg"}],"author":"Redazione","twitter_card":"summary_large_image","twitter_creator":"@intoscana","twitter_site":"@intoscana","twitter_misc":{"Written by":"Redazione","Est. reading time":"2 minuti"},"schema":{"@context":"https:\/\/schema.org","@graph":[{"@type":"WebPage","@id":"https:\/\/www.intoscana.it\/it\/coronavirus-4-216-nuovi-positivi-sono-23-i-decessi\/","url":"https:\/\/www.intoscana.it\/it\/coronavirus-4-216-nuovi-positivi-sono-23-i-decessi\/","name":"Coronavirus, 4.216 nuovi positivi. Sono 23 i decessi - intoscana","isPartOf":{"@id":"https:\/\/www.intoscana.it\/it\/#website"},"primaryImageOfPage":{"@id":"https:\/\/www.intoscana.it\/it\/coronavirus-4-216-nuovi-positivi-sono-23-i-decessi\/#primaryimage"},"image":{"@id":"https:\/\/www.intoscana.it\/it\/coronavirus-4-216-nuovi-positivi-sono-23-i-decessi\/#primaryimage"},"thumbnailUrl":"https:\/\/www.intoscana.it\/wp-content\/uploads\/test-sierologico-covid-4.jpg","datePublished":"2022-02-15T13:12:43+00:00","dateModified":"2022-02-16T09:09:22+00:00","author":{"@id":"https:\/\/www.intoscana.it\/it\/#\/schema\/person\/9223810753230f20bd670fdd322661f8"},"description":"Le persone ricoverate sono 1.150 (43 in meno rispetto a ieri, meno 3,6%), 72 in terapia intensiva (-15,3%)","breadcrumb":{"@id":"https:\/\/www.intoscana.it\/it\/coronavirus-4-216-nuovi-positivi-sono-23-i-decessi\/#breadcrumb"},"inLanguage":"it-IT","potentialAction":[{"@type":"ReadAction","target":["https:\/\/www.intoscana.it\/it\/coronavirus-4-216-nuovi-positivi-sono-23-i-decessi\/"]}]},{"@type":"ImageObject","inLanguage":"it-IT","@id":"https:\/\/www.intoscana.it\/it\/coronavirus-4-216-nuovi-positivi-sono-23-i-decessi\/#primaryimage","url":"https:\/\/www.intoscana.it\/wp-content\/uploads\/test-sierologico-covid-4.jpg","contentUrl":"https:\/\/www.intoscana.it\/wp-content\/uploads\/test-sierologico-covid-4.jpg","width":1000,"height":667,"caption":"Coronavirus"},{"@type":"BreadcrumbList","@id":"https:\/\/www.intoscana.it\/it\/coronavirus-4-216-nuovi-positivi-sono-23-i-decessi\/#breadcrumb","itemListElement":[{"@type":"ListItem","position":1,"name":"Home","item":"https:\/\/www.intoscana.it\/it\/"},{"@type":"ListItem","position":2,"name":"Coronavirus, 4.216 nuovi positivi. Sono 23 i decessi"}]},{"@type":"WebSite","@id":"https:\/\/www.intoscana.it\/it\/#website","url":"https:\/\/www.intoscana.it\/it\/","name":"intoscana","description":"","potentialAction":[{"@type":"SearchAction","target":{"@type":"EntryPoint","urlTemplate":"https:\/\/www.intoscana.it\/it\/?s={search_term_string}"},"query-input":{"@type":"PropertyValueSpecification","valueRequired":true,"valueName":"search_term_string"}}],"inLanguage":"it-IT"},{"@type":"Person","@id":"https:\/\/www.intoscana.it\/it\/#\/schema\/person\/9223810753230f20bd670fdd322661f8","name":"Redazione","url":"https:\/\/www.intoscana.it\/it\/author\/redazione\/"}]}},"_links":{"self":[{"href":"https:\/\/www.intoscana.it\/it\/wp-json\/wp\/v2\/posts\/212554","targetHints":{"allow":["GET"]}}],"collection":[{"href":"https:\/\/www.intoscana.it\/it\/wp-json\/wp\/v2\/posts"}],"about":[{"href":"https:\/\/www.intoscana.it\/it\/wp-json\/wp\/v2\/types\/post"}],"author":[{"embeddable":true,"href":"https:\/\/www.intoscana.it\/it\/wp-json\/wp\/v2\/users\/525"}],"replies":[{"embeddable":true,"href":"https:\/\/www.intoscana.it\/it\/wp-json\/wp\/v2\/comments?post=212554"}],"version-history":[{"count":0,"href":"https:\/\/www.intoscana.it\/it\/wp-json\/wp\/v2\/posts\/212554\/revisions"}],"wp:featuredmedia":[{"embeddable":true,"href":"https:\/\/www.intoscana.it\/it\/wp-json\/wp\/v2\/media\/145673"}],"wp:attachment":[{"href":"https:\/\/www.intoscana.it\/it\/wp-json\/wp\/v2\/media?parent=212554"}],"wp:term":[{"taxonomy":"category","embeddable":true,"href":"https:\/\/www.intoscana.it\/it\/wp-json\/wp\/v2\/categories?post=212554"},{"taxonomy":"post_tag","embeddable":true,"href":"https:\/\/www.intoscana.it\/it\/wp-json\/wp\/v2\/tags?post=212554"}],"curies":[{"name":"wp","href":"https:\/\/api.w.org\/{rel}","templated":true}]}}