{"id":212966,"date":"2022-02-17T17:02:13","date_gmt":"2022-02-17T16:02:13","guid":{"rendered":"https:\/\/www.intoscana.it\/it\/?p=212966"},"modified":"2022-02-17T17:08:05","modified_gmt":"2022-02-17T16:08:05","slug":"expo-dei-vini-2022-e-cicloturismo-nel-futuro-del-chianti-colli-fiorentini","status":"publish","type":"post","link":"https:\/\/www.intoscana.it\/it\/expo-dei-vini-2022-e-cicloturismo-nel-futuro-del-chianti-colli-fiorentini\/","title":{"rendered":"Expo dei vini 2022 e cicloturismo nel futuro del Chianti Colli Fiorentini"},"content":{"rendered":"<p><strong>Il Chianti Colli Fiorentini<\/strong> riparte <strong>dall&#8217;Expo 2022<\/strong> e dal <strong>progetto del parco per il cicloturismo<\/strong>: si avvia cos\u00ec una collaborazione senza precedenti che vede il consorzio vinicolo al fianco di Regione Toscana e di amministrazioni comunali per una <strong>promozione del brand e del territorio<\/strong> che va di pari passo tra <strong>ambiente, storia, enologia, turismo<\/strong>.<\/p>\n<p><strong>Cultura, turismo, enogastronomia, paesaggio<\/strong>: queste le risorse di un territorio gi\u00e0 ricco che il concorso di forze vuole <strong>promuovere<\/strong> con <strong>progetti che valorizzano il patrimonio enologico<\/strong> <strong>e<\/strong> a<strong>groalimentare<\/strong>, senza trascurare <strong>storia, tradizione e territorio<\/strong>.<\/p>\n<p>In particolare, i Comuni tutti lavoreranno per promuovere al meglio <strong>il marchio del Chianti Colli Fiorentini<\/strong> sul territorio, con eventi come <strong>l\u2019Expo 2022 del Chianti Colli Fiorentini<\/strong>; sar\u00e0 montata una cartellonistica ad hoc sul territorio e riattivato ed implementato il \u201c<em>Progetto del Parco Cicloturismo del Chianti Colli Fiorentini<\/em>\u201d. Ecco i comuni firmatari: <mark>Firenze, Bagno a Ripoli, Barberino Tavarnelle, Certaldo, Fiesole, Figline ed Incisa Val d&#8217;Arno, Impruneta, Lastra a Signa, Montelupo Fiorentino, Montespertoli, Pelago, Pontassieve, Reggello, Rignano sull&#8217;Arno, San Casciano Val di Pesa, Scandicci<\/mark>.<\/p>\n<p>\u201c<em>Questa firma ha anche un significato storico<\/em> \u2013 ha sottolineato <strong>il presidente Eugenio Giani<\/strong>\u00a0 &#8211; <em>Se si pensa che a 90 anni dalla sua costituzione il Consorzio Chianti Colli fiorentini con la sua attivit\u00e0 crea un legame fra tutti i Comuni che rappresentano con il loro territorio una parte di identit\u00e0 forte della Toscana. Perch\u00e9 la Toscana del vino deve parte del suo successo alla maestria e alla caparbiet\u00e0 degli imprenditori, alla forza delle organizzazioni consortili ma anche ai territori, come in questo caso, quello delle colline fiorentine, che ha conservato e direi rafforzato nel tempo la sua identit\u00e0 e che rende viva l\u2019equazione che fa corrispondere l\u2019 \u201cessere\u201d fra le colline toscane all\u2019essere proiettati in un benessere quotidiano fatto di cultura, natura, storia, arte e, chiaramente, di eccellenza enogastronomica: un paradiso in terra, insomma, che abbiamo il dovere di valorizzare con sempre maggiore impegno. E la firma di oggi ne \u00e8 la testimonianza<\/em>\u201d.<\/p>\n<p>\u201c<em>Il vino<\/em> &#8211; ha detto la vicepresidente e assessora all\u2019agroalimentare <strong>Stefania Saccardi<\/strong> &#8211; <em>non \u00e8 solo un prodotto di grande qualit\u00e0 che porta il nome della Toscana nel mondo ma \u00e8 anche un elemento di valore e di ricchezza del nostro territorio e questo accordo, molto importante, mette insieme il Consorzio del Chianti Colli Fiorentini, ispiratore di questa intesa, e tante amministrazioni comunali che hanno deciso di lavorare insieme alla promozione del territorio e alla promozione del vino. Credo sia un segnale davvero significativo di quanto il vino sia collegato alla bellezza del nostro territorio. In Toscana non si vende solo un prodotto ma un territorio, elemento di attrattivit\u00e0 unico e lo dimostra il fatto che l\u2019enoturismo sia diventato importante almeno quanto il turismo tradizionale<\/em>\u201d.<\/p>\n<p><strong>Il patto siglato in Regione<\/strong> \u00e8 solo il punto di inizio di un lavoro di squadra che vedr\u00e0 unire le forze dei <strong>sedici Comuni compresi nell\u2019area del Chianti Colli Fiorentini<\/strong>. L&#8217;obiettivo \u00e8 di &#8220;<em>dare valore ad una realt\u00e0 che da novant\u2019anni porta nel mondo il nome del territorio all\u2019insegna della qualit\u00e0 e dell\u2019eccellenza<\/em> \u2013 dichiarano <strong>gli amministratori degli enti locali<\/strong> promotori dell\u2019iniziativa -. <em>L\u2019unione di intenti, sottoscritta alla presenza della vicepresidente della Regione Toscana Stefania Saccardi che assicura il suo supporto, si realizzer\u00e0 nei fatti con una progettualit\u00e0 condivisa che punta alla promozione del marchio e allo stesso tempo del patrimonio culturale, artistico e paesaggistico del Chianti Colli Fiorentini. Un obiettivo comune tanto pi\u00f9 necessario in un momento cos\u00ec cruciale: le nostre aziende dovranno essere protagoniste della ripresa post-emergenza e ripartire tutti insieme \u00e8 il modo migliore per crescere<\/em>\u201d.<\/p>\n","protected":false},"excerpt":{"rendered":"<p>Storico accordo tra il consorzio vinicolo, Regione Toscana e comuni per la promozione del brand e del territorio<\/p>\n","protected":false},"author":554,"featured_media":212967,"comment_status":"open","ping_status":"open","sticky":false,"template":"","format":"standard","meta":{"_acf_changed":false,"footnotes":""},"categories":[8],"tags":[6422,158,4769],"class_list":["post-212966","post","type-post","status-publish","format-standard","has-post-thumbnail","hentry","category-enogastronomia","tag-chianti-colli-fiorentini","tag-eugenio-giani","tag-stefania-saccardi"],"acf":[],"yoast_head":"<!-- This site is optimized with the Yoast SEO Premium plugin v24.2 (Yoast SEO v25.6) - https:\/\/yoast.com\/wordpress\/plugins\/seo\/ -->\n<title>Expo dei vini 2022 e cicloturismo nel futuro del Chianti Colli Fiorentini - intoscana<\/title>\n<meta name=\"description\" content=\"Storico accordo tra il consorzio vinicolo, Regione Toscana e comuni per la promozione del brand e del territorio\" \/>\n<meta name=\"robots\" content=\"index, follow, max-snippet:-1, max-image-preview:large, max-video-preview:-1\" \/>\n<link rel=\"canonical\" href=\"https:\/\/www.intoscana.it\/it\/expo-dei-vini-2022-e-cicloturismo-nel-futuro-del-chianti-colli-fiorentini\/\" \/>\n<meta property=\"og:locale\" content=\"it_IT\" \/>\n<meta property=\"og:type\" content=\"article\" \/>\n<meta property=\"og:title\" content=\"Expo dei vini 2022 e cicloturismo nel futuro del Chianti Colli Fiorentini\" \/>\n<meta property=\"og:description\" content=\"Storico accordo tra il consorzio vinicolo, Regione Toscana e comuni per la promozione del brand e del territorio\" \/>\n<meta property=\"og:url\" content=\"https:\/\/www.intoscana.it\/it\/expo-dei-vini-2022-e-cicloturismo-nel-futuro-del-chianti-colli-fiorentini\/\" \/>\n<meta property=\"og:site_name\" content=\"intoscana\" \/>\n<meta property=\"article:publisher\" content=\"https:\/\/www.facebook.com\/intoscana.it\" \/>\n<meta property=\"article:published_time\" content=\"2022-02-17T16:02:13+00:00\" \/>\n<meta property=\"article:modified_time\" content=\"2022-02-17T16:08:05+00:00\" \/>\n<meta property=\"og:image\" content=\"https:\/\/www.intoscana.it\/wp-content\/uploads\/Vigneti.jpeg\" \/>\n\t<meta property=\"og:image:width\" content=\"600\" \/>\n\t<meta property=\"og:image:height\" content=\"384\" \/>\n\t<meta property=\"og:image:type\" content=\"image\/jpeg\" \/>\n<meta name=\"author\" content=\"Raffaella Galamini\" \/>\n<meta name=\"twitter:card\" content=\"summary_large_image\" \/>\n<meta name=\"twitter:creator\" content=\"@orio\" \/>\n<meta name=\"twitter:site\" content=\"@intoscana\" \/>\n<meta name=\"twitter:label1\" content=\"Written by\" \/>\n\t<meta name=\"twitter:data1\" content=\"Raffaella Galamini\" \/>\n\t<meta name=\"twitter:label2\" content=\"Est. reading time\" \/>\n\t<meta name=\"twitter:data2\" content=\"3 minuti\" \/>\n<script type=\"application\/ld+json\" class=\"yoast-schema-graph\">{\"@context\":\"https:\/\/schema.org\",\"@graph\":[{\"@type\":\"WebPage\",\"@id\":\"https:\/\/www.intoscana.it\/it\/expo-dei-vini-2022-e-cicloturismo-nel-futuro-del-chianti-colli-fiorentini\/\",\"url\":\"https:\/\/www.intoscana.it\/it\/expo-dei-vini-2022-e-cicloturismo-nel-futuro-del-chianti-colli-fiorentini\/\",\"name\":\"Expo dei vini 2022 e cicloturismo nel futuro del Chianti Colli Fiorentini - intoscana\",\"isPartOf\":{\"@id\":\"https:\/\/www.intoscana.it\/it\/#website\"},\"primaryImageOfPage\":{\"@id\":\"https:\/\/www.intoscana.it\/it\/expo-dei-vini-2022-e-cicloturismo-nel-futuro-del-chianti-colli-fiorentini\/#primaryimage\"},\"image\":{\"@id\":\"https:\/\/www.intoscana.it\/it\/expo-dei-vini-2022-e-cicloturismo-nel-futuro-del-chianti-colli-fiorentini\/#primaryimage\"},\"thumbnailUrl\":\"https:\/\/www.intoscana.it\/wp-content\/uploads\/Vigneti.jpeg\",\"datePublished\":\"2022-02-17T16:02:13+00:00\",\"dateModified\":\"2022-02-17T16:08:05+00:00\",\"author\":{\"@id\":\"https:\/\/www.intoscana.it\/it\/#\/schema\/person\/9eb9daa846a49fe51af39a73d9d1986b\"},\"description\":\"Storico accordo tra il consorzio vinicolo, Regione Toscana e comuni per la promozione del brand e del territorio\",\"breadcrumb\":{\"@id\":\"https:\/\/www.intoscana.it\/it\/expo-dei-vini-2022-e-cicloturismo-nel-futuro-del-chianti-colli-fiorentini\/#breadcrumb\"},\"inLanguage\":\"it-IT\",\"potentialAction\":[{\"@type\":\"ReadAction\",\"target\":[\"https:\/\/www.intoscana.it\/it\/expo-dei-vini-2022-e-cicloturismo-nel-futuro-del-chianti-colli-fiorentini\/\"]}]},{\"@type\":\"ImageObject\",\"inLanguage\":\"it-IT\",\"@id\":\"https:\/\/www.intoscana.it\/it\/expo-dei-vini-2022-e-cicloturismo-nel-futuro-del-chianti-colli-fiorentini\/#primaryimage\",\"url\":\"https:\/\/www.intoscana.it\/wp-content\/uploads\/Vigneti.jpeg\",\"contentUrl\":\"https:\/\/www.intoscana.it\/wp-content\/uploads\/Vigneti.jpeg\",\"width\":600,\"height\":384,\"caption\":\"Vigneti\"},{\"@type\":\"BreadcrumbList\",\"@id\":\"https:\/\/www.intoscana.it\/it\/expo-dei-vini-2022-e-cicloturismo-nel-futuro-del-chianti-colli-fiorentini\/#breadcrumb\",\"itemListElement\":[{\"@type\":\"ListItem\",\"position\":1,\"name\":\"Home\",\"item\":\"https:\/\/www.intoscana.it\/it\/\"},{\"@type\":\"ListItem\",\"position\":2,\"name\":\"Expo dei vini 2022 e cicloturismo nel futuro del Chianti Colli Fiorentini\"}]},{\"@type\":\"WebSite\",\"@id\":\"https:\/\/www.intoscana.it\/it\/#website\",\"url\":\"https:\/\/www.intoscana.it\/it\/\",\"name\":\"intoscana\",\"description\":\"\",\"potentialAction\":[{\"@type\":\"SearchAction\",\"target\":{\"@type\":\"EntryPoint\",\"urlTemplate\":\"https:\/\/www.intoscana.it\/it\/?s={search_term_string}\"},\"query-input\":{\"@type\":\"PropertyValueSpecification\",\"valueRequired\":true,\"valueName\":\"search_term_string\"}}],\"inLanguage\":\"it-IT\"},{\"@type\":\"Person\",\"@id\":\"https:\/\/www.intoscana.it\/it\/#\/schema\/person\/9eb9daa846a49fe51af39a73d9d1986b\",\"name\":\"Raffaella Galamini\",\"sameAs\":[\"https:\/\/x.com\/orio\"],\"url\":\"https:\/\/www.intoscana.it\/it\/author\/r-galamini\/\"}]}<\/script>\n<!-- \/ Yoast SEO Premium plugin. -->","yoast_head_json":{"title":"Expo dei vini 2022 e cicloturismo nel futuro del Chianti Colli Fiorentini - intoscana","description":"Storico accordo tra il consorzio vinicolo, Regione Toscana e comuni per la promozione del brand e del territorio","robots":{"index":"index","follow":"follow","max-snippet":"max-snippet:-1","max-image-preview":"max-image-preview:large","max-video-preview":"max-video-preview:-1"},"canonical":"https:\/\/www.intoscana.it\/it\/expo-dei-vini-2022-e-cicloturismo-nel-futuro-del-chianti-colli-fiorentini\/","og_locale":"it_IT","og_type":"article","og_title":"Expo dei vini 2022 e cicloturismo nel futuro del Chianti Colli Fiorentini","og_description":"Storico accordo tra il consorzio vinicolo, Regione Toscana e comuni per la promozione del brand e del territorio","og_url":"https:\/\/www.intoscana.it\/it\/expo-dei-vini-2022-e-cicloturismo-nel-futuro-del-chianti-colli-fiorentini\/","og_site_name":"intoscana","article_publisher":"https:\/\/www.facebook.com\/intoscana.it","article_published_time":"2022-02-17T16:02:13+00:00","article_modified_time":"2022-02-17T16:08:05+00:00","og_image":[{"width":600,"height":384,"url":"https:\/\/www.intoscana.it\/wp-content\/uploads\/Vigneti.jpeg","type":"image\/jpeg"}],"author":"Raffaella Galamini","twitter_card":"summary_large_image","twitter_creator":"@orio","twitter_site":"@intoscana","twitter_misc":{"Written by":"Raffaella Galamini","Est. reading time":"3 minuti"},"schema":{"@context":"https:\/\/schema.org","@graph":[{"@type":"WebPage","@id":"https:\/\/www.intoscana.it\/it\/expo-dei-vini-2022-e-cicloturismo-nel-futuro-del-chianti-colli-fiorentini\/","url":"https:\/\/www.intoscana.it\/it\/expo-dei-vini-2022-e-cicloturismo-nel-futuro-del-chianti-colli-fiorentini\/","name":"Expo dei vini 2022 e cicloturismo nel futuro del Chianti Colli Fiorentini - intoscana","isPartOf":{"@id":"https:\/\/www.intoscana.it\/it\/#website"},"primaryImageOfPage":{"@id":"https:\/\/www.intoscana.it\/it\/expo-dei-vini-2022-e-cicloturismo-nel-futuro-del-chianti-colli-fiorentini\/#primaryimage"},"image":{"@id":"https:\/\/www.intoscana.it\/it\/expo-dei-vini-2022-e-cicloturismo-nel-futuro-del-chianti-colli-fiorentini\/#primaryimage"},"thumbnailUrl":"https:\/\/www.intoscana.it\/wp-content\/uploads\/Vigneti.jpeg","datePublished":"2022-02-17T16:02:13+00:00","dateModified":"2022-02-17T16:08:05+00:00","author":{"@id":"https:\/\/www.intoscana.it\/it\/#\/schema\/person\/9eb9daa846a49fe51af39a73d9d1986b"},"description":"Storico accordo tra il consorzio vinicolo, Regione Toscana e comuni per la promozione del brand e del territorio","breadcrumb":{"@id":"https:\/\/www.intoscana.it\/it\/expo-dei-vini-2022-e-cicloturismo-nel-futuro-del-chianti-colli-fiorentini\/#breadcrumb"},"inLanguage":"it-IT","potentialAction":[{"@type":"ReadAction","target":["https:\/\/www.intoscana.it\/it\/expo-dei-vini-2022-e-cicloturismo-nel-futuro-del-chianti-colli-fiorentini\/"]}]},{"@type":"ImageObject","inLanguage":"it-IT","@id":"https:\/\/www.intoscana.it\/it\/expo-dei-vini-2022-e-cicloturismo-nel-futuro-del-chianti-colli-fiorentini\/#primaryimage","url":"https:\/\/www.intoscana.it\/wp-content\/uploads\/Vigneti.jpeg","contentUrl":"https:\/\/www.intoscana.it\/wp-content\/uploads\/Vigneti.jpeg","width":600,"height":384,"caption":"Vigneti"},{"@type":"BreadcrumbList","@id":"https:\/\/www.intoscana.it\/it\/expo-dei-vini-2022-e-cicloturismo-nel-futuro-del-chianti-colli-fiorentini\/#breadcrumb","itemListElement":[{"@type":"ListItem","position":1,"name":"Home","item":"https:\/\/www.intoscana.it\/it\/"},{"@type":"ListItem","position":2,"name":"Expo dei vini 2022 e cicloturismo nel futuro del Chianti Colli Fiorentini"}]},{"@type":"WebSite","@id":"https:\/\/www.intoscana.it\/it\/#website","url":"https:\/\/www.intoscana.it\/it\/","name":"intoscana","description":"","potentialAction":[{"@type":"SearchAction","target":{"@type":"EntryPoint","urlTemplate":"https:\/\/www.intoscana.it\/it\/?s={search_term_string}"},"query-input":{"@type":"PropertyValueSpecification","valueRequired":true,"valueName":"search_term_string"}}],"inLanguage":"it-IT"},{"@type":"Person","@id":"https:\/\/www.intoscana.it\/it\/#\/schema\/person\/9eb9daa846a49fe51af39a73d9d1986b","name":"Raffaella Galamini","sameAs":["https:\/\/x.com\/orio"],"url":"https:\/\/www.intoscana.it\/it\/author\/r-galamini\/"}]}},"_links":{"self":[{"href":"https:\/\/www.intoscana.it\/it\/wp-json\/wp\/v2\/posts\/212966","targetHints":{"allow":["GET"]}}],"collection":[{"href":"https:\/\/www.intoscana.it\/it\/wp-json\/wp\/v2\/posts"}],"about":[{"href":"https:\/\/www.intoscana.it\/it\/wp-json\/wp\/v2\/types\/post"}],"author":[{"embeddable":true,"href":"https:\/\/www.intoscana.it\/it\/wp-json\/wp\/v2\/users\/554"}],"replies":[{"embeddable":true,"href":"https:\/\/www.intoscana.it\/it\/wp-json\/wp\/v2\/comments?post=212966"}],"version-history":[{"count":0,"href":"https:\/\/www.intoscana.it\/it\/wp-json\/wp\/v2\/posts\/212966\/revisions"}],"wp:featuredmedia":[{"embeddable":true,"href":"https:\/\/www.intoscana.it\/it\/wp-json\/wp\/v2\/media\/212967"}],"wp:attachment":[{"href":"https:\/\/www.intoscana.it\/it\/wp-json\/wp\/v2\/media?parent=212966"}],"wp:term":[{"taxonomy":"category","embeddable":true,"href":"https:\/\/www.intoscana.it\/it\/wp-json\/wp\/v2\/categories?post=212966"},{"taxonomy":"post_tag","embeddable":true,"href":"https:\/\/www.intoscana.it\/it\/wp-json\/wp\/v2\/tags?post=212966"}],"curies":[{"name":"wp","href":"https:\/\/api.w.org\/{rel}","templated":true}]}}