{"id":213064,"date":"2022-02-18T13:13:16","date_gmt":"2022-02-18T12:13:16","guid":{"rendered":"https:\/\/www.intoscana.it\/it\/?p=213064"},"modified":"2022-02-18T13:15:08","modified_gmt":"2022-02-18T12:15:08","slug":"covid-nuovi-casi-18-febbraio-toscana","status":"publish","type":"post","link":"https:\/\/www.intoscana.it\/it\/covid-nuovi-casi-18-febbraio-toscana\/","title":{"rendered":"Covid, 3.324 nuovi casi. Si liberano i letti nei reparti Covid"},"content":{"rendered":"<p>In Toscana sono 831.284 i casi di positivit\u00e0 al Coronavirus <strong>ovvero 3.324 in pi\u00f9 rispetto a ieri<\/strong>: 1.362 confermati con tampone molecolare e 1.962 da test rapido antigenico.<\/p>\n<h3>I nuovi casi Covid<\/h3>\n<p><strong>I nuovi casi sono lo 0,4% in pi\u00f9 rispetto al totale del giorno precedente.<\/strong> Oggi sono stati eseguiti 8.846 tamponi molecolari e 20.773 tamponi antigenici rapidi, di questi l&#8217;11,2% \u00e8 risultato positivo. Sono invece 5.702 i soggetti testati oggi (con tampone antigenico e\/o molecolare, escludendo i tamponi di controllo), di cui il 58,3% \u00e8 risultato positivo.<strong> Gli attualmente positivi sono oggi 54.527, -6% rispetto a ieri.<\/strong><\/p>\n<p><strong>L&#8217;et\u00e0 media dei 3.324 nuovi positivi odierni \u00e8 di 37 anni circa<\/strong> (29% ha meno di 20 anni, 21% tra 20 e 39 anni, 31% tra 40 e 59 anni, 14% tra 60 e 79 anni, 5% ha 80 anni o pi\u00f9).<\/p>\n<h3>I casi di positivit\u00e0 sul territorio<\/h3>\n<p>Di seguito i casi di positivit\u00e0 sul territorio con la variazione rispetto a ieri (1.362 confermati con tampone molecolare e 1.962 da test rapido antigenico). Sono 245.740 i casi complessivi ad oggi a Firenze (729 in pi\u00f9 rispetto a ieri), 63.793 a Prato (192 in pi\u00f9), 70.228 a Pistoia (224 in pi\u00f9), 38.044 a Massa (177 in pi\u00f9), 82.641 a Lucca (493 in pi\u00f9), 95.580 a Pisa (307 in pi\u00f9), 69.728 a Livorno (348 in pi\u00f9), 73.822 ad Arezzo (380 in pi\u00f9), 52.335 a Siena (228 in pi\u00f9), 38.818 a Grosseto (246 in pi\u00f9). Sono 555 i casi positivi notificati in Toscana, ma residenti in altre regioni.<\/p>\n<p>Sono 1.183 i casi riscontrati oggi nell&#8217;Asl Centro, 1.287 nella Nord Ovest, 854 nella Sud est.<\/p>\n<p>La Toscana si trova al 8\u00b0 posto in Italia come numerosit\u00e0 di casi (comprensivi di residenti e non residenti), con circa 22.511 casi per 100.000 abitanti (media italiana circa 20.804 x100.000, dato di ieri). Le province di notifica con il tasso pi\u00f9 alto sono Firenze con 24.613 casi x100.000 abitanti, Pistoia con 24.196, Prato con 24.048, la pi\u00f9 bassa Grosseto con 17.819.<\/p>\n<h3>Isolamento, sorveglianza e ricoveri<\/h3>\n<p>Complessivamente, 53.483 persone sono in isolamento a casa, poich\u00e9 presentano sintomi lievi che non richiedono cure ospedaliere, o risultano prive di sintomi (3.463 in meno rispetto a ieri, meno 6,1%).<\/p>\n<p>Sono 12.691 (1.396 in meno rispetto a ieri, meno 9,9%) le persone, anch&#8217;esse isolate, in sorveglianza attiva perch\u00e9 hanno avuto contatti con persone contagiate (ASL Centro 3.049, Nord Ovest 6.597, Sud Est 3.045).<\/p>\n<p><strong>Le persone ricoverate nei posti letto dedicati ai pazienti Covid oggi sono complessivamente 1.044<\/strong> (<strong>45 in meno rispetto a ieri, meno 4,1%<\/strong>), 66 in terapia intensiva (4 in meno rispetto a ieri, meno 5,7%).<\/p>\n<p><strong>Le persone complessivamente guarite sono 767.990<\/strong> (6.804 in pi\u00f9 rispetto a ieri, pi\u00f9 0,9%): 0 persone clinicamente guarite (stabili rispetto a ieri), divenute cio\u00e8 asintomatiche dopo aver presentato manifestazioni cliniche associate all&#8217;infezione e 767.990 (6.804 in pi\u00f9 rispetto a ieri, pi\u00f9 0,9%) dichiarate guarite a tutti gli effetti, le cosiddette guarigioni virali, con tampone negativo.<\/p>\n<h3>Mortalit\u00e0<\/h3>\n<p><strong>Oggi si registrano 28 nuovi decessi: 16 uomini e 12 donne con un&#8217;et\u00e0 media di 84,5 anni. <\/strong>Relativamente alla provincia di residenza, le 28 persone decedute sono: 8 a Firenze, 2 a Prato, 1 a Pistoia, 2 a Massa Carrara, 2 a Lucca, 5 a Pisa, 4 a Livorno, 2 a Siena, 2 a Grosseto.<\/p>\n<p>Sono 8.767 i deceduti dall&#8217;inizio dell&#8217;epidemia cosi ripartiti: 2.779 a Firenze, 734 a Prato, 792 a Pistoia, 600 a Massa Carrara, 838 a Lucca, 920 a Pisa, 615 a Livorno, 618 ad Arezzo, 454 a Siena, 303 a Grosseto, 114 persone sono decedute sul suolo toscano ma erano residenti fuori regione.<\/p>\n<p>Il tasso grezzo di mortalit\u00e0 toscano (numero di deceduti\/popolazione residente) per Covid-19 \u00e8 di 237,4 x100.000 residenti contro il 257,1 x100.000 della media italiana (10\u00b0 regione). Per quanto riguarda le province, il tasso di mortalit\u00e0 pi\u00f9 alto si riscontra a Massa Carrara (316,1 x100.000), Firenze (278,3 x100.000) e Prato (276,7 x100.000), il pi\u00f9 basso a Grosseto (139,1 x100.000).<\/p>\n","protected":false},"excerpt":{"rendered":"<p>L&#8217;et\u00e0 media dei 3.324 nuovi positivi odierni \u00e8 di 37 anni circa. Oggi si registrano 28 nuovi decessi: 16 uomini e 12 donne con un&#8217;et\u00e0 media di 84,5 anni<\/p>\n","protected":false},"author":525,"featured_media":160974,"comment_status":"open","ping_status":"open","sticky":false,"template":"","format":"standard","meta":{"_acf_changed":false,"footnotes":""},"categories":[494],"tags":[4868,4701,5149,349],"class_list":["post-213064","post","type-post","status-publish","format-standard","has-post-thumbnail","hentry","category-attualita","tag-bollettino-covid-toscana","tag-emergenza-sanitaria","tag-pandemia","tag-sanita"],"acf":[],"yoast_head":"<!-- This site is optimized with the Yoast SEO Premium plugin v24.2 (Yoast SEO v25.6) - https:\/\/yoast.com\/wordpress\/plugins\/seo\/ -->\n<title>Covid, 3.324 nuovi casi. Si liberano i letti nei reparti Covid - intoscana<\/title>\n<meta name=\"description\" content=\"L&#039;et\u00e0 media dei 3.324 nuovi positivi \u00e8 37 anni. Oggi si registrano 28 nuovi decessi: 16 uomini e 12 donne con un&#039;et\u00e0 media di 84,5 anni\" \/>\n<meta name=\"robots\" content=\"index, follow, max-snippet:-1, max-image-preview:large, max-video-preview:-1\" \/>\n<link rel=\"canonical\" href=\"https:\/\/www.intoscana.it\/it\/covid-nuovi-casi-18-febbraio-toscana\/\" \/>\n<meta property=\"og:locale\" content=\"it_IT\" \/>\n<meta property=\"og:type\" content=\"article\" \/>\n<meta property=\"og:title\" content=\"Covid, 3.324 nuovi casi. Si liberano i letti nei reparti Covid\" \/>\n<meta property=\"og:description\" content=\"L&#039;et\u00e0 media dei 3.324 nuovi positivi \u00e8 37 anni. Oggi si registrano 28 nuovi decessi: 16 uomini e 12 donne con un&#039;et\u00e0 media di 84,5 anni\" \/>\n<meta property=\"og:url\" content=\"https:\/\/www.intoscana.it\/it\/covid-nuovi-casi-18-febbraio-toscana\/\" \/>\n<meta property=\"og:site_name\" content=\"intoscana\" \/>\n<meta property=\"article:publisher\" content=\"https:\/\/www.facebook.com\/intoscana.it\" \/>\n<meta property=\"article:published_time\" content=\"2022-02-18T12:13:16+00:00\" \/>\n<meta property=\"article:modified_time\" content=\"2022-02-18T12:15:08+00:00\" \/>\n<meta property=\"og:image\" content=\"https:\/\/www.intoscana.it\/wp-content\/uploads\/terapia-intensiva-Lucca.jpg\" \/>\n\t<meta property=\"og:image:width\" content=\"960\" \/>\n\t<meta property=\"og:image:height\" content=\"960\" \/>\n\t<meta property=\"og:image:type\" content=\"image\/jpeg\" \/>\n<meta name=\"author\" content=\"Redazione\" \/>\n<meta name=\"twitter:card\" content=\"summary_large_image\" \/>\n<meta name=\"twitter:creator\" content=\"@intoscana\" \/>\n<meta name=\"twitter:site\" content=\"@intoscana\" \/>\n<meta name=\"twitter:label1\" content=\"Written by\" \/>\n\t<meta name=\"twitter:data1\" content=\"Redazione\" \/>\n\t<meta name=\"twitter:label2\" content=\"Est. reading time\" \/>\n\t<meta name=\"twitter:data2\" content=\"3 minuti\" \/>\n<script type=\"application\/ld+json\" class=\"yoast-schema-graph\">{\"@context\":\"https:\/\/schema.org\",\"@graph\":[{\"@type\":\"WebPage\",\"@id\":\"https:\/\/www.intoscana.it\/it\/covid-nuovi-casi-18-febbraio-toscana\/\",\"url\":\"https:\/\/www.intoscana.it\/it\/covid-nuovi-casi-18-febbraio-toscana\/\",\"name\":\"Covid, 3.324 nuovi casi. Si liberano i letti nei reparti Covid - intoscana\",\"isPartOf\":{\"@id\":\"https:\/\/www.intoscana.it\/it\/#website\"},\"primaryImageOfPage\":{\"@id\":\"https:\/\/www.intoscana.it\/it\/covid-nuovi-casi-18-febbraio-toscana\/#primaryimage\"},\"image\":{\"@id\":\"https:\/\/www.intoscana.it\/it\/covid-nuovi-casi-18-febbraio-toscana\/#primaryimage\"},\"thumbnailUrl\":\"https:\/\/www.intoscana.it\/wp-content\/uploads\/terapia-intensiva-Lucca.jpg\",\"datePublished\":\"2022-02-18T12:13:16+00:00\",\"dateModified\":\"2022-02-18T12:15:08+00:00\",\"author\":{\"@id\":\"https:\/\/www.intoscana.it\/it\/#\/schema\/person\/9223810753230f20bd670fdd322661f8\"},\"description\":\"L'et\u00e0 media dei 3.324 nuovi positivi \u00e8 37 anni. Oggi si registrano 28 nuovi decessi: 16 uomini e 12 donne con un'et\u00e0 media di 84,5 anni\",\"breadcrumb\":{\"@id\":\"https:\/\/www.intoscana.it\/it\/covid-nuovi-casi-18-febbraio-toscana\/#breadcrumb\"},\"inLanguage\":\"it-IT\",\"potentialAction\":[{\"@type\":\"ReadAction\",\"target\":[\"https:\/\/www.intoscana.it\/it\/covid-nuovi-casi-18-febbraio-toscana\/\"]}]},{\"@type\":\"ImageObject\",\"inLanguage\":\"it-IT\",\"@id\":\"https:\/\/www.intoscana.it\/it\/covid-nuovi-casi-18-febbraio-toscana\/#primaryimage\",\"url\":\"https:\/\/www.intoscana.it\/wp-content\/uploads\/terapia-intensiva-Lucca.jpg\",\"contentUrl\":\"https:\/\/www.intoscana.it\/wp-content\/uploads\/terapia-intensiva-Lucca.jpg\",\"width\":960,\"height\":960,\"caption\":\"Personale sanitario della terapia intensiva dell'ospedale di Lucca\"},{\"@type\":\"BreadcrumbList\",\"@id\":\"https:\/\/www.intoscana.it\/it\/covid-nuovi-casi-18-febbraio-toscana\/#breadcrumb\",\"itemListElement\":[{\"@type\":\"ListItem\",\"position\":1,\"name\":\"Home\",\"item\":\"https:\/\/www.intoscana.it\/it\/\"},{\"@type\":\"ListItem\",\"position\":2,\"name\":\"Covid, 3.324 nuovi casi. Si liberano i letti nei reparti Covid\"}]},{\"@type\":\"WebSite\",\"@id\":\"https:\/\/www.intoscana.it\/it\/#website\",\"url\":\"https:\/\/www.intoscana.it\/it\/\",\"name\":\"intoscana\",\"description\":\"\",\"potentialAction\":[{\"@type\":\"SearchAction\",\"target\":{\"@type\":\"EntryPoint\",\"urlTemplate\":\"https:\/\/www.intoscana.it\/it\/?s={search_term_string}\"},\"query-input\":{\"@type\":\"PropertyValueSpecification\",\"valueRequired\":true,\"valueName\":\"search_term_string\"}}],\"inLanguage\":\"it-IT\"},{\"@type\":\"Person\",\"@id\":\"https:\/\/www.intoscana.it\/it\/#\/schema\/person\/9223810753230f20bd670fdd322661f8\",\"name\":\"Redazione\",\"url\":\"https:\/\/www.intoscana.it\/it\/author\/redazione\/\"}]}<\/script>\n<!-- \/ Yoast SEO Premium plugin. -->","yoast_head_json":{"title":"Covid, 3.324 nuovi casi. Si liberano i letti nei reparti Covid - intoscana","description":"L'et\u00e0 media dei 3.324 nuovi positivi \u00e8 37 anni. Oggi si registrano 28 nuovi decessi: 16 uomini e 12 donne con un'et\u00e0 media di 84,5 anni","robots":{"index":"index","follow":"follow","max-snippet":"max-snippet:-1","max-image-preview":"max-image-preview:large","max-video-preview":"max-video-preview:-1"},"canonical":"https:\/\/www.intoscana.it\/it\/covid-nuovi-casi-18-febbraio-toscana\/","og_locale":"it_IT","og_type":"article","og_title":"Covid, 3.324 nuovi casi. Si liberano i letti nei reparti Covid","og_description":"L'et\u00e0 media dei 3.324 nuovi positivi \u00e8 37 anni. Oggi si registrano 28 nuovi decessi: 16 uomini e 12 donne con un'et\u00e0 media di 84,5 anni","og_url":"https:\/\/www.intoscana.it\/it\/covid-nuovi-casi-18-febbraio-toscana\/","og_site_name":"intoscana","article_publisher":"https:\/\/www.facebook.com\/intoscana.it","article_published_time":"2022-02-18T12:13:16+00:00","article_modified_time":"2022-02-18T12:15:08+00:00","og_image":[{"width":960,"height":960,"url":"https:\/\/www.intoscana.it\/wp-content\/uploads\/terapia-intensiva-Lucca.jpg","type":"image\/jpeg"}],"author":"Redazione","twitter_card":"summary_large_image","twitter_creator":"@intoscana","twitter_site":"@intoscana","twitter_misc":{"Written by":"Redazione","Est. reading time":"3 minuti"},"schema":{"@context":"https:\/\/schema.org","@graph":[{"@type":"WebPage","@id":"https:\/\/www.intoscana.it\/it\/covid-nuovi-casi-18-febbraio-toscana\/","url":"https:\/\/www.intoscana.it\/it\/covid-nuovi-casi-18-febbraio-toscana\/","name":"Covid, 3.324 nuovi casi. Si liberano i letti nei reparti Covid - intoscana","isPartOf":{"@id":"https:\/\/www.intoscana.it\/it\/#website"},"primaryImageOfPage":{"@id":"https:\/\/www.intoscana.it\/it\/covid-nuovi-casi-18-febbraio-toscana\/#primaryimage"},"image":{"@id":"https:\/\/www.intoscana.it\/it\/covid-nuovi-casi-18-febbraio-toscana\/#primaryimage"},"thumbnailUrl":"https:\/\/www.intoscana.it\/wp-content\/uploads\/terapia-intensiva-Lucca.jpg","datePublished":"2022-02-18T12:13:16+00:00","dateModified":"2022-02-18T12:15:08+00:00","author":{"@id":"https:\/\/www.intoscana.it\/it\/#\/schema\/person\/9223810753230f20bd670fdd322661f8"},"description":"L'et\u00e0 media dei 3.324 nuovi positivi \u00e8 37 anni. Oggi si registrano 28 nuovi decessi: 16 uomini e 12 donne con un'et\u00e0 media di 84,5 anni","breadcrumb":{"@id":"https:\/\/www.intoscana.it\/it\/covid-nuovi-casi-18-febbraio-toscana\/#breadcrumb"},"inLanguage":"it-IT","potentialAction":[{"@type":"ReadAction","target":["https:\/\/www.intoscana.it\/it\/covid-nuovi-casi-18-febbraio-toscana\/"]}]},{"@type":"ImageObject","inLanguage":"it-IT","@id":"https:\/\/www.intoscana.it\/it\/covid-nuovi-casi-18-febbraio-toscana\/#primaryimage","url":"https:\/\/www.intoscana.it\/wp-content\/uploads\/terapia-intensiva-Lucca.jpg","contentUrl":"https:\/\/www.intoscana.it\/wp-content\/uploads\/terapia-intensiva-Lucca.jpg","width":960,"height":960,"caption":"Personale sanitario della terapia intensiva dell'ospedale di Lucca"},{"@type":"BreadcrumbList","@id":"https:\/\/www.intoscana.it\/it\/covid-nuovi-casi-18-febbraio-toscana\/#breadcrumb","itemListElement":[{"@type":"ListItem","position":1,"name":"Home","item":"https:\/\/www.intoscana.it\/it\/"},{"@type":"ListItem","position":2,"name":"Covid, 3.324 nuovi casi. Si liberano i letti nei reparti Covid"}]},{"@type":"WebSite","@id":"https:\/\/www.intoscana.it\/it\/#website","url":"https:\/\/www.intoscana.it\/it\/","name":"intoscana","description":"","potentialAction":[{"@type":"SearchAction","target":{"@type":"EntryPoint","urlTemplate":"https:\/\/www.intoscana.it\/it\/?s={search_term_string}"},"query-input":{"@type":"PropertyValueSpecification","valueRequired":true,"valueName":"search_term_string"}}],"inLanguage":"it-IT"},{"@type":"Person","@id":"https:\/\/www.intoscana.it\/it\/#\/schema\/person\/9223810753230f20bd670fdd322661f8","name":"Redazione","url":"https:\/\/www.intoscana.it\/it\/author\/redazione\/"}]}},"_links":{"self":[{"href":"https:\/\/www.intoscana.it\/it\/wp-json\/wp\/v2\/posts\/213064","targetHints":{"allow":["GET"]}}],"collection":[{"href":"https:\/\/www.intoscana.it\/it\/wp-json\/wp\/v2\/posts"}],"about":[{"href":"https:\/\/www.intoscana.it\/it\/wp-json\/wp\/v2\/types\/post"}],"author":[{"embeddable":true,"href":"https:\/\/www.intoscana.it\/it\/wp-json\/wp\/v2\/users\/525"}],"replies":[{"embeddable":true,"href":"https:\/\/www.intoscana.it\/it\/wp-json\/wp\/v2\/comments?post=213064"}],"version-history":[{"count":0,"href":"https:\/\/www.intoscana.it\/it\/wp-json\/wp\/v2\/posts\/213064\/revisions"}],"wp:featuredmedia":[{"embeddable":true,"href":"https:\/\/www.intoscana.it\/it\/wp-json\/wp\/v2\/media\/160974"}],"wp:attachment":[{"href":"https:\/\/www.intoscana.it\/it\/wp-json\/wp\/v2\/media?parent=213064"}],"wp:term":[{"taxonomy":"category","embeddable":true,"href":"https:\/\/www.intoscana.it\/it\/wp-json\/wp\/v2\/categories?post=213064"},{"taxonomy":"post_tag","embeddable":true,"href":"https:\/\/www.intoscana.it\/it\/wp-json\/wp\/v2\/tags?post=213064"}],"curies":[{"name":"wp","href":"https:\/\/api.w.org\/{rel}","templated":true}]}}