{"id":213122,"date":"2022-02-18T16:31:55","date_gmt":"2022-02-18T15:31:55","guid":{"rendered":"https:\/\/www.intoscana.it\/it\/?p=213122"},"modified":"2022-02-18T18:15:55","modified_gmt":"2022-02-18T17:15:55","slug":"mazzeo-rondine-gonfalone-argendo-cittadella-pace","status":"publish","type":"post","link":"https:\/\/www.intoscana.it\/it\/mazzeo-rondine-gonfalone-argendo-cittadella-pace\/","title":{"rendered":"Mazzeo in visita a Rondine: &#8220;Gonfalone d\u2019argento alla Cittadella della Pace&#8221;"},"content":{"rendered":"<p><mark>&#8220;Una bella esperienza che dobbiamo continuare a valorizzare perch\u00e9 gestione dei conflitti e cultura della non violenza diventino, davvero, stili di vita\u201d <\/mark>. Cos\u00ec il presidente del Consiglio regionale della Toscana, <strong>Antonio Mazzeo, al termine della visita che ha tenuto a Rondine Cittadella della Pace,<\/strong> insieme a una delegazione dell\u2019Assemblea toscana.<\/p>\n<p>Accompagnato dal vicepresidente, Marco Casucci, e dai consiglieri toscani Vincenzo Ceccarelli, Lucia De Robertis e Giovanni Galli, Mazzeo ha ribadito l&#8217;importanza di valorizzare esperienze come quella di Rondine e ha annunciato di voler proporre per questa realt\u00e0 il conferimento <strong>del Gonfalone d\u2019argento,<\/strong> massimo riconoscimento del Consiglio regionale: \u201cVogliamo cos\u00ec celebrare quanto fatto fino ad oggi e quanto verr\u00e0 fatto domani\u201d, ha spiegato Mazzeo, che insiste: \u201cOggi abbiamo preso un impegno forte. <mark>Collaborare insieme su tematiche quanto mai attuali e stringenti come la legalit\u00e0, la sostenibilit\u00e0 ambientale, l\u2019educazione civica, l\u2019Europa\u201d <\/mark><\/p>\n<h3>Una seduta solenne proprio a Rondine<\/h3>\n<p>Il presidente del Consiglio regionale ha anche condiviso la volont\u00e0 di tenere una seduta solenne del Consiglio proprio a Rondine per veicolare quel forte messaggio di convivenza quotidiana ed esempio positivo di risoluzione dei conflitti della Cittadella. Un messaggio che la Toscana ha ben interpretato e lanciato gi\u00e0 in occasione della Festa della Toscana, in particolare con la firma del <a href=\"https:\/\/www.intoscana.it\/it\/articolo\/una-firma-contro-lodio-in-rete-la-toscana-sottoscrive-il-manifesto-della-comunicazione-non-ostile\/\"><strong>Manifesto per la comunicazione non ostile<\/strong> <\/a>proprio alla presenza si alcuni studenti di Rondine.<\/p>\n<p>Nel solco del \u201cpercorso di collaborazione\u201d tracciato stamani, anche la volont\u00e0 di organizzare un evento insieme per i<strong>stituzionalizzare la Giornata della Pace Toscana in occasione del 21 settembre,<\/strong> giorno in cui ricorre quella internazionale. \u201cCi piacerebbe \u2013 ha detto ancora Mazzeo \u2013 che il Teatro della Compagnia, nel cuore di Firenze, diventasse sede di un appuntamento fisso annuale\u201d.<\/p>\n<p>\u201c\u00c8 stato un incontro molto bello, molto importante, un grande riconoscimento per Rondine \u2013 ha detto Franco Vaccari, presidente dell&#8217;organizzazione\u2013, perch\u00e9 la presidenza del Consiglio regionale della Toscana \u00e8 una delle massime istituzioni del nostro territorio. <strong>Rondine si colloca nel cuore delle istituzioni, che hanno a cuore la vita dei cittadini.<\/strong> Quella vita che costruisce pace, riconosce le diversit\u00e0 reciproche e d\u00e0 possibilit\u00e0 di sviluppo. Con la giornata di oggi, Rondine riconferma di essere al servizio della cittadinanza nelle grandi difficolt\u00e0 e nelle grandi opportunit\u00e0 che conosce questo nuovo millennio\u201d.<\/p>\n","protected":false},"excerpt":{"rendered":"<p>Il presidente del Consiglio regionale insieme a una delegazione dell\u2019Assemblea ha incontrato il presidente Franco Vaccari e gli studenti. Sinergie e impegni su legalit\u00e0, sostenibilit\u00e0 ambientale, educazione civica, Europa<\/p>\n","protected":false},"author":525,"featured_media":213126,"comment_status":"open","ping_status":"open","sticky":false,"template":"","format":"standard","meta":{"_acf_changed":false,"footnotes":""},"categories":[494],"tags":[4760,4662,4753,221],"class_list":["post-213122","post","type-post","status-publish","format-standard","has-post-thumbnail","hentry","category-attualita","tag-antonio-mazzeo","tag-cittadella-della-pace","tag-consiglio-regionale-della-toscana","tag-giovani"],"acf":[],"yoast_head":"<!-- This site is optimized with the Yoast SEO Premium plugin v24.2 (Yoast SEO v25.6) - https:\/\/yoast.com\/wordpress\/plugins\/seo\/ -->\n<title>Mazzeo in visita a Rondine: &quot;Gonfalone d\u2019argento alla Cittadella della Pace&quot; - intoscana<\/title>\n<meta name=\"description\" content=\"l presidente del Consiglio regionale insieme a una delegazione dell\u2019Assemblea ha incontrato il presidente Franco Vaccari e gli studenti\" \/>\n<meta name=\"robots\" content=\"index, follow, max-snippet:-1, max-image-preview:large, max-video-preview:-1\" \/>\n<link rel=\"canonical\" href=\"https:\/\/www.intoscana.it\/it\/mazzeo-rondine-gonfalone-argendo-cittadella-pace\/\" \/>\n<meta property=\"og:locale\" content=\"it_IT\" \/>\n<meta property=\"og:type\" content=\"article\" \/>\n<meta property=\"og:title\" content=\"Mazzeo in visita a Rondine: &quot;Gonfalone d\u2019argento alla Cittadella della Pace&quot;\" \/>\n<meta property=\"og:description\" content=\"l presidente del Consiglio regionale insieme a una delegazione dell\u2019Assemblea ha incontrato il presidente Franco Vaccari e gli studenti\" \/>\n<meta property=\"og:url\" content=\"https:\/\/www.intoscana.it\/it\/mazzeo-rondine-gonfalone-argendo-cittadella-pace\/\" \/>\n<meta property=\"og:site_name\" content=\"intoscana\" \/>\n<meta property=\"article:publisher\" content=\"https:\/\/www.facebook.com\/intoscana.it\" \/>\n<meta property=\"article:published_time\" content=\"2022-02-18T15:31:55+00:00\" \/>\n<meta property=\"article:modified_time\" content=\"2022-02-18T17:15:55+00:00\" \/>\n<meta property=\"og:image\" content=\"https:\/\/www.intoscana.it\/wp-content\/uploads\/mazzeo-a-Rondine-e1645198279106.jpeg\" \/>\n\t<meta property=\"og:image:width\" content=\"768\" \/>\n\t<meta property=\"og:image:height\" content=\"602\" \/>\n\t<meta property=\"og:image:type\" content=\"image\/jpeg\" \/>\n<meta name=\"author\" content=\"Redazione\" \/>\n<meta name=\"twitter:card\" content=\"summary_large_image\" \/>\n<meta name=\"twitter:creator\" content=\"@intoscana\" \/>\n<meta name=\"twitter:site\" content=\"@intoscana\" \/>\n<meta name=\"twitter:label1\" content=\"Written by\" \/>\n\t<meta name=\"twitter:data1\" content=\"Redazione\" \/>\n\t<meta name=\"twitter:label2\" content=\"Est. reading time\" \/>\n\t<meta name=\"twitter:data2\" content=\"2 minuti\" \/>\n<script type=\"application\/ld+json\" class=\"yoast-schema-graph\">{\"@context\":\"https:\/\/schema.org\",\"@graph\":[{\"@type\":\"WebPage\",\"@id\":\"https:\/\/www.intoscana.it\/it\/mazzeo-rondine-gonfalone-argendo-cittadella-pace\/\",\"url\":\"https:\/\/www.intoscana.it\/it\/mazzeo-rondine-gonfalone-argendo-cittadella-pace\/\",\"name\":\"Mazzeo in visita a Rondine: \\\"Gonfalone d\u2019argento alla Cittadella della Pace\\\" - intoscana\",\"isPartOf\":{\"@id\":\"https:\/\/www.intoscana.it\/it\/#website\"},\"primaryImageOfPage\":{\"@id\":\"https:\/\/www.intoscana.it\/it\/mazzeo-rondine-gonfalone-argendo-cittadella-pace\/#primaryimage\"},\"image\":{\"@id\":\"https:\/\/www.intoscana.it\/it\/mazzeo-rondine-gonfalone-argendo-cittadella-pace\/#primaryimage\"},\"thumbnailUrl\":\"https:\/\/www.intoscana.it\/wp-content\/uploads\/mazzeo-a-Rondine-e1645198279106.jpeg\",\"datePublished\":\"2022-02-18T15:31:55+00:00\",\"dateModified\":\"2022-02-18T17:15:55+00:00\",\"author\":{\"@id\":\"https:\/\/www.intoscana.it\/it\/#\/schema\/person\/9223810753230f20bd670fdd322661f8\"},\"description\":\"l presidente del Consiglio regionale insieme a una delegazione dell\u2019Assemblea ha incontrato il presidente Franco Vaccari e gli studenti\",\"breadcrumb\":{\"@id\":\"https:\/\/www.intoscana.it\/it\/mazzeo-rondine-gonfalone-argendo-cittadella-pace\/#breadcrumb\"},\"inLanguage\":\"it-IT\",\"potentialAction\":[{\"@type\":\"ReadAction\",\"target\":[\"https:\/\/www.intoscana.it\/it\/mazzeo-rondine-gonfalone-argendo-cittadella-pace\/\"]}]},{\"@type\":\"ImageObject\",\"inLanguage\":\"it-IT\",\"@id\":\"https:\/\/www.intoscana.it\/it\/mazzeo-rondine-gonfalone-argendo-cittadella-pace\/#primaryimage\",\"url\":\"https:\/\/www.intoscana.it\/wp-content\/uploads\/mazzeo-a-Rondine-e1645198279106.jpeg\",\"contentUrl\":\"https:\/\/www.intoscana.it\/wp-content\/uploads\/mazzeo-a-Rondine-e1645198279106.jpeg\",\"width\":768,\"height\":602,\"caption\":\"mazzeo a Rondine\"},{\"@type\":\"BreadcrumbList\",\"@id\":\"https:\/\/www.intoscana.it\/it\/mazzeo-rondine-gonfalone-argendo-cittadella-pace\/#breadcrumb\",\"itemListElement\":[{\"@type\":\"ListItem\",\"position\":1,\"name\":\"Home\",\"item\":\"https:\/\/www.intoscana.it\/it\/\"},{\"@type\":\"ListItem\",\"position\":2,\"name\":\"Mazzeo in visita a Rondine: &#8220;Gonfalone d\u2019argento alla Cittadella della Pace&#8221;\"}]},{\"@type\":\"WebSite\",\"@id\":\"https:\/\/www.intoscana.it\/it\/#website\",\"url\":\"https:\/\/www.intoscana.it\/it\/\",\"name\":\"intoscana\",\"description\":\"\",\"potentialAction\":[{\"@type\":\"SearchAction\",\"target\":{\"@type\":\"EntryPoint\",\"urlTemplate\":\"https:\/\/www.intoscana.it\/it\/?s={search_term_string}\"},\"query-input\":{\"@type\":\"PropertyValueSpecification\",\"valueRequired\":true,\"valueName\":\"search_term_string\"}}],\"inLanguage\":\"it-IT\"},{\"@type\":\"Person\",\"@id\":\"https:\/\/www.intoscana.it\/it\/#\/schema\/person\/9223810753230f20bd670fdd322661f8\",\"name\":\"Redazione\",\"url\":\"https:\/\/www.intoscana.it\/it\/author\/redazione\/\"}]}<\/script>\n<!-- \/ Yoast SEO Premium plugin. -->","yoast_head_json":{"title":"Mazzeo in visita a Rondine: \"Gonfalone d\u2019argento alla Cittadella della Pace\" - intoscana","description":"l presidente del Consiglio regionale insieme a una delegazione dell\u2019Assemblea ha incontrato il presidente Franco Vaccari e gli studenti","robots":{"index":"index","follow":"follow","max-snippet":"max-snippet:-1","max-image-preview":"max-image-preview:large","max-video-preview":"max-video-preview:-1"},"canonical":"https:\/\/www.intoscana.it\/it\/mazzeo-rondine-gonfalone-argendo-cittadella-pace\/","og_locale":"it_IT","og_type":"article","og_title":"Mazzeo in visita a Rondine: \"Gonfalone d\u2019argento alla Cittadella della Pace\"","og_description":"l presidente del Consiglio regionale insieme a una delegazione dell\u2019Assemblea ha incontrato il presidente Franco Vaccari e gli studenti","og_url":"https:\/\/www.intoscana.it\/it\/mazzeo-rondine-gonfalone-argendo-cittadella-pace\/","og_site_name":"intoscana","article_publisher":"https:\/\/www.facebook.com\/intoscana.it","article_published_time":"2022-02-18T15:31:55+00:00","article_modified_time":"2022-02-18T17:15:55+00:00","og_image":[{"width":768,"height":602,"url":"https:\/\/www.intoscana.it\/wp-content\/uploads\/mazzeo-a-Rondine-e1645198279106.jpeg","type":"image\/jpeg"}],"author":"Redazione","twitter_card":"summary_large_image","twitter_creator":"@intoscana","twitter_site":"@intoscana","twitter_misc":{"Written by":"Redazione","Est. reading time":"2 minuti"},"schema":{"@context":"https:\/\/schema.org","@graph":[{"@type":"WebPage","@id":"https:\/\/www.intoscana.it\/it\/mazzeo-rondine-gonfalone-argendo-cittadella-pace\/","url":"https:\/\/www.intoscana.it\/it\/mazzeo-rondine-gonfalone-argendo-cittadella-pace\/","name":"Mazzeo in visita a Rondine: \"Gonfalone d\u2019argento alla Cittadella della Pace\" - intoscana","isPartOf":{"@id":"https:\/\/www.intoscana.it\/it\/#website"},"primaryImageOfPage":{"@id":"https:\/\/www.intoscana.it\/it\/mazzeo-rondine-gonfalone-argendo-cittadella-pace\/#primaryimage"},"image":{"@id":"https:\/\/www.intoscana.it\/it\/mazzeo-rondine-gonfalone-argendo-cittadella-pace\/#primaryimage"},"thumbnailUrl":"https:\/\/www.intoscana.it\/wp-content\/uploads\/mazzeo-a-Rondine-e1645198279106.jpeg","datePublished":"2022-02-18T15:31:55+00:00","dateModified":"2022-02-18T17:15:55+00:00","author":{"@id":"https:\/\/www.intoscana.it\/it\/#\/schema\/person\/9223810753230f20bd670fdd322661f8"},"description":"l presidente del Consiglio regionale insieme a una delegazione dell\u2019Assemblea ha incontrato il presidente Franco Vaccari e gli studenti","breadcrumb":{"@id":"https:\/\/www.intoscana.it\/it\/mazzeo-rondine-gonfalone-argendo-cittadella-pace\/#breadcrumb"},"inLanguage":"it-IT","potentialAction":[{"@type":"ReadAction","target":["https:\/\/www.intoscana.it\/it\/mazzeo-rondine-gonfalone-argendo-cittadella-pace\/"]}]},{"@type":"ImageObject","inLanguage":"it-IT","@id":"https:\/\/www.intoscana.it\/it\/mazzeo-rondine-gonfalone-argendo-cittadella-pace\/#primaryimage","url":"https:\/\/www.intoscana.it\/wp-content\/uploads\/mazzeo-a-Rondine-e1645198279106.jpeg","contentUrl":"https:\/\/www.intoscana.it\/wp-content\/uploads\/mazzeo-a-Rondine-e1645198279106.jpeg","width":768,"height":602,"caption":"mazzeo a Rondine"},{"@type":"BreadcrumbList","@id":"https:\/\/www.intoscana.it\/it\/mazzeo-rondine-gonfalone-argendo-cittadella-pace\/#breadcrumb","itemListElement":[{"@type":"ListItem","position":1,"name":"Home","item":"https:\/\/www.intoscana.it\/it\/"},{"@type":"ListItem","position":2,"name":"Mazzeo in visita a Rondine: &#8220;Gonfalone d\u2019argento alla Cittadella della Pace&#8221;"}]},{"@type":"WebSite","@id":"https:\/\/www.intoscana.it\/it\/#website","url":"https:\/\/www.intoscana.it\/it\/","name":"intoscana","description":"","potentialAction":[{"@type":"SearchAction","target":{"@type":"EntryPoint","urlTemplate":"https:\/\/www.intoscana.it\/it\/?s={search_term_string}"},"query-input":{"@type":"PropertyValueSpecification","valueRequired":true,"valueName":"search_term_string"}}],"inLanguage":"it-IT"},{"@type":"Person","@id":"https:\/\/www.intoscana.it\/it\/#\/schema\/person\/9223810753230f20bd670fdd322661f8","name":"Redazione","url":"https:\/\/www.intoscana.it\/it\/author\/redazione\/"}]}},"_links":{"self":[{"href":"https:\/\/www.intoscana.it\/it\/wp-json\/wp\/v2\/posts\/213122","targetHints":{"allow":["GET"]}}],"collection":[{"href":"https:\/\/www.intoscana.it\/it\/wp-json\/wp\/v2\/posts"}],"about":[{"href":"https:\/\/www.intoscana.it\/it\/wp-json\/wp\/v2\/types\/post"}],"author":[{"embeddable":true,"href":"https:\/\/www.intoscana.it\/it\/wp-json\/wp\/v2\/users\/525"}],"replies":[{"embeddable":true,"href":"https:\/\/www.intoscana.it\/it\/wp-json\/wp\/v2\/comments?post=213122"}],"version-history":[{"count":0,"href":"https:\/\/www.intoscana.it\/it\/wp-json\/wp\/v2\/posts\/213122\/revisions"}],"wp:featuredmedia":[{"embeddable":true,"href":"https:\/\/www.intoscana.it\/it\/wp-json\/wp\/v2\/media\/213126"}],"wp:attachment":[{"href":"https:\/\/www.intoscana.it\/it\/wp-json\/wp\/v2\/media?parent=213122"}],"wp:term":[{"taxonomy":"category","embeddable":true,"href":"https:\/\/www.intoscana.it\/it\/wp-json\/wp\/v2\/categories?post=213122"},{"taxonomy":"post_tag","embeddable":true,"href":"https:\/\/www.intoscana.it\/it\/wp-json\/wp\/v2\/tags?post=213122"}],"curies":[{"name":"wp","href":"https:\/\/api.w.org\/{rel}","templated":true}]}}