{"id":213302,"date":"2022-02-21T11:46:59","date_gmt":"2022-02-21T10:46:59","guid":{"rendered":"https:\/\/www.intoscana.it\/it\/?p=213302"},"modified":"2022-02-22T11:32:26","modified_gmt":"2022-02-22T10:32:26","slug":"bagno-di-folla-per-il-primo-corso-mascherato-a-viareggio","status":"publish","type":"post","link":"https:\/\/www.intoscana.it\/it\/bagno-di-folla-per-il-primo-corso-mascherato-a-viareggio\/","title":{"rendered":"Bagno di folla per il primo corso a Viareggio, sui social impazza il FantaCarnevale"},"content":{"rendered":"<p>Un <strong>bagno di folla<\/strong> come non si vedeva da tempo lungo i <strong>viali a mare di Viareggio<\/strong> per il via al Carnevale. Il <strong>primo corso mascherato<\/strong> \u00e8 stato all&#8217;insegna del sole e del clima mite favorendo quindi l&#8217;affluenza di pubblico ammesso al percorso con <strong>green pass e mascherine ffp2<\/strong>. Stimate circa <strong>40mila presenze<\/strong>.<\/p>\n<p>Occhi puntati sui carri dedicati ad <strong>Achille Lauro e a Vasco Rossi<\/strong>, tra i pi\u00f9 pubblicizzati, ma come \u00e8 tradizione la politica ha avuto la sua ribalta. Tra i personaggi ritratti dai carristi il premier <strong>Mario Draghi<\/strong>, il presidente degli Stati Uniti <strong>Joe<\/strong> <strong>Biden<\/strong> e il suo collega russo <strong>Vladimir<\/strong> <strong>Putin<\/strong>.<\/p>\n<figure id=\"post-213271 media-213271\" class=\"align-none\"><img decoding=\"async\" src=\"https:\/\/www.intoscana.it\/wp-content\/uploads\/274512290_7341831105828737_5256285805647268923_n.jpg\" alt=\"\" \/><\/figure>\n<div class=\"titleimg\">Il presidente Giani con Ondina, Mariolina Marcucci e Burlamacco \u2013 \u00a9 pagina Facebook Carnevale di Viareggio<\/div>\n<h3>L&#8217;alzabandiera e l&#8217;omaggio alla Vitti<\/h3>\n<p>Prima del via al corso mascherato si \u00e8 svolta la cerimonia di inaugurazione e dell\u2019<strong>alzabandiera, in piazza Mazzini<\/strong>. Sulle <strong>note di Maschereide<\/strong> eseguita dalla Filarmonica e <strong>gli squilli di tromba<\/strong> del maestro Michele Orselli il via alla kermesse. Il carnevale ha reso un omaggio all&#8217;attrice <strong>Monica Vitti<\/strong>, ricordando poi <strong>eroi e successi dello sport<\/strong> tricolore.<\/p>\n<p><iframe loading=\"lazy\" style=\"border: none; overflow: hidden;\" src=\"https:\/\/www.facebook.com\/plugins\/video.php?height=314&amp;href=https%3A%2F%2Fwww.facebook.com%2FilCarnevalediViareggio%2Fvideos%2F397983642093878%2F&amp;show_text=false&amp;width=560&amp;t=0\" width=\"560\" height=\"314\" frameborder=\"0\" scrolling=\"no\" allowfullscreen=\"allowfullscreen\"><\/iframe><\/p>\n<p>Infine, per il \u201c<em>Fuori Corso<\/em>\u201d del Carnevale 2022 protagonista <strong>il Grand Tour<\/strong>: <strong>Daniele Maffei<\/strong> speaker del Carnevale e la musicista <strong>Felicity Lucchesi<\/strong> sono partiti raccontando Viareggio; prossimo appuntamento <strong>New Orleans<\/strong>.<\/p>\n<p><strong>Burlamacco e Ondina<\/strong> a bordo della grande mongolfiera in piazza Mazzini, hanno infine dato il segnale al <strong>triplice colpo di cannone<\/strong>, con cui \u00e8 partito il corso mascherato della 149esima edizione della kermesse, simbolo del Carnevale in Versilia.<\/p>\n<figure id=\"post-213266 media-213266\" class=\"align-none\"><img decoding=\"async\" src=\"https:\/\/www.intoscana.it\/wp-content\/uploads\/274313938_7341884652490049_3192331496980216687_n-1.jpg\" alt=\"\" \/><\/figure>\n<div class=\"titleimg\">Carnevale di Viareggio 2022 \u2013 \u00a9 pagina Facebook Carnevale di Viareggio<\/div>\n<h3>Tre colpi di cannone e si parte<\/h3>\n<p>Dopo <strong>i tre colpi di cannone<\/strong>, le straordinarie <strong>macchine di cartapesta<\/strong> realizzate dai maestri costruttori viareggini sono scese in pista. Oltre <strong>25 le ditte artigiane<\/strong>, con <strong>pi\u00f9 di mille persone<\/strong> sono state impegnate per mesi nella realizzazione di questi autentici <strong>teatri viaggianti<\/strong>, alti anche <strong>oltre 20 metri<\/strong>, larghi dodici.<\/p>\n<p>Il corso mascherato ha visto il via <mark>sui viali a mare 9 carri di prima categoria, 4 di seconda, 9 mascherate in gruppo, 10 maschere isolate<\/mark>. Saranno giudicati da <strong>una giuria di esperti<\/strong> e <strong>a fine Carnevale<\/strong> verr\u00e0 stilata <strong>la classifica di merito<\/strong> con i vincitori.<\/p>\n<p>Da piazza Dante \u00e8 partita la sfilata delle maschere con la <strong>Burlacar<\/strong> dove a bordo c&#8217;erano <strong>Burlamacco e Ondina<\/strong>, insieme alle <strong>maschere dei Rioni<\/strong>: <mark>il Polpo del CarnevalDarsena, Gambe di Merlo di Torre del Lago, Saetta della Croce Verde, Marco Polino del Marco Polo, Capitan Pinuglioro del Campo D\u2019Aviazione, Florinda della Migliarina e Faraboletto del Terminetto<\/mark> che sventolavano la <strong>Burlamacca<\/strong>.\u00a0 A sfilare anche la banda del Carnevale \u201c<em>La Filarmonica Versilia-Benedetti<\/em>\u201d e \u201c<em>Il gruppo Sbandieratori e musici di Gallicano<\/em>\u201d.<\/p>\n<figure id=\"post-213268 media-213268\" class=\"align-none\"><img decoding=\"async\" src=\"https:\/\/www.intoscana.it\/wp-content\/uploads\/274469477_7341737179171463_5923311943856286390_n.jpg\" alt=\"\" \/><\/figure>\n<div class=\"titleimg\">Valerio Aspromonte al Carnevale di Viareggio 2022 \u2013 \u00a9 pagina Facebook Carnevale di Viareggio<\/div>\n<h3>Sportivi e influencer al Carnevale<\/h3>\n<p>Ospiti del corso mascherato di apertura la modella e influencer <strong>Beatrice Valli<\/strong>, presente allo <strong>stand di Kinder<\/strong> che torna a essere presente al Carnevale viareggino. Due i campioni sportivi: <strong>Valerio Aspromonte<\/strong>, campione olimpico a Londra 2012 nella scherma, campione del mondo nel fioretto a Budapest nel 2013 e tre volte campione europeo tra il 2010 e il 2012, e <strong>Carolina Erba<\/strong>, campionessa del mondo a Budapest nella scherma e campionessa europea nel 2013. Presenti i rappresentanti dei <strong>Carnevali di Ronciglione<\/strong> e di <strong>Foiano della Chiana<\/strong>.<\/p>\n<figure id=\"post-213256 media-213256\" class=\"align-none\">\n<figure id=\"post-213245 media-213245\" class=\"align-none\"><img decoding=\"async\" src=\"https:\/\/www.intoscana.it\/wp-content\/uploads\/274450488_7341884999156681_3607336650454970367_n.jpg\" alt=\"\" \/><\/figure>\n<\/figure>\n<div class=\"titleimg\">Il carro con Joe Biden al Carnevale di Viareggio 2022 \u2013 \u00a9 pagina Facebook Carnevale di Viareggio<\/div>\n<h3>Il saluto di Franceschini<\/h3>\n<p>&#8220;<em>Alla vigilia del suo centocinquantenario, il Carnevale di Viareggio ritrova nel 2022 la propria dimensione reale, un momento di gioia al quale quest&#8217;anno partecipa idealmente l&#8217;intero Paese<\/em>&#8220;: cos\u00ec il ministro della Cultura <strong>Dario Franceschini<\/strong> nel messaggio inviato al Carnevale di Viareggio.<\/p>\n<p>&#8220;<em>Insieme a Burlamacco e Ondina, simboli storici della manifestazione, il corteo dei carri mascherati torna a percorrere la passeggiata a mare nel periodo canonico di questa festa che, in Italia, rappresenta una tradizione culturale meritevole di essere sostenuta<\/em> &#8211; queste <strong>le parole di Franceschini<\/strong> nel suo messaggio letto prima dell&#8217;<strong>alzabandiera in piazza Mazzini<\/strong> -. <em>Proprio per questo motivo ho fortemente voluto l&#8217;istituzione di un fondo specifico per i carnevali storici, risorse destinate a questo patrimonio immateriale dei nostri territori che sono state messe a bando pochi giorni fa<\/em>&#8220;.<\/p>\n<figure id=\"post-213240 media-213240\" class=\"align-none\"><img decoding=\"async\" src=\"https:\/\/www.intoscana.it\/wp-content\/uploads\/274379852_7341885119156669_2659676408970249971_n.jpg\" alt=\"\" \/><\/figure>\n<div class=\"titleimg\">Carnevale di Viareggio 2022 \u2013 \u00a9 pagina Facebook Carnevale di Viareggio<\/div>\n<h3>Una onlus a ogni corso mascherato<\/h3>\n<p>Il Carnevale di Viareggio ha scelto di ospitare quest&#8217;anno <strong>una onlus impegnata nel sociale<\/strong> nei sei corsi mascherati. Al primo appuntamento ha partecipato <strong>Mare Vivo<\/strong>, associazione ambientalista &#8211; indipendente e apartitica \u2013 che dal 1985 si batte per <strong>la tutela del mare<\/strong> e delle sue risorse, attraverso azioni e campagne nazionali e internazionali.<\/p>\n<p>\u201c<em>Siamo grati dell&#8217;attenzione che anche quest&#8217;anno viene dedicata all&#8217;ambiente. Dobbiamo essere tutti consapevoli che il mare \u00e8 in pericolo e che dobbiamo essere uniti per realizzare il vero cambiamento. Non c&#8217;\u00e8 pi\u00f9 tempo<\/em>\u201d, ha dichiarato <strong>Rosalba Giugni<\/strong>, presidente di Marevivo.<\/p>\n<figure id=\"post-213258 media-213258\" class=\"align-none\"><img decoding=\"async\" src=\"https:\/\/www.intoscana.it\/wp-content\/uploads\/274518547_7341884142490100_4611313477088138806_n.jpg\" alt=\"\" \/><\/figure>\n<div class=\"titleimg\">Carnevale di Viareggio 2022 \u2013 \u00a9 pagina Facebook Carnevale di Viareggio<\/div>\n<h3>I prossimi corsi mascherati<\/h3>\n<p>Il Carnevale di Viareggio torna a sfilare <strong>il 24 febbraio Gioved\u00ec Grasso<\/strong> alle 18 con <strong>la sfilata in notturna<\/strong> e il primo dei tre <strong>spettacoli pirotecnici<\/strong> al termine, domenica 27 febbraio, Marted\u00ec Grasso 1 marzo, sabato 5 e sabato 12 marzo. Gli altri due spettacoli pirotecnici sono in programma: marted\u00ec 1 e sabato 12 marzo.<\/p>\n<h3>Arriva il FantaCarnevale<\/h3>\n<p>Tra le novit\u00e0 di quest&#8217;anno per il Carnevale di Viareggio c&#8217;\u00e8 il &#8216;<em>FantaCarnevale<\/em>&#8216;, nato per giocare con <strong>i carristi e i corsi mascherati<\/strong>. Il gioco \u00e8 <strong>ispirato al Fantacalcio<\/strong> e al FantaSanremo cos\u00ec in voga tra i cantanti: \u00e8 partito con l&#8217;inizio della prima sfilata e subito sono fioccate le adesioni.<\/p>\n<p>A ideare il gioco alcuni appassionati della manifestazione, che in una settimana hanno creato un apposito sito <strong>(fantacarnevale.it)<\/strong>. Ogni giocatore ha a disposizione <strong>100 crediti virtuali<\/strong>, i bonus e i malus, simili a quelli del Fantacalcio, e sono previste varie voci che contribuiranno a far guadagnare <strong>punti ai carristi<\/strong> in gara.<\/p>\n","protected":false},"excerpt":{"rendered":"<p>L&#039;edizione 149 del Carnevale con il pubblico delle grandi occasioni: Achille Lauro e Vasco Rossi e tanta politica con Draghi, Biden e Putin protagonisti dei carri<\/p>\n","protected":false},"author":554,"featured_media":213253,"comment_status":"open","ping_status":"open","sticky":false,"template":"","format":"standard","meta":{"_acf_changed":false,"footnotes":""},"categories":[6],"tags":[1533],"class_list":["post-213302","post","type-post","status-publish","format-standard","has-post-thumbnail","hentry","category-viaggi","tag-carnevale-di-viareggio"],"acf":[],"yoast_head":"<!-- This site is optimized with the Yoast SEO Premium plugin v24.2 (Yoast SEO v25.6) - https:\/\/yoast.com\/wordpress\/plugins\/seo\/ -->\n<title>Bagno di folla per il primo corso a Viareggio, sui social impazza il FantaCarnevale - intoscana<\/title>\n<meta name=\"description\" content=\"L&#039;edizione 149 del Carnevale con il pubblico delle grandi occasioni: Achille Lauro e Vasco Rossi e tanta politica con Draghi, Biden e Putin protagonisti dei carri\" \/>\n<meta name=\"robots\" content=\"index, follow, max-snippet:-1, max-image-preview:large, max-video-preview:-1\" \/>\n<link rel=\"canonical\" href=\"https:\/\/www.intoscana.it\/it\/bagno-di-folla-per-il-primo-corso-mascherato-a-viareggio\/\" \/>\n<meta property=\"og:locale\" content=\"it_IT\" \/>\n<meta property=\"og:type\" content=\"article\" \/>\n<meta property=\"og:title\" content=\"Bagno di folla per il primo corso a Viareggio, sui social impazza il FantaCarnevale\" \/>\n<meta property=\"og:description\" content=\"L&#039;edizione 149 del Carnevale con il pubblico delle grandi occasioni: Achille Lauro e Vasco Rossi e tanta politica con Draghi, Biden e Putin protagonisti dei carri\" \/>\n<meta property=\"og:url\" content=\"https:\/\/www.intoscana.it\/it\/bagno-di-folla-per-il-primo-corso-mascherato-a-viareggio\/\" \/>\n<meta property=\"og:site_name\" content=\"intoscana\" \/>\n<meta property=\"article:publisher\" content=\"https:\/\/www.facebook.com\/intoscana.it\" \/>\n<meta property=\"article:published_time\" content=\"2022-02-21T10:46:59+00:00\" \/>\n<meta property=\"article:modified_time\" content=\"2022-02-22T10:32:26+00:00\" \/>\n<meta property=\"og:image\" content=\"https:\/\/www.intoscana.it\/wp-content\/uploads\/274481589_7341885045823343_4643473358969996678_n.jpg\" \/>\n\t<meta property=\"og:image:width\" content=\"1440\" \/>\n\t<meta property=\"og:image:height\" content=\"958\" \/>\n\t<meta property=\"og:image:type\" content=\"image\/jpeg\" \/>\n<meta name=\"author\" content=\"Raffaella Galamini\" \/>\n<meta name=\"twitter:card\" content=\"summary_large_image\" \/>\n<meta name=\"twitter:creator\" content=\"@orio\" \/>\n<meta name=\"twitter:site\" content=\"@intoscana\" \/>\n<meta name=\"twitter:label1\" content=\"Written by\" \/>\n\t<meta name=\"twitter:data1\" content=\"Raffaella Galamini\" \/>\n\t<meta name=\"twitter:label2\" content=\"Est. reading time\" \/>\n\t<meta name=\"twitter:data2\" content=\"5 minuti\" \/>\n<script type=\"application\/ld+json\" class=\"yoast-schema-graph\">{\"@context\":\"https:\/\/schema.org\",\"@graph\":[{\"@type\":\"WebPage\",\"@id\":\"https:\/\/www.intoscana.it\/it\/bagno-di-folla-per-il-primo-corso-mascherato-a-viareggio\/\",\"url\":\"https:\/\/www.intoscana.it\/it\/bagno-di-folla-per-il-primo-corso-mascherato-a-viareggio\/\",\"name\":\"Bagno di folla per il primo corso a Viareggio, sui social impazza il FantaCarnevale - intoscana\",\"isPartOf\":{\"@id\":\"https:\/\/www.intoscana.it\/it\/#website\"},\"primaryImageOfPage\":{\"@id\":\"https:\/\/www.intoscana.it\/it\/bagno-di-folla-per-il-primo-corso-mascherato-a-viareggio\/#primaryimage\"},\"image\":{\"@id\":\"https:\/\/www.intoscana.it\/it\/bagno-di-folla-per-il-primo-corso-mascherato-a-viareggio\/#primaryimage\"},\"thumbnailUrl\":\"https:\/\/www.intoscana.it\/wp-content\/uploads\/274481589_7341885045823343_4643473358969996678_n.jpg\",\"datePublished\":\"2022-02-21T10:46:59+00:00\",\"dateModified\":\"2022-02-22T10:32:26+00:00\",\"author\":{\"@id\":\"https:\/\/www.intoscana.it\/it\/#\/schema\/person\/9eb9daa846a49fe51af39a73d9d1986b\"},\"description\":\"L'edizione 149 del Carnevale con il pubblico delle grandi occasioni: Achille Lauro e Vasco Rossi e tanta politica con Draghi, Biden e Putin protagonisti dei carri\",\"breadcrumb\":{\"@id\":\"https:\/\/www.intoscana.it\/it\/bagno-di-folla-per-il-primo-corso-mascherato-a-viareggio\/#breadcrumb\"},\"inLanguage\":\"it-IT\",\"potentialAction\":[{\"@type\":\"ReadAction\",\"target\":[\"https:\/\/www.intoscana.it\/it\/bagno-di-folla-per-il-primo-corso-mascherato-a-viareggio\/\"]}]},{\"@type\":\"ImageObject\",\"inLanguage\":\"it-IT\",\"@id\":\"https:\/\/www.intoscana.it\/it\/bagno-di-folla-per-il-primo-corso-mascherato-a-viareggio\/#primaryimage\",\"url\":\"https:\/\/www.intoscana.it\/wp-content\/uploads\/274481589_7341885045823343_4643473358969996678_n.jpg\",\"contentUrl\":\"https:\/\/www.intoscana.it\/wp-content\/uploads\/274481589_7341885045823343_4643473358969996678_n.jpg\",\"width\":1440,\"height\":958,\"caption\":\"Carnevale di Viareggio 2022 - \u00a9 pagina Facebook Carnevale di Viareggio\"},{\"@type\":\"BreadcrumbList\",\"@id\":\"https:\/\/www.intoscana.it\/it\/bagno-di-folla-per-il-primo-corso-mascherato-a-viareggio\/#breadcrumb\",\"itemListElement\":[{\"@type\":\"ListItem\",\"position\":1,\"name\":\"Home\",\"item\":\"https:\/\/www.intoscana.it\/it\/\"},{\"@type\":\"ListItem\",\"position\":2,\"name\":\"Bagno di folla per il primo corso a Viareggio, sui social impazza il FantaCarnevale\"}]},{\"@type\":\"WebSite\",\"@id\":\"https:\/\/www.intoscana.it\/it\/#website\",\"url\":\"https:\/\/www.intoscana.it\/it\/\",\"name\":\"intoscana\",\"description\":\"\",\"potentialAction\":[{\"@type\":\"SearchAction\",\"target\":{\"@type\":\"EntryPoint\",\"urlTemplate\":\"https:\/\/www.intoscana.it\/it\/?s={search_term_string}\"},\"query-input\":{\"@type\":\"PropertyValueSpecification\",\"valueRequired\":true,\"valueName\":\"search_term_string\"}}],\"inLanguage\":\"it-IT\"},{\"@type\":\"Person\",\"@id\":\"https:\/\/www.intoscana.it\/it\/#\/schema\/person\/9eb9daa846a49fe51af39a73d9d1986b\",\"name\":\"Raffaella Galamini\",\"sameAs\":[\"https:\/\/x.com\/orio\"],\"url\":\"https:\/\/www.intoscana.it\/it\/author\/r-galamini\/\"}]}<\/script>\n<!-- \/ Yoast SEO Premium plugin. -->","yoast_head_json":{"title":"Bagno di folla per il primo corso a Viareggio, sui social impazza il FantaCarnevale - intoscana","description":"L'edizione 149 del Carnevale con il pubblico delle grandi occasioni: Achille Lauro e Vasco Rossi e tanta politica con Draghi, Biden e Putin protagonisti dei carri","robots":{"index":"index","follow":"follow","max-snippet":"max-snippet:-1","max-image-preview":"max-image-preview:large","max-video-preview":"max-video-preview:-1"},"canonical":"https:\/\/www.intoscana.it\/it\/bagno-di-folla-per-il-primo-corso-mascherato-a-viareggio\/","og_locale":"it_IT","og_type":"article","og_title":"Bagno di folla per il primo corso a Viareggio, sui social impazza il FantaCarnevale","og_description":"L'edizione 149 del Carnevale con il pubblico delle grandi occasioni: Achille Lauro e Vasco Rossi e tanta politica con Draghi, Biden e Putin protagonisti dei carri","og_url":"https:\/\/www.intoscana.it\/it\/bagno-di-folla-per-il-primo-corso-mascherato-a-viareggio\/","og_site_name":"intoscana","article_publisher":"https:\/\/www.facebook.com\/intoscana.it","article_published_time":"2022-02-21T10:46:59+00:00","article_modified_time":"2022-02-22T10:32:26+00:00","og_image":[{"width":1440,"height":958,"url":"https:\/\/www.intoscana.it\/wp-content\/uploads\/274481589_7341885045823343_4643473358969996678_n.jpg","type":"image\/jpeg"}],"author":"Raffaella Galamini","twitter_card":"summary_large_image","twitter_creator":"@orio","twitter_site":"@intoscana","twitter_misc":{"Written by":"Raffaella Galamini","Est. reading time":"5 minuti"},"schema":{"@context":"https:\/\/schema.org","@graph":[{"@type":"WebPage","@id":"https:\/\/www.intoscana.it\/it\/bagno-di-folla-per-il-primo-corso-mascherato-a-viareggio\/","url":"https:\/\/www.intoscana.it\/it\/bagno-di-folla-per-il-primo-corso-mascherato-a-viareggio\/","name":"Bagno di folla per il primo corso a Viareggio, sui social impazza il FantaCarnevale - intoscana","isPartOf":{"@id":"https:\/\/www.intoscana.it\/it\/#website"},"primaryImageOfPage":{"@id":"https:\/\/www.intoscana.it\/it\/bagno-di-folla-per-il-primo-corso-mascherato-a-viareggio\/#primaryimage"},"image":{"@id":"https:\/\/www.intoscana.it\/it\/bagno-di-folla-per-il-primo-corso-mascherato-a-viareggio\/#primaryimage"},"thumbnailUrl":"https:\/\/www.intoscana.it\/wp-content\/uploads\/274481589_7341885045823343_4643473358969996678_n.jpg","datePublished":"2022-02-21T10:46:59+00:00","dateModified":"2022-02-22T10:32:26+00:00","author":{"@id":"https:\/\/www.intoscana.it\/it\/#\/schema\/person\/9eb9daa846a49fe51af39a73d9d1986b"},"description":"L'edizione 149 del Carnevale con il pubblico delle grandi occasioni: Achille Lauro e Vasco Rossi e tanta politica con Draghi, Biden e Putin protagonisti dei carri","breadcrumb":{"@id":"https:\/\/www.intoscana.it\/it\/bagno-di-folla-per-il-primo-corso-mascherato-a-viareggio\/#breadcrumb"},"inLanguage":"it-IT","potentialAction":[{"@type":"ReadAction","target":["https:\/\/www.intoscana.it\/it\/bagno-di-folla-per-il-primo-corso-mascherato-a-viareggio\/"]}]},{"@type":"ImageObject","inLanguage":"it-IT","@id":"https:\/\/www.intoscana.it\/it\/bagno-di-folla-per-il-primo-corso-mascherato-a-viareggio\/#primaryimage","url":"https:\/\/www.intoscana.it\/wp-content\/uploads\/274481589_7341885045823343_4643473358969996678_n.jpg","contentUrl":"https:\/\/www.intoscana.it\/wp-content\/uploads\/274481589_7341885045823343_4643473358969996678_n.jpg","width":1440,"height":958,"caption":"Carnevale di Viareggio 2022 - \u00a9 pagina Facebook Carnevale di Viareggio"},{"@type":"BreadcrumbList","@id":"https:\/\/www.intoscana.it\/it\/bagno-di-folla-per-il-primo-corso-mascherato-a-viareggio\/#breadcrumb","itemListElement":[{"@type":"ListItem","position":1,"name":"Home","item":"https:\/\/www.intoscana.it\/it\/"},{"@type":"ListItem","position":2,"name":"Bagno di folla per il primo corso a Viareggio, sui social impazza il FantaCarnevale"}]},{"@type":"WebSite","@id":"https:\/\/www.intoscana.it\/it\/#website","url":"https:\/\/www.intoscana.it\/it\/","name":"intoscana","description":"","potentialAction":[{"@type":"SearchAction","target":{"@type":"EntryPoint","urlTemplate":"https:\/\/www.intoscana.it\/it\/?s={search_term_string}"},"query-input":{"@type":"PropertyValueSpecification","valueRequired":true,"valueName":"search_term_string"}}],"inLanguage":"it-IT"},{"@type":"Person","@id":"https:\/\/www.intoscana.it\/it\/#\/schema\/person\/9eb9daa846a49fe51af39a73d9d1986b","name":"Raffaella Galamini","sameAs":["https:\/\/x.com\/orio"],"url":"https:\/\/www.intoscana.it\/it\/author\/r-galamini\/"}]}},"_links":{"self":[{"href":"https:\/\/www.intoscana.it\/it\/wp-json\/wp\/v2\/posts\/213302","targetHints":{"allow":["GET"]}}],"collection":[{"href":"https:\/\/www.intoscana.it\/it\/wp-json\/wp\/v2\/posts"}],"about":[{"href":"https:\/\/www.intoscana.it\/it\/wp-json\/wp\/v2\/types\/post"}],"author":[{"embeddable":true,"href":"https:\/\/www.intoscana.it\/it\/wp-json\/wp\/v2\/users\/554"}],"replies":[{"embeddable":true,"href":"https:\/\/www.intoscana.it\/it\/wp-json\/wp\/v2\/comments?post=213302"}],"version-history":[{"count":0,"href":"https:\/\/www.intoscana.it\/it\/wp-json\/wp\/v2\/posts\/213302\/revisions"}],"wp:featuredmedia":[{"embeddable":true,"href":"https:\/\/www.intoscana.it\/it\/wp-json\/wp\/v2\/media\/213253"}],"wp:attachment":[{"href":"https:\/\/www.intoscana.it\/it\/wp-json\/wp\/v2\/media?parent=213302"}],"wp:term":[{"taxonomy":"category","embeddable":true,"href":"https:\/\/www.intoscana.it\/it\/wp-json\/wp\/v2\/categories?post=213302"},{"taxonomy":"post_tag","embeddable":true,"href":"https:\/\/www.intoscana.it\/it\/wp-json\/wp\/v2\/tags?post=213302"}],"curies":[{"name":"wp","href":"https:\/\/api.w.org\/{rel}","templated":true}]}}