{"id":213323,"date":"2022-02-21T15:24:18","date_gmt":"2022-02-21T14:24:18","guid":{"rendered":"https:\/\/www.intoscana.it\/it\/?p=213323"},"modified":"2023-08-31T15:29:18","modified_gmt":"2023-08-31T13:29:18","slug":"alla-scoperta-del-borgo-di-lari","status":"publish","type":"post","link":"https:\/\/www.intoscana.it\/it\/alla-scoperta-del-borgo-di-lari\/","title":{"rendered":"Alla scoperta del borgo di Lari tra pasta artigianale, ciliegie e grotte di tufo"},"content":{"rendered":"<p>\u00c8 un borgo ricco di meraviglie e di tradizioni enogastronomiche quello di <strong>Lari<\/strong>, piccolo paese dell\u2019entroterra pisano che vanta il marchio di <strong>Bandiera Arancione<\/strong> del Touring Club Italiano: un riconoscimento turistico importante che va a premiare il patrimonio culturale, ambientale e artistico della localit\u00e0.<\/p>\n<p>Lari, famosa per il suo storico castello e per un\u2019offerta culinaria ampia e variegata, \u00e8 stata anche protagonista della trasmissione televisiva <a href=\"https:\/\/www.facebook.com\/Melaverdeofficial\/posts\/4810752655699147\" target=\"_blank\" rel=\"noopener\">Melaverde<\/a>, programma di approfondimento su Canale 5 dedicato alle eccellenze nazionali. In una recente puntata, i conduttori <strong>Ellen Hidding e Vincenzo Venuto<\/strong> hanno portato gli spettatori a esplorare questa gemma nascosta della Toscana, tra bellezze e sapori.<\/p>\n<h3>Un pastificio con oltre 90 anni di storia<\/h3>\n<figure id=\"post-213356 media-213356\" class=\"align-none\"><img decoding=\"async\" src=\"https:\/\/www.intoscana.it\/wp-content\/uploads\/pasta-artigianale-martelli.jpeg\" alt=\"\" \/><\/figure>\n<div class=\"titleimg\">A Lari si produce una pasta di semola 100% artigianale &#8211; \u00a9 Pastificio Famiglia Martelli<\/div>\n<p>Camminando per le vie del borgo, ci si imbatte in un grande palazzo dipinto di giallo con un targa che riporta la scritta \u201c<strong>Via dei pastifici<\/strong>\u201d. \u00c8 la sede dell\u2019antica attivit\u00e0 della <a href=\"https:\/\/www.famigliamartelli.it\/\" target=\"_blank\" rel=\"noopener\">Famiglia Martelli<\/a> che, dal 1926, tra gesti lenti e macchinari d\u2019epoca, d\u00e0 vita a una pasta di semola 100% artigianale. Spaghetti e maccheroni, penne classiche e \u201cfusilli di Pisa\u201d: tutte le lavorazioni di questo pastificio, oggi come ieri, rispettano i tempi della tradizione per esaltare il <strong>gusto del grano<\/strong> e aumentare la <strong>digeribilit\u00e0<\/strong> della pasta.<\/p>\n<p>Oltre alla qualit\u00e0 della materia prima e all\u2019impasto &#8220;slow&#8221;, infatti, ci\u00f2 che rende unica la pasta \u00e8 la fase di asciugatura, che permette di stabilizzare le propriet\u00e0 acquisite dall\u2019impasto a freddo e dalla trafilatura al bronzo. Per gli spaghetti, ad esempio, servono <strong>50 ore di essiccazione<\/strong>.<\/p>\n<h3>Una tira l&#8217;altra. Le ciliegie di Lari<\/h3>\n<p>Se lo chiamano &#8220;borgo delle ciliegie&#8221;, un motivo ci sar\u00e0. Proprio sulle colline di Lari si trovano numerose aziende che, favorite dalla peculiarit\u00e0 dei suoli e del clima della zona, coltivano <strong>alberi di ciliegio<\/strong> seguendo tradizioni secolari.<\/p>\n<p>Quella di Lari \u00e8 una cultivar autoctona originaria del Pisano, di cui sono state censite diverse<strong> variet\u00e0<\/strong>. Nel 2023, dopo un iter avviato nel 2014, ha ottenuto il <a href=\"https:\/\/www.intoscana.it\/it\/articolo\/lunione-europea-riconosce-la-denominazione-igp-alla-ciliegia-di-lari\/\" target=\"_blank\" rel=\"noopener\">marchio IGP<\/a> (indicazione geografica protetta).<\/p>\n<p>Ogni anno, tra fine maggio e fine giugno, nel borgo si tiene anche la <strong>Sagra delle Ciliegie<\/strong>, molto conosciuta e frequentata dagli abitanti del posto e dai turisti.<\/p>\n<figure id=\"post-213374 media-213374\" class=\"align-none\"><\/figure>\n<div class=\"titleimg\">\n<figure id=\"post-213374 media-213374\" class=\"align-none\"><img decoding=\"async\" src=\"https:\/\/www.intoscana.it\/wp-content\/uploads\/ciliegie-di-lari-e1645450898685.jpeg\" alt=\"\" \/><\/figure>\n<div class=\"titleimg\">Le ciliegie di Lari, eccellenza della Toscana &#8211; \u00a9 Visit Casciana Terme Lari<\/div>\n<\/div>\n<h3>Salumi e formaggi<\/h3>\n<p>La stessa ciliegia di Lari, perfetta per marmellate e conserve, viene impiegata per preparazioni innovative e singolari. Ne \u00e8 un esempio il <strong>salame<\/strong> della <a href=\"http:\/\/www.macelleriabalestri.it\/wpmb\/it\/home\/\" target=\"_blank\" rel=\"noopener\">Macelleria Balestri<\/a> che, insieme alle carni di prima scelta, vede l&#8217;aggiunta di <strong>ciliegie sotto spirito<\/strong> e del <strong>liquore &#8220;Festa&#8221;<\/strong>, un elisir a base di ciliegie prodotto dalla <a href=\"https:\/\/www.liquoreriameini.it\/\" target=\"_blank\" rel=\"noopener\">Liquoreria Meini<\/a>, fondata nel 1874.<\/p>\n<p>Accanto a salumi, insaccati e pecorini &#8220;tradizionali&#8221;, si possono gustare prelibatezze pi\u00f9 moderne come il <strong>Tre Latti<\/strong> del <a href=\"https:\/\/www.caseificiobusti.it\/\" target=\"_blank\" rel=\"noopener\">Caseificio Busti<\/a>, un formaggio (che ha ottenuto il primo premio del <a href=\"https:\/\/www.intoscana.it\/it\/articolo\/world-cheese-awards-2019\/\" target=\"_blank\" rel=\"noopener\">World Cheese Awards<\/a> nel 2019) realizzato con latte ovino, vaccino e caprino e stagionato in un una <strong>grotta di tufo<\/strong> per almeno 90 giorni. Terminata l\u2019affinatura, viene poi trattato in crosta con carbone vegetale che gli dona un\u2019elegante veste nera.<\/p>\n<h3>Un panettone originale<\/h3>\n<p>Il <a href=\"https:\/\/www.facebook.com\/profile.php?id=100057252857918\" target=\"_blank\" rel=\"noopener\">Forno Bernardeschi<\/a> \u00e8 un\u2019altra eccellenza del borgo: attivo dai primi anni del Novecento, ha partecipato al concorso organizzato dalla Federazione internazionale Pasticceria Gelateria Cioccolateria e, nel 2020, si \u00e8 aggiudicato la <strong>medaglia d&#8217;argento<\/strong> a livello mondiale per il miglior panettone tradizionale.<\/p>\n<p>Recentemente, per\u00f2, i fornai della famiglia \u201cmade in Lari\u201d &#8211; giunti alla quarta generazione &#8211; si sono concentrati su un nuovo prodotto: il <strong>panettone salato<\/strong>, farcito con <strong>pancetta<\/strong> e arricchito con un <strong>crumble di formaggi<\/strong> locali.<\/p>\n<h3>Artigianato<\/h3>\n<p>Merita una sosta il laboratorio del maestro artigiano <strong>Giorgio Salvadori<\/strong>, uno degli ultimi fabbri che sa realizzare fedeli ricostruzioni di <strong>armi e armature del passato<\/strong>. Qui vedono la luce costumi e manufatti utilizzati dalle contrade per le sfilate del <a href=\"https:\/\/www.intoscana.it\/it\/articolo\/palio-siena-2022\/\" target=\"_blank\" rel=\"noopener\">Palio di Siena<\/a>.<\/p>\n<h3>Benessere termale<\/h3>\n<p><iframe loading=\"lazy\" title=\"YouTube video player\" src=\"https:\/\/www.youtube.com\/embed\/Y0oYIOdCnsk\" width=\"800\" height=\"450\" frameborder=\"0\" allowfullscreen=\"allowfullscreen\"><span data-mce-type=\"bookmark\" style=\"display: inline-block; width: 0px; overflow: hidden; line-height: 0;\" class=\"mce_SELRES_start\">\ufeff<\/span><\/iframe><\/p>\n<p>Il comune \u201csparso\u201d di Casciana Terme Lari, composto da due centri distinti, \u00e8 noto anche per le sue <strong>fonti termali<\/strong>, riconosciute per le eccelse propriet\u00e0 curative gi\u00e0 a partire dal 1100. Questo luogo, infatti, veniva associato all\u2019espressione Acqua Mathelda (dal nome della <strong>Contessa Matilde di Canossa<\/strong>) poich\u00e9 si diceva che potesse far ringiovanire. Secondo la leggenda, la Contessa aveva un merlo anziano e dolorante che, tuffandosi in quest\u2019acqua calda, riusc\u00ec a ringiovanire.<\/p>\n<p>Ancora oggi, le <a href=\"https:\/\/www.termedicasciana.com\/\" target=\"_blank\" rel=\"noopener\"><strong>Terme di Casciana<\/strong><\/a> forniscono rimedi ideali contro le disfunzioni della circolazione venosa, i reumatismi e le artrosi, l&#8217;uricemia, il colesterolo alto, riniti, faringiti, bronchiti e tutti i disturbi ginecologici.<\/p>\n","protected":false},"excerpt":{"rendered":"<p>Il Castello dei Vicari e le acque curative di Casciana Terme, un salame dal sapore fruttato e un curioso panettone: un itinerario originale per conoscere i luoghi e i sapori della colline pisane<\/p>\n","protected":false},"author":483,"featured_media":213328,"comment_status":"open","ping_status":"open","sticky":false,"template":"","format":"standard","meta":{"_acf_changed":false,"footnotes":""},"categories":[6],"tags":[3830,436],"class_list":["post-213323","post","type-post","status-publish","format-standard","has-post-thumbnail","hentry","category-viaggi","tag-borghi","tag-prodotti-tipici"],"acf":[],"yoast_head":"<!-- This site is optimized with the Yoast SEO Premium plugin v24.2 (Yoast SEO v25.6) - https:\/\/yoast.com\/wordpress\/plugins\/seo\/ -->\n<title>Alla scoperta del borgo di Lari: cosa vedere e cosa mangiare - intoscana<\/title>\n<meta name=\"description\" content=\"Il borgo di Lari \u00e8 uno scrigno di bellezze e di sapori: ecco un itinerario originale per scoprire questo angolo di Toscana autentica.\" \/>\n<meta name=\"robots\" content=\"index, follow, max-snippet:-1, max-image-preview:large, max-video-preview:-1\" \/>\n<link rel=\"canonical\" href=\"https:\/\/www.intoscana.it\/it\/alla-scoperta-del-borgo-di-lari\/\" \/>\n<meta property=\"og:locale\" content=\"it_IT\" \/>\n<meta property=\"og:type\" content=\"article\" \/>\n<meta property=\"og:title\" content=\"Alla scoperta del borgo di Lari tra pasta artigianale, ciliegie e grotte di tufo\" \/>\n<meta property=\"og:description\" content=\"Il borgo di Lari \u00e8 uno scrigno di bellezze e di sapori: ecco un itinerario originale per scoprire questo angolo di Toscana autentica.\" \/>\n<meta property=\"og:url\" content=\"https:\/\/www.intoscana.it\/it\/alla-scoperta-del-borgo-di-lari\/\" \/>\n<meta property=\"og:site_name\" content=\"intoscana\" \/>\n<meta property=\"article:publisher\" content=\"https:\/\/www.facebook.com\/intoscana.it\" \/>\n<meta property=\"article:published_time\" content=\"2022-02-21T14:24:18+00:00\" \/>\n<meta property=\"article:modified_time\" content=\"2023-08-31T13:29:18+00:00\" \/>\n<meta property=\"og:image\" content=\"https:\/\/www.intoscana.it\/wp-content\/uploads\/il-borgo-di-lari-nel-comune-di-casciana-terme-lari-in-toscana-scaled.jpg\" \/>\n\t<meta property=\"og:image:width\" content=\"2048\" \/>\n\t<meta property=\"og:image:height\" content=\"1152\" \/>\n\t<meta property=\"og:image:type\" content=\"image\/jpeg\" \/>\n<meta name=\"author\" content=\"Marta Mancini\" \/>\n<meta name=\"twitter:card\" content=\"summary_large_image\" \/>\n<meta name=\"twitter:creator\" content=\"@intoscana\" \/>\n<meta name=\"twitter:site\" content=\"@intoscana\" \/>\n<meta name=\"twitter:label1\" content=\"Written by\" \/>\n\t<meta name=\"twitter:data1\" content=\"Marta Mancini\" \/>\n\t<meta name=\"twitter:label2\" content=\"Est. reading time\" \/>\n\t<meta name=\"twitter:data2\" content=\"4 minuti\" \/>\n<script type=\"application\/ld+json\" class=\"yoast-schema-graph\">{\"@context\":\"https:\/\/schema.org\",\"@graph\":[{\"@type\":\"WebPage\",\"@id\":\"https:\/\/www.intoscana.it\/it\/alla-scoperta-del-borgo-di-lari\/\",\"url\":\"https:\/\/www.intoscana.it\/it\/alla-scoperta-del-borgo-di-lari\/\",\"name\":\"Alla scoperta del borgo di Lari: cosa vedere e cosa mangiare - intoscana\",\"isPartOf\":{\"@id\":\"https:\/\/www.intoscana.it\/it\/#website\"},\"primaryImageOfPage\":{\"@id\":\"https:\/\/www.intoscana.it\/it\/alla-scoperta-del-borgo-di-lari\/#primaryimage\"},\"image\":{\"@id\":\"https:\/\/www.intoscana.it\/it\/alla-scoperta-del-borgo-di-lari\/#primaryimage\"},\"thumbnailUrl\":\"https:\/\/www.intoscana.it\/wp-content\/uploads\/il-borgo-di-lari-nel-comune-di-casciana-terme-lari-in-toscana-scaled.jpg\",\"datePublished\":\"2022-02-21T14:24:18+00:00\",\"dateModified\":\"2023-08-31T13:29:18+00:00\",\"author\":{\"@id\":\"https:\/\/www.intoscana.it\/it\/#\/schema\/person\/ba955c49c389f39a8208f182b0652479\"},\"description\":\"Il borgo di Lari \u00e8 uno scrigno di bellezze e di sapori: ecco un itinerario originale per scoprire questo angolo di Toscana autentica.\",\"breadcrumb\":{\"@id\":\"https:\/\/www.intoscana.it\/it\/alla-scoperta-del-borgo-di-lari\/#breadcrumb\"},\"inLanguage\":\"it-IT\",\"potentialAction\":[{\"@type\":\"ReadAction\",\"target\":[\"https:\/\/www.intoscana.it\/it\/alla-scoperta-del-borgo-di-lari\/\"]}]},{\"@type\":\"ImageObject\",\"inLanguage\":\"it-IT\",\"@id\":\"https:\/\/www.intoscana.it\/it\/alla-scoperta-del-borgo-di-lari\/#primaryimage\",\"url\":\"https:\/\/www.intoscana.it\/wp-content\/uploads\/il-borgo-di-lari-nel-comune-di-casciana-terme-lari-in-toscana-scaled.jpg\",\"contentUrl\":\"https:\/\/www.intoscana.it\/wp-content\/uploads\/il-borgo-di-lari-nel-comune-di-casciana-terme-lari-in-toscana-scaled.jpg\",\"width\":2048,\"height\":1152,\"caption\":\"Il bellissimo borgo di Lari sulle colline pisane\"},{\"@type\":\"BreadcrumbList\",\"@id\":\"https:\/\/www.intoscana.it\/it\/alla-scoperta-del-borgo-di-lari\/#breadcrumb\",\"itemListElement\":[{\"@type\":\"ListItem\",\"position\":1,\"name\":\"Home\",\"item\":\"https:\/\/www.intoscana.it\/it\/\"},{\"@type\":\"ListItem\",\"position\":2,\"name\":\"Alla scoperta del borgo di Lari tra pasta artigianale, ciliegie e grotte di tufo\"}]},{\"@type\":\"WebSite\",\"@id\":\"https:\/\/www.intoscana.it\/it\/#website\",\"url\":\"https:\/\/www.intoscana.it\/it\/\",\"name\":\"intoscana\",\"description\":\"\",\"potentialAction\":[{\"@type\":\"SearchAction\",\"target\":{\"@type\":\"EntryPoint\",\"urlTemplate\":\"https:\/\/www.intoscana.it\/it\/?s={search_term_string}\"},\"query-input\":{\"@type\":\"PropertyValueSpecification\",\"valueRequired\":true,\"valueName\":\"search_term_string\"}}],\"inLanguage\":\"it-IT\"},{\"@type\":\"Person\",\"@id\":\"https:\/\/www.intoscana.it\/it\/#\/schema\/person\/ba955c49c389f39a8208f182b0652479\",\"name\":\"Marta Mancini\",\"url\":\"https:\/\/www.intoscana.it\/it\/author\/marta-mancini\/\"}]}<\/script>\n<!-- \/ Yoast SEO Premium plugin. -->","yoast_head_json":{"title":"Alla scoperta del borgo di Lari: cosa vedere e cosa mangiare - intoscana","description":"Il borgo di Lari \u00e8 uno scrigno di bellezze e di sapori: ecco un itinerario originale per scoprire questo angolo di Toscana autentica.","robots":{"index":"index","follow":"follow","max-snippet":"max-snippet:-1","max-image-preview":"max-image-preview:large","max-video-preview":"max-video-preview:-1"},"canonical":"https:\/\/www.intoscana.it\/it\/alla-scoperta-del-borgo-di-lari\/","og_locale":"it_IT","og_type":"article","og_title":"Alla scoperta del borgo di Lari tra pasta artigianale, ciliegie e grotte di tufo","og_description":"Il borgo di Lari \u00e8 uno scrigno di bellezze e di sapori: ecco un itinerario originale per scoprire questo angolo di Toscana autentica.","og_url":"https:\/\/www.intoscana.it\/it\/alla-scoperta-del-borgo-di-lari\/","og_site_name":"intoscana","article_publisher":"https:\/\/www.facebook.com\/intoscana.it","article_published_time":"2022-02-21T14:24:18+00:00","article_modified_time":"2023-08-31T13:29:18+00:00","og_image":[{"width":2048,"height":1152,"url":"https:\/\/www.intoscana.it\/wp-content\/uploads\/il-borgo-di-lari-nel-comune-di-casciana-terme-lari-in-toscana-scaled.jpg","type":"image\/jpeg"}],"author":"Marta Mancini","twitter_card":"summary_large_image","twitter_creator":"@intoscana","twitter_site":"@intoscana","twitter_misc":{"Written by":"Marta Mancini","Est. reading time":"4 minuti"},"schema":{"@context":"https:\/\/schema.org","@graph":[{"@type":"WebPage","@id":"https:\/\/www.intoscana.it\/it\/alla-scoperta-del-borgo-di-lari\/","url":"https:\/\/www.intoscana.it\/it\/alla-scoperta-del-borgo-di-lari\/","name":"Alla scoperta del borgo di Lari: cosa vedere e cosa mangiare - intoscana","isPartOf":{"@id":"https:\/\/www.intoscana.it\/it\/#website"},"primaryImageOfPage":{"@id":"https:\/\/www.intoscana.it\/it\/alla-scoperta-del-borgo-di-lari\/#primaryimage"},"image":{"@id":"https:\/\/www.intoscana.it\/it\/alla-scoperta-del-borgo-di-lari\/#primaryimage"},"thumbnailUrl":"https:\/\/www.intoscana.it\/wp-content\/uploads\/il-borgo-di-lari-nel-comune-di-casciana-terme-lari-in-toscana-scaled.jpg","datePublished":"2022-02-21T14:24:18+00:00","dateModified":"2023-08-31T13:29:18+00:00","author":{"@id":"https:\/\/www.intoscana.it\/it\/#\/schema\/person\/ba955c49c389f39a8208f182b0652479"},"description":"Il borgo di Lari \u00e8 uno scrigno di bellezze e di sapori: ecco un itinerario originale per scoprire questo angolo di Toscana autentica.","breadcrumb":{"@id":"https:\/\/www.intoscana.it\/it\/alla-scoperta-del-borgo-di-lari\/#breadcrumb"},"inLanguage":"it-IT","potentialAction":[{"@type":"ReadAction","target":["https:\/\/www.intoscana.it\/it\/alla-scoperta-del-borgo-di-lari\/"]}]},{"@type":"ImageObject","inLanguage":"it-IT","@id":"https:\/\/www.intoscana.it\/it\/alla-scoperta-del-borgo-di-lari\/#primaryimage","url":"https:\/\/www.intoscana.it\/wp-content\/uploads\/il-borgo-di-lari-nel-comune-di-casciana-terme-lari-in-toscana-scaled.jpg","contentUrl":"https:\/\/www.intoscana.it\/wp-content\/uploads\/il-borgo-di-lari-nel-comune-di-casciana-terme-lari-in-toscana-scaled.jpg","width":2048,"height":1152,"caption":"Il bellissimo borgo di Lari sulle colline pisane"},{"@type":"BreadcrumbList","@id":"https:\/\/www.intoscana.it\/it\/alla-scoperta-del-borgo-di-lari\/#breadcrumb","itemListElement":[{"@type":"ListItem","position":1,"name":"Home","item":"https:\/\/www.intoscana.it\/it\/"},{"@type":"ListItem","position":2,"name":"Alla scoperta del borgo di Lari tra pasta artigianale, ciliegie e grotte di tufo"}]},{"@type":"WebSite","@id":"https:\/\/www.intoscana.it\/it\/#website","url":"https:\/\/www.intoscana.it\/it\/","name":"intoscana","description":"","potentialAction":[{"@type":"SearchAction","target":{"@type":"EntryPoint","urlTemplate":"https:\/\/www.intoscana.it\/it\/?s={search_term_string}"},"query-input":{"@type":"PropertyValueSpecification","valueRequired":true,"valueName":"search_term_string"}}],"inLanguage":"it-IT"},{"@type":"Person","@id":"https:\/\/www.intoscana.it\/it\/#\/schema\/person\/ba955c49c389f39a8208f182b0652479","name":"Marta Mancini","url":"https:\/\/www.intoscana.it\/it\/author\/marta-mancini\/"}]}},"_links":{"self":[{"href":"https:\/\/www.intoscana.it\/it\/wp-json\/wp\/v2\/posts\/213323","targetHints":{"allow":["GET"]}}],"collection":[{"href":"https:\/\/www.intoscana.it\/it\/wp-json\/wp\/v2\/posts"}],"about":[{"href":"https:\/\/www.intoscana.it\/it\/wp-json\/wp\/v2\/types\/post"}],"author":[{"embeddable":true,"href":"https:\/\/www.intoscana.it\/it\/wp-json\/wp\/v2\/users\/483"}],"replies":[{"embeddable":true,"href":"https:\/\/www.intoscana.it\/it\/wp-json\/wp\/v2\/comments?post=213323"}],"version-history":[{"count":0,"href":"https:\/\/www.intoscana.it\/it\/wp-json\/wp\/v2\/posts\/213323\/revisions"}],"wp:featuredmedia":[{"embeddable":true,"href":"https:\/\/www.intoscana.it\/it\/wp-json\/wp\/v2\/media\/213328"}],"wp:attachment":[{"href":"https:\/\/www.intoscana.it\/it\/wp-json\/wp\/v2\/media?parent=213323"}],"wp:term":[{"taxonomy":"category","embeddable":true,"href":"https:\/\/www.intoscana.it\/it\/wp-json\/wp\/v2\/categories?post=213323"},{"taxonomy":"post_tag","embeddable":true,"href":"https:\/\/www.intoscana.it\/it\/wp-json\/wp\/v2\/tags?post=213323"}],"curies":[{"name":"wp","href":"https:\/\/api.w.org\/{rel}","templated":true}]}}