{"id":213538,"date":"2022-02-22T13:48:56","date_gmt":"2022-02-22T12:48:56","guid":{"rendered":"https:\/\/www.intoscana.it\/it\/?p=213538"},"modified":"2022-02-22T14:03:05","modified_gmt":"2022-02-22T13:03:05","slug":"alessandra-corbetta-estate-corsara","status":"publish","type":"post","link":"https:\/\/www.intoscana.it\/it\/alessandra-corbetta-estate-corsara\/","title":{"rendered":"L&#8217;estate corsara di Alessandra Corbetta: un &#8220;diario&#8221; di poesie in viaggio per la Toscana"},"content":{"rendered":"<p>Nel 2006 <strong>Alessandra Corbetta<\/strong> trascorre l&#8217;estate viaggiando per la <strong>Toscana.<\/strong><\/p>\n<p><strong>Firenze, Livorno, Pietrasanta, Lucca, Siena, Arezzo, Fiesole, Sarzana, Marradi, Monteriggioni,<\/strong> sono alcune delle citt\u00e0 che visita e altrettanti titoli delle poesie contenute nel suo libro <em><strong>&#8220;Estate Corsara&#8221;.<\/strong><\/em><\/p>\n<p>Non \u00e8 per\u00f2 <strong>una Toscana &#8220;da cartolina&#8221;<\/strong> quella che lei descrive, ma una tela su cui riverberano le sue emozioni.\u00a0Ogni luogo nella sua peculiarit\u00e0 conserva la capacit\u00e0 di <strong>esistere in un tempo dilatato, quello del ricordo,<\/strong> e di accogliere dentro s\u00e9, come in un eterno rewind, le persone, le parole e i gesti che lo hanno abitato.<\/p>\n<p><strong>Alessandra Corbetta<\/strong> invita i lettori in <strong>un viaggio nell\u2019anima,<\/strong>\u00a0in <strong>un\u2019estate senza tempo<\/strong> in cui si consumano le promesse dell\u2019amore, la nostalgia dei momenti trascorsi e la memoria di alcune frasi.<\/p>\n<p>La raccolta \u00e8 divisa in tre sezioni, <strong>Prima, Durante e Dopo<\/strong>, e si muove nello spazio spesso con la calma e la sicurezza del treno, altre volte con lo stupore e la sorpresa della passeggiata in luoghi non familiari.<\/p>\n<h3>Ecco la nostra intervista ad Alessandra<\/h3>\n<p><strong>Ciao Alessandra, a cosa si deve questo tuo amore per la Toscana?<\/strong><\/p>\n<p>La mia raccolta di poesie parte da un elemento autobiografico, cio\u00e8 una storia d&#8217;amore che io ho vissuto e che \u00e8 stata per me potentissima e distruttiva. Questa storia mi ha portato per un anno a vivere a Firenze e in questi luoghi della Toscana. <strong>Era una storia a distanza quindi \u00e8 stata vissuta nel viaggio<\/strong> e nel cambio continuo di destinazione.<\/p>\n<p><strong>Estate &#8220;corsara&#8221; mi fa pensare a vacanze o scampagnate con amici, ma l&#8217;estate che tu racconti \u00e8 un po&#8217; diversa, mi sembra un libro in cui tramite la poesia hai fatto una grande riflessione su te stessa<\/strong><\/p>\n<p>A me piace creare titoli che in qualche modo creino un&#8217;idea che poi viene disattesa o risultino ossimorici rispetto al contenuto. Ho scelto questo aggettivo che rimanda agli <strong>Scritti corsari di Pasolini,<\/strong> ma in realt\u00e0 l&#8217;ho preso da un aggettivo che i <strong>Baustelle<\/strong> usano in una canzone che si chiama <em><strong>&#8220;Le rane&#8221;<\/strong><\/em> e che loro accostano alla gioia. Mi piaceva questa idea di <strong>predazione e saccheggio<\/strong>, come qualcosa che viene portato via in maniera fraudolenta e che io associo all&#8217;estate. E&#8217; la mia stagione, ma \u00e8 una delle stagioni della vita metaforicamente. Come se la bellezza che \u00e8 insita nell&#8217;estate e nella giovent\u00f9 avesse poi <strong>un prezzo altissimo da pagare.<\/strong>\u00a0Non \u00e8 un momento di leggerezza, anzi per me \u00e8 un momento in cui si tirano le somme di quello che siamo e della strada che fin l\u00ec abbiamo percorso.<\/p>\n<p><strong>Descrivi queste citt\u00e0 toscane in modo diverso da quello che ci si aspetterebbe, sono come uno specchio in cui rifletti le tue emozioni<\/strong><\/p>\n<p>Assolutamente s\u00ec, il fulcro di questa raccolta non \u00e8 tanto la relazione amorosa, ma il processo indennitario che occorre compiere quando le relazioni finiscono. Il senso della raccolta \u00e8 proprio l&#8217;evoluzione di un&#8217;identit\u00e0 che si \u00e8 costretti a fare per non sopperire a se stessi. Quindi <strong>i luoghi toscani diventano l&#8217;interlocutore, una sorta di persona, soggetto a cui ci si rivolge<\/strong> e rimangono anche l&#8217;unica cosa che resta. I luoghi sono anche gli osservatori, \u00e8 per quello che non se ne d\u00e0 una descrizione corrispondente alla realt\u00e0.<\/p>\n<figure id=\"post-213517 media-213517\" class=\"align-none\"><img decoding=\"async\" src=\"https:\/\/www.intoscana.it\/wp-content\/uploads\/Estate-corsara-Copertina-Fronte-Piccola-1.jpg\" alt=\"\" \/><\/figure>\n<p><strong>Una delle poesie della raccolta &#8220;ABCD&#8221; \u00e8 diventata anche una canzone, com&#8217;\u00e8 nata questa collaborazione?<\/strong><\/p>\n<p>Io ho sempre pensato che<strong> i grandi dolori possono essere gestibili quando diventano &#8220;cantabili&#8221;,<\/strong> forse anche perch\u00e8 per me la musica ha sempre rappresentato la quiete. Ho deciso che uno dei testi di questa raccolta diventasse una canzone, per esorcizzare un dolore. Ho sottoposto il progetto a un mio amico musicista e poi con il suo produttore e videomaker abbiamo realizzato il progetto. Non \u00e8 stata semplicemente &#8220;cantata&#8221; la poesia ma \u00e8 stato fatto un lavoro sul testo e poi sul video insieme.<\/p>\n<p><strong>Stai continuando a scrivere poesie?<\/strong><\/p>\n<p>Io scrivo molto per lavoro in Universit\u00e0, mi occupo di saggi, recensioni e articoli. <strong>La poesia secondo me \u00e8 strettamente correlata alla vita<\/strong>, \u00e8 come un magma che abbiamo dentro e poi esplode quindi non pu\u00f2 accadere sempre. In questo momento poesia non ne sto scrivendo, c&#8217;\u00e8 uno svuotamento quasi fisiologico,\u00a0<strong>torner\u00f2 a scrivere quando un altro ciclo dovr\u00e0 iniziare.<\/strong><\/p>\n<p><iframe loading=\"lazy\" title=\"YouTube video player\" src=\"https:\/\/www.youtube.com\/embed\/mSLWd8lWd0I\" width=\"800\" height=\"500\" frameborder=\"0\" allowfullscreen=\"allowfullscreen\"><span data-mce-type=\"bookmark\" style=\"display: inline-block; width: 0px; overflow: hidden; line-height: 0;\" class=\"mce_SELRES_start\">\ufeff<\/span><\/iframe><\/p>\n","protected":false},"excerpt":{"rendered":"<p>La scrittrice con le sue poesie racconta una &#8220;Toscana aliena&#8221; interlocutore e specchio della sua sofferta storia d&#8217;amore, un viaggio inedito alla riscoperta di se stessa<\/p>\n","protected":false},"author":518,"featured_media":213516,"comment_status":"open","ping_status":"open","sticky":false,"template":"","format":"standard","meta":{"_acf_changed":false,"footnotes":""},"categories":[493],"tags":[3136,210,2615],"class_list":["post-213538","post","type-post","status-publish","format-standard","has-post-thumbnail","hentry","category-cultura","tag-interviste","tag-libri","tag-scrittori"],"acf":[],"yoast_head":"<!-- This site is optimized with the Yoast SEO Premium plugin v24.2 (Yoast SEO v25.6) - https:\/\/yoast.com\/wordpress\/plugins\/seo\/ -->\n<title>L&#039;estate corsara di Alessandra Corbetta: un &quot;diario&quot; di poesie in viaggio per la Toscana - intoscana<\/title>\n<meta name=\"description\" content=\"La scrittrice con le sue poesie racconta una &quot;Toscana aliena&quot; interlocutore e specchio della sua sofferta storia d&#039;amore\" \/>\n<meta name=\"robots\" content=\"index, follow, max-snippet:-1, max-image-preview:large, max-video-preview:-1\" \/>\n<link rel=\"canonical\" href=\"https:\/\/www.intoscana.it\/it\/alessandra-corbetta-estate-corsara\/\" \/>\n<meta property=\"og:locale\" content=\"it_IT\" \/>\n<meta property=\"og:type\" content=\"article\" \/>\n<meta property=\"og:title\" content=\"L&#039;estate corsara di Alessandra Corbetta: un &quot;diario&quot; di poesie in viaggio per la Toscana\" \/>\n<meta property=\"og:description\" content=\"La scrittrice con le sue poesie racconta una &quot;Toscana aliena&quot; interlocutore e specchio della sua sofferta storia d&#039;amore\" \/>\n<meta property=\"og:url\" content=\"https:\/\/www.intoscana.it\/it\/alessandra-corbetta-estate-corsara\/\" \/>\n<meta property=\"og:site_name\" content=\"intoscana\" \/>\n<meta property=\"article:publisher\" content=\"https:\/\/www.facebook.com\/intoscana.it\" \/>\n<meta property=\"article:published_time\" content=\"2022-02-22T12:48:56+00:00\" \/>\n<meta property=\"article:modified_time\" content=\"2022-02-22T13:03:05+00:00\" \/>\n<meta property=\"og:image\" content=\"https:\/\/www.intoscana.it\/wp-content\/uploads\/Alessandra-Corbetta-2022.jpg\" \/>\n\t<meta property=\"og:image:width\" content=\"1854\" \/>\n\t<meta property=\"og:image:height\" content=\"1854\" \/>\n\t<meta property=\"og:image:type\" content=\"image\/jpeg\" \/>\n<meta name=\"author\" content=\"Costanza Baldini\" \/>\n<meta name=\"twitter:card\" content=\"summary_large_image\" \/>\n<meta name=\"twitter:creator\" content=\"@intoscana\" \/>\n<meta name=\"twitter:site\" content=\"@intoscana\" \/>\n<meta name=\"twitter:label1\" content=\"Written by\" \/>\n\t<meta name=\"twitter:data1\" content=\"Costanza Baldini\" \/>\n\t<meta name=\"twitter:label2\" content=\"Est. reading time\" \/>\n\t<meta name=\"twitter:data2\" content=\"3 minuti\" \/>\n<script type=\"application\/ld+json\" class=\"yoast-schema-graph\">{\"@context\":\"https:\/\/schema.org\",\"@graph\":[{\"@type\":\"WebPage\",\"@id\":\"https:\/\/www.intoscana.it\/it\/alessandra-corbetta-estate-corsara\/\",\"url\":\"https:\/\/www.intoscana.it\/it\/alessandra-corbetta-estate-corsara\/\",\"name\":\"L'estate corsara di Alessandra Corbetta: un \\\"diario\\\" di poesie in viaggio per la Toscana - intoscana\",\"isPartOf\":{\"@id\":\"https:\/\/www.intoscana.it\/it\/#website\"},\"primaryImageOfPage\":{\"@id\":\"https:\/\/www.intoscana.it\/it\/alessandra-corbetta-estate-corsara\/#primaryimage\"},\"image\":{\"@id\":\"https:\/\/www.intoscana.it\/it\/alessandra-corbetta-estate-corsara\/#primaryimage\"},\"thumbnailUrl\":\"https:\/\/www.intoscana.it\/wp-content\/uploads\/Alessandra-Corbetta-2022.jpg\",\"datePublished\":\"2022-02-22T12:48:56+00:00\",\"dateModified\":\"2022-02-22T13:03:05+00:00\",\"author\":{\"@id\":\"https:\/\/www.intoscana.it\/it\/#\/schema\/person\/d469f35f09739bdf00bf5dd3f0647a82\"},\"description\":\"La scrittrice con le sue poesie racconta una \\\"Toscana aliena\\\" interlocutore e specchio della sua sofferta storia d'amore\",\"breadcrumb\":{\"@id\":\"https:\/\/www.intoscana.it\/it\/alessandra-corbetta-estate-corsara\/#breadcrumb\"},\"inLanguage\":\"it-IT\",\"potentialAction\":[{\"@type\":\"ReadAction\",\"target\":[\"https:\/\/www.intoscana.it\/it\/alessandra-corbetta-estate-corsara\/\"]}]},{\"@type\":\"ImageObject\",\"inLanguage\":\"it-IT\",\"@id\":\"https:\/\/www.intoscana.it\/it\/alessandra-corbetta-estate-corsara\/#primaryimage\",\"url\":\"https:\/\/www.intoscana.it\/wp-content\/uploads\/Alessandra-Corbetta-2022.jpg\",\"contentUrl\":\"https:\/\/www.intoscana.it\/wp-content\/uploads\/Alessandra-Corbetta-2022.jpg\",\"width\":1854,\"height\":1854},{\"@type\":\"BreadcrumbList\",\"@id\":\"https:\/\/www.intoscana.it\/it\/alessandra-corbetta-estate-corsara\/#breadcrumb\",\"itemListElement\":[{\"@type\":\"ListItem\",\"position\":1,\"name\":\"Home\",\"item\":\"https:\/\/www.intoscana.it\/it\/\"},{\"@type\":\"ListItem\",\"position\":2,\"name\":\"L&#8217;estate corsara di Alessandra Corbetta: un &#8220;diario&#8221; di poesie in viaggio per la Toscana\"}]},{\"@type\":\"WebSite\",\"@id\":\"https:\/\/www.intoscana.it\/it\/#website\",\"url\":\"https:\/\/www.intoscana.it\/it\/\",\"name\":\"intoscana\",\"description\":\"\",\"potentialAction\":[{\"@type\":\"SearchAction\",\"target\":{\"@type\":\"EntryPoint\",\"urlTemplate\":\"https:\/\/www.intoscana.it\/it\/?s={search_term_string}\"},\"query-input\":{\"@type\":\"PropertyValueSpecification\",\"valueRequired\":true,\"valueName\":\"search_term_string\"}}],\"inLanguage\":\"it-IT\"},{\"@type\":\"Person\",\"@id\":\"https:\/\/www.intoscana.it\/it\/#\/schema\/person\/d469f35f09739bdf00bf5dd3f0647a82\",\"name\":\"Costanza Baldini\",\"url\":\"https:\/\/www.intoscana.it\/it\/author\/costanza-baldini\/\"}]}<\/script>\n<!-- \/ Yoast SEO Premium plugin. -->","yoast_head_json":{"title":"L'estate corsara di Alessandra Corbetta: un \"diario\" di poesie in viaggio per la Toscana - intoscana","description":"La scrittrice con le sue poesie racconta una \"Toscana aliena\" interlocutore e specchio della sua sofferta storia d'amore","robots":{"index":"index","follow":"follow","max-snippet":"max-snippet:-1","max-image-preview":"max-image-preview:large","max-video-preview":"max-video-preview:-1"},"canonical":"https:\/\/www.intoscana.it\/it\/alessandra-corbetta-estate-corsara\/","og_locale":"it_IT","og_type":"article","og_title":"L'estate corsara di Alessandra Corbetta: un \"diario\" di poesie in viaggio per la Toscana","og_description":"La scrittrice con le sue poesie racconta una \"Toscana aliena\" interlocutore e specchio della sua sofferta storia d'amore","og_url":"https:\/\/www.intoscana.it\/it\/alessandra-corbetta-estate-corsara\/","og_site_name":"intoscana","article_publisher":"https:\/\/www.facebook.com\/intoscana.it","article_published_time":"2022-02-22T12:48:56+00:00","article_modified_time":"2022-02-22T13:03:05+00:00","og_image":[{"width":1854,"height":1854,"url":"https:\/\/www.intoscana.it\/wp-content\/uploads\/Alessandra-Corbetta-2022.jpg","type":"image\/jpeg"}],"author":"Costanza Baldini","twitter_card":"summary_large_image","twitter_creator":"@intoscana","twitter_site":"@intoscana","twitter_misc":{"Written by":"Costanza Baldini","Est. reading time":"3 minuti"},"schema":{"@context":"https:\/\/schema.org","@graph":[{"@type":"WebPage","@id":"https:\/\/www.intoscana.it\/it\/alessandra-corbetta-estate-corsara\/","url":"https:\/\/www.intoscana.it\/it\/alessandra-corbetta-estate-corsara\/","name":"L'estate corsara di Alessandra Corbetta: un \"diario\" di poesie in viaggio per la Toscana - intoscana","isPartOf":{"@id":"https:\/\/www.intoscana.it\/it\/#website"},"primaryImageOfPage":{"@id":"https:\/\/www.intoscana.it\/it\/alessandra-corbetta-estate-corsara\/#primaryimage"},"image":{"@id":"https:\/\/www.intoscana.it\/it\/alessandra-corbetta-estate-corsara\/#primaryimage"},"thumbnailUrl":"https:\/\/www.intoscana.it\/wp-content\/uploads\/Alessandra-Corbetta-2022.jpg","datePublished":"2022-02-22T12:48:56+00:00","dateModified":"2022-02-22T13:03:05+00:00","author":{"@id":"https:\/\/www.intoscana.it\/it\/#\/schema\/person\/d469f35f09739bdf00bf5dd3f0647a82"},"description":"La scrittrice con le sue poesie racconta una \"Toscana aliena\" interlocutore e specchio della sua sofferta storia d'amore","breadcrumb":{"@id":"https:\/\/www.intoscana.it\/it\/alessandra-corbetta-estate-corsara\/#breadcrumb"},"inLanguage":"it-IT","potentialAction":[{"@type":"ReadAction","target":["https:\/\/www.intoscana.it\/it\/alessandra-corbetta-estate-corsara\/"]}]},{"@type":"ImageObject","inLanguage":"it-IT","@id":"https:\/\/www.intoscana.it\/it\/alessandra-corbetta-estate-corsara\/#primaryimage","url":"https:\/\/www.intoscana.it\/wp-content\/uploads\/Alessandra-Corbetta-2022.jpg","contentUrl":"https:\/\/www.intoscana.it\/wp-content\/uploads\/Alessandra-Corbetta-2022.jpg","width":1854,"height":1854},{"@type":"BreadcrumbList","@id":"https:\/\/www.intoscana.it\/it\/alessandra-corbetta-estate-corsara\/#breadcrumb","itemListElement":[{"@type":"ListItem","position":1,"name":"Home","item":"https:\/\/www.intoscana.it\/it\/"},{"@type":"ListItem","position":2,"name":"L&#8217;estate corsara di Alessandra Corbetta: un &#8220;diario&#8221; di poesie in viaggio per la Toscana"}]},{"@type":"WebSite","@id":"https:\/\/www.intoscana.it\/it\/#website","url":"https:\/\/www.intoscana.it\/it\/","name":"intoscana","description":"","potentialAction":[{"@type":"SearchAction","target":{"@type":"EntryPoint","urlTemplate":"https:\/\/www.intoscana.it\/it\/?s={search_term_string}"},"query-input":{"@type":"PropertyValueSpecification","valueRequired":true,"valueName":"search_term_string"}}],"inLanguage":"it-IT"},{"@type":"Person","@id":"https:\/\/www.intoscana.it\/it\/#\/schema\/person\/d469f35f09739bdf00bf5dd3f0647a82","name":"Costanza Baldini","url":"https:\/\/www.intoscana.it\/it\/author\/costanza-baldini\/"}]}},"_links":{"self":[{"href":"https:\/\/www.intoscana.it\/it\/wp-json\/wp\/v2\/posts\/213538","targetHints":{"allow":["GET"]}}],"collection":[{"href":"https:\/\/www.intoscana.it\/it\/wp-json\/wp\/v2\/posts"}],"about":[{"href":"https:\/\/www.intoscana.it\/it\/wp-json\/wp\/v2\/types\/post"}],"author":[{"embeddable":true,"href":"https:\/\/www.intoscana.it\/it\/wp-json\/wp\/v2\/users\/518"}],"replies":[{"embeddable":true,"href":"https:\/\/www.intoscana.it\/it\/wp-json\/wp\/v2\/comments?post=213538"}],"version-history":[{"count":0,"href":"https:\/\/www.intoscana.it\/it\/wp-json\/wp\/v2\/posts\/213538\/revisions"}],"wp:featuredmedia":[{"embeddable":true,"href":"https:\/\/www.intoscana.it\/it\/wp-json\/wp\/v2\/media\/213516"}],"wp:attachment":[{"href":"https:\/\/www.intoscana.it\/it\/wp-json\/wp\/v2\/media?parent=213538"}],"wp:term":[{"taxonomy":"category","embeddable":true,"href":"https:\/\/www.intoscana.it\/it\/wp-json\/wp\/v2\/categories?post=213538"},{"taxonomy":"post_tag","embeddable":true,"href":"https:\/\/www.intoscana.it\/it\/wp-json\/wp\/v2\/tags?post=213538"}],"curies":[{"name":"wp","href":"https:\/\/api.w.org\/{rel}","templated":true}]}}