{"id":213657,"date":"2022-02-22T17:02:08","date_gmt":"2022-02-22T16:02:08","guid":{"rendered":"https:\/\/www.intoscana.it\/it\/?p=213657"},"modified":"2022-02-24T12:46:56","modified_gmt":"2022-02-24T11:46:56","slug":"mugello-valdera-risarcimenti-aziende-grandine","status":"publish","type":"post","link":"https:\/\/www.intoscana.it\/it\/mugello-valdera-risarcimenti-aziende-grandine\/","title":{"rendered":"Dal Mugello alla Valdera, risarcimenti per le aziende colpite dalla grandine"},"content":{"rendered":"<p><mark>\u00c8 stato approvato l\u2019iter che dar\u00e0 il via ai risarcimenti per le aziende dei comuni della Citt\u00e0 metropolitana di Firenze colpiti dalle grandinate eccezionali di settembre<\/mark>. La Giunta regionale, su proposta della vicepresidente e assessora all\u2019agroalimentare <strong>Stefania Saccardi<\/strong>, ha dato l\u2019ok alle linee di indirizzo per l\u2019attivazione del bando della sotto-misura 5.2 del Piano di sviluppo rurale finalizzata a <mark>sostenere gli investimenti per il ripristino del potenziale produttivo danneggiato da calamit\u00e0 naturali, avversit\u00e0 atmosferiche ed eventi catastrofici<\/mark>.<\/p>\n<h3>I territori colpiti<\/h3>\n<p>In questa casistica rientra in particolare la grandinata del settembre scorso che ha colpito alcuni comuni del Mugello, del Valdarno fiorentino e della Valdera, ovvero: <mark>Barberino di Mugello, Borgo San Lorenzo, Dicomano, Firenzuola, Marradi, Palazzuolo sul Senio, San Godenzo, Scarperia e San Piero, Vaglia, Vicchio, Calenzano, Cerreto Guidi, Vinci, Reggello, Figline e Incisa Valdarno<\/mark>.<\/p>\n<h3>Lo stanziamento<\/h3>\n<p>Ammontano a <strong>2.733.000 euro<\/strong> le risorse stanziate dallo specifico bando del Psr. Le imprese agricole che hanno l\u2019attivit\u00e0 nei comuni indicati e hanno subito danni alle strutture ed infrastrutture di almeno il 30 per cento del loro potenziale produttivo, potranno richiedere il contributo pari al 100% dei costi di ripristino.<\/p>\n<p><span class=\"citazione\">&#8220;Una risposta concreta per le imprese. Ristoro ai danni provocati da una calamit\u00e0 improvvisa&#8221;<\/span><\/p>\n<p>Secondo il principio di solidariet\u00e0 la percentuale di contribuzione potr\u00e0 essere diminuita cos\u00ec da riconoscere un indennizzo a tutte le aziende danneggiate la cui domanda risulti ammissibile e finanziabile, con minimale di 5 mila euro e un <strong>massimale di 200 mila<\/strong> euro.<\/p>\n<h3>Un ristoro necessario<\/h3>\n<p><em>&#8220;Subito dopo la grandinata di settembre la Regione, a seguito delle segnalazioni delle organizzazioni di categoria dei produttori, si \u00e8 attivata per la richiesta al Ministero dell\u2019agricoltura del riconoscimento di eccezionale gravit\u00e0 dell\u2019evento con la possibilit\u00e0 di aprire lo specifico bando del Psr&#8221;<\/em> ha detto la vicepresidente regionale, <strong>Stefania Saccardi<\/strong>. <em>&#8220;Il decreto ministeriale di gennaio ha aperto questa possibilit\u00e0. Si tratta di una risposta concreta per le imprese che, gi\u00e0 duramente provate dal difficile periodo che stiamo attraversando, potranno trovare un ristoro ai danni ulteriori provocati da una calamit\u00e0 improvvisa e del tutto eccezionale&#8221;.<\/em><\/p>\n<p>Nei prossimi giorni sar\u00e0 emesso il <strong>bando<\/strong> che indica le modalit\u00e0 ed i termini per avanzare le richieste. Gli interessati possono seguire la <a href=\"https:\/\/www.regione.toscana.it\/psr-2014-2020\/bandi\" target=\"_blank\" rel=\"noopener\">pagina web di Regione Toscana<\/a> dedicata al Piano di sviluppo rurale.<\/p>\n","protected":false},"excerpt":{"rendered":"<p>Pi\u00f9 di 2,7 milioni alle azienda agricole della Toscana che nel settembre scorso hanno subito danni a causa dell&#8217;eccezionale grandinata. A breve sar\u00e0 on-line il bando per fare richiesta<\/p>\n","protected":false},"author":525,"featured_media":101252,"comment_status":"open","ping_status":"open","sticky":false,"template":"","format":"standard","meta":{"_acf_changed":false,"footnotes":""},"categories":[494],"tags":[363,282,348,4769],"class_list":["post-213657","post","type-post","status-publish","format-standard","has-post-thumbnail","hentry","category-attualita","tag-agricoltura","tag-agroalimentare","tag-maltempo","tag-stefania-saccardi"],"acf":[],"yoast_head":"<!-- This site is optimized with the Yoast SEO Premium plugin v24.2 (Yoast SEO v25.6) - https:\/\/yoast.com\/wordpress\/plugins\/seo\/ -->\n<title>Dal Mugello alla Valdera, risarcimenti per le aziende colpite dalla grandine - intoscana<\/title>\n<meta name=\"description\" content=\"Pi\u00f9 di 2,7 milioni alle azienda agricole della Toscana che nel settembre scorso hanno subito danni a causa dell&#039;eccezionale grandinata.\" \/>\n<meta name=\"robots\" content=\"index, follow, max-snippet:-1, max-image-preview:large, max-video-preview:-1\" \/>\n<link rel=\"canonical\" href=\"https:\/\/www.intoscana.it\/it\/mugello-valdera-risarcimenti-aziende-grandine\/\" \/>\n<meta property=\"og:locale\" content=\"it_IT\" \/>\n<meta property=\"og:type\" content=\"article\" \/>\n<meta property=\"og:title\" content=\"Dal Mugello alla Valdera, risarcimenti per le aziende colpite dalla grandine\" \/>\n<meta property=\"og:description\" content=\"Pi\u00f9 di 2,7 milioni alle azienda agricole della Toscana che nel settembre scorso hanno subito danni a causa dell&#039;eccezionale grandinata.\" \/>\n<meta property=\"og:url\" content=\"https:\/\/www.intoscana.it\/it\/mugello-valdera-risarcimenti-aziende-grandine\/\" \/>\n<meta property=\"og:site_name\" content=\"intoscana\" \/>\n<meta property=\"article:publisher\" content=\"https:\/\/www.facebook.com\/intoscana.it\" \/>\n<meta property=\"article:published_time\" content=\"2022-02-22T16:02:08+00:00\" \/>\n<meta property=\"article:modified_time\" content=\"2022-02-24T11:46:56+00:00\" \/>\n<meta property=\"og:image\" content=\"https:\/\/www.intoscana.it\/wp-content\/uploads\/gocce-di-pioggia-vetro-197813-5.jpg\" \/>\n\t<meta property=\"og:image:width\" content=\"800\" \/>\n\t<meta property=\"og:image:height\" content=\"531\" \/>\n\t<meta property=\"og:image:type\" content=\"image\/jpeg\" \/>\n<meta name=\"author\" content=\"Redazione\" \/>\n<meta name=\"twitter:card\" content=\"summary_large_image\" \/>\n<meta name=\"twitter:creator\" content=\"@intoscana\" \/>\n<meta name=\"twitter:site\" content=\"@intoscana\" \/>\n<meta name=\"twitter:label1\" content=\"Written by\" \/>\n\t<meta name=\"twitter:data1\" content=\"Redazione\" \/>\n\t<meta name=\"twitter:label2\" content=\"Est. reading time\" \/>\n\t<meta name=\"twitter:data2\" content=\"2 minuti\" \/>\n<script type=\"application\/ld+json\" class=\"yoast-schema-graph\">{\"@context\":\"https:\/\/schema.org\",\"@graph\":[{\"@type\":\"WebPage\",\"@id\":\"https:\/\/www.intoscana.it\/it\/mugello-valdera-risarcimenti-aziende-grandine\/\",\"url\":\"https:\/\/www.intoscana.it\/it\/mugello-valdera-risarcimenti-aziende-grandine\/\",\"name\":\"Dal Mugello alla Valdera, risarcimenti per le aziende colpite dalla grandine - intoscana\",\"isPartOf\":{\"@id\":\"https:\/\/www.intoscana.it\/it\/#website\"},\"primaryImageOfPage\":{\"@id\":\"https:\/\/www.intoscana.it\/it\/mugello-valdera-risarcimenti-aziende-grandine\/#primaryimage\"},\"image\":{\"@id\":\"https:\/\/www.intoscana.it\/it\/mugello-valdera-risarcimenti-aziende-grandine\/#primaryimage\"},\"thumbnailUrl\":\"https:\/\/www.intoscana.it\/wp-content\/uploads\/gocce-di-pioggia-vetro-197813-5.jpg\",\"datePublished\":\"2022-02-22T16:02:08+00:00\",\"dateModified\":\"2022-02-24T11:46:56+00:00\",\"author\":{\"@id\":\"https:\/\/www.intoscana.it\/it\/#\/schema\/person\/9223810753230f20bd670fdd322661f8\"},\"description\":\"Pi\u00f9 di 2,7 milioni alle azienda agricole della Toscana che nel settembre scorso hanno subito danni a causa dell'eccezionale grandinata.\",\"breadcrumb\":{\"@id\":\"https:\/\/www.intoscana.it\/it\/mugello-valdera-risarcimenti-aziende-grandine\/#breadcrumb\"},\"inLanguage\":\"it-IT\",\"potentialAction\":[{\"@type\":\"ReadAction\",\"target\":[\"https:\/\/www.intoscana.it\/it\/mugello-valdera-risarcimenti-aziende-grandine\/\"]}]},{\"@type\":\"ImageObject\",\"inLanguage\":\"it-IT\",\"@id\":\"https:\/\/www.intoscana.it\/it\/mugello-valdera-risarcimenti-aziende-grandine\/#primaryimage\",\"url\":\"https:\/\/www.intoscana.it\/wp-content\/uploads\/gocce-di-pioggia-vetro-197813-5.jpg\",\"contentUrl\":\"https:\/\/www.intoscana.it\/wp-content\/uploads\/gocce-di-pioggia-vetro-197813-5.jpg\",\"width\":800,\"height\":531},{\"@type\":\"BreadcrumbList\",\"@id\":\"https:\/\/www.intoscana.it\/it\/mugello-valdera-risarcimenti-aziende-grandine\/#breadcrumb\",\"itemListElement\":[{\"@type\":\"ListItem\",\"position\":1,\"name\":\"Home\",\"item\":\"https:\/\/www.intoscana.it\/it\/\"},{\"@type\":\"ListItem\",\"position\":2,\"name\":\"Dal Mugello alla Valdera, risarcimenti per le aziende colpite dalla grandine\"}]},{\"@type\":\"WebSite\",\"@id\":\"https:\/\/www.intoscana.it\/it\/#website\",\"url\":\"https:\/\/www.intoscana.it\/it\/\",\"name\":\"intoscana\",\"description\":\"\",\"potentialAction\":[{\"@type\":\"SearchAction\",\"target\":{\"@type\":\"EntryPoint\",\"urlTemplate\":\"https:\/\/www.intoscana.it\/it\/?s={search_term_string}\"},\"query-input\":{\"@type\":\"PropertyValueSpecification\",\"valueRequired\":true,\"valueName\":\"search_term_string\"}}],\"inLanguage\":\"it-IT\"},{\"@type\":\"Person\",\"@id\":\"https:\/\/www.intoscana.it\/it\/#\/schema\/person\/9223810753230f20bd670fdd322661f8\",\"name\":\"Redazione\",\"url\":\"https:\/\/www.intoscana.it\/it\/author\/redazione\/\"}]}<\/script>\n<!-- \/ Yoast SEO Premium plugin. -->","yoast_head_json":{"title":"Dal Mugello alla Valdera, risarcimenti per le aziende colpite dalla grandine - intoscana","description":"Pi\u00f9 di 2,7 milioni alle azienda agricole della Toscana che nel settembre scorso hanno subito danni a causa dell'eccezionale grandinata.","robots":{"index":"index","follow":"follow","max-snippet":"max-snippet:-1","max-image-preview":"max-image-preview:large","max-video-preview":"max-video-preview:-1"},"canonical":"https:\/\/www.intoscana.it\/it\/mugello-valdera-risarcimenti-aziende-grandine\/","og_locale":"it_IT","og_type":"article","og_title":"Dal Mugello alla Valdera, risarcimenti per le aziende colpite dalla grandine","og_description":"Pi\u00f9 di 2,7 milioni alle azienda agricole della Toscana che nel settembre scorso hanno subito danni a causa dell'eccezionale grandinata.","og_url":"https:\/\/www.intoscana.it\/it\/mugello-valdera-risarcimenti-aziende-grandine\/","og_site_name":"intoscana","article_publisher":"https:\/\/www.facebook.com\/intoscana.it","article_published_time":"2022-02-22T16:02:08+00:00","article_modified_time":"2022-02-24T11:46:56+00:00","og_image":[{"width":800,"height":531,"url":"https:\/\/www.intoscana.it\/wp-content\/uploads\/gocce-di-pioggia-vetro-197813-5.jpg","type":"image\/jpeg"}],"author":"Redazione","twitter_card":"summary_large_image","twitter_creator":"@intoscana","twitter_site":"@intoscana","twitter_misc":{"Written by":"Redazione","Est. reading time":"2 minuti"},"schema":{"@context":"https:\/\/schema.org","@graph":[{"@type":"WebPage","@id":"https:\/\/www.intoscana.it\/it\/mugello-valdera-risarcimenti-aziende-grandine\/","url":"https:\/\/www.intoscana.it\/it\/mugello-valdera-risarcimenti-aziende-grandine\/","name":"Dal Mugello alla Valdera, risarcimenti per le aziende colpite dalla grandine - intoscana","isPartOf":{"@id":"https:\/\/www.intoscana.it\/it\/#website"},"primaryImageOfPage":{"@id":"https:\/\/www.intoscana.it\/it\/mugello-valdera-risarcimenti-aziende-grandine\/#primaryimage"},"image":{"@id":"https:\/\/www.intoscana.it\/it\/mugello-valdera-risarcimenti-aziende-grandine\/#primaryimage"},"thumbnailUrl":"https:\/\/www.intoscana.it\/wp-content\/uploads\/gocce-di-pioggia-vetro-197813-5.jpg","datePublished":"2022-02-22T16:02:08+00:00","dateModified":"2022-02-24T11:46:56+00:00","author":{"@id":"https:\/\/www.intoscana.it\/it\/#\/schema\/person\/9223810753230f20bd670fdd322661f8"},"description":"Pi\u00f9 di 2,7 milioni alle azienda agricole della Toscana che nel settembre scorso hanno subito danni a causa dell'eccezionale grandinata.","breadcrumb":{"@id":"https:\/\/www.intoscana.it\/it\/mugello-valdera-risarcimenti-aziende-grandine\/#breadcrumb"},"inLanguage":"it-IT","potentialAction":[{"@type":"ReadAction","target":["https:\/\/www.intoscana.it\/it\/mugello-valdera-risarcimenti-aziende-grandine\/"]}]},{"@type":"ImageObject","inLanguage":"it-IT","@id":"https:\/\/www.intoscana.it\/it\/mugello-valdera-risarcimenti-aziende-grandine\/#primaryimage","url":"https:\/\/www.intoscana.it\/wp-content\/uploads\/gocce-di-pioggia-vetro-197813-5.jpg","contentUrl":"https:\/\/www.intoscana.it\/wp-content\/uploads\/gocce-di-pioggia-vetro-197813-5.jpg","width":800,"height":531},{"@type":"BreadcrumbList","@id":"https:\/\/www.intoscana.it\/it\/mugello-valdera-risarcimenti-aziende-grandine\/#breadcrumb","itemListElement":[{"@type":"ListItem","position":1,"name":"Home","item":"https:\/\/www.intoscana.it\/it\/"},{"@type":"ListItem","position":2,"name":"Dal Mugello alla Valdera, risarcimenti per le aziende colpite dalla grandine"}]},{"@type":"WebSite","@id":"https:\/\/www.intoscana.it\/it\/#website","url":"https:\/\/www.intoscana.it\/it\/","name":"intoscana","description":"","potentialAction":[{"@type":"SearchAction","target":{"@type":"EntryPoint","urlTemplate":"https:\/\/www.intoscana.it\/it\/?s={search_term_string}"},"query-input":{"@type":"PropertyValueSpecification","valueRequired":true,"valueName":"search_term_string"}}],"inLanguage":"it-IT"},{"@type":"Person","@id":"https:\/\/www.intoscana.it\/it\/#\/schema\/person\/9223810753230f20bd670fdd322661f8","name":"Redazione","url":"https:\/\/www.intoscana.it\/it\/author\/redazione\/"}]}},"_links":{"self":[{"href":"https:\/\/www.intoscana.it\/it\/wp-json\/wp\/v2\/posts\/213657","targetHints":{"allow":["GET"]}}],"collection":[{"href":"https:\/\/www.intoscana.it\/it\/wp-json\/wp\/v2\/posts"}],"about":[{"href":"https:\/\/www.intoscana.it\/it\/wp-json\/wp\/v2\/types\/post"}],"author":[{"embeddable":true,"href":"https:\/\/www.intoscana.it\/it\/wp-json\/wp\/v2\/users\/525"}],"replies":[{"embeddable":true,"href":"https:\/\/www.intoscana.it\/it\/wp-json\/wp\/v2\/comments?post=213657"}],"version-history":[{"count":0,"href":"https:\/\/www.intoscana.it\/it\/wp-json\/wp\/v2\/posts\/213657\/revisions"}],"wp:featuredmedia":[{"embeddable":true,"href":"https:\/\/www.intoscana.it\/it\/wp-json\/wp\/v2\/media\/101252"}],"wp:attachment":[{"href":"https:\/\/www.intoscana.it\/it\/wp-json\/wp\/v2\/media?parent=213657"}],"wp:term":[{"taxonomy":"category","embeddable":true,"href":"https:\/\/www.intoscana.it\/it\/wp-json\/wp\/v2\/categories?post=213657"},{"taxonomy":"post_tag","embeddable":true,"href":"https:\/\/www.intoscana.it\/it\/wp-json\/wp\/v2\/tags?post=213657"}],"curies":[{"name":"wp","href":"https:\/\/api.w.org\/{rel}","templated":true}]}}