{"id":213774,"date":"2022-02-23T11:41:15","date_gmt":"2022-02-23T10:41:15","guid":{"rendered":"https:\/\/www.intoscana.it\/it\/?p=213774"},"modified":"2022-02-24T12:27:02","modified_gmt":"2022-02-24T11:27:02","slug":"visita-papa-francesco-firenze-modifiche-viabilita","status":"publish","type":"post","link":"https:\/\/www.intoscana.it\/it\/visita-papa-francesco-firenze-modifiche-viabilita\/","title":{"rendered":"Firenze, la citt\u00e0 blindata per la visita di Papa Francesco: tutte le modifiche alla viabilit\u00e0"},"content":{"rendered":"<p><mark>Sale l&#8217;attesa per la visita di papa Francesco a Firenze <\/mark>. Domenica, 27 gennaio, il pontefice sar\u00e0 in citt\u00e0 alla presenza del presidente della Repubblica, <strong>Sergio Mattarella<\/strong> a conclusione di una quattro giorni che prende il via oggi pomeriggio con la visita del presidente del consiglio Mario Draghi, prologo del convegno \u201cMediterraneo frontiera di pace\u201d promosso dalla Conferenza Episcopale Italiana e che si svolger\u00e0 in concomitanza con il Forum dei sindaci del Mediterraneo, che si apre domani, 24 febbraio.<\/p>\n<p>Quattro giorni in cui il capoluogo toscano ospiter\u00e0 alcune delle pi\u00f9 importanti ed eminenti personalit\u00e0 nazionali ed internazionali. La citt\u00e0 sar\u00e0 inevitabilmente blindata: <mark> sar\u00e0 off limits la zona di piazza Santa Croce per l\u2019intera giornata di domenica almeno fino alle 15 e comunque fino a conclusione dell&#8217;evento <\/mark>. Ovviamente l\u2019area della chiusura sar\u00e0 pi\u00f9 ampia, gi\u00e0 da piazza Piave e fino a Ponte Vecchio compresi Ponte alle Grazie, piazza San Firenze e la zona tra piazza Santa Croce e i viali.<\/p>\n<p>Molte le <strong>modifiche alla viabilit\u00e0<\/strong> e alla circolazione in vigore. Partendo <strong>dal programma e dalle sedi della visita di Papa Francesco<\/strong>, ecco qui divieti e deviazioni cui fare massima attenzione per spostarsi in citt\u00e0 alcuni inizieranno gi\u00e0 alle 14 di sabato<\/p>\n<h3>Programma e sedi della visita del pontefice:<\/h3>\n<p>Gli eventi saranno ospitati in varie sedi in centro storico: per la Conferenza della Cei il complesso di Santa Maria Novella, le Basiliche di San Marco, Santissima Annunziata, Santo Spirito e San Lorenzo oltre a Santa Croce per la messa del Papa; per il convegno dei sindaci Palazzo Vecchio e l\u2019auditorium del Teatro del Maggio Musicale.<\/p>\n<h3>Le modifiche alla viabilit\u00e0<\/h3>\n<p>In\u00a0<strong>piazza Santa Croce<\/strong> nella piazza e nelle strade limitrofe inizieranno domani, gioved\u00ec 24 febbraio i divieti di sosta nella piazza (area pedonale), in via Magliabechi, Borgo Santa Croce, largo Bargellini (fino alle 20 di luned\u00ec 28 febbraio). Divieti di sosta anche intorno a Palazzo Vecchio (dal 25 al 27 febbraio) e in piazza San Firenze (26 e 27 febbraio).<\/p>\n<p>Ulteriori divieti di sosta scatteranno nella giornata di <strong>sabato 26 febbraio\u00a0nella zona del Teatro del Maggio<\/strong>\u00a0ovvero piazzale Gui, via del Fosso Macinante e via Gabbuggiani a cavallo dell\u2019ingresso del Maggio (dalle 8 alle 22). Stessi provvedimenti nella zona dello stadio in dettaglio viale Fanti in corrispondenza dell\u2019accesso carrabile allo stadio Ridolfi, largo Gennarelli tra via Frusa e viale Fanti e nell\u2019area di parcheggio (dalle 8 del 26 alle 15 del 27 febbraio). E ancora dalle 14 di sabato e fine alle 15 di domenica divieti di sosta nell\u2019area intorno di piazza Santa Croce, ovvero in Borgo dei Greci, Corso dei Tintori, via dei Benci, via dei Pepi (tra via Ghibellina e piazza Santa Croce), via Giovanni Da Verrazzano, via Verdi (tra via Ghibellina e piazza Santa Croce), via Torta (tra piazza Santa Croce e via dell\u2019Isola delle Stinche), volta dei Tintori, via dell\u2019Anguillara, via dei Lavatoi, via San Cristofano, via Mozza. Ma i divieti di sosta interesseranno anche l\u2019area pi\u00f9 ampia e quindi piazza Cavalleggeri, lungarno della Zecca Vecchia, piazza Piave (area di parcheggio tra il lungarno e via Tripoli), lungarno alle Grazie, via di San Giuseppe, Borgo Allegri (tra via Ghibellina e via di San Giuseppe), via delle Pinzochere.<\/p>\n<p>Alle 20 si aggiungeranno i divieti di transito in largo Bargellini e in piazza Santa Croce (direttrici via dei Pepi-largo Bargellini e via dei Pepi-via Da Verrazzano).<\/p>\n<p><strong>Passando alla\u00a0giornata di domenica,<\/strong> giorno di Papa Francesco, dalle 6 alle 15 scatteranno le chiusure sia nelle aree direttamente interessate alla visita del Santo Padre sia nella zona pi\u00f9 ampia di sicurezza. Ovvero nelle strade e piazze comprese nel seguente perimetro: piazza Piave, lungarno della Zecca Vecchia, lungarno alle Grazie, Ponte alle Grazie, lungarno Diaz, piazza dei Giudici, lungarno Anna Maria Luisa dei Medici, lungarno Archibusieri, piazza del Pesce, via Por Santa Maria (esclusa), piazza del Mercato Nuovo (escluso), via Calimala (esclusa), via Orsanimichele (esclusa)-via dei Tavolini (esclusa)piazza dei Cimatori (esclusa), via Dante Alighieri (esclusa), via del Proconsolo (esclusa), via Ghibellina (esclusa), via delle Conce (esclusa), via dei Conciatori (esclusa), via Thouar (esclusa), viale Giovine Italia (esclusa).<\/p>\n<h3>Chiusi anche bar e ristoranti<\/h3>\n<p>Per motivi di sicurezza, in base alle disposizioni della Questura, <mark>la direzione sviluppo economico del Comune ha disposto la chiusura dei bar che insistono sull\u2019area di massima sicurezza (ovvero piazza Santa Croce, largo Bargellini, via Magliabechi, Borgo dei Greci, Borgo Santa Croce, Corso Tintori, via Verdi, via di San Giuseppe) <\/mark>. Gli esercizi possano restare aperti fino alle ore 9 di domenica 27 febbraio <strong>con chiusura dalle 9 alle ore 13 (con riapertura alle 13)<\/strong>.<\/p>\n<p><mark>Prevista la chiusura anche di tutti gli esercizi di ristorazione siti in piazza Santa Croce dalle 2 fino alle ore 13 della domenica <\/mark> mentre tutte le attivit\u00e0 commerciali e attivit\u00e0 economiche, ad esclusione di quelle sopra indicate, situate in piazza Santa Croce, largo Bargellini, via Magliabechi, Borgo dei Greci, Borgo Santa Croce, Corso Tintori, via Verdi, via di San Giuseppe, <strong>dovranno restare chiuse dalle 6 alle 13<\/strong>.<\/p>\n<p>Infine sar\u00e0 sospeso l\u2019accesso alle strutture ricettive che insistono su piazza Santa Croce dalle 9 alle 13 di domenica.<\/p>\n","protected":false},"excerpt":{"rendered":"<p>In vista della visita del Pontefice in citt\u00e0, alla presenza del Presidente Mattarella al culmine di una quattro giorni davvero importante, Firenze si prepara. Disposte chiusure anche per bar e ristoranti nell&#8217;area di massima sicurezza<\/p>\n","protected":false},"author":525,"featured_media":101320,"comment_status":"open","ping_status":"open","sticky":false,"template":"","format":"standard","meta":{"_acf_changed":false,"footnotes":""},"categories":[494],"tags":[202,5652,1587,4581,248],"class_list":["post-213774","post","type-post","status-publish","format-standard","has-post-thumbnail","hentry","category-attualita","tag-firenze","tag-mario-draghi","tag-papa-francesco-in-toscana","tag-sergio-mattarella","tag-viabilita"],"acf":[],"yoast_head":"<!-- This site is optimized with the Yoast SEO Premium plugin v24.2 (Yoast SEO v25.6) - https:\/\/yoast.com\/wordpress\/plugins\/seo\/ -->\n<title>Papa Francesco a Firenze: tutte le modifiche alla viabilit\u00e0<\/title>\n<meta name=\"description\" content=\"Sale l&#039;attesa per la visita di Papa Francesco a Firenze: domenica saranno off limits molto zoen: ecco tutte le strade coinvolte\" \/>\n<meta name=\"robots\" content=\"index, follow, max-snippet:-1, max-image-preview:large, max-video-preview:-1\" \/>\n<link rel=\"canonical\" href=\"https:\/\/www.intoscana.it\/it\/visita-papa-francesco-firenze-modifiche-viabilita\/\" \/>\n<meta property=\"og:locale\" content=\"it_IT\" \/>\n<meta property=\"og:type\" content=\"article\" \/>\n<meta property=\"og:title\" content=\"Firenze, la citt\u00e0 blindata per la visita di Papa Francesco: tutte le modifiche alla viabilit\u00e0\" \/>\n<meta property=\"og:description\" content=\"Sale l&#039;attesa per la visita di Papa Francesco a Firenze: domenica saranno off limits molto zoen: ecco tutte le strade coinvolte\" \/>\n<meta property=\"og:url\" content=\"https:\/\/www.intoscana.it\/it\/visita-papa-francesco-firenze-modifiche-viabilita\/\" \/>\n<meta property=\"og:site_name\" content=\"intoscana\" \/>\n<meta property=\"article:publisher\" content=\"https:\/\/www.facebook.com\/intoscana.it\" \/>\n<meta property=\"article:published_time\" content=\"2022-02-23T10:41:15+00:00\" \/>\n<meta property=\"article:modified_time\" content=\"2022-02-24T11:27:02+00:00\" \/>\n<meta property=\"og:image\" content=\"https:\/\/www.intoscana.it\/wp-content\/uploads\/Papa-Francesco1-1024x680-2.jpg\" \/>\n\t<meta property=\"og:image:width\" content=\"1000\" \/>\n\t<meta property=\"og:image:height\" content=\"664\" \/>\n\t<meta property=\"og:image:type\" content=\"image\/jpeg\" \/>\n<meta name=\"author\" content=\"Redazione\" \/>\n<meta name=\"twitter:card\" content=\"summary_large_image\" \/>\n<meta name=\"twitter:creator\" content=\"@intoscana\" \/>\n<meta name=\"twitter:site\" content=\"@intoscana\" \/>\n<meta name=\"twitter:label1\" content=\"Written by\" \/>\n\t<meta name=\"twitter:data1\" content=\"Redazione\" \/>\n\t<meta name=\"twitter:label2\" content=\"Est. reading time\" \/>\n\t<meta name=\"twitter:data2\" content=\"4 minuti\" \/>\n<script type=\"application\/ld+json\" class=\"yoast-schema-graph\">{\"@context\":\"https:\/\/schema.org\",\"@graph\":[{\"@type\":\"WebPage\",\"@id\":\"https:\/\/www.intoscana.it\/it\/visita-papa-francesco-firenze-modifiche-viabilita\/\",\"url\":\"https:\/\/www.intoscana.it\/it\/visita-papa-francesco-firenze-modifiche-viabilita\/\",\"name\":\"Papa Francesco a Firenze: tutte le modifiche alla viabilit\u00e0\",\"isPartOf\":{\"@id\":\"https:\/\/www.intoscana.it\/it\/#website\"},\"primaryImageOfPage\":{\"@id\":\"https:\/\/www.intoscana.it\/it\/visita-papa-francesco-firenze-modifiche-viabilita\/#primaryimage\"},\"image\":{\"@id\":\"https:\/\/www.intoscana.it\/it\/visita-papa-francesco-firenze-modifiche-viabilita\/#primaryimage\"},\"thumbnailUrl\":\"https:\/\/www.intoscana.it\/wp-content\/uploads\/Papa-Francesco1-1024x680-2.jpg\",\"datePublished\":\"2022-02-23T10:41:15+00:00\",\"dateModified\":\"2022-02-24T11:27:02+00:00\",\"author\":{\"@id\":\"https:\/\/www.intoscana.it\/it\/#\/schema\/person\/9223810753230f20bd670fdd322661f8\"},\"description\":\"Sale l'attesa per la visita di Papa Francesco a Firenze: domenica saranno off limits molto zoen: ecco tutte le strade coinvolte\",\"breadcrumb\":{\"@id\":\"https:\/\/www.intoscana.it\/it\/visita-papa-francesco-firenze-modifiche-viabilita\/#breadcrumb\"},\"inLanguage\":\"it-IT\",\"potentialAction\":[{\"@type\":\"ReadAction\",\"target\":[\"https:\/\/www.intoscana.it\/it\/visita-papa-francesco-firenze-modifiche-viabilita\/\"]}]},{\"@type\":\"ImageObject\",\"inLanguage\":\"it-IT\",\"@id\":\"https:\/\/www.intoscana.it\/it\/visita-papa-francesco-firenze-modifiche-viabilita\/#primaryimage\",\"url\":\"https:\/\/www.intoscana.it\/wp-content\/uploads\/Papa-Francesco1-1024x680-2.jpg\",\"contentUrl\":\"https:\/\/www.intoscana.it\/wp-content\/uploads\/Papa-Francesco1-1024x680-2.jpg\",\"width\":1000,\"height\":664,\"caption\":\"Papa Francesco\"},{\"@type\":\"BreadcrumbList\",\"@id\":\"https:\/\/www.intoscana.it\/it\/visita-papa-francesco-firenze-modifiche-viabilita\/#breadcrumb\",\"itemListElement\":[{\"@type\":\"ListItem\",\"position\":1,\"name\":\"Home\",\"item\":\"https:\/\/www.intoscana.it\/it\/\"},{\"@type\":\"ListItem\",\"position\":2,\"name\":\"Firenze, la citt\u00e0 blindata per la visita di Papa Francesco: tutte le modifiche alla viabilit\u00e0\"}]},{\"@type\":\"WebSite\",\"@id\":\"https:\/\/www.intoscana.it\/it\/#website\",\"url\":\"https:\/\/www.intoscana.it\/it\/\",\"name\":\"intoscana\",\"description\":\"\",\"potentialAction\":[{\"@type\":\"SearchAction\",\"target\":{\"@type\":\"EntryPoint\",\"urlTemplate\":\"https:\/\/www.intoscana.it\/it\/?s={search_term_string}\"},\"query-input\":{\"@type\":\"PropertyValueSpecification\",\"valueRequired\":true,\"valueName\":\"search_term_string\"}}],\"inLanguage\":\"it-IT\"},{\"@type\":\"Person\",\"@id\":\"https:\/\/www.intoscana.it\/it\/#\/schema\/person\/9223810753230f20bd670fdd322661f8\",\"name\":\"Redazione\",\"url\":\"https:\/\/www.intoscana.it\/it\/author\/redazione\/\"}]}<\/script>\n<!-- \/ Yoast SEO Premium plugin. -->","yoast_head_json":{"title":"Papa Francesco a Firenze: tutte le modifiche alla viabilit\u00e0","description":"Sale l'attesa per la visita di Papa Francesco a Firenze: domenica saranno off limits molto zoen: ecco tutte le strade coinvolte","robots":{"index":"index","follow":"follow","max-snippet":"max-snippet:-1","max-image-preview":"max-image-preview:large","max-video-preview":"max-video-preview:-1"},"canonical":"https:\/\/www.intoscana.it\/it\/visita-papa-francesco-firenze-modifiche-viabilita\/","og_locale":"it_IT","og_type":"article","og_title":"Firenze, la citt\u00e0 blindata per la visita di Papa Francesco: tutte le modifiche alla viabilit\u00e0","og_description":"Sale l'attesa per la visita di Papa Francesco a Firenze: domenica saranno off limits molto zoen: ecco tutte le strade coinvolte","og_url":"https:\/\/www.intoscana.it\/it\/visita-papa-francesco-firenze-modifiche-viabilita\/","og_site_name":"intoscana","article_publisher":"https:\/\/www.facebook.com\/intoscana.it","article_published_time":"2022-02-23T10:41:15+00:00","article_modified_time":"2022-02-24T11:27:02+00:00","og_image":[{"width":1000,"height":664,"url":"https:\/\/www.intoscana.it\/wp-content\/uploads\/Papa-Francesco1-1024x680-2.jpg","type":"image\/jpeg"}],"author":"Redazione","twitter_card":"summary_large_image","twitter_creator":"@intoscana","twitter_site":"@intoscana","twitter_misc":{"Written by":"Redazione","Est. reading time":"4 minuti"},"schema":{"@context":"https:\/\/schema.org","@graph":[{"@type":"WebPage","@id":"https:\/\/www.intoscana.it\/it\/visita-papa-francesco-firenze-modifiche-viabilita\/","url":"https:\/\/www.intoscana.it\/it\/visita-papa-francesco-firenze-modifiche-viabilita\/","name":"Papa Francesco a Firenze: tutte le modifiche alla viabilit\u00e0","isPartOf":{"@id":"https:\/\/www.intoscana.it\/it\/#website"},"primaryImageOfPage":{"@id":"https:\/\/www.intoscana.it\/it\/visita-papa-francesco-firenze-modifiche-viabilita\/#primaryimage"},"image":{"@id":"https:\/\/www.intoscana.it\/it\/visita-papa-francesco-firenze-modifiche-viabilita\/#primaryimage"},"thumbnailUrl":"https:\/\/www.intoscana.it\/wp-content\/uploads\/Papa-Francesco1-1024x680-2.jpg","datePublished":"2022-02-23T10:41:15+00:00","dateModified":"2022-02-24T11:27:02+00:00","author":{"@id":"https:\/\/www.intoscana.it\/it\/#\/schema\/person\/9223810753230f20bd670fdd322661f8"},"description":"Sale l'attesa per la visita di Papa Francesco a Firenze: domenica saranno off limits molto zoen: ecco tutte le strade coinvolte","breadcrumb":{"@id":"https:\/\/www.intoscana.it\/it\/visita-papa-francesco-firenze-modifiche-viabilita\/#breadcrumb"},"inLanguage":"it-IT","potentialAction":[{"@type":"ReadAction","target":["https:\/\/www.intoscana.it\/it\/visita-papa-francesco-firenze-modifiche-viabilita\/"]}]},{"@type":"ImageObject","inLanguage":"it-IT","@id":"https:\/\/www.intoscana.it\/it\/visita-papa-francesco-firenze-modifiche-viabilita\/#primaryimage","url":"https:\/\/www.intoscana.it\/wp-content\/uploads\/Papa-Francesco1-1024x680-2.jpg","contentUrl":"https:\/\/www.intoscana.it\/wp-content\/uploads\/Papa-Francesco1-1024x680-2.jpg","width":1000,"height":664,"caption":"Papa Francesco"},{"@type":"BreadcrumbList","@id":"https:\/\/www.intoscana.it\/it\/visita-papa-francesco-firenze-modifiche-viabilita\/#breadcrumb","itemListElement":[{"@type":"ListItem","position":1,"name":"Home","item":"https:\/\/www.intoscana.it\/it\/"},{"@type":"ListItem","position":2,"name":"Firenze, la citt\u00e0 blindata per la visita di Papa Francesco: tutte le modifiche alla viabilit\u00e0"}]},{"@type":"WebSite","@id":"https:\/\/www.intoscana.it\/it\/#website","url":"https:\/\/www.intoscana.it\/it\/","name":"intoscana","description":"","potentialAction":[{"@type":"SearchAction","target":{"@type":"EntryPoint","urlTemplate":"https:\/\/www.intoscana.it\/it\/?s={search_term_string}"},"query-input":{"@type":"PropertyValueSpecification","valueRequired":true,"valueName":"search_term_string"}}],"inLanguage":"it-IT"},{"@type":"Person","@id":"https:\/\/www.intoscana.it\/it\/#\/schema\/person\/9223810753230f20bd670fdd322661f8","name":"Redazione","url":"https:\/\/www.intoscana.it\/it\/author\/redazione\/"}]}},"_links":{"self":[{"href":"https:\/\/www.intoscana.it\/it\/wp-json\/wp\/v2\/posts\/213774","targetHints":{"allow":["GET"]}}],"collection":[{"href":"https:\/\/www.intoscana.it\/it\/wp-json\/wp\/v2\/posts"}],"about":[{"href":"https:\/\/www.intoscana.it\/it\/wp-json\/wp\/v2\/types\/post"}],"author":[{"embeddable":true,"href":"https:\/\/www.intoscana.it\/it\/wp-json\/wp\/v2\/users\/525"}],"replies":[{"embeddable":true,"href":"https:\/\/www.intoscana.it\/it\/wp-json\/wp\/v2\/comments?post=213774"}],"version-history":[{"count":0,"href":"https:\/\/www.intoscana.it\/it\/wp-json\/wp\/v2\/posts\/213774\/revisions"}],"wp:featuredmedia":[{"embeddable":true,"href":"https:\/\/www.intoscana.it\/it\/wp-json\/wp\/v2\/media\/101320"}],"wp:attachment":[{"href":"https:\/\/www.intoscana.it\/it\/wp-json\/wp\/v2\/media?parent=213774"}],"wp:term":[{"taxonomy":"category","embeddable":true,"href":"https:\/\/www.intoscana.it\/it\/wp-json\/wp\/v2\/categories?post=213774"},{"taxonomy":"post_tag","embeddable":true,"href":"https:\/\/www.intoscana.it\/it\/wp-json\/wp\/v2\/tags?post=213774"}],"curies":[{"name":"wp","href":"https:\/\/api.w.org\/{rel}","templated":true}]}}