{"id":213778,"date":"2022-02-23T12:25:45","date_gmt":"2022-02-23T11:25:45","guid":{"rendered":"https:\/\/www.intoscana.it\/it\/?p=213778"},"modified":"2022-02-23T12:26:09","modified_gmt":"2022-02-23T11:26:09","slug":"geocinema-rassegna-conflitti","status":"publish","type":"post","link":"https:\/\/www.intoscana.it\/it\/geocinema-rassegna-conflitti\/","title":{"rendered":"Geocinema, la rassegna per riflettere su conflitti e crisi umanitaria"},"content":{"rendered":"<mark>Quattro serate di cinema e di incontri, \u00a0per riflettere sui grandi temi del mondo presente, dal cambiamento climatico alle guerre. <\/mark>\n<p>E\u2019 questo il filo conduttore della rassegna <strong>&#8220;Geocinema, viaggio nei diritti umani attraverso i film&#8221;,<\/strong> \u00a0realizzata dall\u2019<strong>Atlante delle guerre e dei conflitti del mondo e co-finanziata dalla Regione Toscana<\/strong>.<\/p>\n<p>In ognuna delle quattro date, <strong>da domani al 27 febbraio,<\/strong> sar\u00e0 proiettato uno dei film che hanno preso parte al <strong>Festival del cinema dei diritti umani di Napoli<\/strong>. Durante gli eventi saranno anche presentate &#8216; Il diritto al futuro&#8217; , una breve raccolta di dossier sull&#8217;ultimo G20 di Roma e sulla Cop26 di \u00a0Glasgow e la decima edizione dell&#8217;Atlante delle guerre e dei conflitti del mondo. <mark>Prima della proiezione gli interventi di giornalisti ed esperti introdurranno i temi al centro di ciascuna delle serate e dei film in rassegna <\/mark>.<\/p>\n<p>\u201cSi tratta di un progetto che la Regione promuove nell&#8217;ambito delle attivit\u00e0 collegate alla cooperazione internazionale, che ha come obiettivo la diffusione di strumenti di sensibilizzazione rispetto al tema dei conflitti e delle crisi umanitarie. In tal senso, anche la nuova edizione dell\u2019Atlante delle guerre e dei conflitti del mondo si conferma come importante punto di riferimento\u201d &#8211; ha evidenziato <strong>l\u2019assessora regionale alla cooperazione internazionale Serena Spinelli<\/strong>.<\/p>\n<p>\u201cL\u2019attivit\u00e0 di cooperazione internazionale &#8211; ha aggiunto &#8211; si basa infatti anche su un\u2019opera di conoscenza e sensibilizzazione sui nostri territori, perch\u00e9 <mark>tante dinamiche del mondo presente non sono ancora sufficientemente approfondite. Sono convinta che queste quattro serate aiuteranno chi vi parteciper\u00e0 ad avere chiavi di lettura nuove sui temi dell\u2019ambiente, sull\u2019origine dei conflitti, sul rispetto mancato, in tante aree, dei diritti umani <\/mark>; e magari questa rinnovata attenzione alimenter\u00e0 <strong>la spinta di qualche giovane a impegnarsi in prima persona<\/strong>&#8220;.<\/p>\n<h3>Il programma di Geocinema<\/h3>\n<p>La rassegna parte<strong> gioved\u00ec 24\u00a0febbraio\u00a0da Colle Val d&#8217;Elsa (Si)<\/strong>, al circolo Arci Agrestone (ore 21.30). Sar\u00e0 proiettato &#8216;Guarding the forest&#8217; (Max Baring e Karla Mendes, 2019), un documentario che racconta della protezione delle foreste nell\u2019Amazzonia brasiliana, Alla serata parteciper\u00e0 anche l&#8217;assessora Serena Spinelli. A 24 ore di distanza lo stesso film sar\u00e0 al centro della serata di Larciano (Pt).<\/p>\n<p>E ancora il <strong>25\u00a0febbraio, ma a Massa, alle 17, nella Sala della Resistenza<\/strong>, sede della Provincia, sar\u00e0 proiettato &#8216;One Earth, tutto \u00e8 connesso&#8217; (Francesco De Augustinis, 2020). Quel giorno nella Sala degli Specchi del Palazzo Ducale sar\u00e0 esposta &#8216;Afghana&#8217;, la mostra del reporter Giuliano Battiston che prova a raccontare il Paese attraverso i volti e la vita quotidiana degli afghani e delle afghane, andando oltre il conflitto e il racconto di guerra.<\/p>\n<p>Il viaggio di Geocinema terminer\u00e0 <strong>il 27\u00a0febbraio\u00a0a Rosignano Marittimo (Li)<\/strong>. Dalle 17 al cinema Ordigno di Vada sar\u00e0 proiettato &#8216;Tigernut&#8217; (Andoni Monforte e Bouba Kambou, 2018), film che racconta di una guerra commerciale mondiale scoppiata sul controllo e la distribuzione di un nuovo Super Food salutare, le noci tigre.<\/p>\n<p>Ovviamente tutti gli eventi si svolgeranno nel rispetto delle normative anti Covid-19 e per accedere \u00e8 necessario essere in possesso di Green Pass.<\/p>\n","protected":false},"excerpt":{"rendered":"<p>Geocinema \u00e8 una rassegna cinematografuca realizzata dall\u2019Atlante delle guerre e dei conflitti del mondo e co-finanziata dalla Regione Toscana: quattro date, quattro proiezioni, un unico filone conduttore. L&#8217;assessora Spinelli: &#8220;Una rassegna che potr\u00e0 spingere l&#8217;impegno dei giovani&#8221;<\/p>\n","protected":false},"author":525,"featured_media":213780,"comment_status":"open","ping_status":"open","sticky":false,"template":"","format":"standard","meta":{"_acf_changed":false,"footnotes":""},"categories":[493],"tags":[188,5215,4822,5298],"class_list":["post-213778","post","type-post","status-publish","format-standard","has-post-thumbnail","hentry","category-cultura","tag-cinema","tag-diritti-umani","tag-serena-spinelli","tag-sociale"],"acf":[],"yoast_head":"<!-- This site is optimized with the Yoast SEO Premium plugin v24.2 (Yoast SEO v25.6) - https:\/\/yoast.com\/wordpress\/plugins\/seo\/ -->\n<title>Al via Geocinema: un viaggio nei diritti umani grazie ai film<\/title>\n<meta name=\"description\" content=\"Geocinema \u00e8 una rassegna cinematografuca, un viaggio nei diritti umani attraverso i film. Scopri il programma delle proiezioni\" \/>\n<meta name=\"robots\" content=\"index, follow, max-snippet:-1, max-image-preview:large, max-video-preview:-1\" \/>\n<link rel=\"canonical\" href=\"https:\/\/www.intoscana.it\/it\/geocinema-rassegna-conflitti\/\" \/>\n<meta property=\"og:locale\" content=\"it_IT\" \/>\n<meta property=\"og:type\" content=\"article\" \/>\n<meta property=\"og:title\" content=\"Geocinema, la rassegna per riflettere su conflitti e crisi umanitaria\" \/>\n<meta property=\"og:description\" content=\"Geocinema \u00e8 una rassegna cinematografuca, un viaggio nei diritti umani attraverso i film. Scopri il programma delle proiezioni\" \/>\n<meta property=\"og:url\" content=\"https:\/\/www.intoscana.it\/it\/geocinema-rassegna-conflitti\/\" \/>\n<meta property=\"og:site_name\" content=\"intoscana\" \/>\n<meta property=\"article:publisher\" content=\"https:\/\/www.facebook.com\/intoscana.it\" \/>\n<meta property=\"article:published_time\" content=\"2022-02-23T11:25:45+00:00\" \/>\n<meta property=\"article:modified_time\" content=\"2022-02-23T11:26:09+00:00\" \/>\n<meta property=\"og:image\" content=\"https:\/\/www.intoscana.it\/wp-content\/uploads\/diritti-umani-scaled.jpg\" \/>\n\t<meta property=\"og:image:width\" content=\"2048\" \/>\n\t<meta property=\"og:image:height\" content=\"1866\" \/>\n\t<meta property=\"og:image:type\" content=\"image\/jpeg\" \/>\n<meta name=\"author\" content=\"Redazione\" \/>\n<meta name=\"twitter:card\" content=\"summary_large_image\" \/>\n<meta name=\"twitter:creator\" content=\"@intoscana\" \/>\n<meta name=\"twitter:site\" content=\"@intoscana\" \/>\n<meta name=\"twitter:label1\" content=\"Written by\" \/>\n\t<meta name=\"twitter:data1\" content=\"Redazione\" \/>\n\t<meta name=\"twitter:label2\" content=\"Est. reading time\" \/>\n\t<meta name=\"twitter:data2\" content=\"2 minuti\" \/>\n<script type=\"application\/ld+json\" class=\"yoast-schema-graph\">{\"@context\":\"https:\/\/schema.org\",\"@graph\":[{\"@type\":\"WebPage\",\"@id\":\"https:\/\/www.intoscana.it\/it\/geocinema-rassegna-conflitti\/\",\"url\":\"https:\/\/www.intoscana.it\/it\/geocinema-rassegna-conflitti\/\",\"name\":\"Al via Geocinema: un viaggio nei diritti umani grazie ai film\",\"isPartOf\":{\"@id\":\"https:\/\/www.intoscana.it\/it\/#website\"},\"primaryImageOfPage\":{\"@id\":\"https:\/\/www.intoscana.it\/it\/geocinema-rassegna-conflitti\/#primaryimage\"},\"image\":{\"@id\":\"https:\/\/www.intoscana.it\/it\/geocinema-rassegna-conflitti\/#primaryimage\"},\"thumbnailUrl\":\"https:\/\/www.intoscana.it\/wp-content\/uploads\/diritti-umani-scaled.jpg\",\"datePublished\":\"2022-02-23T11:25:45+00:00\",\"dateModified\":\"2022-02-23T11:26:09+00:00\",\"author\":{\"@id\":\"https:\/\/www.intoscana.it\/it\/#\/schema\/person\/9223810753230f20bd670fdd322661f8\"},\"description\":\"Geocinema \u00e8 una rassegna cinematografuca, un viaggio nei diritti umani attraverso i film. Scopri il programma delle proiezioni\",\"breadcrumb\":{\"@id\":\"https:\/\/www.intoscana.it\/it\/geocinema-rassegna-conflitti\/#breadcrumb\"},\"inLanguage\":\"it-IT\",\"potentialAction\":[{\"@type\":\"ReadAction\",\"target\":[\"https:\/\/www.intoscana.it\/it\/geocinema-rassegna-conflitti\/\"]}]},{\"@type\":\"ImageObject\",\"inLanguage\":\"it-IT\",\"@id\":\"https:\/\/www.intoscana.it\/it\/geocinema-rassegna-conflitti\/#primaryimage\",\"url\":\"https:\/\/www.intoscana.it\/wp-content\/uploads\/diritti-umani-scaled.jpg\",\"contentUrl\":\"https:\/\/www.intoscana.it\/wp-content\/uploads\/diritti-umani-scaled.jpg\",\"width\":2048,\"height\":1866,\"caption\":\"diritti umani mani donna e filo spinato\"},{\"@type\":\"BreadcrumbList\",\"@id\":\"https:\/\/www.intoscana.it\/it\/geocinema-rassegna-conflitti\/#breadcrumb\",\"itemListElement\":[{\"@type\":\"ListItem\",\"position\":1,\"name\":\"Home\",\"item\":\"https:\/\/www.intoscana.it\/it\/\"},{\"@type\":\"ListItem\",\"position\":2,\"name\":\"Geocinema, la rassegna per riflettere su conflitti e crisi umanitaria\"}]},{\"@type\":\"WebSite\",\"@id\":\"https:\/\/www.intoscana.it\/it\/#website\",\"url\":\"https:\/\/www.intoscana.it\/it\/\",\"name\":\"intoscana\",\"description\":\"\",\"potentialAction\":[{\"@type\":\"SearchAction\",\"target\":{\"@type\":\"EntryPoint\",\"urlTemplate\":\"https:\/\/www.intoscana.it\/it\/?s={search_term_string}\"},\"query-input\":{\"@type\":\"PropertyValueSpecification\",\"valueRequired\":true,\"valueName\":\"search_term_string\"}}],\"inLanguage\":\"it-IT\"},{\"@type\":\"Person\",\"@id\":\"https:\/\/www.intoscana.it\/it\/#\/schema\/person\/9223810753230f20bd670fdd322661f8\",\"name\":\"Redazione\",\"url\":\"https:\/\/www.intoscana.it\/it\/author\/redazione\/\"}]}<\/script>\n<!-- \/ Yoast SEO Premium plugin. -->","yoast_head_json":{"title":"Al via Geocinema: un viaggio nei diritti umani grazie ai film","description":"Geocinema \u00e8 una rassegna cinematografuca, un viaggio nei diritti umani attraverso i film. Scopri il programma delle proiezioni","robots":{"index":"index","follow":"follow","max-snippet":"max-snippet:-1","max-image-preview":"max-image-preview:large","max-video-preview":"max-video-preview:-1"},"canonical":"https:\/\/www.intoscana.it\/it\/geocinema-rassegna-conflitti\/","og_locale":"it_IT","og_type":"article","og_title":"Geocinema, la rassegna per riflettere su conflitti e crisi umanitaria","og_description":"Geocinema \u00e8 una rassegna cinematografuca, un viaggio nei diritti umani attraverso i film. Scopri il programma delle proiezioni","og_url":"https:\/\/www.intoscana.it\/it\/geocinema-rassegna-conflitti\/","og_site_name":"intoscana","article_publisher":"https:\/\/www.facebook.com\/intoscana.it","article_published_time":"2022-02-23T11:25:45+00:00","article_modified_time":"2022-02-23T11:26:09+00:00","og_image":[{"width":2048,"height":1866,"url":"https:\/\/www.intoscana.it\/wp-content\/uploads\/diritti-umani-scaled.jpg","type":"image\/jpeg"}],"author":"Redazione","twitter_card":"summary_large_image","twitter_creator":"@intoscana","twitter_site":"@intoscana","twitter_misc":{"Written by":"Redazione","Est. reading time":"2 minuti"},"schema":{"@context":"https:\/\/schema.org","@graph":[{"@type":"WebPage","@id":"https:\/\/www.intoscana.it\/it\/geocinema-rassegna-conflitti\/","url":"https:\/\/www.intoscana.it\/it\/geocinema-rassegna-conflitti\/","name":"Al via Geocinema: un viaggio nei diritti umani grazie ai film","isPartOf":{"@id":"https:\/\/www.intoscana.it\/it\/#website"},"primaryImageOfPage":{"@id":"https:\/\/www.intoscana.it\/it\/geocinema-rassegna-conflitti\/#primaryimage"},"image":{"@id":"https:\/\/www.intoscana.it\/it\/geocinema-rassegna-conflitti\/#primaryimage"},"thumbnailUrl":"https:\/\/www.intoscana.it\/wp-content\/uploads\/diritti-umani-scaled.jpg","datePublished":"2022-02-23T11:25:45+00:00","dateModified":"2022-02-23T11:26:09+00:00","author":{"@id":"https:\/\/www.intoscana.it\/it\/#\/schema\/person\/9223810753230f20bd670fdd322661f8"},"description":"Geocinema \u00e8 una rassegna cinematografuca, un viaggio nei diritti umani attraverso i film. Scopri il programma delle proiezioni","breadcrumb":{"@id":"https:\/\/www.intoscana.it\/it\/geocinema-rassegna-conflitti\/#breadcrumb"},"inLanguage":"it-IT","potentialAction":[{"@type":"ReadAction","target":["https:\/\/www.intoscana.it\/it\/geocinema-rassegna-conflitti\/"]}]},{"@type":"ImageObject","inLanguage":"it-IT","@id":"https:\/\/www.intoscana.it\/it\/geocinema-rassegna-conflitti\/#primaryimage","url":"https:\/\/www.intoscana.it\/wp-content\/uploads\/diritti-umani-scaled.jpg","contentUrl":"https:\/\/www.intoscana.it\/wp-content\/uploads\/diritti-umani-scaled.jpg","width":2048,"height":1866,"caption":"diritti umani mani donna e filo spinato"},{"@type":"BreadcrumbList","@id":"https:\/\/www.intoscana.it\/it\/geocinema-rassegna-conflitti\/#breadcrumb","itemListElement":[{"@type":"ListItem","position":1,"name":"Home","item":"https:\/\/www.intoscana.it\/it\/"},{"@type":"ListItem","position":2,"name":"Geocinema, la rassegna per riflettere su conflitti e crisi umanitaria"}]},{"@type":"WebSite","@id":"https:\/\/www.intoscana.it\/it\/#website","url":"https:\/\/www.intoscana.it\/it\/","name":"intoscana","description":"","potentialAction":[{"@type":"SearchAction","target":{"@type":"EntryPoint","urlTemplate":"https:\/\/www.intoscana.it\/it\/?s={search_term_string}"},"query-input":{"@type":"PropertyValueSpecification","valueRequired":true,"valueName":"search_term_string"}}],"inLanguage":"it-IT"},{"@type":"Person","@id":"https:\/\/www.intoscana.it\/it\/#\/schema\/person\/9223810753230f20bd670fdd322661f8","name":"Redazione","url":"https:\/\/www.intoscana.it\/it\/author\/redazione\/"}]}},"_links":{"self":[{"href":"https:\/\/www.intoscana.it\/it\/wp-json\/wp\/v2\/posts\/213778","targetHints":{"allow":["GET"]}}],"collection":[{"href":"https:\/\/www.intoscana.it\/it\/wp-json\/wp\/v2\/posts"}],"about":[{"href":"https:\/\/www.intoscana.it\/it\/wp-json\/wp\/v2\/types\/post"}],"author":[{"embeddable":true,"href":"https:\/\/www.intoscana.it\/it\/wp-json\/wp\/v2\/users\/525"}],"replies":[{"embeddable":true,"href":"https:\/\/www.intoscana.it\/it\/wp-json\/wp\/v2\/comments?post=213778"}],"version-history":[{"count":0,"href":"https:\/\/www.intoscana.it\/it\/wp-json\/wp\/v2\/posts\/213778\/revisions"}],"wp:featuredmedia":[{"embeddable":true,"href":"https:\/\/www.intoscana.it\/it\/wp-json\/wp\/v2\/media\/213780"}],"wp:attachment":[{"href":"https:\/\/www.intoscana.it\/it\/wp-json\/wp\/v2\/media?parent=213778"}],"wp:term":[{"taxonomy":"category","embeddable":true,"href":"https:\/\/www.intoscana.it\/it\/wp-json\/wp\/v2\/categories?post=213778"},{"taxonomy":"post_tag","embeddable":true,"href":"https:\/\/www.intoscana.it\/it\/wp-json\/wp\/v2\/tags?post=213778"}],"curies":[{"name":"wp","href":"https:\/\/api.w.org\/{rel}","templated":true}]}}