{"id":213802,"date":"2022-02-23T14:55:40","date_gmt":"2022-02-23T13:55:40","guid":{"rendered":"https:\/\/www.intoscana.it\/it\/?p=213802"},"modified":"2022-02-24T17:42:58","modified_gmt":"2022-02-24T16:42:58","slug":"forum-mediterraneo-rete-citta-accoglienti","status":"publish","type":"post","link":"https:\/\/www.intoscana.it\/it\/forum-mediterraneo-rete-citta-accoglienti\/","title":{"rendered":"Forum Mediterraneo. Le associazioni chiedono una  &#8220;rete delle citt\u00e0 accoglienti&#8221;"},"content":{"rendered":"<p style=\"text-align: left;\" align=\"justify\">Pace, accoglienza, inclusione: sono questi i pilastri sui quali si fondano le proposte che rivolgono ai sindaci ed ai vescovi del <strong>Forum del Mediterraneo<\/strong> le <strong>associazioni di base<\/strong> riunitesi stamani in Piazza Santissima Annunziata a <strong>Firenze<\/strong>. Incontro che vedr\u00e0 &#8211; domenica &#8211; anche la presenza di <strong>Papa Francesco <\/strong>e del Capo dello Stato <strong>Sergio Mattarella.\u00a0<\/strong><\/p>\n<p style=\"text-align: left;\" align=\"justify\">Al centro dunque &#8211; ora pi\u00f9 che mai &#8211; l&#8217;esigenza della costruzione di scenari di pace, di rispetto dei diritti, solidariet\u00e0. Un dibattito che generi proposte concrete affinch\u00e8 le parole si riempiano di contenuto: l&#8217;auspicio \u00e8 quindi quello di dare\u00a0 sostanza alla forma.<\/p>\n<p style=\"text-align: left;\" align=\"justify\"><p><span class=\"citazione\">Ripudio di tutte quelle condotte che violano la Costituzione Italiana e le Convenzioni internazionali\u00a0 <\/span><\/p><\/p>\n<p style=\"text-align: left;\" align=\"justify\">Un incontro &#8211; spiegano i portavoce delle associazioni &#8211; <em>&#8220;che vorremmo non si riducesse a una semplice passerella di autorit\u00e0&#8221;. <\/em>Viene chiesta dunqu<em>e <\/em>una presa di posizione <em>&#8220;netta<\/em>&#8221; e una &#8220;<em>dichiarazione congiunta, e ferma di ripudio di quelle condotte e scelte politiche italiane ed europee che violano sistematicamente la Costituzione Italiana e tutte le Convenzioni internazionali sul diritto dei rifugiati&#8221;.<\/em><\/p>\n<p style=\"text-align: left;\" align=\"justify\">Poi le richieste si fanno precise: una <strong>nuova legge sull&#8217;immigrazione<\/strong> e una sullo <strong>ius soli<\/strong>. &#8220;<em><span style=\"font-family: Georgia, serif;\">L\u2019identit\u00e0 e il riconoscimento sociale sono le cose alle quali pi\u00f9 ambiscono i nostri fratelli migranti <\/span><\/em><span style=\"font-family: Georgia, serif;\">&#8211; spiegano. <\/span><em><span style=\"font-family: Georgia, serif;\">La mancanza o la presenza di un foglio di carta che ne attesti l\u2019esistenza spesso segna il confine fra l\u2019essere e il non essere, potersi guadagnare il pane o dover cadere in mano ai caporali o agli sfruttatori&#8221;.<\/span><\/em><\/p>\n<p><iframe loading=\"lazy\" title=\"YouTube video player\" src=\"https:\/\/www.youtube.com\/embed\/wVvOmKtA3VI\" width=\"560\" height=\"315\" frameborder=\"0\" allowfullscreen=\"allowfullscreen\"><\/iframe><\/p>\n<p style=\"text-align: left;\"><p><span class=\"citazione\"> Rendere i migranti protagonisti attivi e produttivi nella nostra societ\u00e0 e non schiavi del terzo millennio <\/span><\/p><\/p>\n<p style=\"text-align: left;\" align=\"justify\">Cosa fare dunque? Quali i passi che devono fare la politica e i governi? E i sindaci? Proprio ai primi cittadini si rivolgono alcuni degli auspici delle 21 associazioni, tra cui Firenze citt\u00e0 aperta, Anelli mancanti, Comitato fermiamo la guerra e <span style=\"font-family: Georgia, serif;\">Comunit\u00e0 Cristiane di Base Italiane. Su tutti la creazione di una <strong>&#8220;rete delle citt\u00e0 accoglienti&#8221;<\/strong> e poi ancora la richiesta di agevolazione del<\/span><span style=\"font-family: Georgia, serif;\">l\u2019<b>acquisizione<\/b><b>\u00a0<\/b>della<b>\u00a0<\/b><b>residenza<\/b><b>\u00a0<\/b>per i senza dimora, gli investimenti in spazi abitativi e soluzioni formative che <em>&#8220;possano rendere i migranti protagonisti attivi e produttivi nella nostra societ\u00e0 e non schiavi del terzo millennio&#8221;.\u00a0 <\/em>Dunque\u00a0contrasto al <strong>lavoro nero<\/strong>, al<strong> precariato<\/strong> ed al<strong> caporalato<\/strong>. <\/span>Poi arriva anche l&#8217;invito a calmierare gli affitti e ad assegnare gli alloggi vuoti.<em style=\"font-family: Georgia, serif;\"> &#8220;Inaccettabili &#8211;<\/em><span style=\"font-family: Georgia, serif;\"> dicono\u00a0 le associazioni &#8211; <\/span><em style=\"font-family: Georgia, serif;\">sono le baraccopoli ancora in piedi in molti luoghi, un regalo alle mafie e alla criminalit\u00e0 organizzata&#8221;.<\/em><\/p>\n<p style=\"text-align: left;\" align=\"justify\"><span style=\"font-family: Georgia, serif;\">Non mancano infine gli esempi, i modelli da seguire, come le esperienze di <\/span><span style=\"font-family: Georgia, serif;\"><b>accoglienza diffusa, solidariet\u00e0 e inclusione<\/b>. <\/span><\/p>\n<p style=\"text-align: left;\" align=\"justify\"><span style=\"font-family: Georgia, serif;\">Le associazioni e i movimenti di base citano poi &#8211; nel loro documento &#8211;\u00a0 <strong>don Biancalani<\/strong> a Vicofaro, <strong>Domenico Lucano<\/strong> a Riace,\u00a0 <strong>Lorena Fornasir<\/strong> e <strong>Gian Andrea Franchi<\/strong> di Linea d\u2019ombra a Trieste che &#8220;<em>sono andati alla sbarra per aver fasciato i piedi dolenti dei migranti arrivati dal feroce Game\u00a0della \u201cRotta balcanica\u201d.<\/em>\u00a0<\/span><\/p>\n<p style=\"text-align: left;\" align=\"justify\">Queste le richieste, le condanne, le proposte. E una mano tesa da parte delle associazioni e dei movimenti di base. <em>&#8220;Piena disponibilit\u00e0 a collaborare &#8211; <\/em>ribadiscono<em> &#8211; per costruire insieme quella rete accogliente della quale le comunit\u00e0 e l\u2019Europa tutta hanno bisogno perch\u00e9 il Mediterraneo, da quel silenzioso <strong>cimitero d\u2019Europa<\/strong> quale oggi \u00e8, si trasformi davvero in un Mediterraneo di pace&#8221;.<\/em><\/p>\n<p><iframe loading=\"lazy\" title=\"YouTube video player\" src=\"https:\/\/www.youtube.com\/embed\/8OQy5etvO7c\" width=\"560\" height=\"315\" frameborder=\"0\" allowfullscreen=\"allowfullscreen\"><\/iframe><br \/>\n&#8212;&#8212;&#8212;&#8212;&#8212;&#8212;&#8212;&#8212;&#8212;&#8212;&#8212;&#8212;&#8212;&#8212;&#8212;&#8212;&#8212;&#8212;&#8212;&#8212;&#8212;&#8212;&#8212;&#8212;&#8212;&#8212;&#8212;&#8212;&#8212;&#8212;&#8212;&#8212;&#8212;&#8212;&#8212;&#8212;&#8212;&#8212;&#8212;&#8212;&#8212;&#8212;&#8212;&#8212;&#8212;&#8212;&#8212;&#8212;&#8212;<\/p>\n<p style=\"text-align: left;\">Le associazioni che si sono ritrovate a Firenze e che si rivolgono a sindaci, governi e vescovi sono:\u00a0<span style=\"font-family: Georgia, serif;\">Anelli mancanti, <\/span><span style=\"font-family: Georgia, serif;\">Assemblea permanente antirazzista antifascista Vicofaro Pistoia,\u00a0<\/span><span style=\"font-family: Georgia, serif;\">Associazione casa Simonetta ODV,\u00a0 <\/span><span style=\"font-family: Georgia, serif;\">Assopace Palestina,\u00a0 <\/span><span style=\"font-family: Georgia, serif;\">Biblioteca Riccardo Torregiani, <\/span><span style=\"font-family: Georgia, serif;\">Citt\u00e0 Visibili APS, <\/span><span style=\"font-family: Georgia, serif;\">Comitato fermiamo la guerra, <\/span><span style=\"font-family: Georgia, serif;\">Comunit\u00e0 Cristiane di Base Italiane, <\/span><span style=\"font-family: Georgia, serif;\">Comunit\u00e0 Cristiana di base San Paolo &#8211; Roma, <\/span><span style=\"font-family: Georgia, serif;\">Comunit\u00e0 dell&#8217;Isolotto, <\/span><span style=\"font-family: Georgia, serif;\">Comunit\u00e0 di base delle Piagge, <\/span><span style=\"font-family: Georgia, serif;\">Consiglio pastorale parrocchia di S. Maria a Ricorboli, <\/span><span style=\"font-family: Georgia, serif;\">CO.R.P.I., <\/span><span style=\"font-family: Georgia, serif;\">Firenze citt\u00e0 aperta, <\/span><span style=\"font-family: Georgia, serif;\">Firenze per Mimmo Lucano, <\/span><span style=\"font-family: Georgia, serif;\">Florence Must Act, <\/span><span style=\"font-family: Georgia, serif;\">Misericordia di Barberino Tavarnelle ODV, <\/span><span style=\"font-family: Georgia, serif;\">Palazzuolo strada aperta, <\/span><span style=\"font-family: Georgia, serif;\">Refugees Welcome Italia &#8211; Firenze, <\/span><span style=\"font-family: Georgia, serif;\">Rete antirazzista fiorentina, <\/span><span style=\"font-family: Georgia, serif;\">Umani per R-esistere.<\/span><\/p>\n<p align=\"justify\">\n","protected":false},"excerpt":{"rendered":"<p>Un documento e una serie di proposte elaborate da 21 associazioni e movimenti di base, con l&#8217;invito a sindaci e vescovi a costruire insieme &#8220;quella rete accogliente della quale le comunit\u00e0 e l\u2019Europa tutta hanno bisogno perch\u00e9 il Mediterraneo, da quel silenzioso cimitero qual \u00e8 oggi, si trasformi davvero in un Mediterraneo di pace&#8221;<\/p>\n","protected":false},"author":525,"featured_media":141603,"comment_status":"open","ping_status":"open","sticky":false,"template":"","format":"standard","meta":{"_acf_changed":false,"footnotes":""},"categories":[494],"tags":[4533,202,5652,4382,4370,1587],"class_list":["post-213802","post","type-post","status-publish","format-standard","has-post-thumbnail","hentry","category-attualita","tag-diritti","tag-firenze","tag-mario-draghi","tag-mattarella","tag-pace","tag-papa-francesco-in-toscana"],"acf":[],"yoast_head":"<!-- This site is optimized with the Yoast SEO Premium plugin v24.2 (Yoast SEO v25.6) - https:\/\/yoast.com\/wordpress\/plugins\/seo\/ -->\n<title>Forum Mediterraneo. Le associazioni chiedono una &quot;rete delle citt\u00e0 accoglienti&quot; - intoscana<\/title>\n<meta name=\"description\" content=\"Tutte le proposte delle associazioni e dei movimenti di base al Forum del Mediterraneo di Firenze per sostenere pace e diritti.\" \/>\n<meta name=\"robots\" content=\"index, follow, max-snippet:-1, max-image-preview:large, max-video-preview:-1\" \/>\n<link rel=\"canonical\" href=\"https:\/\/www.intoscana.it\/it\/forum-mediterraneo-rete-citta-accoglienti\/\" \/>\n<meta property=\"og:locale\" content=\"it_IT\" \/>\n<meta property=\"og:type\" content=\"article\" \/>\n<meta property=\"og:title\" content=\"Forum Mediterraneo. Le associazioni chiedono una &quot;rete delle citt\u00e0 accoglienti&quot;\" \/>\n<meta property=\"og:description\" content=\"Tutte le proposte delle associazioni e dei movimenti di base al Forum del Mediterraneo di Firenze per sostenere pace e diritti.\" \/>\n<meta property=\"og:url\" content=\"https:\/\/www.intoscana.it\/it\/forum-mediterraneo-rete-citta-accoglienti\/\" \/>\n<meta property=\"og:site_name\" content=\"intoscana\" \/>\n<meta property=\"article:publisher\" content=\"https:\/\/www.facebook.com\/intoscana.it\" \/>\n<meta property=\"article:published_time\" content=\"2022-02-23T13:55:40+00:00\" \/>\n<meta property=\"article:modified_time\" content=\"2022-02-24T16:42:58+00:00\" \/>\n<meta property=\"og:image\" content=\"https:\/\/www.intoscana.it\/wp-content\/uploads\/0c0baacc-afb2-4404-94d4-d9ebff6d82b8-9.jpg\" \/>\n\t<meta property=\"og:image:width\" content=\"1000\" \/>\n\t<meta property=\"og:image:height\" content=\"667\" \/>\n\t<meta property=\"og:image:type\" content=\"image\/jpeg\" \/>\n<meta name=\"author\" content=\"Redazione\" \/>\n<meta name=\"twitter:card\" content=\"summary_large_image\" \/>\n<meta name=\"twitter:creator\" content=\"@intoscana\" \/>\n<meta name=\"twitter:site\" content=\"@intoscana\" \/>\n<meta name=\"twitter:label1\" content=\"Written by\" \/>\n\t<meta name=\"twitter:data1\" content=\"Redazione\" \/>\n\t<meta name=\"twitter:label2\" content=\"Est. reading time\" \/>\n\t<meta name=\"twitter:data2\" content=\"3 minuti\" \/>\n<script type=\"application\/ld+json\" class=\"yoast-schema-graph\">{\"@context\":\"https:\/\/schema.org\",\"@graph\":[{\"@type\":\"WebPage\",\"@id\":\"https:\/\/www.intoscana.it\/it\/forum-mediterraneo-rete-citta-accoglienti\/\",\"url\":\"https:\/\/www.intoscana.it\/it\/forum-mediterraneo-rete-citta-accoglienti\/\",\"name\":\"Forum Mediterraneo. Le associazioni chiedono una \\\"rete delle citt\u00e0 accoglienti\\\" - intoscana\",\"isPartOf\":{\"@id\":\"https:\/\/www.intoscana.it\/it\/#website\"},\"primaryImageOfPage\":{\"@id\":\"https:\/\/www.intoscana.it\/it\/forum-mediterraneo-rete-citta-accoglienti\/#primaryimage\"},\"image\":{\"@id\":\"https:\/\/www.intoscana.it\/it\/forum-mediterraneo-rete-citta-accoglienti\/#primaryimage\"},\"thumbnailUrl\":\"https:\/\/www.intoscana.it\/wp-content\/uploads\/0c0baacc-afb2-4404-94d4-d9ebff6d82b8-9.jpg\",\"datePublished\":\"2022-02-23T13:55:40+00:00\",\"dateModified\":\"2022-02-24T16:42:58+00:00\",\"author\":{\"@id\":\"https:\/\/www.intoscana.it\/it\/#\/schema\/person\/9223810753230f20bd670fdd322661f8\"},\"description\":\"Tutte le proposte delle associazioni e dei movimenti di base al Forum del Mediterraneo di Firenze per sostenere pace e diritti.\",\"breadcrumb\":{\"@id\":\"https:\/\/www.intoscana.it\/it\/forum-mediterraneo-rete-citta-accoglienti\/#breadcrumb\"},\"inLanguage\":\"it-IT\",\"potentialAction\":[{\"@type\":\"ReadAction\",\"target\":[\"https:\/\/www.intoscana.it\/it\/forum-mediterraneo-rete-citta-accoglienti\/\"]}]},{\"@type\":\"ImageObject\",\"inLanguage\":\"it-IT\",\"@id\":\"https:\/\/www.intoscana.it\/it\/forum-mediterraneo-rete-citta-accoglienti\/#primaryimage\",\"url\":\"https:\/\/www.intoscana.it\/wp-content\/uploads\/0c0baacc-afb2-4404-94d4-d9ebff6d82b8-9.jpg\",\"contentUrl\":\"https:\/\/www.intoscana.it\/wp-content\/uploads\/0c0baacc-afb2-4404-94d4-d9ebff6d82b8-9.jpg\",\"width\":1000,\"height\":667,\"caption\":\"Duomo di Firenze\"},{\"@type\":\"BreadcrumbList\",\"@id\":\"https:\/\/www.intoscana.it\/it\/forum-mediterraneo-rete-citta-accoglienti\/#breadcrumb\",\"itemListElement\":[{\"@type\":\"ListItem\",\"position\":1,\"name\":\"Home\",\"item\":\"https:\/\/www.intoscana.it\/it\/\"},{\"@type\":\"ListItem\",\"position\":2,\"name\":\"Forum Mediterraneo. Le associazioni chiedono una &#8220;rete delle citt\u00e0 accoglienti&#8221;\"}]},{\"@type\":\"WebSite\",\"@id\":\"https:\/\/www.intoscana.it\/it\/#website\",\"url\":\"https:\/\/www.intoscana.it\/it\/\",\"name\":\"intoscana\",\"description\":\"\",\"potentialAction\":[{\"@type\":\"SearchAction\",\"target\":{\"@type\":\"EntryPoint\",\"urlTemplate\":\"https:\/\/www.intoscana.it\/it\/?s={search_term_string}\"},\"query-input\":{\"@type\":\"PropertyValueSpecification\",\"valueRequired\":true,\"valueName\":\"search_term_string\"}}],\"inLanguage\":\"it-IT\"},{\"@type\":\"Person\",\"@id\":\"https:\/\/www.intoscana.it\/it\/#\/schema\/person\/9223810753230f20bd670fdd322661f8\",\"name\":\"Redazione\",\"url\":\"https:\/\/www.intoscana.it\/it\/author\/redazione\/\"}]}<\/script>\n<!-- \/ Yoast SEO Premium plugin. -->","yoast_head_json":{"title":"Forum Mediterraneo. Le associazioni chiedono una \"rete delle citt\u00e0 accoglienti\" - intoscana","description":"Tutte le proposte delle associazioni e dei movimenti di base al Forum del Mediterraneo di Firenze per sostenere pace e diritti.","robots":{"index":"index","follow":"follow","max-snippet":"max-snippet:-1","max-image-preview":"max-image-preview:large","max-video-preview":"max-video-preview:-1"},"canonical":"https:\/\/www.intoscana.it\/it\/forum-mediterraneo-rete-citta-accoglienti\/","og_locale":"it_IT","og_type":"article","og_title":"Forum Mediterraneo. Le associazioni chiedono una \"rete delle citt\u00e0 accoglienti\"","og_description":"Tutte le proposte delle associazioni e dei movimenti di base al Forum del Mediterraneo di Firenze per sostenere pace e diritti.","og_url":"https:\/\/www.intoscana.it\/it\/forum-mediterraneo-rete-citta-accoglienti\/","og_site_name":"intoscana","article_publisher":"https:\/\/www.facebook.com\/intoscana.it","article_published_time":"2022-02-23T13:55:40+00:00","article_modified_time":"2022-02-24T16:42:58+00:00","og_image":[{"width":1000,"height":667,"url":"https:\/\/www.intoscana.it\/wp-content\/uploads\/0c0baacc-afb2-4404-94d4-d9ebff6d82b8-9.jpg","type":"image\/jpeg"}],"author":"Redazione","twitter_card":"summary_large_image","twitter_creator":"@intoscana","twitter_site":"@intoscana","twitter_misc":{"Written by":"Redazione","Est. reading time":"3 minuti"},"schema":{"@context":"https:\/\/schema.org","@graph":[{"@type":"WebPage","@id":"https:\/\/www.intoscana.it\/it\/forum-mediterraneo-rete-citta-accoglienti\/","url":"https:\/\/www.intoscana.it\/it\/forum-mediterraneo-rete-citta-accoglienti\/","name":"Forum Mediterraneo. Le associazioni chiedono una \"rete delle citt\u00e0 accoglienti\" - intoscana","isPartOf":{"@id":"https:\/\/www.intoscana.it\/it\/#website"},"primaryImageOfPage":{"@id":"https:\/\/www.intoscana.it\/it\/forum-mediterraneo-rete-citta-accoglienti\/#primaryimage"},"image":{"@id":"https:\/\/www.intoscana.it\/it\/forum-mediterraneo-rete-citta-accoglienti\/#primaryimage"},"thumbnailUrl":"https:\/\/www.intoscana.it\/wp-content\/uploads\/0c0baacc-afb2-4404-94d4-d9ebff6d82b8-9.jpg","datePublished":"2022-02-23T13:55:40+00:00","dateModified":"2022-02-24T16:42:58+00:00","author":{"@id":"https:\/\/www.intoscana.it\/it\/#\/schema\/person\/9223810753230f20bd670fdd322661f8"},"description":"Tutte le proposte delle associazioni e dei movimenti di base al Forum del Mediterraneo di Firenze per sostenere pace e diritti.","breadcrumb":{"@id":"https:\/\/www.intoscana.it\/it\/forum-mediterraneo-rete-citta-accoglienti\/#breadcrumb"},"inLanguage":"it-IT","potentialAction":[{"@type":"ReadAction","target":["https:\/\/www.intoscana.it\/it\/forum-mediterraneo-rete-citta-accoglienti\/"]}]},{"@type":"ImageObject","inLanguage":"it-IT","@id":"https:\/\/www.intoscana.it\/it\/forum-mediterraneo-rete-citta-accoglienti\/#primaryimage","url":"https:\/\/www.intoscana.it\/wp-content\/uploads\/0c0baacc-afb2-4404-94d4-d9ebff6d82b8-9.jpg","contentUrl":"https:\/\/www.intoscana.it\/wp-content\/uploads\/0c0baacc-afb2-4404-94d4-d9ebff6d82b8-9.jpg","width":1000,"height":667,"caption":"Duomo di Firenze"},{"@type":"BreadcrumbList","@id":"https:\/\/www.intoscana.it\/it\/forum-mediterraneo-rete-citta-accoglienti\/#breadcrumb","itemListElement":[{"@type":"ListItem","position":1,"name":"Home","item":"https:\/\/www.intoscana.it\/it\/"},{"@type":"ListItem","position":2,"name":"Forum Mediterraneo. Le associazioni chiedono una &#8220;rete delle citt\u00e0 accoglienti&#8221;"}]},{"@type":"WebSite","@id":"https:\/\/www.intoscana.it\/it\/#website","url":"https:\/\/www.intoscana.it\/it\/","name":"intoscana","description":"","potentialAction":[{"@type":"SearchAction","target":{"@type":"EntryPoint","urlTemplate":"https:\/\/www.intoscana.it\/it\/?s={search_term_string}"},"query-input":{"@type":"PropertyValueSpecification","valueRequired":true,"valueName":"search_term_string"}}],"inLanguage":"it-IT"},{"@type":"Person","@id":"https:\/\/www.intoscana.it\/it\/#\/schema\/person\/9223810753230f20bd670fdd322661f8","name":"Redazione","url":"https:\/\/www.intoscana.it\/it\/author\/redazione\/"}]}},"_links":{"self":[{"href":"https:\/\/www.intoscana.it\/it\/wp-json\/wp\/v2\/posts\/213802","targetHints":{"allow":["GET"]}}],"collection":[{"href":"https:\/\/www.intoscana.it\/it\/wp-json\/wp\/v2\/posts"}],"about":[{"href":"https:\/\/www.intoscana.it\/it\/wp-json\/wp\/v2\/types\/post"}],"author":[{"embeddable":true,"href":"https:\/\/www.intoscana.it\/it\/wp-json\/wp\/v2\/users\/525"}],"replies":[{"embeddable":true,"href":"https:\/\/www.intoscana.it\/it\/wp-json\/wp\/v2\/comments?post=213802"}],"version-history":[{"count":0,"href":"https:\/\/www.intoscana.it\/it\/wp-json\/wp\/v2\/posts\/213802\/revisions"}],"wp:featuredmedia":[{"embeddable":true,"href":"https:\/\/www.intoscana.it\/it\/wp-json\/wp\/v2\/media\/141603"}],"wp:attachment":[{"href":"https:\/\/www.intoscana.it\/it\/wp-json\/wp\/v2\/media?parent=213802"}],"wp:term":[{"taxonomy":"category","embeddable":true,"href":"https:\/\/www.intoscana.it\/it\/wp-json\/wp\/v2\/categories?post=213802"},{"taxonomy":"post_tag","embeddable":true,"href":"https:\/\/www.intoscana.it\/it\/wp-json\/wp\/v2\/tags?post=213802"}],"curies":[{"name":"wp","href":"https:\/\/api.w.org\/{rel}","templated":true}]}}