{"id":214172,"date":"2022-02-24T17:09:21","date_gmt":"2022-02-24T16:09:21","guid":{"rendered":"https:\/\/www.intoscana.it\/it\/?p=214172"},"modified":"2022-02-24T17:26:54","modified_gmt":"2022-02-24T16:26:54","slug":"anastasia-angoscia-parenti-ucraina","status":"publish","type":"post","link":"https:\/\/www.intoscana.it\/it\/anastasia-angoscia-parenti-ucraina\/","title":{"rendered":"Anastasia e l&#8217;angoscia per i parenti in Ucraina: &#8220;Aspetto di sapere se sono in salvo, mi sanguina il cuore&#8221;"},"content":{"rendered":"<p><em>\u201cNon ha senso, mi sanguina il cuore se penso ai missili sulle loro teste\u201d<\/em>. <strong>Anastasia<\/strong> \u00e8 incredula, non fa che guardare il cellulare che, grazie a Telegram e Instagram, \u00e8 il suo unico contatto con i parenti in <a href=\"https:\/\/www.intoscana.it\/it\/articolo\/ucraina-condanna-forum-mediterraneo-firenze\/\" target=\"_blank\" rel=\"noopener\"><strong>Ucraina<\/strong><\/a>. Lei ha poco pi\u00f9 di 30 anni, un affascinante accento che mescola il russo al toscano, e la met\u00e0 della sua vita trascorsa in Toscana dove ha studiato al liceo classico e poi al conservatorio. E\u2019 una musicista professionista, una passione che le hanno trasmesso i suoi: padre ucraino e mamma siberiana. Due parti del suo cuore, due fronti di guerra oggi. I suoi zii, i cugini e i nipoti sono a <strong>Kiev<\/strong> e a <strong>Odessa<\/strong>, citt\u00e0 colpite dai missili russi. La sua nonna invece \u00e8 in Siberia.<\/p>\n<p><strong>Come stanno i tuoi parenti?<\/strong><\/p>\n<p>Bene, spero. <mark>Aspetto un loro messaggio per capire se sono riusciti a lasciare Kiev. Sono partiti di corsa questa mattina all\u2019alba. Sono stati svegliati dalle sirene che annunciavano le bombe. I bambini non capivano. Hanno raccolto il necessario e i documenti in una valigia e si sono messi in auto.<\/mark><\/p>\n<p><p><span class=\"citazione\">Ci sono file chilometriche dai benzinai e nei supermercati per acquistare farina e fiammiferi. E\u2019 incredibile, siamo in guerra<\/span><\/p>]<\/p>\n<p><strong>Nessuno si aspettava un attacco?<\/strong><\/p>\n<p>Fino a ieri era tutto tranquillo, nessuno poteva immaginarsi i missili. Tutti credevamo che questa situazione si sarebbe potuta evitare. E invece\u2026<\/p>\n<p><strong>Quando li hai sentiti?<\/strong><\/p>\n<p>Ho sentito stamattina i miei parenti a Kiev. Mi hanno raccontato di panico e confusione. File chilometriche dai benzinai, nei supermercati per acquistare farina, fiammiferi. Chi pu\u00f2 cerca di scappare in campagna, pi\u00f9 lontano possibile dalla citt\u00e0. I miei parenti di Odessa invece hanno sentito l\u2019attacco al porto. E\u2019 incredibile, siamo in guerra.<\/p>\n<p><strong>Stai guardando la televisione?<\/strong><\/p>\n<p>No, l\u2019ho spenta. Non riesco nemmeno ad uscire di casa oggi. <mark>Seguo gli eventi su instagram, dai blogger ucraini, cos\u00ec vedo davvero cosa succede in queste ore.<\/mark> Attraverso i media russi invece la situazione sembra molto pi\u00f9 calma. Anche mia nonna in Siberia non ha la percezione di quello che realmente sta accadendo.<\/p>\n<p><span class=\"citazione\">N\u00e9 i russi, n\u00e9 gli ucraini vogliono la guerra. Siamo un unico popolo, abbiamo le famiglie che si sono mescolate<\/span><\/p>\n<p><strong>Kiev e Odessa che citt\u00e0 sono?<\/strong><\/p>\n<p>Io sono stati l\u00ec prima del 2014, quindi prima dei conflitti. Sono zone di confine, terre cuscinetto, \u00e8 la storia che lo dice. Ma al contempo sono citt\u00e0 vive, cosmopolite. Odessa in particolare, dove ho frequentato le medie,\u00a0 la paragonerei a citt\u00e0 di mare come Livorno o Napoli, qui convergono popoli e culture diverse. Con gli anni e i conflitti tutto \u00e8 cambiato, lo so, \u00a0ma \u00e8 assurdo quello che stiamo vivendo oggi, dopo due anni di pandemia e molte zone sempre pi\u00f9 povere.<\/p>\n<p><strong>Cosa ti fa pi\u00f9 male?<\/strong><\/p>\n<p>N\u00e9 i russi, n\u00e9 gli ucraini vogliono la guerra. Siamo un unico popolo, abbiamo le famiglie che si sono mescolate. Perch\u00e9 ora dobbiamo farci del male, le persone non lo capiscono. Penso agli anziani che hanno vissuto la fame con la guerra, dovranno riviverlo ancora?<\/p>\n<p>&nbsp;<\/p>\n","protected":false},"excerpt":{"rendered":"<p>Padre ucraino e mamma siberiana, da pi\u00f9 di 15 anni vive in Toscana. &#8220;Con i\u00a0 miei zii parlo via Telegram. Si sono svegliati con le bombe, hanno preso i documenti e sono scappati. Non ha senso tutto questo&#8221;<\/p>\n","protected":false},"author":545,"featured_media":214195,"comment_status":"open","ping_status":"open","sticky":false,"template":"","format":"standard","meta":{"_acf_changed":false,"footnotes":""},"categories":[4],"tags":[6427],"class_list":["post-214172","post","type-post","status-publish","format-standard","has-post-thumbnail","hentry","category-storie","tag-guerra-ucraina"],"acf":[],"yoast_head":"<!-- This site is optimized with the Yoast SEO Premium plugin v24.2 (Yoast SEO v25.6) - https:\/\/yoast.com\/wordpress\/plugins\/seo\/ -->\n<title>Anastasia e l&#039;angoscia per i parenti in Ucraina: &quot;Aspetto di sapere se sono in salvo, mi sanguina il cuore&quot; - intoscana<\/title>\n<meta name=\"description\" content=\"Padre ucraino e mamma siberiana, da pi\u00f9 di 15 anni vive in Toscana. &quot;Con i\u00a0 miei zii parlo via telegram. Si sono svegliati con le bombe&quot;.\" \/>\n<meta name=\"robots\" content=\"index, follow, max-snippet:-1, max-image-preview:large, max-video-preview:-1\" \/>\n<link rel=\"canonical\" href=\"https:\/\/www.intoscana.it\/it\/anastasia-angoscia-parenti-ucraina\/\" \/>\n<meta property=\"og:locale\" content=\"it_IT\" \/>\n<meta property=\"og:type\" content=\"article\" \/>\n<meta property=\"og:title\" content=\"Anastasia e l&#039;angoscia per i parenti in Ucraina: &quot;Aspetto di sapere se sono in salvo, mi sanguina il cuore&quot;\" \/>\n<meta property=\"og:description\" content=\"Padre ucraino e mamma siberiana, da pi\u00f9 di 15 anni vive in Toscana. &quot;Con i\u00a0 miei zii parlo via telegram. Si sono svegliati con le bombe&quot;.\" \/>\n<meta property=\"og:url\" content=\"https:\/\/www.intoscana.it\/it\/anastasia-angoscia-parenti-ucraina\/\" \/>\n<meta property=\"og:site_name\" content=\"intoscana\" \/>\n<meta property=\"article:publisher\" content=\"https:\/\/www.facebook.com\/intoscana.it\" \/>\n<meta property=\"article:published_time\" content=\"2022-02-24T16:09:21+00:00\" \/>\n<meta property=\"article:modified_time\" content=\"2022-02-24T16:26:54+00:00\" \/>\n<meta property=\"og:image\" content=\"https:\/\/www.intoscana.it\/wp-content\/uploads\/shutterstock_2120015726-scaled.jpg\" \/>\n\t<meta property=\"og:image:width\" content=\"2048\" \/>\n\t<meta property=\"og:image:height\" content=\"1152\" \/>\n\t<meta property=\"og:image:type\" content=\"image\/jpeg\" \/>\n<meta name=\"author\" content=\"Clara D&#039;Acunto\" \/>\n<meta name=\"twitter:card\" content=\"summary_large_image\" \/>\n<meta name=\"twitter:creator\" content=\"@intoscana\" \/>\n<meta name=\"twitter:site\" content=\"@intoscana\" \/>\n<meta name=\"twitter:label1\" content=\"Written by\" \/>\n\t<meta name=\"twitter:data1\" content=\"Clara D&#039;Acunto\" \/>\n\t<meta name=\"twitter:label2\" content=\"Est. reading time\" \/>\n\t<meta name=\"twitter:data2\" content=\"3 minuti\" \/>\n<script type=\"application\/ld+json\" class=\"yoast-schema-graph\">{\"@context\":\"https:\/\/schema.org\",\"@graph\":[{\"@type\":\"WebPage\",\"@id\":\"https:\/\/www.intoscana.it\/it\/anastasia-angoscia-parenti-ucraina\/\",\"url\":\"https:\/\/www.intoscana.it\/it\/anastasia-angoscia-parenti-ucraina\/\",\"name\":\"Anastasia e l'angoscia per i parenti in Ucraina: \\\"Aspetto di sapere se sono in salvo, mi sanguina il cuore\\\" - intoscana\",\"isPartOf\":{\"@id\":\"https:\/\/www.intoscana.it\/it\/#website\"},\"primaryImageOfPage\":{\"@id\":\"https:\/\/www.intoscana.it\/it\/anastasia-angoscia-parenti-ucraina\/#primaryimage\"},\"image\":{\"@id\":\"https:\/\/www.intoscana.it\/it\/anastasia-angoscia-parenti-ucraina\/#primaryimage\"},\"thumbnailUrl\":\"https:\/\/www.intoscana.it\/wp-content\/uploads\/shutterstock_2120015726-scaled.jpg\",\"datePublished\":\"2022-02-24T16:09:21+00:00\",\"dateModified\":\"2022-02-24T16:26:54+00:00\",\"author\":{\"@id\":\"https:\/\/www.intoscana.it\/it\/#\/schema\/person\/137419af9ef5d385bde52864a841e6ce\"},\"description\":\"Padre ucraino e mamma siberiana, da pi\u00f9 di 15 anni vive in Toscana. \\\"Con i\u00a0 miei zii parlo via telegram. Si sono svegliati con le bombe\\\".\",\"breadcrumb\":{\"@id\":\"https:\/\/www.intoscana.it\/it\/anastasia-angoscia-parenti-ucraina\/#breadcrumb\"},\"inLanguage\":\"it-IT\",\"potentialAction\":[{\"@type\":\"ReadAction\",\"target\":[\"https:\/\/www.intoscana.it\/it\/anastasia-angoscia-parenti-ucraina\/\"]}]},{\"@type\":\"ImageObject\",\"inLanguage\":\"it-IT\",\"@id\":\"https:\/\/www.intoscana.it\/it\/anastasia-angoscia-parenti-ucraina\/#primaryimage\",\"url\":\"https:\/\/www.intoscana.it\/wp-content\/uploads\/shutterstock_2120015726-scaled.jpg\",\"contentUrl\":\"https:\/\/www.intoscana.it\/wp-content\/uploads\/shutterstock_2120015726-scaled.jpg\",\"width\":2048,\"height\":1152},{\"@type\":\"BreadcrumbList\",\"@id\":\"https:\/\/www.intoscana.it\/it\/anastasia-angoscia-parenti-ucraina\/#breadcrumb\",\"itemListElement\":[{\"@type\":\"ListItem\",\"position\":1,\"name\":\"Home\",\"item\":\"https:\/\/www.intoscana.it\/it\/\"},{\"@type\":\"ListItem\",\"position\":2,\"name\":\"Anastasia e l&#8217;angoscia per i parenti in Ucraina: &#8220;Aspetto di sapere se sono in salvo, mi sanguina il cuore&#8221;\"}]},{\"@type\":\"WebSite\",\"@id\":\"https:\/\/www.intoscana.it\/it\/#website\",\"url\":\"https:\/\/www.intoscana.it\/it\/\",\"name\":\"intoscana\",\"description\":\"\",\"potentialAction\":[{\"@type\":\"SearchAction\",\"target\":{\"@type\":\"EntryPoint\",\"urlTemplate\":\"https:\/\/www.intoscana.it\/it\/?s={search_term_string}\"},\"query-input\":{\"@type\":\"PropertyValueSpecification\",\"valueRequired\":true,\"valueName\":\"search_term_string\"}}],\"inLanguage\":\"it-IT\"},{\"@type\":\"Person\",\"@id\":\"https:\/\/www.intoscana.it\/it\/#\/schema\/person\/137419af9ef5d385bde52864a841e6ce\",\"name\":\"Clara D'Acunto\",\"url\":\"https:\/\/www.intoscana.it\/it\/author\/clara-d_acunto\/\"}]}<\/script>\n<!-- \/ Yoast SEO Premium plugin. -->","yoast_head_json":{"title":"Anastasia e l'angoscia per i parenti in Ucraina: \"Aspetto di sapere se sono in salvo, mi sanguina il cuore\" - intoscana","description":"Padre ucraino e mamma siberiana, da pi\u00f9 di 15 anni vive in Toscana. \"Con i\u00a0 miei zii parlo via telegram. Si sono svegliati con le bombe\".","robots":{"index":"index","follow":"follow","max-snippet":"max-snippet:-1","max-image-preview":"max-image-preview:large","max-video-preview":"max-video-preview:-1"},"canonical":"https:\/\/www.intoscana.it\/it\/anastasia-angoscia-parenti-ucraina\/","og_locale":"it_IT","og_type":"article","og_title":"Anastasia e l'angoscia per i parenti in Ucraina: \"Aspetto di sapere se sono in salvo, mi sanguina il cuore\"","og_description":"Padre ucraino e mamma siberiana, da pi\u00f9 di 15 anni vive in Toscana. \"Con i\u00a0 miei zii parlo via telegram. Si sono svegliati con le bombe\".","og_url":"https:\/\/www.intoscana.it\/it\/anastasia-angoscia-parenti-ucraina\/","og_site_name":"intoscana","article_publisher":"https:\/\/www.facebook.com\/intoscana.it","article_published_time":"2022-02-24T16:09:21+00:00","article_modified_time":"2022-02-24T16:26:54+00:00","og_image":[{"width":2048,"height":1152,"url":"https:\/\/www.intoscana.it\/wp-content\/uploads\/shutterstock_2120015726-scaled.jpg","type":"image\/jpeg"}],"author":"Clara D'Acunto","twitter_card":"summary_large_image","twitter_creator":"@intoscana","twitter_site":"@intoscana","twitter_misc":{"Written by":"Clara D'Acunto","Est. reading time":"3 minuti"},"schema":{"@context":"https:\/\/schema.org","@graph":[{"@type":"WebPage","@id":"https:\/\/www.intoscana.it\/it\/anastasia-angoscia-parenti-ucraina\/","url":"https:\/\/www.intoscana.it\/it\/anastasia-angoscia-parenti-ucraina\/","name":"Anastasia e l'angoscia per i parenti in Ucraina: \"Aspetto di sapere se sono in salvo, mi sanguina il cuore\" - intoscana","isPartOf":{"@id":"https:\/\/www.intoscana.it\/it\/#website"},"primaryImageOfPage":{"@id":"https:\/\/www.intoscana.it\/it\/anastasia-angoscia-parenti-ucraina\/#primaryimage"},"image":{"@id":"https:\/\/www.intoscana.it\/it\/anastasia-angoscia-parenti-ucraina\/#primaryimage"},"thumbnailUrl":"https:\/\/www.intoscana.it\/wp-content\/uploads\/shutterstock_2120015726-scaled.jpg","datePublished":"2022-02-24T16:09:21+00:00","dateModified":"2022-02-24T16:26:54+00:00","author":{"@id":"https:\/\/www.intoscana.it\/it\/#\/schema\/person\/137419af9ef5d385bde52864a841e6ce"},"description":"Padre ucraino e mamma siberiana, da pi\u00f9 di 15 anni vive in Toscana. \"Con i\u00a0 miei zii parlo via telegram. Si sono svegliati con le bombe\".","breadcrumb":{"@id":"https:\/\/www.intoscana.it\/it\/anastasia-angoscia-parenti-ucraina\/#breadcrumb"},"inLanguage":"it-IT","potentialAction":[{"@type":"ReadAction","target":["https:\/\/www.intoscana.it\/it\/anastasia-angoscia-parenti-ucraina\/"]}]},{"@type":"ImageObject","inLanguage":"it-IT","@id":"https:\/\/www.intoscana.it\/it\/anastasia-angoscia-parenti-ucraina\/#primaryimage","url":"https:\/\/www.intoscana.it\/wp-content\/uploads\/shutterstock_2120015726-scaled.jpg","contentUrl":"https:\/\/www.intoscana.it\/wp-content\/uploads\/shutterstock_2120015726-scaled.jpg","width":2048,"height":1152},{"@type":"BreadcrumbList","@id":"https:\/\/www.intoscana.it\/it\/anastasia-angoscia-parenti-ucraina\/#breadcrumb","itemListElement":[{"@type":"ListItem","position":1,"name":"Home","item":"https:\/\/www.intoscana.it\/it\/"},{"@type":"ListItem","position":2,"name":"Anastasia e l&#8217;angoscia per i parenti in Ucraina: &#8220;Aspetto di sapere se sono in salvo, mi sanguina il cuore&#8221;"}]},{"@type":"WebSite","@id":"https:\/\/www.intoscana.it\/it\/#website","url":"https:\/\/www.intoscana.it\/it\/","name":"intoscana","description":"","potentialAction":[{"@type":"SearchAction","target":{"@type":"EntryPoint","urlTemplate":"https:\/\/www.intoscana.it\/it\/?s={search_term_string}"},"query-input":{"@type":"PropertyValueSpecification","valueRequired":true,"valueName":"search_term_string"}}],"inLanguage":"it-IT"},{"@type":"Person","@id":"https:\/\/www.intoscana.it\/it\/#\/schema\/person\/137419af9ef5d385bde52864a841e6ce","name":"Clara D'Acunto","url":"https:\/\/www.intoscana.it\/it\/author\/clara-d_acunto\/"}]}},"_links":{"self":[{"href":"https:\/\/www.intoscana.it\/it\/wp-json\/wp\/v2\/posts\/214172","targetHints":{"allow":["GET"]}}],"collection":[{"href":"https:\/\/www.intoscana.it\/it\/wp-json\/wp\/v2\/posts"}],"about":[{"href":"https:\/\/www.intoscana.it\/it\/wp-json\/wp\/v2\/types\/post"}],"author":[{"embeddable":true,"href":"https:\/\/www.intoscana.it\/it\/wp-json\/wp\/v2\/users\/545"}],"replies":[{"embeddable":true,"href":"https:\/\/www.intoscana.it\/it\/wp-json\/wp\/v2\/comments?post=214172"}],"version-history":[{"count":0,"href":"https:\/\/www.intoscana.it\/it\/wp-json\/wp\/v2\/posts\/214172\/revisions"}],"wp:featuredmedia":[{"embeddable":true,"href":"https:\/\/www.intoscana.it\/it\/wp-json\/wp\/v2\/media\/214195"}],"wp:attachment":[{"href":"https:\/\/www.intoscana.it\/it\/wp-json\/wp\/v2\/media?parent=214172"}],"wp:term":[{"taxonomy":"category","embeddable":true,"href":"https:\/\/www.intoscana.it\/it\/wp-json\/wp\/v2\/categories?post=214172"},{"taxonomy":"post_tag","embeddable":true,"href":"https:\/\/www.intoscana.it\/it\/wp-json\/wp\/v2\/tags?post=214172"}],"curies":[{"name":"wp","href":"https:\/\/api.w.org\/{rel}","templated":true}]}}