{"id":214406,"date":"2022-02-25T12:35:38","date_gmt":"2022-02-25T11:35:38","guid":{"rendered":"https:\/\/www.intoscana.it\/it\/?p=214406"},"modified":"2022-02-26T16:43:20","modified_gmt":"2022-02-26T15:43:20","slug":"covid-2-587-casi-in-toscana-sempre-alti-i-decessi-32-in-un-giorno","status":"publish","type":"post","link":"https:\/\/www.intoscana.it\/it\/covid-2-587-casi-in-toscana-sempre-alti-i-decessi-32-in-un-giorno\/","title":{"rendered":"Covid, 2.587 casi in Toscana. Sempre alti i decessi: 32 in un giorno"},"content":{"rendered":"<p>I nuovi casi <strong>Covid<\/strong> registrati nelle 24 ore in <strong>Toscana<\/strong> sono 2.587 su 26.080 esami di cui 7.609 tamponi molecolari e 18.471 test rapidi. Il tasso dei nuovi positivi sui tamponi fatti \u00e8 il 9,92%. <mark>L&#8217;et\u00e0 media dei 2.587 nuovi positivi odierni \u00e8 di 35 anni: 28% ha meno di 20 anni, 23% tra 20 e 39 anni, 30% tra 40 e 59 anni, 13% tra 60 e 79 anni, 6% ha 80 anni o pi\u00f9.<\/mark><\/p>\n<p>I <strong>ricoverati<\/strong> sono 922 (41 in meno rispetto a ieri), di cui 65 in <strong>terapia intensiva<\/strong> (4 in meno). Oggi si registrano <strong>32 nuovi decessi<\/strong>: 6 uomini e 26 donne con un&#8217;et\u00e0 media di 82,6 anni.<\/p>\n<h3><em>I casi di positivit\u00e0 sul territorio <\/em><\/h3>\n<p>Sono 249.765 i casi complessivi ad oggi a Firenze (542 in pi\u00f9 rispetto a ieri), 64.691 a Prato (115 in pi\u00f9), 71.545 a Pistoia (183 in pi\u00f9), 39.102 a Massa (117 in pi\u00f9), 85.207 a Lucca (345 in pi\u00f9), 97.545 a Pisa (191 in pi\u00f9), 71.801 a Livorno (260 in pi\u00f9), 76.044 ad Arezzo (370 in pi\u00f9), 54.056 a Siena (254 in pi\u00f9), 40.258 a Grosseto (210 in pi\u00f9).<\/p>\n<p>Complessivamente, 35.622 persone sono in<strong> isolamento<\/strong> a casa, poich\u00e9 presentano sintomi lievi che non richiedono cure ospedaliere, o risultano prive di sintomi (1.974 in meno rispetto a ieri, meno 5,3%).<br \/>\nSono 10.362 (521 in meno rispetto a ieri, meno 4,8%) le persone, anch&#8217;esse isolate, in sorveglianza attiva perch\u00e9 hanno avuto contatti con persone contagiate (ASL Centro 2.031, Nord Ovest 5.568, Sud Est 2.763).<\/p>\n<p><mark>Sono 8.949 i deceduti dall&#8217;inizio dell&#8217;epidemia<\/mark>: 2.829 a Firenze, 757 a Prato, 812 a Pistoia, 606 a Massa Carrara, 850 a Lucca, 941 a Pisa, 646 a Livorno, 619 ad Arezzo, 461 a Siena, 313 a Grosseto, 115 persone sono decedute sul suolo toscano ma erano residenti fuori regione.<\/p>\n","protected":false},"excerpt":{"rendered":"<p>L&#8217;et\u00e0 media dei nuovi positivi \u00e8 di 35 anni. Calano ricoveri e terapie intensive<\/p>\n","protected":false},"author":525,"featured_media":143851,"comment_status":"open","ping_status":"open","sticky":false,"template":"","format":"standard","meta":{"_acf_changed":false,"footnotes":""},"categories":[494],"tags":[4868,418],"class_list":["post-214406","post","type-post","status-publish","format-standard","has-post-thumbnail","hentry","category-attualita","tag-bollettino-covid-toscana","tag-covid-19"],"acf":[],"yoast_head":"<!-- This site is optimized with the Yoast SEO Premium plugin v24.2 (Yoast SEO v25.6) - https:\/\/yoast.com\/wordpress\/plugins\/seo\/ -->\n<title>Covid, 2.587 casi in Toscana. Sempre alti i decessi: 32 in un giorno - intoscana<\/title>\n<meta name=\"robots\" content=\"index, follow, max-snippet:-1, max-image-preview:large, max-video-preview:-1\" \/>\n<link rel=\"canonical\" href=\"https:\/\/www.intoscana.it\/it\/covid-2-587-casi-in-toscana-sempre-alti-i-decessi-32-in-un-giorno\/\" \/>\n<meta property=\"og:locale\" content=\"it_IT\" \/>\n<meta property=\"og:type\" content=\"article\" \/>\n<meta property=\"og:title\" content=\"Covid, 2.587 casi in Toscana. Sempre alti i decessi: 32 in un giorno\" \/>\n<meta property=\"og:description\" content=\"L&#039;et\u00e0 media dei nuovi positivi \u00e8 di 35 anni. Calano ricoveri e terapie intensive\" \/>\n<meta property=\"og:url\" content=\"https:\/\/www.intoscana.it\/it\/covid-2-587-casi-in-toscana-sempre-alti-i-decessi-32-in-un-giorno\/\" \/>\n<meta property=\"og:site_name\" content=\"intoscana\" \/>\n<meta property=\"article:publisher\" content=\"https:\/\/www.facebook.com\/intoscana.it\" \/>\n<meta property=\"article:published_time\" content=\"2022-02-25T11:35:38+00:00\" \/>\n<meta property=\"article:modified_time\" content=\"2022-02-26T15:43:20+00:00\" \/>\n<meta property=\"og:image\" content=\"https:\/\/www.intoscana.it\/wp-content\/uploads\/mascherina-coronavirus-toscana-2.jpg\" \/>\n\t<meta property=\"og:image:width\" content=\"1000\" \/>\n\t<meta property=\"og:image:height\" content=\"682\" \/>\n\t<meta property=\"og:image:type\" content=\"image\/jpeg\" \/>\n<meta name=\"author\" content=\"Redazione\" \/>\n<meta name=\"twitter:card\" content=\"summary_large_image\" \/>\n<meta name=\"twitter:creator\" content=\"@intoscana\" \/>\n<meta name=\"twitter:site\" content=\"@intoscana\" \/>\n<meta name=\"twitter:label1\" content=\"Written by\" \/>\n\t<meta name=\"twitter:data1\" content=\"Redazione\" \/>\n\t<meta name=\"twitter:label2\" content=\"Est. reading time\" \/>\n\t<meta name=\"twitter:data2\" content=\"1 minuto\" \/>\n<script type=\"application\/ld+json\" class=\"yoast-schema-graph\">{\"@context\":\"https:\/\/schema.org\",\"@graph\":[{\"@type\":\"WebPage\",\"@id\":\"https:\/\/www.intoscana.it\/it\/covid-2-587-casi-in-toscana-sempre-alti-i-decessi-32-in-un-giorno\/\",\"url\":\"https:\/\/www.intoscana.it\/it\/covid-2-587-casi-in-toscana-sempre-alti-i-decessi-32-in-un-giorno\/\",\"name\":\"Covid, 2.587 casi in Toscana. Sempre alti i decessi: 32 in un giorno - intoscana\",\"isPartOf\":{\"@id\":\"https:\/\/www.intoscana.it\/it\/#website\"},\"primaryImageOfPage\":{\"@id\":\"https:\/\/www.intoscana.it\/it\/covid-2-587-casi-in-toscana-sempre-alti-i-decessi-32-in-un-giorno\/#primaryimage\"},\"image\":{\"@id\":\"https:\/\/www.intoscana.it\/it\/covid-2-587-casi-in-toscana-sempre-alti-i-decessi-32-in-un-giorno\/#primaryimage\"},\"thumbnailUrl\":\"https:\/\/www.intoscana.it\/wp-content\/uploads\/mascherina-coronavirus-toscana-2.jpg\",\"datePublished\":\"2022-02-25T11:35:38+00:00\",\"dateModified\":\"2022-02-26T15:43:20+00:00\",\"author\":{\"@id\":\"https:\/\/www.intoscana.it\/it\/#\/schema\/person\/9223810753230f20bd670fdd322661f8\"},\"breadcrumb\":{\"@id\":\"https:\/\/www.intoscana.it\/it\/covid-2-587-casi-in-toscana-sempre-alti-i-decessi-32-in-un-giorno\/#breadcrumb\"},\"inLanguage\":\"it-IT\",\"potentialAction\":[{\"@type\":\"ReadAction\",\"target\":[\"https:\/\/www.intoscana.it\/it\/covid-2-587-casi-in-toscana-sempre-alti-i-decessi-32-in-un-giorno\/\"]}]},{\"@type\":\"ImageObject\",\"inLanguage\":\"it-IT\",\"@id\":\"https:\/\/www.intoscana.it\/it\/covid-2-587-casi-in-toscana-sempre-alti-i-decessi-32-in-un-giorno\/#primaryimage\",\"url\":\"https:\/\/www.intoscana.it\/wp-content\/uploads\/mascherina-coronavirus-toscana-2.jpg\",\"contentUrl\":\"https:\/\/www.intoscana.it\/wp-content\/uploads\/mascherina-coronavirus-toscana-2.jpg\",\"width\":1000,\"height\":682,\"caption\":\"Covid\"},{\"@type\":\"BreadcrumbList\",\"@id\":\"https:\/\/www.intoscana.it\/it\/covid-2-587-casi-in-toscana-sempre-alti-i-decessi-32-in-un-giorno\/#breadcrumb\",\"itemListElement\":[{\"@type\":\"ListItem\",\"position\":1,\"name\":\"Home\",\"item\":\"https:\/\/www.intoscana.it\/it\/\"},{\"@type\":\"ListItem\",\"position\":2,\"name\":\"Covid, 2.587 casi in Toscana. Sempre alti i decessi: 32 in un giorno\"}]},{\"@type\":\"WebSite\",\"@id\":\"https:\/\/www.intoscana.it\/it\/#website\",\"url\":\"https:\/\/www.intoscana.it\/it\/\",\"name\":\"intoscana\",\"description\":\"\",\"potentialAction\":[{\"@type\":\"SearchAction\",\"target\":{\"@type\":\"EntryPoint\",\"urlTemplate\":\"https:\/\/www.intoscana.it\/it\/?s={search_term_string}\"},\"query-input\":{\"@type\":\"PropertyValueSpecification\",\"valueRequired\":true,\"valueName\":\"search_term_string\"}}],\"inLanguage\":\"it-IT\"},{\"@type\":\"Person\",\"@id\":\"https:\/\/www.intoscana.it\/it\/#\/schema\/person\/9223810753230f20bd670fdd322661f8\",\"name\":\"Redazione\",\"url\":\"https:\/\/www.intoscana.it\/it\/author\/redazione\/\"}]}<\/script>\n<!-- \/ Yoast SEO Premium plugin. -->","yoast_head_json":{"title":"Covid, 2.587 casi in Toscana. Sempre alti i decessi: 32 in un giorno - intoscana","robots":{"index":"index","follow":"follow","max-snippet":"max-snippet:-1","max-image-preview":"max-image-preview:large","max-video-preview":"max-video-preview:-1"},"canonical":"https:\/\/www.intoscana.it\/it\/covid-2-587-casi-in-toscana-sempre-alti-i-decessi-32-in-un-giorno\/","og_locale":"it_IT","og_type":"article","og_title":"Covid, 2.587 casi in Toscana. Sempre alti i decessi: 32 in un giorno","og_description":"L'et\u00e0 media dei nuovi positivi \u00e8 di 35 anni. Calano ricoveri e terapie intensive","og_url":"https:\/\/www.intoscana.it\/it\/covid-2-587-casi-in-toscana-sempre-alti-i-decessi-32-in-un-giorno\/","og_site_name":"intoscana","article_publisher":"https:\/\/www.facebook.com\/intoscana.it","article_published_time":"2022-02-25T11:35:38+00:00","article_modified_time":"2022-02-26T15:43:20+00:00","og_image":[{"width":1000,"height":682,"url":"https:\/\/www.intoscana.it\/wp-content\/uploads\/mascherina-coronavirus-toscana-2.jpg","type":"image\/jpeg"}],"author":"Redazione","twitter_card":"summary_large_image","twitter_creator":"@intoscana","twitter_site":"@intoscana","twitter_misc":{"Written by":"Redazione","Est. reading time":"1 minuto"},"schema":{"@context":"https:\/\/schema.org","@graph":[{"@type":"WebPage","@id":"https:\/\/www.intoscana.it\/it\/covid-2-587-casi-in-toscana-sempre-alti-i-decessi-32-in-un-giorno\/","url":"https:\/\/www.intoscana.it\/it\/covid-2-587-casi-in-toscana-sempre-alti-i-decessi-32-in-un-giorno\/","name":"Covid, 2.587 casi in Toscana. Sempre alti i decessi: 32 in un giorno - intoscana","isPartOf":{"@id":"https:\/\/www.intoscana.it\/it\/#website"},"primaryImageOfPage":{"@id":"https:\/\/www.intoscana.it\/it\/covid-2-587-casi-in-toscana-sempre-alti-i-decessi-32-in-un-giorno\/#primaryimage"},"image":{"@id":"https:\/\/www.intoscana.it\/it\/covid-2-587-casi-in-toscana-sempre-alti-i-decessi-32-in-un-giorno\/#primaryimage"},"thumbnailUrl":"https:\/\/www.intoscana.it\/wp-content\/uploads\/mascherina-coronavirus-toscana-2.jpg","datePublished":"2022-02-25T11:35:38+00:00","dateModified":"2022-02-26T15:43:20+00:00","author":{"@id":"https:\/\/www.intoscana.it\/it\/#\/schema\/person\/9223810753230f20bd670fdd322661f8"},"breadcrumb":{"@id":"https:\/\/www.intoscana.it\/it\/covid-2-587-casi-in-toscana-sempre-alti-i-decessi-32-in-un-giorno\/#breadcrumb"},"inLanguage":"it-IT","potentialAction":[{"@type":"ReadAction","target":["https:\/\/www.intoscana.it\/it\/covid-2-587-casi-in-toscana-sempre-alti-i-decessi-32-in-un-giorno\/"]}]},{"@type":"ImageObject","inLanguage":"it-IT","@id":"https:\/\/www.intoscana.it\/it\/covid-2-587-casi-in-toscana-sempre-alti-i-decessi-32-in-un-giorno\/#primaryimage","url":"https:\/\/www.intoscana.it\/wp-content\/uploads\/mascherina-coronavirus-toscana-2.jpg","contentUrl":"https:\/\/www.intoscana.it\/wp-content\/uploads\/mascherina-coronavirus-toscana-2.jpg","width":1000,"height":682,"caption":"Covid"},{"@type":"BreadcrumbList","@id":"https:\/\/www.intoscana.it\/it\/covid-2-587-casi-in-toscana-sempre-alti-i-decessi-32-in-un-giorno\/#breadcrumb","itemListElement":[{"@type":"ListItem","position":1,"name":"Home","item":"https:\/\/www.intoscana.it\/it\/"},{"@type":"ListItem","position":2,"name":"Covid, 2.587 casi in Toscana. Sempre alti i decessi: 32 in un giorno"}]},{"@type":"WebSite","@id":"https:\/\/www.intoscana.it\/it\/#website","url":"https:\/\/www.intoscana.it\/it\/","name":"intoscana","description":"","potentialAction":[{"@type":"SearchAction","target":{"@type":"EntryPoint","urlTemplate":"https:\/\/www.intoscana.it\/it\/?s={search_term_string}"},"query-input":{"@type":"PropertyValueSpecification","valueRequired":true,"valueName":"search_term_string"}}],"inLanguage":"it-IT"},{"@type":"Person","@id":"https:\/\/www.intoscana.it\/it\/#\/schema\/person\/9223810753230f20bd670fdd322661f8","name":"Redazione","url":"https:\/\/www.intoscana.it\/it\/author\/redazione\/"}]}},"_links":{"self":[{"href":"https:\/\/www.intoscana.it\/it\/wp-json\/wp\/v2\/posts\/214406","targetHints":{"allow":["GET"]}}],"collection":[{"href":"https:\/\/www.intoscana.it\/it\/wp-json\/wp\/v2\/posts"}],"about":[{"href":"https:\/\/www.intoscana.it\/it\/wp-json\/wp\/v2\/types\/post"}],"author":[{"embeddable":true,"href":"https:\/\/www.intoscana.it\/it\/wp-json\/wp\/v2\/users\/525"}],"replies":[{"embeddable":true,"href":"https:\/\/www.intoscana.it\/it\/wp-json\/wp\/v2\/comments?post=214406"}],"version-history":[{"count":0,"href":"https:\/\/www.intoscana.it\/it\/wp-json\/wp\/v2\/posts\/214406\/revisions"}],"wp:featuredmedia":[{"embeddable":true,"href":"https:\/\/www.intoscana.it\/it\/wp-json\/wp\/v2\/media\/143851"}],"wp:attachment":[{"href":"https:\/\/www.intoscana.it\/it\/wp-json\/wp\/v2\/media?parent=214406"}],"wp:term":[{"taxonomy":"category","embeddable":true,"href":"https:\/\/www.intoscana.it\/it\/wp-json\/wp\/v2\/categories?post=214406"},{"taxonomy":"post_tag","embeddable":true,"href":"https:\/\/www.intoscana.it\/it\/wp-json\/wp\/v2\/tags?post=214406"}],"curies":[{"name":"wp","href":"https:\/\/api.w.org\/{rel}","templated":true}]}}