{"id":214477,"date":"2022-02-25T17:18:56","date_gmt":"2022-02-25T16:18:56","guid":{"rendered":"https:\/\/www.intoscana.it\/it\/?p=214477"},"modified":"2022-02-25T17:18:56","modified_gmt":"2022-02-25T16:18:56","slug":"efficientamento-energetico-scuola-volterra","status":"publish","type":"post","link":"https:\/\/www.intoscana.it\/it\/efficientamento-energetico-scuola-volterra\/","title":{"rendered":"Volterra inaugura la sua nuova scuola, pi\u00f9 green e connessa"},"content":{"rendered":"<p>Una nuova veste per il plesso scolastico dell\u2019<b>Istituto Comprensivo Jacopo da Volterra<\/b>, nella citt\u00e0 etrusca, inaugurato stamattina dopo due anni di lavori di ristrutturazione ed efficientamento energetico. Presenti, tra gli altri, l\u2019assessora regionale all\u2019istruzione <b>Alessandra Nardini<\/b> e il sindaco <b>Giacomo Santi<\/b>.<\/p>\n<p>\u201cSoddisfazione e speranza sono le due parole che questa giornata suggerisce\u201d, ha affermato l\u2019assessora <b>Alessandra Nardini<\/b>. \u201cSoddisfazione perch\u00e9 l\u2019intervento \u00e8 stato reso possibile attraverso l\u2019impegno della Regione per assicurare i fondi europei ed \u00e8 sempre una grande soddisfazione quando a beneficiarne \u00e8 una scuola, il luogo dove si formano le nostre ragazze e i nostri ragazzi. Speranza, perch\u00e9 una scuola nuova significa appunto investire nel futuro, nelle giovani generazioni\u201d.<\/p>\n<p>La nuova vita del plesso \u00e8 stata resa possibile grazie a <mark>un intervento di efficientamento del valore di 1 milione e 700 mila euro<\/mark>, che ha potuto contare sul contributo decisivo della programmazione del Fondo europeo di sviluppo regionale (Por Creo-Fesr 2014-2020) da 1 milione. Le opere hanno dotato l\u2019edificio, risalente agli anni \u201860 del secolo scorso, di cappotto termico, isolamento termico della copertura, sostituzione di infissi motorizzati con sistemi di domotica, nuovi impianti di generazione del calore, illuminazioni a led, connessione in fibra ottica, materiale insonorizzante. Una scuola ad alta prestazione energetica, dunque, pi\u00f9 rispettosa dell\u2019ambiente, connessa alla massima velocit\u00e0 e adeguatamente armonizzata con il contesto paesaggistico di Volterra e del suo centro storico.<\/p>\n<p>L\u2019assessora <b>Nardini<\/b> si \u00e8 complimentata con l\u2019amministrazione comunale \u201cper la determinazione che ha permesso di concludere i lavori entro i termini programmati, di non farsi fermare dalla pandemia e di essere riusciti a superare le complicazioni che si sono presentate con l\u2019aumento dei costi e le difficolt\u00e0 di reperimento delle materie prime. <mark>Scuole sicure, belle, accoglienti, inclusive, innovative e rispettose dell&#8217;ambiente sono una priorit\u00e0 assoluta della giunta regionale<\/mark>\u201d.<\/p>\n<p>L\u2019intera operazione di riqualificazione \u00e8 stata arricchita da ulteriori lavori di ristrutturazione che hanno interessato la palestra, realizzati grazie a risorse proprie del Comune, del gestore dell\u2019impianto, la ASD Basket Volterra, e al rilevante contributo della Fondazione <b>Cassa di Risparmio di Volterra<\/b>.<\/p>\n","protected":false},"excerpt":{"rendered":"<p>Dopo un ampio intervento di ristrutturazione ed efficientamento energetico, la citt\u00e0 ha presentato l\u2019esito dei lavori con l\u2019assessora regionale Alessandra Nardini<\/p>\n","protected":false},"author":525,"featured_media":214483,"comment_status":"open","ping_status":"open","sticky":false,"template":"","format":"standard","meta":{"_acf_changed":false,"footnotes":""},"categories":[19],"tags":[6226,212,2404],"class_list":["post-214477","post","type-post","status-publish","format-standard","has-post-thumbnail","hentry","category-ambiente","tag-alessandra-nardini","tag-scuola","tag-volterra"],"acf":[],"yoast_head":"<!-- This site is optimized with the Yoast SEO Premium plugin v24.2 (Yoast SEO v25.6) - https:\/\/yoast.com\/wordpress\/plugins\/seo\/ -->\n<title>Volterra inaugura la sua nuova scuola, pi\u00f9 green e connessa - intoscana<\/title>\n<meta name=\"description\" content=\"Dopo l&#039;intervento di efficientamento energetico, la citt\u00e0 ha presentato l\u2019esito dei lavori con l\u2019assessora regionale Alessandra Nardini\" \/>\n<meta name=\"robots\" content=\"index, follow, max-snippet:-1, max-image-preview:large, max-video-preview:-1\" \/>\n<link rel=\"canonical\" href=\"https:\/\/www.intoscana.it\/it\/efficientamento-energetico-scuola-volterra\/\" \/>\n<meta property=\"og:locale\" content=\"it_IT\" \/>\n<meta property=\"og:type\" content=\"article\" \/>\n<meta property=\"og:title\" content=\"Volterra inaugura la sua nuova scuola, pi\u00f9 green e connessa\" \/>\n<meta property=\"og:description\" content=\"Dopo l&#039;intervento di efficientamento energetico, la citt\u00e0 ha presentato l\u2019esito dei lavori con l\u2019assessora regionale Alessandra Nardini\" \/>\n<meta property=\"og:url\" content=\"https:\/\/www.intoscana.it\/it\/efficientamento-energetico-scuola-volterra\/\" \/>\n<meta property=\"og:site_name\" content=\"intoscana\" \/>\n<meta property=\"article:publisher\" content=\"https:\/\/www.facebook.com\/intoscana.it\" \/>\n<meta property=\"article:published_time\" content=\"2022-02-25T16:18:56+00:00\" \/>\n<meta property=\"og:image\" content=\"https:\/\/www.intoscana.it\/wp-content\/uploads\/inaugurazione-scuola-volterra-nardini.jpg\" \/>\n\t<meta property=\"og:image:width\" content=\"1200\" \/>\n\t<meta property=\"og:image:height\" content=\"900\" \/>\n\t<meta property=\"og:image:type\" content=\"image\/jpeg\" \/>\n<meta name=\"author\" content=\"Redazione\" \/>\n<meta name=\"twitter:card\" content=\"summary_large_image\" \/>\n<meta name=\"twitter:creator\" content=\"@intoscana\" \/>\n<meta name=\"twitter:site\" content=\"@intoscana\" \/>\n<meta name=\"twitter:label1\" content=\"Written by\" \/>\n\t<meta name=\"twitter:data1\" content=\"Redazione\" \/>\n\t<meta name=\"twitter:label2\" content=\"Est. reading time\" \/>\n\t<meta name=\"twitter:data2\" content=\"2 minuti\" \/>\n<script type=\"application\/ld+json\" class=\"yoast-schema-graph\">{\"@context\":\"https:\/\/schema.org\",\"@graph\":[{\"@type\":\"WebPage\",\"@id\":\"https:\/\/www.intoscana.it\/it\/efficientamento-energetico-scuola-volterra\/\",\"url\":\"https:\/\/www.intoscana.it\/it\/efficientamento-energetico-scuola-volterra\/\",\"name\":\"Volterra inaugura la sua nuova scuola, pi\u00f9 green e connessa - intoscana\",\"isPartOf\":{\"@id\":\"https:\/\/www.intoscana.it\/it\/#website\"},\"primaryImageOfPage\":{\"@id\":\"https:\/\/www.intoscana.it\/it\/efficientamento-energetico-scuola-volterra\/#primaryimage\"},\"image\":{\"@id\":\"https:\/\/www.intoscana.it\/it\/efficientamento-energetico-scuola-volterra\/#primaryimage\"},\"thumbnailUrl\":\"https:\/\/www.intoscana.it\/wp-content\/uploads\/inaugurazione-scuola-volterra-nardini.jpg\",\"datePublished\":\"2022-02-25T16:18:56+00:00\",\"author\":{\"@id\":\"https:\/\/www.intoscana.it\/it\/#\/schema\/person\/9223810753230f20bd670fdd322661f8\"},\"description\":\"Dopo l'intervento di efficientamento energetico, la citt\u00e0 ha presentato l\u2019esito dei lavori con l\u2019assessora regionale Alessandra Nardini\",\"breadcrumb\":{\"@id\":\"https:\/\/www.intoscana.it\/it\/efficientamento-energetico-scuola-volterra\/#breadcrumb\"},\"inLanguage\":\"it-IT\",\"potentialAction\":[{\"@type\":\"ReadAction\",\"target\":[\"https:\/\/www.intoscana.it\/it\/efficientamento-energetico-scuola-volterra\/\"]}]},{\"@type\":\"ImageObject\",\"inLanguage\":\"it-IT\",\"@id\":\"https:\/\/www.intoscana.it\/it\/efficientamento-energetico-scuola-volterra\/#primaryimage\",\"url\":\"https:\/\/www.intoscana.it\/wp-content\/uploads\/inaugurazione-scuola-volterra-nardini.jpg\",\"contentUrl\":\"https:\/\/www.intoscana.it\/wp-content\/uploads\/inaugurazione-scuola-volterra-nardini.jpg\",\"width\":1200,\"height\":900,\"caption\":\"inaugurazione scuola Volterra Nardini\"},{\"@type\":\"BreadcrumbList\",\"@id\":\"https:\/\/www.intoscana.it\/it\/efficientamento-energetico-scuola-volterra\/#breadcrumb\",\"itemListElement\":[{\"@type\":\"ListItem\",\"position\":1,\"name\":\"Home\",\"item\":\"https:\/\/www.intoscana.it\/it\/\"},{\"@type\":\"ListItem\",\"position\":2,\"name\":\"Volterra inaugura la sua nuova scuola, pi\u00f9 green e connessa\"}]},{\"@type\":\"WebSite\",\"@id\":\"https:\/\/www.intoscana.it\/it\/#website\",\"url\":\"https:\/\/www.intoscana.it\/it\/\",\"name\":\"intoscana\",\"description\":\"\",\"potentialAction\":[{\"@type\":\"SearchAction\",\"target\":{\"@type\":\"EntryPoint\",\"urlTemplate\":\"https:\/\/www.intoscana.it\/it\/?s={search_term_string}\"},\"query-input\":{\"@type\":\"PropertyValueSpecification\",\"valueRequired\":true,\"valueName\":\"search_term_string\"}}],\"inLanguage\":\"it-IT\"},{\"@type\":\"Person\",\"@id\":\"https:\/\/www.intoscana.it\/it\/#\/schema\/person\/9223810753230f20bd670fdd322661f8\",\"name\":\"Redazione\",\"url\":\"https:\/\/www.intoscana.it\/it\/author\/redazione\/\"}]}<\/script>\n<!-- \/ Yoast SEO Premium plugin. -->","yoast_head_json":{"title":"Volterra inaugura la sua nuova scuola, pi\u00f9 green e connessa - intoscana","description":"Dopo l'intervento di efficientamento energetico, la citt\u00e0 ha presentato l\u2019esito dei lavori con l\u2019assessora regionale Alessandra Nardini","robots":{"index":"index","follow":"follow","max-snippet":"max-snippet:-1","max-image-preview":"max-image-preview:large","max-video-preview":"max-video-preview:-1"},"canonical":"https:\/\/www.intoscana.it\/it\/efficientamento-energetico-scuola-volterra\/","og_locale":"it_IT","og_type":"article","og_title":"Volterra inaugura la sua nuova scuola, pi\u00f9 green e connessa","og_description":"Dopo l'intervento di efficientamento energetico, la citt\u00e0 ha presentato l\u2019esito dei lavori con l\u2019assessora regionale Alessandra Nardini","og_url":"https:\/\/www.intoscana.it\/it\/efficientamento-energetico-scuola-volterra\/","og_site_name":"intoscana","article_publisher":"https:\/\/www.facebook.com\/intoscana.it","article_published_time":"2022-02-25T16:18:56+00:00","og_image":[{"width":1200,"height":900,"url":"https:\/\/www.intoscana.it\/wp-content\/uploads\/inaugurazione-scuola-volterra-nardini.jpg","type":"image\/jpeg"}],"author":"Redazione","twitter_card":"summary_large_image","twitter_creator":"@intoscana","twitter_site":"@intoscana","twitter_misc":{"Written by":"Redazione","Est. reading time":"2 minuti"},"schema":{"@context":"https:\/\/schema.org","@graph":[{"@type":"WebPage","@id":"https:\/\/www.intoscana.it\/it\/efficientamento-energetico-scuola-volterra\/","url":"https:\/\/www.intoscana.it\/it\/efficientamento-energetico-scuola-volterra\/","name":"Volterra inaugura la sua nuova scuola, pi\u00f9 green e connessa - intoscana","isPartOf":{"@id":"https:\/\/www.intoscana.it\/it\/#website"},"primaryImageOfPage":{"@id":"https:\/\/www.intoscana.it\/it\/efficientamento-energetico-scuola-volterra\/#primaryimage"},"image":{"@id":"https:\/\/www.intoscana.it\/it\/efficientamento-energetico-scuola-volterra\/#primaryimage"},"thumbnailUrl":"https:\/\/www.intoscana.it\/wp-content\/uploads\/inaugurazione-scuola-volterra-nardini.jpg","datePublished":"2022-02-25T16:18:56+00:00","author":{"@id":"https:\/\/www.intoscana.it\/it\/#\/schema\/person\/9223810753230f20bd670fdd322661f8"},"description":"Dopo l'intervento di efficientamento energetico, la citt\u00e0 ha presentato l\u2019esito dei lavori con l\u2019assessora regionale Alessandra Nardini","breadcrumb":{"@id":"https:\/\/www.intoscana.it\/it\/efficientamento-energetico-scuola-volterra\/#breadcrumb"},"inLanguage":"it-IT","potentialAction":[{"@type":"ReadAction","target":["https:\/\/www.intoscana.it\/it\/efficientamento-energetico-scuola-volterra\/"]}]},{"@type":"ImageObject","inLanguage":"it-IT","@id":"https:\/\/www.intoscana.it\/it\/efficientamento-energetico-scuola-volterra\/#primaryimage","url":"https:\/\/www.intoscana.it\/wp-content\/uploads\/inaugurazione-scuola-volterra-nardini.jpg","contentUrl":"https:\/\/www.intoscana.it\/wp-content\/uploads\/inaugurazione-scuola-volterra-nardini.jpg","width":1200,"height":900,"caption":"inaugurazione scuola Volterra Nardini"},{"@type":"BreadcrumbList","@id":"https:\/\/www.intoscana.it\/it\/efficientamento-energetico-scuola-volterra\/#breadcrumb","itemListElement":[{"@type":"ListItem","position":1,"name":"Home","item":"https:\/\/www.intoscana.it\/it\/"},{"@type":"ListItem","position":2,"name":"Volterra inaugura la sua nuova scuola, pi\u00f9 green e connessa"}]},{"@type":"WebSite","@id":"https:\/\/www.intoscana.it\/it\/#website","url":"https:\/\/www.intoscana.it\/it\/","name":"intoscana","description":"","potentialAction":[{"@type":"SearchAction","target":{"@type":"EntryPoint","urlTemplate":"https:\/\/www.intoscana.it\/it\/?s={search_term_string}"},"query-input":{"@type":"PropertyValueSpecification","valueRequired":true,"valueName":"search_term_string"}}],"inLanguage":"it-IT"},{"@type":"Person","@id":"https:\/\/www.intoscana.it\/it\/#\/schema\/person\/9223810753230f20bd670fdd322661f8","name":"Redazione","url":"https:\/\/www.intoscana.it\/it\/author\/redazione\/"}]}},"_links":{"self":[{"href":"https:\/\/www.intoscana.it\/it\/wp-json\/wp\/v2\/posts\/214477","targetHints":{"allow":["GET"]}}],"collection":[{"href":"https:\/\/www.intoscana.it\/it\/wp-json\/wp\/v2\/posts"}],"about":[{"href":"https:\/\/www.intoscana.it\/it\/wp-json\/wp\/v2\/types\/post"}],"author":[{"embeddable":true,"href":"https:\/\/www.intoscana.it\/it\/wp-json\/wp\/v2\/users\/525"}],"replies":[{"embeddable":true,"href":"https:\/\/www.intoscana.it\/it\/wp-json\/wp\/v2\/comments?post=214477"}],"version-history":[{"count":0,"href":"https:\/\/www.intoscana.it\/it\/wp-json\/wp\/v2\/posts\/214477\/revisions"}],"wp:featuredmedia":[{"embeddable":true,"href":"https:\/\/www.intoscana.it\/it\/wp-json\/wp\/v2\/media\/214483"}],"wp:attachment":[{"href":"https:\/\/www.intoscana.it\/it\/wp-json\/wp\/v2\/media?parent=214477"}],"wp:term":[{"taxonomy":"category","embeddable":true,"href":"https:\/\/www.intoscana.it\/it\/wp-json\/wp\/v2\/categories?post=214477"},{"taxonomy":"post_tag","embeddable":true,"href":"https:\/\/www.intoscana.it\/it\/wp-json\/wp\/v2\/tags?post=214477"}],"curies":[{"name":"wp","href":"https:\/\/api.w.org\/{rel}","templated":true}]}}