{"id":214537,"date":"2022-02-25T18:30:30","date_gmt":"2022-02-25T17:30:30","guid":{"rendered":"https:\/\/www.intoscana.it\/it\/?p=214537"},"modified":"2022-02-28T14:39:03","modified_gmt":"2022-02-28T13:39:03","slug":"bando-regionale-mercati-filiera-corta","status":"publish","type":"post","link":"https:\/\/www.intoscana.it\/it\/bando-regionale-mercati-filiera-corta\/","title":{"rendered":"Mercati locali e filiera corta, un bando regionale da tre milioni di euro per sostenerli"},"content":{"rendered":"<div class=\"rt-page__content rt-page-content--left\">\n<div class=\"rt-page__content-text\">\n<p>Un nuovo bando per sostenere la creazione di <strong>mercati locali<\/strong> e la cooperazione di<strong> filiera\u00a0 orizzontale, verticale o corta<\/strong> nelle aree rurali. La misura della<strong> Regione Toscana<\/strong> si chiama\u00a0 \u201cSostegno alla cooperazione di filiera, sia orizzontale che verticali, per la creazione e lo sviluppo di filiere corte e mercati locali e sostegno ad attivit\u00e0 promozionali a raggio locale connesse allo sviluppo delle filiere corte e dei mercati locali\u201d ed \u00e8 finanziat aattraverso le risorse dell\u2019Unione europea per la ripresa.<\/p>\n<p><em>\u201cCon questo bando<\/em> &#8211; ha detto la vicepresidente e assessora all\u2019agroalimentare<strong> Stefania Saccardi<\/strong> &#8211; <em>vogliamo offrire opportunit\u00e0 di sostegno ai sistemi agroalimentari locali e alle filiere corte perch\u00e9 sono fonte di molteplici ed importanti benefici all&#8217;economia, all&#8217;ambiente e alle comunit\u00e0. In questo loro ruolo, <mark>le iniziative di filiera corta possono fungere da precursori di una nuova sostenibilit\u00e0 economica, sociale e ambientale in grado di contribuire al pi\u00f9 ampio sviluppo delle zone rurali\u201d<\/em>.<\/mark><\/p>\n<h3><em>Gli obiettivi del bando<\/em><\/h3>\n<ul>\n<li>la creazione di nuove forme di <strong>cooperazione<\/strong> commerciale tra piccoli operatori indipendenti nelle filiere agroalimentari, con lo scopo di ottenere economie di scala non raggiungibili isolatamente, di consolidare le relazioni tra gli operatori di filiera e di ridurre il numero di intermediari;<\/li>\n<li>\u00a0lo sviluppo di <strong>nuove forme di vendita<\/strong> per avvicinare i produttori di base ai consumatori finali, per accrescere e consolidare la competitivit\u00e0 delle imprese agricole, per sostenere la creazione di sbocchi di mercato dei prodotti di nicchia;<\/li>\n<li>\u00a0la <strong>promozione<\/strong> e la valorizzazione a raggio locale delle produzioni commercializzate in forma aggregata con sviluppo del senso di fiducia e di appartenenza al territorio, promuovendone l\u2019identit\u00e0 nei consumatori e negli operatori economici anche attraverso il ricorso a sistemi di tracciabilit\u00e0 delle produzioni locali.<\/li>\n<\/ul>\n<h3><em>I beneficiari del bando<\/em><\/h3>\n<p>I beneficiari dei contributi sono i componenti di nuove forme di cooperazione che devono costituirsi mediante la stipula di un Accordo di partenariato (RTI, ATS, Rete Contratto). Possono far parte dei partenariati soggetti come: <mark>le imprese agricole iscritte alla CCIAA ed in possesso di Partita Iva, le Pmi operanti nel settore agro-alimentare, le comunit\u00e0 del cibo e dell\u2019agrobiodiversit\u00e0, le associazioni, le organizzazioni dei produttori, le cooperative agricole di conferimento, le organizzazioni di categoria agricole e cooperative.<\/mark><\/p>\n<p>L\u2019intensit\u00e0 del sostegno per le spese di natura immateriale finalizzate alla realizzazione di studi, indagini, attivit\u00e0 di animazione, e divulgazione, promozione prodotti, \u00e8 pari al 70%; per le spese di natura materiale invece (acquisto di macchine e attrezzature per la logistica e per la commercializzazione dei prodotti delle aziende aggregate nell\u2019Accordo di Partenariato) il contributo concesso sar\u00e0 pari al 40% della spesa ammissibile.<\/p>\n<h3><em>Gli importi del bando<\/em><\/h3>\n<p>L\u2019importo massimo del contributo pubblico complessivo concedibile per singola domanda di aiuto \u00e8 pari a 150mila euro. L\u2019importo massimo del contributo pubblico concedibile per spese di natura immateriale per singola domanda di aiuto \u00e8 pari a 50mila euro. Non sono ammesse le domande che prevedano un contributo richiesto complessivo inferiore a 30.000 euro. <mark>Le domande di aiuto potranno essere presentate dal momento dell&#8217;uscita del bando prevista per fine marzo.<\/mark><\/p>\n<\/div>\n<\/div>\n<div class=\"rt-btn-wrapper rt-btn-wrapper--right-align\">\n<div class=\"a2a_kit a2a_kit_size_32 a2a_default_style\" data-a2a-title=\"Agroalimentare, in uscita il bando da 3 milioni a sostegno di filiere corte e mercati locali\"><\/div>\n<\/div>\n","protected":false},"excerpt":{"rendered":"<p>La misura verr\u00e0 pubblicata a fine marzo, da quel momento sar\u00e0 possibile fare domanda. La videpresidente Saccardi: &#8220;Aiuti ai sistemi locali, precursori di una nuova sostenibilit\u00e0&#8221;<\/p>\n","protected":false},"author":525,"featured_media":199927,"comment_status":"open","ping_status":"open","sticky":false,"template":"","format":"standard","meta":{"_acf_changed":false,"footnotes":""},"categories":[494],"tags":[1521,4769],"class_list":["post-214537","post","type-post","status-publish","format-standard","has-post-thumbnail","hentry","category-attualita","tag-agricoltura-in-toscana","tag-stefania-saccardi"],"acf":[],"yoast_head":"<!-- This site is optimized with the Yoast SEO Premium plugin v24.2 (Yoast SEO v25.6) - https:\/\/yoast.com\/wordpress\/plugins\/seo\/ -->\n<title>Mercati locali e filiera corta, un bando regionale da tre milioni di euro per sostenerli - intoscana<\/title>\n<meta name=\"description\" content=\"La misura verr\u00e0 pubblicata a fine marzo, da quel momento sar\u00e0 possibile fare domanda. La videpresidente Saccardi: &quot;Aiuti ai sistemi locali, precursori di una nuova sostenibilit\u00e0&quot;\" \/>\n<meta name=\"robots\" content=\"index, follow, max-snippet:-1, max-image-preview:large, max-video-preview:-1\" \/>\n<link rel=\"canonical\" href=\"https:\/\/www.intoscana.it\/it\/bando-regionale-mercati-filiera-corta\/\" \/>\n<meta property=\"og:locale\" content=\"it_IT\" \/>\n<meta property=\"og:type\" content=\"article\" \/>\n<meta property=\"og:title\" content=\"Mercati locali e filiera corta, un bando regionale da tre milioni di euro per sostenerli\" \/>\n<meta property=\"og:description\" content=\"La misura verr\u00e0 pubblicata a fine marzo, da quel momento sar\u00e0 possibile fare domanda. La videpresidente Saccardi: &quot;Aiuti ai sistemi locali, precursori di una nuova sostenibilit\u00e0&quot;\" \/>\n<meta property=\"og:url\" content=\"https:\/\/www.intoscana.it\/it\/bando-regionale-mercati-filiera-corta\/\" \/>\n<meta property=\"og:site_name\" content=\"intoscana\" \/>\n<meta property=\"article:publisher\" content=\"https:\/\/www.facebook.com\/intoscana.it\" \/>\n<meta property=\"article:published_time\" content=\"2022-02-25T17:30:30+00:00\" \/>\n<meta property=\"article:modified_time\" content=\"2022-02-28T13:39:03+00:00\" \/>\n<meta property=\"og:image\" content=\"https:\/\/www.intoscana.it\/wp-content\/uploads\/Press-tour-in-Lunigiana-79.jpg\" \/>\n\t<meta property=\"og:image:width\" content=\"1200\" \/>\n\t<meta property=\"og:image:height\" content=\"900\" \/>\n\t<meta property=\"og:image:type\" content=\"image\/jpeg\" \/>\n<meta name=\"author\" content=\"Redazione\" \/>\n<meta name=\"twitter:card\" content=\"summary_large_image\" \/>\n<meta name=\"twitter:creator\" content=\"@intoscana\" \/>\n<meta name=\"twitter:site\" content=\"@intoscana\" \/>\n<meta name=\"twitter:label1\" content=\"Written by\" \/>\n\t<meta name=\"twitter:data1\" content=\"Redazione\" \/>\n\t<meta name=\"twitter:label2\" content=\"Est. reading time\" \/>\n\t<meta name=\"twitter:data2\" content=\"3 minuti\" \/>\n<script type=\"application\/ld+json\" class=\"yoast-schema-graph\">{\"@context\":\"https:\/\/schema.org\",\"@graph\":[{\"@type\":\"WebPage\",\"@id\":\"https:\/\/www.intoscana.it\/it\/bando-regionale-mercati-filiera-corta\/\",\"url\":\"https:\/\/www.intoscana.it\/it\/bando-regionale-mercati-filiera-corta\/\",\"name\":\"Mercati locali e filiera corta, un bando regionale da tre milioni di euro per sostenerli - intoscana\",\"isPartOf\":{\"@id\":\"https:\/\/www.intoscana.it\/it\/#website\"},\"primaryImageOfPage\":{\"@id\":\"https:\/\/www.intoscana.it\/it\/bando-regionale-mercati-filiera-corta\/#primaryimage\"},\"image\":{\"@id\":\"https:\/\/www.intoscana.it\/it\/bando-regionale-mercati-filiera-corta\/#primaryimage\"},\"thumbnailUrl\":\"https:\/\/www.intoscana.it\/wp-content\/uploads\/Press-tour-in-Lunigiana-79.jpg\",\"datePublished\":\"2022-02-25T17:30:30+00:00\",\"dateModified\":\"2022-02-28T13:39:03+00:00\",\"author\":{\"@id\":\"https:\/\/www.intoscana.it\/it\/#\/schema\/person\/9223810753230f20bd670fdd322661f8\"},\"description\":\"La misura verr\u00e0 pubblicata a fine marzo, da quel momento sar\u00e0 possibile fare domanda. La videpresidente Saccardi: \\\"Aiuti ai sistemi locali, precursori di una nuova sostenibilit\u00e0\\\"\",\"breadcrumb\":{\"@id\":\"https:\/\/www.intoscana.it\/it\/bando-regionale-mercati-filiera-corta\/#breadcrumb\"},\"inLanguage\":\"it-IT\",\"potentialAction\":[{\"@type\":\"ReadAction\",\"target\":[\"https:\/\/www.intoscana.it\/it\/bando-regionale-mercati-filiera-corta\/\"]}]},{\"@type\":\"ImageObject\",\"inLanguage\":\"it-IT\",\"@id\":\"https:\/\/www.intoscana.it\/it\/bando-regionale-mercati-filiera-corta\/#primaryimage\",\"url\":\"https:\/\/www.intoscana.it\/wp-content\/uploads\/Press-tour-in-Lunigiana-79.jpg\",\"contentUrl\":\"https:\/\/www.intoscana.it\/wp-content\/uploads\/Press-tour-in-Lunigiana-79.jpg\",\"width\":1200,\"height\":900,\"caption\":\"Press tour in Lunigiana, filiera corta\"},{\"@type\":\"BreadcrumbList\",\"@id\":\"https:\/\/www.intoscana.it\/it\/bando-regionale-mercati-filiera-corta\/#breadcrumb\",\"itemListElement\":[{\"@type\":\"ListItem\",\"position\":1,\"name\":\"Home\",\"item\":\"https:\/\/www.intoscana.it\/it\/\"},{\"@type\":\"ListItem\",\"position\":2,\"name\":\"Mercati locali e filiera corta, un bando regionale da tre milioni di euro per sostenerli\"}]},{\"@type\":\"WebSite\",\"@id\":\"https:\/\/www.intoscana.it\/it\/#website\",\"url\":\"https:\/\/www.intoscana.it\/it\/\",\"name\":\"intoscana\",\"description\":\"\",\"potentialAction\":[{\"@type\":\"SearchAction\",\"target\":{\"@type\":\"EntryPoint\",\"urlTemplate\":\"https:\/\/www.intoscana.it\/it\/?s={search_term_string}\"},\"query-input\":{\"@type\":\"PropertyValueSpecification\",\"valueRequired\":true,\"valueName\":\"search_term_string\"}}],\"inLanguage\":\"it-IT\"},{\"@type\":\"Person\",\"@id\":\"https:\/\/www.intoscana.it\/it\/#\/schema\/person\/9223810753230f20bd670fdd322661f8\",\"name\":\"Redazione\",\"url\":\"https:\/\/www.intoscana.it\/it\/author\/redazione\/\"}]}<\/script>\n<!-- \/ Yoast SEO Premium plugin. -->","yoast_head_json":{"title":"Mercati locali e filiera corta, un bando regionale da tre milioni di euro per sostenerli - intoscana","description":"La misura verr\u00e0 pubblicata a fine marzo, da quel momento sar\u00e0 possibile fare domanda. La videpresidente Saccardi: \"Aiuti ai sistemi locali, precursori di una nuova sostenibilit\u00e0\"","robots":{"index":"index","follow":"follow","max-snippet":"max-snippet:-1","max-image-preview":"max-image-preview:large","max-video-preview":"max-video-preview:-1"},"canonical":"https:\/\/www.intoscana.it\/it\/bando-regionale-mercati-filiera-corta\/","og_locale":"it_IT","og_type":"article","og_title":"Mercati locali e filiera corta, un bando regionale da tre milioni di euro per sostenerli","og_description":"La misura verr\u00e0 pubblicata a fine marzo, da quel momento sar\u00e0 possibile fare domanda. La videpresidente Saccardi: \"Aiuti ai sistemi locali, precursori di una nuova sostenibilit\u00e0\"","og_url":"https:\/\/www.intoscana.it\/it\/bando-regionale-mercati-filiera-corta\/","og_site_name":"intoscana","article_publisher":"https:\/\/www.facebook.com\/intoscana.it","article_published_time":"2022-02-25T17:30:30+00:00","article_modified_time":"2022-02-28T13:39:03+00:00","og_image":[{"width":1200,"height":900,"url":"https:\/\/www.intoscana.it\/wp-content\/uploads\/Press-tour-in-Lunigiana-79.jpg","type":"image\/jpeg"}],"author":"Redazione","twitter_card":"summary_large_image","twitter_creator":"@intoscana","twitter_site":"@intoscana","twitter_misc":{"Written by":"Redazione","Est. reading time":"3 minuti"},"schema":{"@context":"https:\/\/schema.org","@graph":[{"@type":"WebPage","@id":"https:\/\/www.intoscana.it\/it\/bando-regionale-mercati-filiera-corta\/","url":"https:\/\/www.intoscana.it\/it\/bando-regionale-mercati-filiera-corta\/","name":"Mercati locali e filiera corta, un bando regionale da tre milioni di euro per sostenerli - intoscana","isPartOf":{"@id":"https:\/\/www.intoscana.it\/it\/#website"},"primaryImageOfPage":{"@id":"https:\/\/www.intoscana.it\/it\/bando-regionale-mercati-filiera-corta\/#primaryimage"},"image":{"@id":"https:\/\/www.intoscana.it\/it\/bando-regionale-mercati-filiera-corta\/#primaryimage"},"thumbnailUrl":"https:\/\/www.intoscana.it\/wp-content\/uploads\/Press-tour-in-Lunigiana-79.jpg","datePublished":"2022-02-25T17:30:30+00:00","dateModified":"2022-02-28T13:39:03+00:00","author":{"@id":"https:\/\/www.intoscana.it\/it\/#\/schema\/person\/9223810753230f20bd670fdd322661f8"},"description":"La misura verr\u00e0 pubblicata a fine marzo, da quel momento sar\u00e0 possibile fare domanda. La videpresidente Saccardi: \"Aiuti ai sistemi locali, precursori di una nuova sostenibilit\u00e0\"","breadcrumb":{"@id":"https:\/\/www.intoscana.it\/it\/bando-regionale-mercati-filiera-corta\/#breadcrumb"},"inLanguage":"it-IT","potentialAction":[{"@type":"ReadAction","target":["https:\/\/www.intoscana.it\/it\/bando-regionale-mercati-filiera-corta\/"]}]},{"@type":"ImageObject","inLanguage":"it-IT","@id":"https:\/\/www.intoscana.it\/it\/bando-regionale-mercati-filiera-corta\/#primaryimage","url":"https:\/\/www.intoscana.it\/wp-content\/uploads\/Press-tour-in-Lunigiana-79.jpg","contentUrl":"https:\/\/www.intoscana.it\/wp-content\/uploads\/Press-tour-in-Lunigiana-79.jpg","width":1200,"height":900,"caption":"Press tour in Lunigiana, filiera corta"},{"@type":"BreadcrumbList","@id":"https:\/\/www.intoscana.it\/it\/bando-regionale-mercati-filiera-corta\/#breadcrumb","itemListElement":[{"@type":"ListItem","position":1,"name":"Home","item":"https:\/\/www.intoscana.it\/it\/"},{"@type":"ListItem","position":2,"name":"Mercati locali e filiera corta, un bando regionale da tre milioni di euro per sostenerli"}]},{"@type":"WebSite","@id":"https:\/\/www.intoscana.it\/it\/#website","url":"https:\/\/www.intoscana.it\/it\/","name":"intoscana","description":"","potentialAction":[{"@type":"SearchAction","target":{"@type":"EntryPoint","urlTemplate":"https:\/\/www.intoscana.it\/it\/?s={search_term_string}"},"query-input":{"@type":"PropertyValueSpecification","valueRequired":true,"valueName":"search_term_string"}}],"inLanguage":"it-IT"},{"@type":"Person","@id":"https:\/\/www.intoscana.it\/it\/#\/schema\/person\/9223810753230f20bd670fdd322661f8","name":"Redazione","url":"https:\/\/www.intoscana.it\/it\/author\/redazione\/"}]}},"_links":{"self":[{"href":"https:\/\/www.intoscana.it\/it\/wp-json\/wp\/v2\/posts\/214537","targetHints":{"allow":["GET"]}}],"collection":[{"href":"https:\/\/www.intoscana.it\/it\/wp-json\/wp\/v2\/posts"}],"about":[{"href":"https:\/\/www.intoscana.it\/it\/wp-json\/wp\/v2\/types\/post"}],"author":[{"embeddable":true,"href":"https:\/\/www.intoscana.it\/it\/wp-json\/wp\/v2\/users\/525"}],"replies":[{"embeddable":true,"href":"https:\/\/www.intoscana.it\/it\/wp-json\/wp\/v2\/comments?post=214537"}],"version-history":[{"count":0,"href":"https:\/\/www.intoscana.it\/it\/wp-json\/wp\/v2\/posts\/214537\/revisions"}],"wp:featuredmedia":[{"embeddable":true,"href":"https:\/\/www.intoscana.it\/it\/wp-json\/wp\/v2\/media\/199927"}],"wp:attachment":[{"href":"https:\/\/www.intoscana.it\/it\/wp-json\/wp\/v2\/media?parent=214537"}],"wp:term":[{"taxonomy":"category","embeddable":true,"href":"https:\/\/www.intoscana.it\/it\/wp-json\/wp\/v2\/categories?post=214537"},{"taxonomy":"post_tag","embeddable":true,"href":"https:\/\/www.intoscana.it\/it\/wp-json\/wp\/v2\/tags?post=214537"}],"curies":[{"name":"wp","href":"https:\/\/api.w.org\/{rel}","templated":true}]}}