{"id":214584,"date":"2022-02-26T12:36:42","date_gmt":"2022-02-26T11:36:42","guid":{"rendered":"https:\/\/www.intoscana.it\/it\/?p=214584"},"modified":"2022-02-26T14:30:14","modified_gmt":"2022-02-26T13:30:14","slug":"morte-fabio-picchi","status":"publish","type":"post","link":"https:\/\/www.intoscana.it\/it\/morte-fabio-picchi\/","title":{"rendered":"Addio a Fabio Picchi, il mattatore della cucina toscana"},"content":{"rendered":"<p>Fabio Picchi, <strong>cuoco e patron del Cibr\u00e8o<\/strong> e di tanti altri iconici locali a Firenze, se ne \u00e8 andato a 67 anni. Era malato da qualche tempo ma la morte \u00e8 giunta improvvisa venerd\u00ec 25, lasciando la citt\u00e0 attonita e gli amici affranti.<\/p>\n<p>Picchi era un personaggio a tutto tondo: <mark>cuoco, scrittore, volto tv, animatore di iniziative culturali<\/mark>, maestro con l&#8217;accademia di <strong>Cibr\u00e8o \u2013 Cibr\u00e8o Academy<\/strong>. Era\u00a0soprattutto un\u00a0<strong>infaticabile cacciatore<\/strong> di\u00a0<strong>materie prime eccellenti<\/strong> e <strong>produttori di prima qualit\u00e0<\/strong>.<\/p>\n<figure id=\"post-214596 media-214596\" class=\"align-none\"><img decoding=\"async\" src=\"https:\/\/www.intoscana.it\/wp-content\/uploads\/Fabio-Picchi.jpg\" alt=\"\" \/><\/figure>\n<div class=\"titleimg\">Fabio Picchi<\/div>\n<p>Una ricerca assidua, senza sosta che poi finiva nel piatto dei suoi locali: il Cibr\u00e9o con <strong>oltre 40 anni di storia<\/strong> alle spalle, il Cibreino, il Caff\u00e8 Cibr\u00e8o. Al <strong>Teatro del Sale<\/strong>\u00a0insieme alla moglie e attrice <strong>Maria Cassi<\/strong> questa continua scoperta di sapori e saperi incontrava il mondo della cultura e dello spettacolo.<\/p>\n<h3>Dal Cibr\u00e8o al C.Bio<\/h3>\n<p>La sua ultima creatura era il <strong>C.Bio &#8211; Cibo Buono Italiano e Onesto<\/strong>, una grande bottega gourmet e aveva aperto un paio di attivit\u00e0 al <strong>mercato di Sant&#8217;Ambrogio<\/strong>. Un anno fa c&#8217;era stato il passaggio del testimone con il figlio Giulio; a lui aveva affidato il Cibr\u00e8o e gli altri locali (a cui si erano aggiunte il caff\u00e8 e il ristorante all&#8217;interno dell&#8217;<strong>Helvetia&amp;Bristol<\/strong>), scegliendo di dedicarsi <strong>solo al C.Bio<\/strong>.<\/p>\n<p>A Sant&#8217;Ambrogio Fabio Picchi non era solo una presenza assidua e costante. Incarnava lo spirito stesso, <strong>l&#8217;anima del quartiere<\/strong> e idealmente di tutta la citt\u00e0. Amato da molti, ma non da tutti come spesso avviene a personaggi dal carattere forte. In tanti ne ricordano lo slancio e <strong>il sostegno a iniziative benefiche<\/strong> e a progetti culturali.<\/p>\n<h3>Fabio Picchi e l&#8217;arte della cucina<\/h3>\n<p>Un custode della <strong>sapienza gastronomica fiorentina<\/strong>\u00a0e delle tradizioni. Al tempo stesso un uomo al passo con i tempi, attento alle contaminazioni culturali nella convinzione che portassero a un arricchimento per tutta la comunit\u00e0.<\/p>\n<p><strong>Un mattatore<\/strong> si potrebbe definire il Picchi, prendendo a prestito il termine che in teatro indica una figura carismatica. Fabio Picchi era il numero uno che si parlasse di <strong>uovo affrittellato<\/strong> o delle ultime<strong> tendenze della cucina etnica<\/strong>.<\/p>\n<p>Cos\u00ec si spiega la scelta di aprire alcuni anni fa <strong>il Cibl\u00e8o<\/strong>, una <strong>trattoria tosco-orientale<\/strong> dove aveva modo di raccontare in tavola i suoi viaggi, le suggestioni di tanti libri letti e di incontri con personaggi dell&#8217;arte e della cultura.<\/p>\n<p><iframe loading=\"lazy\" title=\"YouTube video player\" src=\"https:\/\/www.youtube.com\/embed\/8SkO4L4W2lM\" width=\"1066\" height=\"600\" frameborder=\"0\" allowfullscreen=\"allowfullscreen\"><\/iframe><\/p>\n<h3>Il botta e risposta con Massimo D\u2019Alema<\/h3>\n<p><strong>Fabio Picchi<\/strong>\u00a0viene ricordato da molti per il famoso risotto di <strong>Massimo D\u2019Alema<\/strong> al programma di Bruno Vespa \u201c<em>Porta a Porta<\/em>\u201c. Il cuoco fiorentino, con la schiettezza tipica del fiorentino, comment\u00f2: \u201c<em>guarda come si pu\u00f2 rovinare un risotto\u2026<\/em>\u201c.<\/p>\n<p>E D\u2019Alema alla prima occasione, una cena al Cibr\u00e8o con l\u2019ex sindaco <strong>Leonardo Domenici<\/strong> e il patron di Unicoop Firenze <strong>Turiddu Camparini<\/strong> lo riprese. \u201cT<em>utto buono &#8211;<\/em> comment\u00f2 a fine cena<em> &#8211; ma ti vorrei dare un consiglio: sottrai un po\u2019 di gusti alla tua cucina altrimenti rischi che il tuo ristorante diventi etnico\u201c<\/em>. Fu <strong>Campaini<\/strong> a tenere testa a D&#8217;Alema con una battuta arguta: &#8220;Ma noi toscani siamo etnici&#8230;&#8221;.<\/p>\n<h3>Le presenze in radio e in tv<\/h3>\n<p>Quando <strong>Stanley Tucci<\/strong> era passato da Firenze per girare il suo docufilm &#8220;<em>Searching for Italy<\/em>&#8221; aveva fatto tappa dal Picchi. Il cuoco fiorentino era spesso presente sul piccolo schermo, ad esempio da <strong>Geo su Rai Tre<\/strong>.<\/p>\n<p>La trasmissione di Geo lo saluta come un grande esponente della cultura gastronomica italiana: \u201c<em>per tanti anni ha arricchito il nostro programma con i suoi piatti, i suoi racconti, il suo amore per la vita, la luce della sua intelligenza e del suo grande cuore<\/em>\u201c. Luned\u00ec 28 sar\u00e0 trasmesso il documentario a lui dedicato &#8220;<em>Dall&#8217;Elba a Firenze con Fabio Picchi<\/em>&#8221; realizzato da <strong>Gioacchino Castiglione<\/strong>.<\/p>\n<p><iframe loading=\"lazy\" title=\"YouTube video player\" src=\"https:\/\/www.youtube.com\/embed\/DMzCL4PaENE\" width=\"673\" height=\"505\" frameborder=\"0\" allowfullscreen=\"allowfullscreen\"><\/iframe><\/p>\n<p>Picchi si era raccontato in pi\u00f9 occasioni: ad esempio nel libro dvd\u00a0&#8220;<em>Soffriggo per te<\/em>&#8221; edito da<strong> Rai Eri<\/strong>. Il titolo era stato poi ripreso per un programma radiofonico &#8220;<em>Soffriggo per te, pensieri e parole in fricassea<\/em>&#8221; insieme a <strong>Raffaele Palumbo<\/strong> in onda su Controradio. Sul suo <a href=\"https:\/\/www.youtube.com\/channel\/UC1bStohLoOdi3WXAvffOI6Q\" target=\"_blank\" rel=\"noopener\">canale YouTube<\/a> aveva pubblicato &#8220;<em>Il vocabolario in cucina di Fabio Picchi&#8221; <\/em>e tanti altri video dedicati alle iniziative portate avanti soprattutto al <strong>Teatro del Sale<\/strong>.<\/p>\n<h3>I libri per raccontare la cucina<\/h3>\n<p>Fabio Picchi \u00e8 stato un appassionato divulgatore e ha scritto numerosi libri. L&#8217;ultima fatica del 2016 &#8220;<em>Papale papale: ricette che salvano l&#8217;anima<\/em>&#8221; ma aveva dato alle stampe anche &#8220;<em>Passeggiate tra cibo e laica civilt\u00e0. Guida al cuore di Firenze<\/em>&#8220;, &#8220;<em>Ho fame di te e di paradiso<\/em>. Appunti di cucina e intingoli per la voglia di cucinare bene e affrontare i prossimi 1000 anni&#8221;, &#8220;<em>Senza vizi e senza sprechi<\/em>&#8220;, &#8220;<em><a href=\"https:\/\/www.youtube.com\/watch?v=OjW7DiN9y_w\" target=\"_blank\" rel=\"noopener\">I dieci comandamenti per non fare peccato in cucina<\/a><\/em>&#8221; e &#8220;<em>Il segreto della mezzaluna. Con il ricettario delle sette stelle&#8221;<\/em>.<\/p>\n<p>Le sue pubblicazioni hanno sempre goduto di una vasta eco anche all&#8217;estero, perfino in Oriente.<\/p>\n<h3>Il ricordo commosso della citt\u00e0<\/h3>\n<p>Commosso il ricordo del cuoco fiorentino. &#8220;<em>Con lui se ne va un pezzo di Firenze e di Toscana che si \u00e8 fatta conoscere e apprezzare nel mondo per la sua creativit\u00e0 e genialit\u00e0<\/em>&#8221; ricorda il presidente della Regione Toscana <strong>Eugenio Giani<\/strong> definendolo &#8220;<em>un ambasciatore del gusto e dei sapori della nostra regione, capace di esaltare la semplicit\u00e0 e genuinit\u00e0 della nostra cucina e farne un veicolo di cultura<\/em>&#8220;.<\/p>\n<p>Arte, convivialit\u00e0 e piacere della tavola erano i tratti distintivi del Picchi. La vicepresidente <strong>Stefania Saccardi<\/strong> ne sottolinea l&#8217;impegno costante &#8220;<em>per la cucina di qualit\u00e0, per il cibo biologico, per la toscanit\u00e0 e per la filiera corta che deve rappresentare per noi il suo generoso lascito<\/em>&#8220;. E ricorda l&#8217;ultimo scritto per <strong>il calendario del Pink October 2021<\/strong> dove parlava de &#8220;<em>la responsabilit\u00e0 amorosa di un buon nutrimento<\/em>&#8220;.<\/p>\n<p>&#8220;<em>Il suo estro, la sua passione per la vita e per il suo lavoro, la sensibilit\u00e0 verso i temi dell&#8217;ambiente, dell&#8217;inclusione sociale facevano di Fabio una persona vera, animata dal desiderio di partecipare alla comunit\u00e0 fiorentina<\/em>&#8221; sottolinea il sindaco <strong>Dario Nardella<\/strong> ricordandone la passione per il cibo e <strong>l&#8217;attenzione alla sostenibilit\u00e0<\/strong>.<\/p>\n<h3>L&#8217;ultimo saluto al cuoco fiorentino<\/h3>\n<p dir=\"auto\">Sabato 26 febbraio <strong>il C.bio e il Caff\u00e8 Cibreo<\/strong> sono rimasti aperti, quasi a dare un tacito segnale che lo show deve andare avanti. Domenica 27 febbraio, dalle 15 alle 18 l&#8217;ultimo saluto a Fabio Picchi presso <strong>le Cappelle del Commiato<\/strong> dell&#8217;Ofisa in viale Milton 89\/91.<\/p>\n<p>&nbsp;<\/p>\n","protected":false},"excerpt":{"rendered":"<p>Cuoco e fondatore del Cibr\u00e8o, scrittore e personaggio tv ha segnato gli ultimi 40 anni della scena culinaria italiana<\/p>\n","protected":false},"author":554,"featured_media":214585,"comment_status":"open","ping_status":"open","sticky":false,"template":"","format":"standard","meta":{"_acf_changed":false,"footnotes":""},"categories":[8],"tags":[4645,5022],"class_list":["post-214584","post","type-post","status-publish","format-standard","has-post-thumbnail","hentry","category-enogastronomia","tag-cucina-toscana","tag-ristoranti"],"acf":[],"yoast_head":"<!-- This site is optimized with the Yoast SEO Premium plugin v24.2 (Yoast SEO v25.6) - https:\/\/yoast.com\/wordpress\/plugins\/seo\/ -->\n<title>Addio a Fabio Picchi, il mattatore della cucina toscana - intoscana<\/title>\n<meta name=\"description\" content=\"Fabio Picchi \u00e8 stato cuoco e fondatore del Cibr\u00e8o, scrittore e personaggio televisivo segnando 40 anni della scena culinaria fiorentina e italiana\" \/>\n<meta name=\"robots\" content=\"index, follow, max-snippet:-1, max-image-preview:large, max-video-preview:-1\" \/>\n<link rel=\"canonical\" href=\"https:\/\/www.intoscana.it\/it\/morte-fabio-picchi\/\" \/>\n<meta property=\"og:locale\" content=\"it_IT\" \/>\n<meta property=\"og:type\" content=\"article\" \/>\n<meta property=\"og:title\" content=\"Addio a Fabio Picchi, il mattatore della cucina toscana\" \/>\n<meta property=\"og:description\" content=\"Fabio Picchi \u00e8 stato cuoco e fondatore del Cibr\u00e8o, scrittore e personaggio televisivo segnando 40 anni della scena culinaria fiorentina e italiana\" \/>\n<meta property=\"og:url\" content=\"https:\/\/www.intoscana.it\/it\/morte-fabio-picchi\/\" \/>\n<meta property=\"og:site_name\" content=\"intoscana\" \/>\n<meta property=\"article:publisher\" content=\"https:\/\/www.facebook.com\/intoscana.it\" \/>\n<meta property=\"article:published_time\" content=\"2022-02-26T11:36:42+00:00\" \/>\n<meta property=\"article:modified_time\" content=\"2022-02-26T13:30:14+00:00\" \/>\n<meta property=\"og:image\" content=\"https:\/\/www.intoscana.it\/wp-content\/uploads\/377FFF3C-3000-4FD7-B984-965E2B68E760.jpg\" \/>\n\t<meta property=\"og:image:width\" content=\"2048\" \/>\n\t<meta property=\"og:image:height\" content=\"1360\" \/>\n\t<meta property=\"og:image:type\" content=\"image\/jpeg\" \/>\n<meta name=\"author\" content=\"Raffaella Galamini\" \/>\n<meta name=\"twitter:card\" content=\"summary_large_image\" \/>\n<meta name=\"twitter:creator\" content=\"@orio\" \/>\n<meta name=\"twitter:site\" content=\"@intoscana\" \/>\n<meta name=\"twitter:label1\" content=\"Written by\" \/>\n\t<meta name=\"twitter:data1\" content=\"Raffaella Galamini\" \/>\n\t<meta name=\"twitter:label2\" content=\"Est. reading time\" \/>\n\t<meta name=\"twitter:data2\" content=\"5 minuti\" \/>\n<script type=\"application\/ld+json\" class=\"yoast-schema-graph\">{\"@context\":\"https:\/\/schema.org\",\"@graph\":[{\"@type\":\"WebPage\",\"@id\":\"https:\/\/www.intoscana.it\/it\/morte-fabio-picchi\/\",\"url\":\"https:\/\/www.intoscana.it\/it\/morte-fabio-picchi\/\",\"name\":\"Addio a Fabio Picchi, il mattatore della cucina toscana - intoscana\",\"isPartOf\":{\"@id\":\"https:\/\/www.intoscana.it\/it\/#website\"},\"primaryImageOfPage\":{\"@id\":\"https:\/\/www.intoscana.it\/it\/morte-fabio-picchi\/#primaryimage\"},\"image\":{\"@id\":\"https:\/\/www.intoscana.it\/it\/morte-fabio-picchi\/#primaryimage\"},\"thumbnailUrl\":\"https:\/\/www.intoscana.it\/wp-content\/uploads\/377FFF3C-3000-4FD7-B984-965E2B68E760.jpg\",\"datePublished\":\"2022-02-26T11:36:42+00:00\",\"dateModified\":\"2022-02-26T13:30:14+00:00\",\"author\":{\"@id\":\"https:\/\/www.intoscana.it\/it\/#\/schema\/person\/9eb9daa846a49fe51af39a73d9d1986b\"},\"description\":\"Fabio Picchi \u00e8 stato cuoco e fondatore del Cibr\u00e8o, scrittore e personaggio televisivo segnando 40 anni della scena culinaria fiorentina e italiana\",\"breadcrumb\":{\"@id\":\"https:\/\/www.intoscana.it\/it\/morte-fabio-picchi\/#breadcrumb\"},\"inLanguage\":\"it-IT\",\"potentialAction\":[{\"@type\":\"ReadAction\",\"target\":[\"https:\/\/www.intoscana.it\/it\/morte-fabio-picchi\/\"]}]},{\"@type\":\"ImageObject\",\"inLanguage\":\"it-IT\",\"@id\":\"https:\/\/www.intoscana.it\/it\/morte-fabio-picchi\/#primaryimage\",\"url\":\"https:\/\/www.intoscana.it\/wp-content\/uploads\/377FFF3C-3000-4FD7-B984-965E2B68E760.jpg\",\"contentUrl\":\"https:\/\/www.intoscana.it\/wp-content\/uploads\/377FFF3C-3000-4FD7-B984-965E2B68E760.jpg\",\"width\":2048,\"height\":1360,\"caption\":\"Fabio Picchi - \u00a9 Raffaella Galamini\"},{\"@type\":\"BreadcrumbList\",\"@id\":\"https:\/\/www.intoscana.it\/it\/morte-fabio-picchi\/#breadcrumb\",\"itemListElement\":[{\"@type\":\"ListItem\",\"position\":1,\"name\":\"Home\",\"item\":\"https:\/\/www.intoscana.it\/it\/\"},{\"@type\":\"ListItem\",\"position\":2,\"name\":\"Addio a Fabio Picchi, il mattatore della cucina toscana\"}]},{\"@type\":\"WebSite\",\"@id\":\"https:\/\/www.intoscana.it\/it\/#website\",\"url\":\"https:\/\/www.intoscana.it\/it\/\",\"name\":\"intoscana\",\"description\":\"\",\"potentialAction\":[{\"@type\":\"SearchAction\",\"target\":{\"@type\":\"EntryPoint\",\"urlTemplate\":\"https:\/\/www.intoscana.it\/it\/?s={search_term_string}\"},\"query-input\":{\"@type\":\"PropertyValueSpecification\",\"valueRequired\":true,\"valueName\":\"search_term_string\"}}],\"inLanguage\":\"it-IT\"},{\"@type\":\"Person\",\"@id\":\"https:\/\/www.intoscana.it\/it\/#\/schema\/person\/9eb9daa846a49fe51af39a73d9d1986b\",\"name\":\"Raffaella Galamini\",\"sameAs\":[\"https:\/\/x.com\/orio\"],\"url\":\"https:\/\/www.intoscana.it\/it\/author\/r-galamini\/\"}]}<\/script>\n<!-- \/ Yoast SEO Premium plugin. -->","yoast_head_json":{"title":"Addio a Fabio Picchi, il mattatore della cucina toscana - intoscana","description":"Fabio Picchi \u00e8 stato cuoco e fondatore del Cibr\u00e8o, scrittore e personaggio televisivo segnando 40 anni della scena culinaria fiorentina e italiana","robots":{"index":"index","follow":"follow","max-snippet":"max-snippet:-1","max-image-preview":"max-image-preview:large","max-video-preview":"max-video-preview:-1"},"canonical":"https:\/\/www.intoscana.it\/it\/morte-fabio-picchi\/","og_locale":"it_IT","og_type":"article","og_title":"Addio a Fabio Picchi, il mattatore della cucina toscana","og_description":"Fabio Picchi \u00e8 stato cuoco e fondatore del Cibr\u00e8o, scrittore e personaggio televisivo segnando 40 anni della scena culinaria fiorentina e italiana","og_url":"https:\/\/www.intoscana.it\/it\/morte-fabio-picchi\/","og_site_name":"intoscana","article_publisher":"https:\/\/www.facebook.com\/intoscana.it","article_published_time":"2022-02-26T11:36:42+00:00","article_modified_time":"2022-02-26T13:30:14+00:00","og_image":[{"width":2048,"height":1360,"url":"https:\/\/www.intoscana.it\/wp-content\/uploads\/377FFF3C-3000-4FD7-B984-965E2B68E760.jpg","type":"image\/jpeg"}],"author":"Raffaella Galamini","twitter_card":"summary_large_image","twitter_creator":"@orio","twitter_site":"@intoscana","twitter_misc":{"Written by":"Raffaella Galamini","Est. reading time":"5 minuti"},"schema":{"@context":"https:\/\/schema.org","@graph":[{"@type":"WebPage","@id":"https:\/\/www.intoscana.it\/it\/morte-fabio-picchi\/","url":"https:\/\/www.intoscana.it\/it\/morte-fabio-picchi\/","name":"Addio a Fabio Picchi, il mattatore della cucina toscana - intoscana","isPartOf":{"@id":"https:\/\/www.intoscana.it\/it\/#website"},"primaryImageOfPage":{"@id":"https:\/\/www.intoscana.it\/it\/morte-fabio-picchi\/#primaryimage"},"image":{"@id":"https:\/\/www.intoscana.it\/it\/morte-fabio-picchi\/#primaryimage"},"thumbnailUrl":"https:\/\/www.intoscana.it\/wp-content\/uploads\/377FFF3C-3000-4FD7-B984-965E2B68E760.jpg","datePublished":"2022-02-26T11:36:42+00:00","dateModified":"2022-02-26T13:30:14+00:00","author":{"@id":"https:\/\/www.intoscana.it\/it\/#\/schema\/person\/9eb9daa846a49fe51af39a73d9d1986b"},"description":"Fabio Picchi \u00e8 stato cuoco e fondatore del Cibr\u00e8o, scrittore e personaggio televisivo segnando 40 anni della scena culinaria fiorentina e italiana","breadcrumb":{"@id":"https:\/\/www.intoscana.it\/it\/morte-fabio-picchi\/#breadcrumb"},"inLanguage":"it-IT","potentialAction":[{"@type":"ReadAction","target":["https:\/\/www.intoscana.it\/it\/morte-fabio-picchi\/"]}]},{"@type":"ImageObject","inLanguage":"it-IT","@id":"https:\/\/www.intoscana.it\/it\/morte-fabio-picchi\/#primaryimage","url":"https:\/\/www.intoscana.it\/wp-content\/uploads\/377FFF3C-3000-4FD7-B984-965E2B68E760.jpg","contentUrl":"https:\/\/www.intoscana.it\/wp-content\/uploads\/377FFF3C-3000-4FD7-B984-965E2B68E760.jpg","width":2048,"height":1360,"caption":"Fabio Picchi - \u00a9 Raffaella Galamini"},{"@type":"BreadcrumbList","@id":"https:\/\/www.intoscana.it\/it\/morte-fabio-picchi\/#breadcrumb","itemListElement":[{"@type":"ListItem","position":1,"name":"Home","item":"https:\/\/www.intoscana.it\/it\/"},{"@type":"ListItem","position":2,"name":"Addio a Fabio Picchi, il mattatore della cucina toscana"}]},{"@type":"WebSite","@id":"https:\/\/www.intoscana.it\/it\/#website","url":"https:\/\/www.intoscana.it\/it\/","name":"intoscana","description":"","potentialAction":[{"@type":"SearchAction","target":{"@type":"EntryPoint","urlTemplate":"https:\/\/www.intoscana.it\/it\/?s={search_term_string}"},"query-input":{"@type":"PropertyValueSpecification","valueRequired":true,"valueName":"search_term_string"}}],"inLanguage":"it-IT"},{"@type":"Person","@id":"https:\/\/www.intoscana.it\/it\/#\/schema\/person\/9eb9daa846a49fe51af39a73d9d1986b","name":"Raffaella Galamini","sameAs":["https:\/\/x.com\/orio"],"url":"https:\/\/www.intoscana.it\/it\/author\/r-galamini\/"}]}},"_links":{"self":[{"href":"https:\/\/www.intoscana.it\/it\/wp-json\/wp\/v2\/posts\/214584","targetHints":{"allow":["GET"]}}],"collection":[{"href":"https:\/\/www.intoscana.it\/it\/wp-json\/wp\/v2\/posts"}],"about":[{"href":"https:\/\/www.intoscana.it\/it\/wp-json\/wp\/v2\/types\/post"}],"author":[{"embeddable":true,"href":"https:\/\/www.intoscana.it\/it\/wp-json\/wp\/v2\/users\/554"}],"replies":[{"embeddable":true,"href":"https:\/\/www.intoscana.it\/it\/wp-json\/wp\/v2\/comments?post=214584"}],"version-history":[{"count":0,"href":"https:\/\/www.intoscana.it\/it\/wp-json\/wp\/v2\/posts\/214584\/revisions"}],"wp:featuredmedia":[{"embeddable":true,"href":"https:\/\/www.intoscana.it\/it\/wp-json\/wp\/v2\/media\/214585"}],"wp:attachment":[{"href":"https:\/\/www.intoscana.it\/it\/wp-json\/wp\/v2\/media?parent=214584"}],"wp:term":[{"taxonomy":"category","embeddable":true,"href":"https:\/\/www.intoscana.it\/it\/wp-json\/wp\/v2\/categories?post=214584"},{"taxonomy":"post_tag","embeddable":true,"href":"https:\/\/www.intoscana.it\/it\/wp-json\/wp\/v2\/tags?post=214584"}],"curies":[{"name":"wp","href":"https:\/\/api.w.org\/{rel}","templated":true}]}}