{"id":214659,"date":"2022-02-26T17:42:16","date_gmt":"2022-02-26T16:42:16","guid":{"rendered":"https:\/\/www.intoscana.it\/it\/?p=214659"},"modified":"2022-02-26T17:45:38","modified_gmt":"2022-02-26T16:45:38","slug":"effetti-musica-salute-emozioni","status":"publish","type":"post","link":"https:\/\/www.intoscana.it\/it\/effetti-musica-salute-emozioni\/","title":{"rendered":"Musica e salute, allo studio gli effetti del suono sulle emozioni"},"content":{"rendered":"<p>&#8220;<em>Musica e salute<\/em>&#8221; \u00e8 un progetto per documentare, attraverso ricerche scientifiche, gli <strong>effetti del suono<\/strong> e pi\u00f9 in generale della musica sui meccanismi che sono alla base della <strong>gestione dello stress<\/strong> e <strong>delle emozioni<\/strong>.<\/p>\n<p>Il progetto &#8216;<em>Musica e Salute<\/em>&#8216; \u00e8 stato ideato e promosso dall&#8217;associazione <strong>Armonica Onlus<\/strong> e dall&#8217;associazione culturale <strong>Dima<\/strong>, presentato al <strong>conservatorio Cherubini<\/strong> di Firenze. Neuropsichiatri, psicoterapeuti, medici, scienziati e musicisti, coinvolti nel progetto, utilizzeranno <strong>precisi protocolli e test<\/strong> per misurare <strong>i rapporti &#8216;causa-effetto&#8217;<\/strong> delle interazioni generate dalla musica.<\/p>\n<p>A <strong>due studenti<\/strong> del Conservatorio fiorentino sono state assegnate<strong> le borse di studio<\/strong> per la partecipazione al percorso di formazione del <strong>progetto Musica e Salute<\/strong>. &#8220;<em>Mio padre Ennio<\/em>\u00a0&#8211; ha aggiunto\u00a0<strong>Marco Morricone<\/strong>, vicepresidente di Armonica onlus &#8211; <em>diceva che bisogna pensare alla musica come ad una scultura di suoni, che il compositore ha voluto insieme, non casuali, ma che sembrano casuali&#8221;.<\/em><\/p>\n<figure id=\"post-214672 media-214672\" class=\"align-none\"><img decoding=\"async\" src=\"https:\/\/www.intoscana.it\/wp-content\/uploads\/274705090_7875986585748388_7739975069492231722_n.jpg\" alt=\"\" \/><\/figure>\n<div class=\"titleimg\">Il convegno Musica e Salute \u2013 \u00a9 Foto D. Iadicicco<\/div>\n<p>Per <strong>Marco Morricone<\/strong> non si tratta di un&#8217;interpretazione romantica dell&#8217;intento del compositore ma &#8220;<em>riflette l&#8217;orizzonte pi\u00f9 scientifico e meno intuitivo al quale oggi \u00e8 approdata la musica. Pap\u00e0 ha sempre creduto nell&#8217;elaborazione scientifica della musica, anche nella musica pi\u00f9 semplice<\/em>&#8220;.<\/p>\n<p>&#8220;<em>Quando mi trovo a confrontarmi con qualche scienziato, come musicista, soffro l&#8217;idea di fare qualcosa di inutile<\/em> &#8211; ha detto <strong>Nicola Piovani<\/strong>, fra i partecipanti alla presentazione &#8211; <em>Quindi se si presenta un&#8217;occasione come il progetto &#8216;Musica e Salute&#8217; in cui noi musicisti possiamo fare qualcosa di pi\u00f9, la trovo una cosa meravigliosa&#8221;<\/em>.<\/p>\n","protected":false},"excerpt":{"rendered":"<p>Presentato al conservatorio Cherubini il progetto scientifico per comprendere i meccanismi alla base della gestione dello stress<\/p>\n","protected":false},"author":525,"featured_media":214671,"comment_status":"open","ping_status":"open","sticky":false,"template":"","format":"standard","meta":{"_acf_changed":false,"footnotes":""},"categories":[14],"tags":[134],"class_list":["post-214659","post","type-post","status-publish","format-standard","has-post-thumbnail","hentry","category-musica","tag-salute"],"acf":[],"yoast_head":"<!-- This site is optimized with the Yoast SEO Premium plugin v24.2 (Yoast SEO v25.6) - https:\/\/yoast.com\/wordpress\/plugins\/seo\/ -->\n<title>Musica e salute, allo studio gli effetti del suono sulle emozioni - intoscana<\/title>\n<meta name=\"description\" content=\"Il progetto &quot;Musica e salute&quot; per documentare gli effetti del suono\u00a0sui meccanismi alla base della gestione dello stress e delle emozioni\" \/>\n<meta name=\"robots\" content=\"index, follow, max-snippet:-1, max-image-preview:large, max-video-preview:-1\" \/>\n<link rel=\"canonical\" href=\"https:\/\/www.intoscana.it\/it\/effetti-musica-salute-emozioni\/\" \/>\n<meta property=\"og:locale\" content=\"it_IT\" \/>\n<meta property=\"og:type\" content=\"article\" \/>\n<meta property=\"og:title\" content=\"Musica e salute, allo studio gli effetti del suono sulle emozioni\" \/>\n<meta property=\"og:description\" content=\"Il progetto &quot;Musica e salute&quot; per documentare gli effetti del suono\u00a0sui meccanismi alla base della gestione dello stress e delle emozioni\" \/>\n<meta property=\"og:url\" content=\"https:\/\/www.intoscana.it\/it\/effetti-musica-salute-emozioni\/\" \/>\n<meta property=\"og:site_name\" content=\"intoscana\" \/>\n<meta property=\"article:publisher\" content=\"https:\/\/www.facebook.com\/intoscana.it\" \/>\n<meta property=\"article:published_time\" content=\"2022-02-26T16:42:16+00:00\" \/>\n<meta property=\"article:modified_time\" content=\"2022-02-26T16:45:38+00:00\" \/>\n<meta property=\"og:image\" content=\"https:\/\/www.intoscana.it\/wp-content\/uploads\/274686336_7875988055748241_2537072712529740082_n.jpg\" \/>\n\t<meta property=\"og:image:width\" content=\"2048\" \/>\n\t<meta property=\"og:image:height\" content=\"1365\" \/>\n\t<meta property=\"og:image:type\" content=\"image\/jpeg\" \/>\n<meta name=\"author\" content=\"Redazione\" \/>\n<meta name=\"twitter:card\" content=\"summary_large_image\" \/>\n<meta name=\"twitter:creator\" content=\"@intoscana\" \/>\n<meta name=\"twitter:site\" content=\"@intoscana\" \/>\n<meta name=\"twitter:label1\" content=\"Written by\" \/>\n\t<meta name=\"twitter:data1\" content=\"Redazione\" \/>\n\t<meta name=\"twitter:label2\" content=\"Est. reading time\" \/>\n\t<meta name=\"twitter:data2\" content=\"1 minuto\" \/>\n<script type=\"application\/ld+json\" class=\"yoast-schema-graph\">{\"@context\":\"https:\/\/schema.org\",\"@graph\":[{\"@type\":\"WebPage\",\"@id\":\"https:\/\/www.intoscana.it\/it\/effetti-musica-salute-emozioni\/\",\"url\":\"https:\/\/www.intoscana.it\/it\/effetti-musica-salute-emozioni\/\",\"name\":\"Musica e salute, allo studio gli effetti del suono sulle emozioni - intoscana\",\"isPartOf\":{\"@id\":\"https:\/\/www.intoscana.it\/it\/#website\"},\"primaryImageOfPage\":{\"@id\":\"https:\/\/www.intoscana.it\/it\/effetti-musica-salute-emozioni\/#primaryimage\"},\"image\":{\"@id\":\"https:\/\/www.intoscana.it\/it\/effetti-musica-salute-emozioni\/#primaryimage\"},\"thumbnailUrl\":\"https:\/\/www.intoscana.it\/wp-content\/uploads\/274686336_7875988055748241_2537072712529740082_n.jpg\",\"datePublished\":\"2022-02-26T16:42:16+00:00\",\"dateModified\":\"2022-02-26T16:45:38+00:00\",\"author\":{\"@id\":\"https:\/\/www.intoscana.it\/it\/#\/schema\/person\/9223810753230f20bd670fdd322661f8\"},\"description\":\"Il progetto \\\"Musica e salute\\\" per documentare gli effetti del suono\u00a0sui meccanismi alla base della gestione dello stress e delle emozioni\",\"breadcrumb\":{\"@id\":\"https:\/\/www.intoscana.it\/it\/effetti-musica-salute-emozioni\/#breadcrumb\"},\"inLanguage\":\"it-IT\",\"potentialAction\":[{\"@type\":\"ReadAction\",\"target\":[\"https:\/\/www.intoscana.it\/it\/effetti-musica-salute-emozioni\/\"]}]},{\"@type\":\"ImageObject\",\"inLanguage\":\"it-IT\",\"@id\":\"https:\/\/www.intoscana.it\/it\/effetti-musica-salute-emozioni\/#primaryimage\",\"url\":\"https:\/\/www.intoscana.it\/wp-content\/uploads\/274686336_7875988055748241_2537072712529740082_n.jpg\",\"contentUrl\":\"https:\/\/www.intoscana.it\/wp-content\/uploads\/274686336_7875988055748241_2537072712529740082_n.jpg\",\"width\":2048,\"height\":1365,\"caption\":\"Il convegno Musica e Salute - \u00a9 Foto D. Iadicicco\"},{\"@type\":\"BreadcrumbList\",\"@id\":\"https:\/\/www.intoscana.it\/it\/effetti-musica-salute-emozioni\/#breadcrumb\",\"itemListElement\":[{\"@type\":\"ListItem\",\"position\":1,\"name\":\"Home\",\"item\":\"https:\/\/www.intoscana.it\/it\/\"},{\"@type\":\"ListItem\",\"position\":2,\"name\":\"Musica e salute, allo studio gli effetti del suono sulle emozioni\"}]},{\"@type\":\"WebSite\",\"@id\":\"https:\/\/www.intoscana.it\/it\/#website\",\"url\":\"https:\/\/www.intoscana.it\/it\/\",\"name\":\"intoscana\",\"description\":\"\",\"potentialAction\":[{\"@type\":\"SearchAction\",\"target\":{\"@type\":\"EntryPoint\",\"urlTemplate\":\"https:\/\/www.intoscana.it\/it\/?s={search_term_string}\"},\"query-input\":{\"@type\":\"PropertyValueSpecification\",\"valueRequired\":true,\"valueName\":\"search_term_string\"}}],\"inLanguage\":\"it-IT\"},{\"@type\":\"Person\",\"@id\":\"https:\/\/www.intoscana.it\/it\/#\/schema\/person\/9223810753230f20bd670fdd322661f8\",\"name\":\"Redazione\",\"url\":\"https:\/\/www.intoscana.it\/it\/author\/redazione\/\"}]}<\/script>\n<!-- \/ Yoast SEO Premium plugin. -->","yoast_head_json":{"title":"Musica e salute, allo studio gli effetti del suono sulle emozioni - intoscana","description":"Il progetto \"Musica e salute\" per documentare gli effetti del suono\u00a0sui meccanismi alla base della gestione dello stress e delle emozioni","robots":{"index":"index","follow":"follow","max-snippet":"max-snippet:-1","max-image-preview":"max-image-preview:large","max-video-preview":"max-video-preview:-1"},"canonical":"https:\/\/www.intoscana.it\/it\/effetti-musica-salute-emozioni\/","og_locale":"it_IT","og_type":"article","og_title":"Musica e salute, allo studio gli effetti del suono sulle emozioni","og_description":"Il progetto \"Musica e salute\" per documentare gli effetti del suono\u00a0sui meccanismi alla base della gestione dello stress e delle emozioni","og_url":"https:\/\/www.intoscana.it\/it\/effetti-musica-salute-emozioni\/","og_site_name":"intoscana","article_publisher":"https:\/\/www.facebook.com\/intoscana.it","article_published_time":"2022-02-26T16:42:16+00:00","article_modified_time":"2022-02-26T16:45:38+00:00","og_image":[{"width":2048,"height":1365,"url":"https:\/\/www.intoscana.it\/wp-content\/uploads\/274686336_7875988055748241_2537072712529740082_n.jpg","type":"image\/jpeg"}],"author":"Redazione","twitter_card":"summary_large_image","twitter_creator":"@intoscana","twitter_site":"@intoscana","twitter_misc":{"Written by":"Redazione","Est. reading time":"1 minuto"},"schema":{"@context":"https:\/\/schema.org","@graph":[{"@type":"WebPage","@id":"https:\/\/www.intoscana.it\/it\/effetti-musica-salute-emozioni\/","url":"https:\/\/www.intoscana.it\/it\/effetti-musica-salute-emozioni\/","name":"Musica e salute, allo studio gli effetti del suono sulle emozioni - intoscana","isPartOf":{"@id":"https:\/\/www.intoscana.it\/it\/#website"},"primaryImageOfPage":{"@id":"https:\/\/www.intoscana.it\/it\/effetti-musica-salute-emozioni\/#primaryimage"},"image":{"@id":"https:\/\/www.intoscana.it\/it\/effetti-musica-salute-emozioni\/#primaryimage"},"thumbnailUrl":"https:\/\/www.intoscana.it\/wp-content\/uploads\/274686336_7875988055748241_2537072712529740082_n.jpg","datePublished":"2022-02-26T16:42:16+00:00","dateModified":"2022-02-26T16:45:38+00:00","author":{"@id":"https:\/\/www.intoscana.it\/it\/#\/schema\/person\/9223810753230f20bd670fdd322661f8"},"description":"Il progetto \"Musica e salute\" per documentare gli effetti del suono\u00a0sui meccanismi alla base della gestione dello stress e delle emozioni","breadcrumb":{"@id":"https:\/\/www.intoscana.it\/it\/effetti-musica-salute-emozioni\/#breadcrumb"},"inLanguage":"it-IT","potentialAction":[{"@type":"ReadAction","target":["https:\/\/www.intoscana.it\/it\/effetti-musica-salute-emozioni\/"]}]},{"@type":"ImageObject","inLanguage":"it-IT","@id":"https:\/\/www.intoscana.it\/it\/effetti-musica-salute-emozioni\/#primaryimage","url":"https:\/\/www.intoscana.it\/wp-content\/uploads\/274686336_7875988055748241_2537072712529740082_n.jpg","contentUrl":"https:\/\/www.intoscana.it\/wp-content\/uploads\/274686336_7875988055748241_2537072712529740082_n.jpg","width":2048,"height":1365,"caption":"Il convegno Musica e Salute - \u00a9 Foto D. Iadicicco"},{"@type":"BreadcrumbList","@id":"https:\/\/www.intoscana.it\/it\/effetti-musica-salute-emozioni\/#breadcrumb","itemListElement":[{"@type":"ListItem","position":1,"name":"Home","item":"https:\/\/www.intoscana.it\/it\/"},{"@type":"ListItem","position":2,"name":"Musica e salute, allo studio gli effetti del suono sulle emozioni"}]},{"@type":"WebSite","@id":"https:\/\/www.intoscana.it\/it\/#website","url":"https:\/\/www.intoscana.it\/it\/","name":"intoscana","description":"","potentialAction":[{"@type":"SearchAction","target":{"@type":"EntryPoint","urlTemplate":"https:\/\/www.intoscana.it\/it\/?s={search_term_string}"},"query-input":{"@type":"PropertyValueSpecification","valueRequired":true,"valueName":"search_term_string"}}],"inLanguage":"it-IT"},{"@type":"Person","@id":"https:\/\/www.intoscana.it\/it\/#\/schema\/person\/9223810753230f20bd670fdd322661f8","name":"Redazione","url":"https:\/\/www.intoscana.it\/it\/author\/redazione\/"}]}},"_links":{"self":[{"href":"https:\/\/www.intoscana.it\/it\/wp-json\/wp\/v2\/posts\/214659","targetHints":{"allow":["GET"]}}],"collection":[{"href":"https:\/\/www.intoscana.it\/it\/wp-json\/wp\/v2\/posts"}],"about":[{"href":"https:\/\/www.intoscana.it\/it\/wp-json\/wp\/v2\/types\/post"}],"author":[{"embeddable":true,"href":"https:\/\/www.intoscana.it\/it\/wp-json\/wp\/v2\/users\/525"}],"replies":[{"embeddable":true,"href":"https:\/\/www.intoscana.it\/it\/wp-json\/wp\/v2\/comments?post=214659"}],"version-history":[{"count":0,"href":"https:\/\/www.intoscana.it\/it\/wp-json\/wp\/v2\/posts\/214659\/revisions"}],"wp:featuredmedia":[{"embeddable":true,"href":"https:\/\/www.intoscana.it\/it\/wp-json\/wp\/v2\/media\/214671"}],"wp:attachment":[{"href":"https:\/\/www.intoscana.it\/it\/wp-json\/wp\/v2\/media?parent=214659"}],"wp:term":[{"taxonomy":"category","embeddable":true,"href":"https:\/\/www.intoscana.it\/it\/wp-json\/wp\/v2\/categories?post=214659"},{"taxonomy":"post_tag","embeddable":true,"href":"https:\/\/www.intoscana.it\/it\/wp-json\/wp\/v2\/tags?post=214659"}],"curies":[{"name":"wp","href":"https:\/\/api.w.org\/{rel}","templated":true}]}}