{"id":214894,"date":"2022-02-28T17:54:26","date_gmt":"2022-02-28T16:54:26","guid":{"rendered":"https:\/\/www.intoscana.it\/it\/?p=214894"},"modified":"2022-04-16T10:38:16","modified_gmt":"2022-04-16T08:38:16","slug":"trasporti-edilizia-scuola-siete-presente-giovanisi","status":"publish","type":"post","link":"https:\/\/www.intoscana.it\/it\/trasporti-edilizia-scuola-siete-presente-giovanisi\/","title":{"rendered":"Edilizia scolastica e trasporti: la Regione Toscana apre il confronto diretto con gli studenti"},"content":{"rendered":"<p>Un confronto diretto e senza filtri tra studenti, politici e tecnici su argomenti caldi, i pi\u00f9 spinosi a dirla tutta: <strong>edilizia scolastica<\/strong> e <strong>trasporti<\/strong>. <mark><strong><a href=\"http:\/\/giovanisi.it\/sietepresente\" target=\"_blank\" rel=\"noopener\">&#8220;Siete presente&#8221;<\/a><\/strong>, il progetto di partecipazione giovanile della <strong>Regione Toscana<\/strong> e <strong>Giovanis\u00ec<\/strong>, riparte cos\u00ec e diventa itinerante, entra nelle scuole per ascoltare le criticit\u00e0 e le urgenze e proporre soluzioni pratiche e soprattutto praticabili.<\/mark><\/p>\n<p>Un programma di appuntamenti &#8211; finanziato dalla Presidenza del Consiglio dei Ministri\/Dipartimento per le Politiche giovanili e in collaborazione con Upi Toscana e Fondazione Sistema Toscana &#8211; che toccher\u00e0 fino al prossimo maggio tutte le province toscane per ascoltare nel corso di 12 incontri (due per la provincia di Firenze e uno finale) le studentesse e studenti eletti negli organismi istituzionali che li rappresentano, quindi consigli di istituto, consulte provinciali, Parlamento regionale degli studenti.<\/p>\n<div class=\"focuson\"><a href=\"https:\/\/www.intoscana.it\/it\/dettaglio-video\/una-finestra-sul-2030-80-giovani-immaginano-il-futuro-per-costruire-le-nuove-politiche-culturali-della-toscana\/\"><img decoding=\"async\" class=\"lazy\" src=\"https:\/\/www.intoscana.it\/wp-content\/uploads\/Giovanisi\u0300-11.jpeg\" style=\"\">\n                <div class=\"cat\">\"Siete Presente\" alla villa del Gombo con il presidente Mattarella<\/div>\n                <h4><\/h4><\/a>\n              <\/div>\n<p>Non sar\u00e0 n\u00e9 una passeggiata &#8220;<em>n\u00e9 una passerella, perch\u00e9 vogliamo trasformare la protesta in proposta&#8221;<\/em>, ha spiegato <strong>Bernard Dika<\/strong>, il consigliere del presidente alle Politiche giovanili della Regione Toscana, nel corso della prima tappa a Firenze, proprio nella sala del Pegaso. Da una parte i tecnici di Regione e Citt\u00e0 metropolitana di Firenze con i rappresentati della Giunta: il presidente <strong>Eugenio Giani<\/strong>, l&#8217;assessora all&#8217;Istruzione, <strong>Alessandra Nardini<\/strong> e l&#8217;assessore ai Trasporti <strong>Stefano Baccelli<\/strong>. Dall&#8217;altra i ragazzi, circa 70 studenti per circa 15 scuole del capoluogo. <mark>Un botta e risposta franco che ha messo in luce i problemi pi\u00f9 grandi, come l\u2019urgenza di riqualificare il patrimonio edilizio, le necessit\u00e0 di armonizzare\u00a0 i tempi del trasporto pubblico con la vita scolastica e pi\u00f9 in generale la richiesta di trasformare finalmente la scuola nella priorit\u00e0 delle azioni pubbliche soprattutto dopo lo stop forzato degli ultimi due anni.<\/mark><\/p>\n<div class=\"titleimg\">\n<figure id=\"post-214931 media-214931\" class=\"align-none\">\n<figure id=\"post-214931 media-214931\" class=\"align-none\"><img decoding=\"async\" src=\"https:\/\/www.intoscana.it\/wp-content\/uploads\/PRT_2167-scaled.jpg\" alt=\"\" \/><\/figure>\n<div class=\"titleimg\" style=\"text-align: center;\"><em>Bernard Dika interviene a &#8220;Siete Presente&#8221;<\/em><\/div>\n<\/figure>\n<\/div>\n<p><em>\u201cDisegnare il futuro della Regione \u00e8 un\u2019impresa che vogliamo realizzare con il contributo di chi la vivr\u00e0. Per questo con il progetto Giovanis\u00ec, che da anni mette al centro l\u2019autonomia dei giovani, vogliamo coinvolgere e ascoltare le studentesse e gli studenti toscani<\/em> &#8211;\u00a0 dice il presidente <strong>Eugenio Giani<\/strong> &#8211; <em>Quando pensammo alla giornata nella villa del Gombo non volevamo che fosse un episodio isolato, ecco perch\u00e9 sono particolarmente felice di vedere l\u2019avvio di questo tour di ascolto che sono certo sar\u00e0 molto utile al nostro lavoro di programmazione e dar\u00e0 suggerimenti preziosi per l\u2019attuazione del Pnrr\u201d<\/em>.<\/p>\n<p>E il Piano nazionale di ripresa e resilienza, insieme agli altri investimenti messi in campo dalla Toscana, \u00e8 stato oggetto di un approfondimento iniziale da parte dei funzionari: dagli interventi di manutenzioni sugli edifici, all&#8217;ampliamento della flotta dei bus destinati al trasporto scolastico nei prossimi due anni. Dopo ogni incontro, i partecipanti riceveranno via mail un formulario da compilare in cui potranno inserire le questioni da portare all\u2019attenzione delle Province.<\/p>\n<figure id=\"post-214921 media-214921\" class=\"align-none\">\n<figure id=\"post-214934 media-214934\" class=\"align-none\"><img decoding=\"async\" src=\"https:\/\/www.intoscana.it\/wp-content\/uploads\/PRT_2255-scaled.jpg\" alt=\"\" \/><\/figure>\n<\/figure>\n<h3><em>&#8220;Dialogo e confronto per ripartire dopo la pandemia&#8221;<\/em><\/h3>\n<p>La voglia di ripartire dopo le chiusure imposta sulla pandemia \u00e8 una spinta in pi\u00f9. <em>\u201cAvviamo<\/em> &#8211; afferma l\u2019assessora Nardini &#8211; u<em>na fase di dialogo molto importante, fatta di ascolto e confronto con le studentesse e gli studenti. Adesso abbiamo, anche grazie al Piano nazionale di ripresa e resilienza, l&#8217;opportunit\u00e0 concreta di rafforzare ulteriormente l&#8217;impegno che Regione Toscana mette da anni in campo sulle politiche di educazione, istruzione, diritto allo studio. A partire dall&#8217;edilizia scolastica: scuole sicure, belle, accoglienti, innovative, inclusive, rispettose dell&#8217;ambiente, sono fondamentali, anche per migliorare la qualit\u00e0 della didattica e sono certa che le proposte delle ragazze e dei ragazzi saranno un contributo importante in questo senso&#8221;<\/em>.<\/p>\n<div class=\"titleimg\">\n<figure id=\"post-214928 media-214928\" class=\"align-none\"><img decoding=\"async\" src=\"https:\/\/www.intoscana.it\/wp-content\/uploads\/PRT_2210-scaled.jpg\" alt=\"\" \/><\/figure>\n<\/div>\n<p>Sul fronte trasporti interviene l&#8217;assessore Baccelli che fa sapere come <em>&#8220;il momento di partecipazione che si \u00e8 aperto rappresenta un ulteriore contributo alla crescita del sistema di trasporto pubblico regionale affinch\u00e9 sia sempre di pi\u00f9 e meglio un servizio utile e in armonia con le esigenze dell\u2019utenza, in particolare quella giovane. Ora stiamo uscendo dalla pandemia, sta entrando a completo regime la nuova gestione del tpl e avremo grazie alle risorse europee importanti occasioni di sviluppo. Il dialogo con gli studenti sar\u00e0 sicuramente utile\u201d<\/em>.<\/p>\n<h3><em>La parola agli studenti<\/em><\/h3>\n<p><iframe loading=\"lazy\" title=\"YouTube video player\" src=\"https:\/\/www.youtube.com\/embed\/5OnyVujy9pQ\" width=\"800\" height=\"400\" frameborder=\"0\" allowfullscreen=\"allowfullscreen\"><span data-mce-type=\"bookmark\" style=\"display: inline-block; width: 0px; overflow: hidden; line-height: 0;\" class=\"mce_SELRES_start\">\ufeff<\/span><\/iframe><\/p>\n<p><iframe loading=\"lazy\" title=\"YouTube video player\" src=\"https:\/\/www.youtube.com\/embed\/uM9KMJ4r18U\" width=\"800\" height=\"400\" frameborder=\"0\" allowfullscreen=\"allowfullscreen\"><span data-mce-type=\"bookmark\" style=\"display: inline-block; width: 0px; overflow: hidden; line-height: 0;\" class=\"mce_SELRES_start\">\ufeff<\/span><\/iframe><\/p>\n<p><iframe loading=\"lazy\" title=\"YouTube video player\" src=\"https:\/\/www.youtube.com\/embed\/LJnGz1gl1Ys\" width=\"800\" height=\"400\" frameborder=\"0\" allowfullscreen=\"allowfullscreen\"><span data-mce-type=\"bookmark\" style=\"display: inline-block; width: 0px; overflow: hidden; line-height: 0;\" class=\"mce_SELRES_start\">\ufeff<\/span><\/iframe><\/p>\n<h3><em>I prossimi appuntamenti<\/em><\/h3>\n<p>Il secondo appuntamento del tour \u00e8 previsto per il 4 marzo a Grosseto. Toccher\u00e0 poi a Prato l\u20198 marzo e a Lucca il 14 marzo. Livorno il 18 marzo, Pisa il 22 marzo. La seconda tappa fiorentina si terr\u00e0 il 28 marzo, mentre il primo aprile sar\u00e0 la volta di Siena. Il 5 aprile appuntamento a Pistoia, l\u20198 aprile ad Arezzo e il 13 aprile a Massa. Il tour si concluder\u00e0 con l\u2019evento finale di restituzione il 9 maggio, in occasione della Festa dell\u2019Europa, al Teatro Verdi di Firenze in cui saranno invitati tutti i partecipanti degli 11 eventi territoriali.<\/p>\n<figure id=\"post-214927 media-214927\" class=\"align-none\"><img decoding=\"async\" src=\"https:\/\/www.intoscana.it\/wp-content\/uploads\/PRT_2171-scaled.jpg\" alt=\"\" \/><\/figure>\n<h3>Uno sguardo (e il cuore) all&#8217;Ucraina<\/h3>\n<p>Il primo incontro di &#8220;Siete Presente&#8221; si \u00e8 aperto con uno sguardo \u00a0sull\u2019attualit\u00e0 e sull\u2019invasione russa in Ucraina. Ad ogni ragazzo \u00e8 stata consegnata anche la carta istituzionale, per ricordare i principi e i valori fondanti della Repubblica, ed \u00e8 spuntata anche una bandiera della pace.<\/p>\n<p><iframe loading=\"lazy\" title=\"YouTube video player\" src=\"https:\/\/www.youtube.com\/embed\/d2W5mJM3SC4\" width=\"800\" height=\"400\" frameborder=\"0\" allowfullscreen=\"allowfullscreen\"><span data-mce-type=\"bookmark\" style=\"display: inline-block; width: 0px; overflow: hidden; line-height: 0;\" class=\"mce_SELRES_start\">\ufeff<\/span><\/iframe><\/p>\n<p>&nbsp;<\/p>\n","protected":false},"excerpt":{"rendered":"<p>Torna &#8220;Siete Presente&#8221; di Giovanis\u00ec, questa volta al centro c&#8217;\u00e8 la scuola. Dodici appuntamenti fino a maggio su tutto il territorio. Giani: &#8220;Al via tour di ascolto per l&#8217;attuazione del Pnrr&#8221;<\/p>\n","protected":false},"author":545,"featured_media":216445,"comment_status":"open","ping_status":"open","sticky":false,"template":"","format":"standard","meta":{"_acf_changed":false,"footnotes":""},"categories":[494],"tags":[5146,158,244,1577,212,6271],"class_list":["post-214894","post","type-post","status-publish","format-standard","has-post-thumbnail","hentry","category-attualita","tag-bernard-dika","tag-eugenio-giani","tag-giovanisi","tag-muoversi-in-toscana","tag-scuola","tag-siete-presente"],"acf":[],"yoast_head":"<!-- This site is optimized with the Yoast SEO Premium plugin v24.2 (Yoast SEO v25.6) - https:\/\/yoast.com\/wordpress\/plugins\/seo\/ -->\n<title>Edilizia scolastica e trasporti: la Regione Toscana apre il confronto diretto con gli studenti - intoscana<\/title>\n<meta name=\"description\" content=\"Torna &quot;Siete Presente&quot; di Giovanis\u00ec, questa volta al centro c&#039;\u00e8 la scuola. Dodici appuntamenti fino a maggio su tutto il territorio\" \/>\n<meta name=\"robots\" content=\"index, follow, max-snippet:-1, max-image-preview:large, max-video-preview:-1\" \/>\n<link rel=\"canonical\" href=\"https:\/\/www.intoscana.it\/it\/trasporti-edilizia-scuola-siete-presente-giovanisi\/\" \/>\n<meta property=\"og:locale\" content=\"it_IT\" \/>\n<meta property=\"og:type\" content=\"article\" \/>\n<meta property=\"og:title\" content=\"Edilizia scolastica e trasporti: la Regione Toscana apre il confronto diretto con gli studenti\" \/>\n<meta property=\"og:description\" content=\"Torna &quot;Siete Presente&quot; di Giovanis\u00ec, questa volta al centro c&#039;\u00e8 la scuola. Dodici appuntamenti fino a maggio su tutto il territorio\" \/>\n<meta property=\"og:url\" content=\"https:\/\/www.intoscana.it\/it\/trasporti-edilizia-scuola-siete-presente-giovanisi\/\" \/>\n<meta property=\"og:site_name\" content=\"intoscana\" \/>\n<meta property=\"article:publisher\" content=\"https:\/\/www.facebook.com\/intoscana.it\" \/>\n<meta property=\"article:published_time\" content=\"2022-02-28T16:54:26+00:00\" \/>\n<meta property=\"article:modified_time\" content=\"2022-04-16T08:38:16+00:00\" \/>\n<meta property=\"og:image\" content=\"https:\/\/www.intoscana.it\/wp-content\/uploads\/IMG_6078-e1646738253463.jpg\" \/>\n\t<meta property=\"og:image:width\" content=\"2016\" \/>\n\t<meta property=\"og:image:height\" content=\"1254\" \/>\n\t<meta property=\"og:image:type\" content=\"image\/jpeg\" \/>\n<meta name=\"author\" content=\"Clara D&#039;Acunto\" \/>\n<meta name=\"twitter:card\" content=\"summary_large_image\" \/>\n<meta name=\"twitter:creator\" content=\"@intoscana\" \/>\n<meta name=\"twitter:site\" content=\"@intoscana\" \/>\n<meta name=\"twitter:label1\" content=\"Written by\" \/>\n\t<meta name=\"twitter:data1\" content=\"Clara D&#039;Acunto\" \/>\n\t<meta name=\"twitter:label2\" content=\"Est. reading time\" \/>\n\t<meta name=\"twitter:data2\" content=\"4 minuti\" \/>\n<script type=\"application\/ld+json\" class=\"yoast-schema-graph\">{\"@context\":\"https:\/\/schema.org\",\"@graph\":[{\"@type\":\"WebPage\",\"@id\":\"https:\/\/www.intoscana.it\/it\/trasporti-edilizia-scuola-siete-presente-giovanisi\/\",\"url\":\"https:\/\/www.intoscana.it\/it\/trasporti-edilizia-scuola-siete-presente-giovanisi\/\",\"name\":\"Edilizia scolastica e trasporti: la Regione Toscana apre il confronto diretto con gli studenti - intoscana\",\"isPartOf\":{\"@id\":\"https:\/\/www.intoscana.it\/it\/#website\"},\"primaryImageOfPage\":{\"@id\":\"https:\/\/www.intoscana.it\/it\/trasporti-edilizia-scuola-siete-presente-giovanisi\/#primaryimage\"},\"image\":{\"@id\":\"https:\/\/www.intoscana.it\/it\/trasporti-edilizia-scuola-siete-presente-giovanisi\/#primaryimage\"},\"thumbnailUrl\":\"https:\/\/www.intoscana.it\/wp-content\/uploads\/IMG_6078-e1646738253463.jpg\",\"datePublished\":\"2022-02-28T16:54:26+00:00\",\"dateModified\":\"2022-04-16T08:38:16+00:00\",\"author\":{\"@id\":\"https:\/\/www.intoscana.it\/it\/#\/schema\/person\/137419af9ef5d385bde52864a841e6ce\"},\"description\":\"Torna \\\"Siete Presente\\\" di Giovanis\u00ec, questa volta al centro c'\u00e8 la scuola. Dodici appuntamenti fino a maggio su tutto il territorio\",\"breadcrumb\":{\"@id\":\"https:\/\/www.intoscana.it\/it\/trasporti-edilizia-scuola-siete-presente-giovanisi\/#breadcrumb\"},\"inLanguage\":\"it-IT\",\"potentialAction\":[{\"@type\":\"ReadAction\",\"target\":[\"https:\/\/www.intoscana.it\/it\/trasporti-edilizia-scuola-siete-presente-giovanisi\/\"]}]},{\"@type\":\"ImageObject\",\"inLanguage\":\"it-IT\",\"@id\":\"https:\/\/www.intoscana.it\/it\/trasporti-edilizia-scuola-siete-presente-giovanisi\/#primaryimage\",\"url\":\"https:\/\/www.intoscana.it\/wp-content\/uploads\/IMG_6078-e1646738253463.jpg\",\"contentUrl\":\"https:\/\/www.intoscana.it\/wp-content\/uploads\/IMG_6078-e1646738253463.jpg\",\"width\":2016,\"height\":1254},{\"@type\":\"BreadcrumbList\",\"@id\":\"https:\/\/www.intoscana.it\/it\/trasporti-edilizia-scuola-siete-presente-giovanisi\/#breadcrumb\",\"itemListElement\":[{\"@type\":\"ListItem\",\"position\":1,\"name\":\"Home\",\"item\":\"https:\/\/www.intoscana.it\/it\/\"},{\"@type\":\"ListItem\",\"position\":2,\"name\":\"Edilizia scolastica e trasporti: la Regione Toscana apre il confronto diretto con gli studenti\"}]},{\"@type\":\"WebSite\",\"@id\":\"https:\/\/www.intoscana.it\/it\/#website\",\"url\":\"https:\/\/www.intoscana.it\/it\/\",\"name\":\"intoscana\",\"description\":\"\",\"potentialAction\":[{\"@type\":\"SearchAction\",\"target\":{\"@type\":\"EntryPoint\",\"urlTemplate\":\"https:\/\/www.intoscana.it\/it\/?s={search_term_string}\"},\"query-input\":{\"@type\":\"PropertyValueSpecification\",\"valueRequired\":true,\"valueName\":\"search_term_string\"}}],\"inLanguage\":\"it-IT\"},{\"@type\":\"Person\",\"@id\":\"https:\/\/www.intoscana.it\/it\/#\/schema\/person\/137419af9ef5d385bde52864a841e6ce\",\"name\":\"Clara D'Acunto\",\"url\":\"https:\/\/www.intoscana.it\/it\/author\/clara-d_acunto\/\"}]}<\/script>\n<!-- \/ Yoast SEO Premium plugin. -->","yoast_head_json":{"title":"Edilizia scolastica e trasporti: la Regione Toscana apre il confronto diretto con gli studenti - intoscana","description":"Torna \"Siete Presente\" di Giovanis\u00ec, questa volta al centro c'\u00e8 la scuola. Dodici appuntamenti fino a maggio su tutto il territorio","robots":{"index":"index","follow":"follow","max-snippet":"max-snippet:-1","max-image-preview":"max-image-preview:large","max-video-preview":"max-video-preview:-1"},"canonical":"https:\/\/www.intoscana.it\/it\/trasporti-edilizia-scuola-siete-presente-giovanisi\/","og_locale":"it_IT","og_type":"article","og_title":"Edilizia scolastica e trasporti: la Regione Toscana apre il confronto diretto con gli studenti","og_description":"Torna \"Siete Presente\" di Giovanis\u00ec, questa volta al centro c'\u00e8 la scuola. Dodici appuntamenti fino a maggio su tutto il territorio","og_url":"https:\/\/www.intoscana.it\/it\/trasporti-edilizia-scuola-siete-presente-giovanisi\/","og_site_name":"intoscana","article_publisher":"https:\/\/www.facebook.com\/intoscana.it","article_published_time":"2022-02-28T16:54:26+00:00","article_modified_time":"2022-04-16T08:38:16+00:00","og_image":[{"width":2016,"height":1254,"url":"https:\/\/www.intoscana.it\/wp-content\/uploads\/IMG_6078-e1646738253463.jpg","type":"image\/jpeg"}],"author":"Clara D'Acunto","twitter_card":"summary_large_image","twitter_creator":"@intoscana","twitter_site":"@intoscana","twitter_misc":{"Written by":"Clara D'Acunto","Est. reading time":"4 minuti"},"schema":{"@context":"https:\/\/schema.org","@graph":[{"@type":"WebPage","@id":"https:\/\/www.intoscana.it\/it\/trasporti-edilizia-scuola-siete-presente-giovanisi\/","url":"https:\/\/www.intoscana.it\/it\/trasporti-edilizia-scuola-siete-presente-giovanisi\/","name":"Edilizia scolastica e trasporti: la Regione Toscana apre il confronto diretto con gli studenti - intoscana","isPartOf":{"@id":"https:\/\/www.intoscana.it\/it\/#website"},"primaryImageOfPage":{"@id":"https:\/\/www.intoscana.it\/it\/trasporti-edilizia-scuola-siete-presente-giovanisi\/#primaryimage"},"image":{"@id":"https:\/\/www.intoscana.it\/it\/trasporti-edilizia-scuola-siete-presente-giovanisi\/#primaryimage"},"thumbnailUrl":"https:\/\/www.intoscana.it\/wp-content\/uploads\/IMG_6078-e1646738253463.jpg","datePublished":"2022-02-28T16:54:26+00:00","dateModified":"2022-04-16T08:38:16+00:00","author":{"@id":"https:\/\/www.intoscana.it\/it\/#\/schema\/person\/137419af9ef5d385bde52864a841e6ce"},"description":"Torna \"Siete Presente\" di Giovanis\u00ec, questa volta al centro c'\u00e8 la scuola. Dodici appuntamenti fino a maggio su tutto il territorio","breadcrumb":{"@id":"https:\/\/www.intoscana.it\/it\/trasporti-edilizia-scuola-siete-presente-giovanisi\/#breadcrumb"},"inLanguage":"it-IT","potentialAction":[{"@type":"ReadAction","target":["https:\/\/www.intoscana.it\/it\/trasporti-edilizia-scuola-siete-presente-giovanisi\/"]}]},{"@type":"ImageObject","inLanguage":"it-IT","@id":"https:\/\/www.intoscana.it\/it\/trasporti-edilizia-scuola-siete-presente-giovanisi\/#primaryimage","url":"https:\/\/www.intoscana.it\/wp-content\/uploads\/IMG_6078-e1646738253463.jpg","contentUrl":"https:\/\/www.intoscana.it\/wp-content\/uploads\/IMG_6078-e1646738253463.jpg","width":2016,"height":1254},{"@type":"BreadcrumbList","@id":"https:\/\/www.intoscana.it\/it\/trasporti-edilizia-scuola-siete-presente-giovanisi\/#breadcrumb","itemListElement":[{"@type":"ListItem","position":1,"name":"Home","item":"https:\/\/www.intoscana.it\/it\/"},{"@type":"ListItem","position":2,"name":"Edilizia scolastica e trasporti: la Regione Toscana apre il confronto diretto con gli studenti"}]},{"@type":"WebSite","@id":"https:\/\/www.intoscana.it\/it\/#website","url":"https:\/\/www.intoscana.it\/it\/","name":"intoscana","description":"","potentialAction":[{"@type":"SearchAction","target":{"@type":"EntryPoint","urlTemplate":"https:\/\/www.intoscana.it\/it\/?s={search_term_string}"},"query-input":{"@type":"PropertyValueSpecification","valueRequired":true,"valueName":"search_term_string"}}],"inLanguage":"it-IT"},{"@type":"Person","@id":"https:\/\/www.intoscana.it\/it\/#\/schema\/person\/137419af9ef5d385bde52864a841e6ce","name":"Clara D'Acunto","url":"https:\/\/www.intoscana.it\/it\/author\/clara-d_acunto\/"}]}},"_links":{"self":[{"href":"https:\/\/www.intoscana.it\/it\/wp-json\/wp\/v2\/posts\/214894","targetHints":{"allow":["GET"]}}],"collection":[{"href":"https:\/\/www.intoscana.it\/it\/wp-json\/wp\/v2\/posts"}],"about":[{"href":"https:\/\/www.intoscana.it\/it\/wp-json\/wp\/v2\/types\/post"}],"author":[{"embeddable":true,"href":"https:\/\/www.intoscana.it\/it\/wp-json\/wp\/v2\/users\/545"}],"replies":[{"embeddable":true,"href":"https:\/\/www.intoscana.it\/it\/wp-json\/wp\/v2\/comments?post=214894"}],"version-history":[{"count":0,"href":"https:\/\/www.intoscana.it\/it\/wp-json\/wp\/v2\/posts\/214894\/revisions"}],"wp:featuredmedia":[{"embeddable":true,"href":"https:\/\/www.intoscana.it\/it\/wp-json\/wp\/v2\/media\/216445"}],"wp:attachment":[{"href":"https:\/\/www.intoscana.it\/it\/wp-json\/wp\/v2\/media?parent=214894"}],"wp:term":[{"taxonomy":"category","embeddable":true,"href":"https:\/\/www.intoscana.it\/it\/wp-json\/wp\/v2\/categories?post=214894"},{"taxonomy":"post_tag","embeddable":true,"href":"https:\/\/www.intoscana.it\/it\/wp-json\/wp\/v2\/tags?post=214894"}],"curies":[{"name":"wp","href":"https:\/\/api.w.org\/{rel}","templated":true}]}}