{"id":215535,"date":"2022-03-03T12:01:29","date_gmt":"2022-03-03T11:01:29","guid":{"rendered":"https:\/\/www.intoscana.it\/it\/?p=215535"},"modified":"2022-03-03T12:01:29","modified_gmt":"2022-03-03T11:01:29","slug":"bambino-lettera-papa","status":"publish","type":"post","link":"https:\/\/www.intoscana.it\/it\/bambino-lettera-papa\/","title":{"rendered":"&#8220;Ti capisco, anch&#8217;io non riesco a camminare&#8221;. E cos\u00ec il piccolo Nicol\u00f2 scrive al Papa"},"content":{"rendered":"<p><em>&#8220;Io riesco bene a comprendere il problema di non potersi spostare facilmente, visto che purtroppo sono un bambino disabile&#8221;.<\/em> <mark>Nicol\u00f2 ha 9 anni e non vedeva l&#8217;ora d&#8217;incontrare Papa Francesco a Firenze<\/mark>. Lui c&#8217;era nella basilica di Santa Croce. Proprio l\u00ec, in prima fila. La sua delusione per l&#8217;assenza del pontefice si \u00e8 subito tradotta in <strong>comprensione<\/strong>. Una cosa che ormai sembra appartenere solo al mondo dei bambini. Poi la comprensione ha fatto nascere un altro, nuovo desiderio: quello di <strong>comunicare<\/strong>. E cos\u00ec Nicola ha deciso di scrivere al Papa.<\/p>\n<h3>La lettera<\/h3>\n<p><em><p><span class=\"citazione\">&#8220;So per certo che tu per primo sei la persona a cui \u00e8 dispiaciuto non esserci&#8221;<\/span><\/p><\/em><\/p>\n<p><em>&#8220;Ho saputo che la causa che non ti ha permesso di venire \u00e8 stato un problema al ginocchio che non ti fa camminare e ti crea dolore. <mark>Io riesco bene a comprendere il problema di non potersi spostare facilmente, visto che purtroppo sono un bambino disabile<\/mark> e non riesco a camminare se non sorretto da qualcuno&#8221;<\/em> ha scritto Nicol\u00f2, che vive a Certaldo (Firenze). <div class=\"focuson\"><a href=\"https:\/\/www.intoscana.it\/it\/articolo\/papa-francesco-annulla-visita-firenze\/\"><img decoding=\"async\" class=\"lazy\" src=\"https:\/\/www.intoscana.it\/wp-content\/uploads\/papa.jpg\" style=\"\">\n                <div class=\"cat\">Papa Francesco annulla la visita a Firenze per un forte dolore al ginocchio<\/div>\n                <h4>Doveva celebrare l\u2019Angelus in piazza Santa Croce<\/h4><\/a>\n              <\/div><\/p>\n<p><mark>Incontrare papa Francesco era il suo sogno e domenica scorsa, a Firenze, non ha potuto realizzarlo<\/mark>. Per\u00f2 non si \u00e8 perso d&#8217;animo e il giorno dopo ha preso carta e penna e ha scritto una lettera al Papa, che avrebbe dovuto partecipare alla giornata conclusiva del <a href=\"https:\/\/www.intoscana.it\/it\/articolo\/forum-mediterraneo-carta-di-firenze-appello-pace-ucraina\/\">Forum dei sindaci e dei vescovi del Mediterraneo<\/a>.<\/p>\n<h3>L&#8217;attesa<\/h3>\n<p>Il parroco di Nicol\u00f2, insieme alla Caritas diocesana, si erano impegnati a realizzare il suo desiderio e il bambino domenica era nella basilica di Santa Croce con il padre, sulla sua carrozzina rossa.<\/p>\n<p><em>&#8220;Contavo i giorni che mancavano all&#8217;evento e non vedevo l&#8217;ora che arrivasse quel giorno&#8221;<\/em> scrive il bambino. <em>&#8220;Appena avuta la notizia che non saresti potuto venire ci sono rimasto malissimo, ho provato una grande delusione, ma so per certo che tu per primo sei la persona a cui \u00e8 dispiaciuto non esserci&#8221;.<\/em><\/p>\n<p><em><mark>&#8220;Trascorro le mie giornate su una carrozzina, ma questo non mi impedisce di amare la vita, visto che sono circondato dall&#8217;affetto della mia famiglia e delle persone che mi vogliono bene&#8221;<\/mark><\/em> si legge ancora nella lettera.<\/p>\n<h3>La speranza<\/h3>\n<p>I genitori di Niccol\u00f2 hanno vissuto anni difficili, dopo la scoperta della malattia di Nicol\u00f2, una forma di <strong>distrofia muscolare<\/strong> diagnosticata quando il bambino aveva poco pi\u00f9 di un anno.<\/p>\n<p>I genitori hanno raccontato la loro storia su settimanale <mark><em>Toscana Oggi<\/em>, che si sta anche impegnando, con la Diocesi di Firenze, per far arrivare il messaggio in Vaticano e per portare Nicol\u00f2 dal Papa<\/mark>. Al pontefice sar\u00e0 consegnato anche il libro che raccoglie letterine e disegni di oltre 800 bambini di scuole e parrocchie fiorentine, che nelle settimane scorse hanno risposto all&#8217;iniziativa <em>&#8220;Caro Francesco ti scrivo&#8230;&#8221;<\/em>.<\/p>\n","protected":false},"excerpt":{"rendered":"<p>Quando a parlare sono i bambini, tutt&#8217;attorno si dovrebbe far silenzio. Nicol\u00f2 \u00e8 di Certaldo, ha 9 anni e una disabilit\u00e0 motoria. Desiderava incontrare il Papa a Firenze, ma il pontefice non c&#8217;era. E allora gli ha scritto una lettera<\/p>\n","protected":false},"author":525,"featured_media":215536,"comment_status":"open","ping_status":"open","sticky":false,"template":"","format":"standard","meta":{"_acf_changed":false,"footnotes":""},"categories":[494],"tags":[350,5049,406,1587],"class_list":["post-215535","post","type-post","status-publish","format-standard","has-post-thumbnail","hentry","category-attualita","tag-bambini","tag-caritas","tag-disabilita","tag-papa-francesco-in-toscana"],"acf":[],"yoast_head":"<!-- This site is optimized with the Yoast SEO Premium plugin v24.2 (Yoast SEO v25.6) - https:\/\/yoast.com\/wordpress\/plugins\/seo\/ -->\n<title>&quot;Ti capisco, anch&#039;io non riesco a camminare&quot;. E cos\u00ec il piccolo Nicol\u00f2 scrive al Papa - intoscana<\/title>\n<meta name=\"description\" content=\"Nicol\u00f2 \u00e8 di Certaldo, ha 9 anni e una disabilit\u00e0 motoria. Desiderava incontrare il Papa a Firenze, ma non c&#039;era. E gli ha scritto una lettera.\" \/>\n<meta name=\"robots\" content=\"index, follow, max-snippet:-1, max-image-preview:large, max-video-preview:-1\" \/>\n<link rel=\"canonical\" href=\"https:\/\/www.intoscana.it\/it\/bambino-lettera-papa\/\" \/>\n<meta property=\"og:locale\" content=\"it_IT\" \/>\n<meta property=\"og:type\" content=\"article\" \/>\n<meta property=\"og:title\" content=\"&quot;Ti capisco, anch&#039;io non riesco a camminare&quot;. E cos\u00ec il piccolo Nicol\u00f2 scrive al Papa\" \/>\n<meta property=\"og:description\" content=\"Nicol\u00f2 \u00e8 di Certaldo, ha 9 anni e una disabilit\u00e0 motoria. Desiderava incontrare il Papa a Firenze, ma non c&#039;era. E gli ha scritto una lettera.\" \/>\n<meta property=\"og:url\" content=\"https:\/\/www.intoscana.it\/it\/bambino-lettera-papa\/\" \/>\n<meta property=\"og:site_name\" content=\"intoscana\" \/>\n<meta property=\"article:publisher\" content=\"https:\/\/www.facebook.com\/intoscana.it\" \/>\n<meta property=\"article:published_time\" content=\"2022-03-03T11:01:29+00:00\" \/>\n<meta property=\"og:image\" content=\"https:\/\/www.intoscana.it\/wp-content\/uploads\/Nicolo-scrive-al-Papa-Toscana-Oggi.jpg\" \/>\n\t<meta property=\"og:image:width\" content=\"770\" \/>\n\t<meta property=\"og:image:height\" content=\"772\" \/>\n\t<meta property=\"og:image:type\" content=\"image\/jpeg\" \/>\n<meta name=\"author\" content=\"Redazione\" \/>\n<meta name=\"twitter:card\" content=\"summary_large_image\" \/>\n<meta name=\"twitter:creator\" content=\"@intoscana\" \/>\n<meta name=\"twitter:site\" content=\"@intoscana\" \/>\n<meta name=\"twitter:label1\" content=\"Written by\" \/>\n\t<meta name=\"twitter:data1\" content=\"Redazione\" \/>\n\t<meta name=\"twitter:label2\" content=\"Est. reading time\" \/>\n\t<meta name=\"twitter:data2\" content=\"2 minuti\" \/>\n<script type=\"application\/ld+json\" class=\"yoast-schema-graph\">{\"@context\":\"https:\/\/schema.org\",\"@graph\":[{\"@type\":\"WebPage\",\"@id\":\"https:\/\/www.intoscana.it\/it\/bambino-lettera-papa\/\",\"url\":\"https:\/\/www.intoscana.it\/it\/bambino-lettera-papa\/\",\"name\":\"\\\"Ti capisco, anch'io non riesco a camminare\\\". E cos\u00ec il piccolo Nicol\u00f2 scrive al Papa - intoscana\",\"isPartOf\":{\"@id\":\"https:\/\/www.intoscana.it\/it\/#website\"},\"primaryImageOfPage\":{\"@id\":\"https:\/\/www.intoscana.it\/it\/bambino-lettera-papa\/#primaryimage\"},\"image\":{\"@id\":\"https:\/\/www.intoscana.it\/it\/bambino-lettera-papa\/#primaryimage\"},\"thumbnailUrl\":\"https:\/\/www.intoscana.it\/wp-content\/uploads\/Nicolo-scrive-al-Papa-Toscana-Oggi.jpg\",\"datePublished\":\"2022-03-03T11:01:29+00:00\",\"author\":{\"@id\":\"https:\/\/www.intoscana.it\/it\/#\/schema\/person\/9223810753230f20bd670fdd322661f8\"},\"description\":\"Nicol\u00f2 \u00e8 di Certaldo, ha 9 anni e una disabilit\u00e0 motoria. Desiderava incontrare il Papa a Firenze, ma non c'era. E gli ha scritto una lettera.\",\"breadcrumb\":{\"@id\":\"https:\/\/www.intoscana.it\/it\/bambino-lettera-papa\/#breadcrumb\"},\"inLanguage\":\"it-IT\",\"potentialAction\":[{\"@type\":\"ReadAction\",\"target\":[\"https:\/\/www.intoscana.it\/it\/bambino-lettera-papa\/\"]}]},{\"@type\":\"ImageObject\",\"inLanguage\":\"it-IT\",\"@id\":\"https:\/\/www.intoscana.it\/it\/bambino-lettera-papa\/#primaryimage\",\"url\":\"https:\/\/www.intoscana.it\/wp-content\/uploads\/Nicolo-scrive-al-Papa-Toscana-Oggi.jpg\",\"contentUrl\":\"https:\/\/www.intoscana.it\/wp-content\/uploads\/Nicolo-scrive-al-Papa-Toscana-Oggi.jpg\",\"width\":770,\"height\":772,\"caption\":\"Nicol\u00f2 scrive al Papa\"},{\"@type\":\"BreadcrumbList\",\"@id\":\"https:\/\/www.intoscana.it\/it\/bambino-lettera-papa\/#breadcrumb\",\"itemListElement\":[{\"@type\":\"ListItem\",\"position\":1,\"name\":\"Home\",\"item\":\"https:\/\/www.intoscana.it\/it\/\"},{\"@type\":\"ListItem\",\"position\":2,\"name\":\"&#8220;Ti capisco, anch&#8217;io non riesco a camminare&#8221;. E cos\u00ec il piccolo Nicol\u00f2 scrive al Papa\"}]},{\"@type\":\"WebSite\",\"@id\":\"https:\/\/www.intoscana.it\/it\/#website\",\"url\":\"https:\/\/www.intoscana.it\/it\/\",\"name\":\"intoscana\",\"description\":\"\",\"potentialAction\":[{\"@type\":\"SearchAction\",\"target\":{\"@type\":\"EntryPoint\",\"urlTemplate\":\"https:\/\/www.intoscana.it\/it\/?s={search_term_string}\"},\"query-input\":{\"@type\":\"PropertyValueSpecification\",\"valueRequired\":true,\"valueName\":\"search_term_string\"}}],\"inLanguage\":\"it-IT\"},{\"@type\":\"Person\",\"@id\":\"https:\/\/www.intoscana.it\/it\/#\/schema\/person\/9223810753230f20bd670fdd322661f8\",\"name\":\"Redazione\",\"url\":\"https:\/\/www.intoscana.it\/it\/author\/redazione\/\"}]}<\/script>\n<!-- \/ Yoast SEO Premium plugin. -->","yoast_head_json":{"title":"\"Ti capisco, anch'io non riesco a camminare\". E cos\u00ec il piccolo Nicol\u00f2 scrive al Papa - intoscana","description":"Nicol\u00f2 \u00e8 di Certaldo, ha 9 anni e una disabilit\u00e0 motoria. Desiderava incontrare il Papa a Firenze, ma non c'era. E gli ha scritto una lettera.","robots":{"index":"index","follow":"follow","max-snippet":"max-snippet:-1","max-image-preview":"max-image-preview:large","max-video-preview":"max-video-preview:-1"},"canonical":"https:\/\/www.intoscana.it\/it\/bambino-lettera-papa\/","og_locale":"it_IT","og_type":"article","og_title":"\"Ti capisco, anch'io non riesco a camminare\". E cos\u00ec il piccolo Nicol\u00f2 scrive al Papa","og_description":"Nicol\u00f2 \u00e8 di Certaldo, ha 9 anni e una disabilit\u00e0 motoria. Desiderava incontrare il Papa a Firenze, ma non c'era. E gli ha scritto una lettera.","og_url":"https:\/\/www.intoscana.it\/it\/bambino-lettera-papa\/","og_site_name":"intoscana","article_publisher":"https:\/\/www.facebook.com\/intoscana.it","article_published_time":"2022-03-03T11:01:29+00:00","og_image":[{"width":770,"height":772,"url":"https:\/\/www.intoscana.it\/wp-content\/uploads\/Nicolo-scrive-al-Papa-Toscana-Oggi.jpg","type":"image\/jpeg"}],"author":"Redazione","twitter_card":"summary_large_image","twitter_creator":"@intoscana","twitter_site":"@intoscana","twitter_misc":{"Written by":"Redazione","Est. reading time":"2 minuti"},"schema":{"@context":"https:\/\/schema.org","@graph":[{"@type":"WebPage","@id":"https:\/\/www.intoscana.it\/it\/bambino-lettera-papa\/","url":"https:\/\/www.intoscana.it\/it\/bambino-lettera-papa\/","name":"\"Ti capisco, anch'io non riesco a camminare\". E cos\u00ec il piccolo Nicol\u00f2 scrive al Papa - intoscana","isPartOf":{"@id":"https:\/\/www.intoscana.it\/it\/#website"},"primaryImageOfPage":{"@id":"https:\/\/www.intoscana.it\/it\/bambino-lettera-papa\/#primaryimage"},"image":{"@id":"https:\/\/www.intoscana.it\/it\/bambino-lettera-papa\/#primaryimage"},"thumbnailUrl":"https:\/\/www.intoscana.it\/wp-content\/uploads\/Nicolo-scrive-al-Papa-Toscana-Oggi.jpg","datePublished":"2022-03-03T11:01:29+00:00","author":{"@id":"https:\/\/www.intoscana.it\/it\/#\/schema\/person\/9223810753230f20bd670fdd322661f8"},"description":"Nicol\u00f2 \u00e8 di Certaldo, ha 9 anni e una disabilit\u00e0 motoria. Desiderava incontrare il Papa a Firenze, ma non c'era. E gli ha scritto una lettera.","breadcrumb":{"@id":"https:\/\/www.intoscana.it\/it\/bambino-lettera-papa\/#breadcrumb"},"inLanguage":"it-IT","potentialAction":[{"@type":"ReadAction","target":["https:\/\/www.intoscana.it\/it\/bambino-lettera-papa\/"]}]},{"@type":"ImageObject","inLanguage":"it-IT","@id":"https:\/\/www.intoscana.it\/it\/bambino-lettera-papa\/#primaryimage","url":"https:\/\/www.intoscana.it\/wp-content\/uploads\/Nicolo-scrive-al-Papa-Toscana-Oggi.jpg","contentUrl":"https:\/\/www.intoscana.it\/wp-content\/uploads\/Nicolo-scrive-al-Papa-Toscana-Oggi.jpg","width":770,"height":772,"caption":"Nicol\u00f2 scrive al Papa"},{"@type":"BreadcrumbList","@id":"https:\/\/www.intoscana.it\/it\/bambino-lettera-papa\/#breadcrumb","itemListElement":[{"@type":"ListItem","position":1,"name":"Home","item":"https:\/\/www.intoscana.it\/it\/"},{"@type":"ListItem","position":2,"name":"&#8220;Ti capisco, anch&#8217;io non riesco a camminare&#8221;. E cos\u00ec il piccolo Nicol\u00f2 scrive al Papa"}]},{"@type":"WebSite","@id":"https:\/\/www.intoscana.it\/it\/#website","url":"https:\/\/www.intoscana.it\/it\/","name":"intoscana","description":"","potentialAction":[{"@type":"SearchAction","target":{"@type":"EntryPoint","urlTemplate":"https:\/\/www.intoscana.it\/it\/?s={search_term_string}"},"query-input":{"@type":"PropertyValueSpecification","valueRequired":true,"valueName":"search_term_string"}}],"inLanguage":"it-IT"},{"@type":"Person","@id":"https:\/\/www.intoscana.it\/it\/#\/schema\/person\/9223810753230f20bd670fdd322661f8","name":"Redazione","url":"https:\/\/www.intoscana.it\/it\/author\/redazione\/"}]}},"_links":{"self":[{"href":"https:\/\/www.intoscana.it\/it\/wp-json\/wp\/v2\/posts\/215535","targetHints":{"allow":["GET"]}}],"collection":[{"href":"https:\/\/www.intoscana.it\/it\/wp-json\/wp\/v2\/posts"}],"about":[{"href":"https:\/\/www.intoscana.it\/it\/wp-json\/wp\/v2\/types\/post"}],"author":[{"embeddable":true,"href":"https:\/\/www.intoscana.it\/it\/wp-json\/wp\/v2\/users\/525"}],"replies":[{"embeddable":true,"href":"https:\/\/www.intoscana.it\/it\/wp-json\/wp\/v2\/comments?post=215535"}],"version-history":[{"count":0,"href":"https:\/\/www.intoscana.it\/it\/wp-json\/wp\/v2\/posts\/215535\/revisions"}],"wp:featuredmedia":[{"embeddable":true,"href":"https:\/\/www.intoscana.it\/it\/wp-json\/wp\/v2\/media\/215536"}],"wp:attachment":[{"href":"https:\/\/www.intoscana.it\/it\/wp-json\/wp\/v2\/media?parent=215535"}],"wp:term":[{"taxonomy":"category","embeddable":true,"href":"https:\/\/www.intoscana.it\/it\/wp-json\/wp\/v2\/categories?post=215535"},{"taxonomy":"post_tag","embeddable":true,"href":"https:\/\/www.intoscana.it\/it\/wp-json\/wp\/v2\/tags?post=215535"}],"curies":[{"name":"wp","href":"https:\/\/api.w.org\/{rel}","templated":true}]}}