{"id":215644,"date":"2022-03-03T17:54:13","date_gmt":"2022-03-03T16:54:13","guid":{"rendered":"https:\/\/www.intoscana.it\/it\/?p=215644"},"modified":"2022-03-03T17:54:13","modified_gmt":"2022-03-03T16:54:13","slug":"mostra-antiche-camelie-lucchesia-2022","status":"publish","type":"post","link":"https:\/\/www.intoscana.it\/it\/mostra-antiche-camelie-lucchesia-2022\/","title":{"rendered":"Con la primavera torna a &#8220;fiorire&#8221; la Mostra antiche camelie della Lucchesia"},"content":{"rendered":"<p>\u00c8 di nuovo primavera nel <strong>Borgo delle camelie<\/strong>. Dopo la pausa forzata a causa della pandemia torna la <a href=\"https:\/\/camelielucchesia.it\/\" target=\"_blank\" rel=\"noopener\">Mostra antiche camelie della Lucchesia<\/a>, organizzata dal Centro Culturale Compitese in collaborazione col Comune di Capannori e giunta ormai alla 33esima edizione.<\/p>\n<p><mark>Nei tre fine settimana di marzo (12-13, 19-20 e 26-27), oltre alla visita al camelieto di Sant&#8217;Andrea di Compito (dalle ore 10 alle 18), sono in programma oltre 40 eventi, compresa la mostra mercato delle camelie<\/mark>. Sar\u00e0 quindi di nuovo possibile godere dello spettacolo multicolore offerto dalla <strong>fioritura<\/strong> primaverile, cui si aggiungono <strong>passeggiate<\/strong> nel verde, <strong>escursioni<\/strong> nella natura, <strong>degustazioni<\/strong> di prodotti tipici, <strong>mostre<\/strong> fotografiche, <strong>concerti<\/strong> e molto altro ancora.<\/p>\n<h3>Boom di prenotazioni<\/h3>\n<p>Il richiamo della bellezza paesaggistica e la voglia di ricominciare a vivere si misura anche nella prima risposta dei visitatori: a oggi sono infatti pi\u00f9 di <strong>50 i pullman<\/strong> prenotati che porteranno a Pieve e Sant&#8217;Andrea di Compito oltre <strong>1.600 visitatori<\/strong> provenienti dall&#8217;Italia e dall&#8217;estero. Non arriveranno solo dalla Toscana. Attesi interi gruppi anche da Liguria, Emilia-Romagna, Lombardia, Piemonte, Lazio, Veneto, Campania e Puglia. Al momento sono tre i pullman gi\u00e0 prenotati e provenienti dalla Germania.<\/p>\n<figure id=\"post-215649 media-215649\" class=\"align-center\"><img decoding=\"async\" class=\"aligncenter\" src=\"https:\/\/www.intoscana.it\/wp-content\/uploads\/Borgo-Camelie.jpeg\" alt=\"\" \/><\/figure>\n<div class=\"titleimg\" style=\"text-align: center;\">Mostra antiche camelie della Lucchesia<\/div>\n<p><em>&#8220;L&#8217;edizione 2022 della Mostra antiche camelie della Lucchesia rappresenta a pieno titolo l&#8217;edizione della ripartenza e assume quindi ancora pi\u00f9 valore&#8221;<\/em> afferma l&#8217;assessore alla cultura del Comune di Capannori, <strong>Francesco Cecchetti<\/strong>. <em>&#8220;<mark>Questa manifestazione \u00e8 un vero simbolo per Capannori, un appuntamento davvero unico e imperdibile non solo per ammirare le splendide camelie ma anche per scoprire e conoscere i borghi che la ospitano e le molte altre bellezze storiche, architettoniche e naturalistiche del nostro territorio<\/mark>. Il programma si presenta ricco di eventi in grado di offrire ai visitatori molte proposte: fotografia, musica, percorsi del gusto ed educazione alimentare, le cerimonie del t\u00e8, affascinanti percorsi nella natura. Intendo ringraziare, tutti coloro, in primis il Centro Culturale Compitese, che hanno consentito la realizzazione di questo straordinario evento&#8221;.<\/em><\/p>\n<h3>Oltre 20 ettari di giardini fioriti<\/h3>\n<p>La vera protagonista \u00e8 (e resta) la camelia, che in Lucchesia risale addirittura alla fine del Settecento. Il <a href=\"https:\/\/camellietumcompitese.com\/\" target=\"_blank\" rel=\"noopener\">Camellietum Compitese<\/a>, che si estende per oltre 20 mila metri quadrati, raccoglie <strong>pi\u00f9 di 1.500 piante e centinaia di variet\u00e0<\/strong> &#8211; alcune recenti, altri antichissime &#8211; differenti per forma e colore. La straordinariet\u00e0 di questo spazio \u00e8 stata riconosciuta anche dall&#8217;International Camelia Society, che ha inserito il camelieto tra i &#8220;Giardini d&#8217;eccellenza&#8221; del mondo, che sono soltanto tre in Italia e venticinque in tutta Europa.<\/p>\n<p><em><mark>&#8220;Visitare la mostra \u00e8 il miglior modo per tornare a fruire della bellezza. All&#8217;aperto, immersi nella natura tra colori, sapori e suoni&#8221;<\/em> dice <strong>Augusto Orsi<\/strong>, presidente del Centro Culturale Compitese<\/mark>. <em>&#8220;In questi anni abbiamo continuato a prenderci cura del Camellietum, che \u00e8 ancora pi\u00f9 grande. Rispetto al periodo precedente alla fase pandemica abbiamo recuperato due ettari. Tra camelieto e boschi, oggi ci sono pi\u00f9 di trentamila metri quadrati di spazi aperti e visitabili. Ora la priorit\u00e0 \u00e8 tornare alla vita. Il nostro obiettivo? Coinvolgere il paese, le persone e le associazioni. A cominciare da Slow Food fino alle comunit\u00e0. Come quelle delle cooperative, del cibo e del Bosco dei Monti Pisani&#8221;.<\/em><\/p>\n<h3>La comunit\u00e0 al centro<\/h3>\n<p>E proprio alle cooperative di comunit\u00e0, di cui il Centro Culturale fa parte, sar\u00e0 dedicato uno degli appuntamenti in programma alla Mostra delle antiche camelie, resa possibile grazie anche alla Fondazione Cassa di Risparmio di Lucca, alla Societ\u00e0 italiana della Camelia e all&#8217;International Camellia Society. La manifestazione ha inoltre il patrocinio del Comune di Lucca e di Regione Toscana.<\/p>\n<figure id=\"post-215647 media-215647\" class=\"align-center\"><img decoding=\"async\" class=\"aligncenter\" src=\"https:\/\/www.intoscana.it\/wp-content\/uploads\/Mostra-antiche-camelie-della-Lucchesia-Camelieto-33.jpeg\" alt=\"\" \/><\/figure>\n<div class=\"titleimg\" style=\"text-align: center;\">Mostra antiche camelie della Lucchesia<\/div>\n<p><em>\u201cLa mostra delle antiche camelie \u00e8 una delle manifestazioni che meglio racconta a trecentosessanta gradi il territorio&#8221;<\/em> commenta <strong>Marcello Bertocchini<\/strong>, presidente della Fondazione Cassa di Risparmio di Lucca.<em> &#8220;Si tratta infatti di un evento diffuso e coinvolgente in cui vengono valorizzati molti aspetti del patrimonio culturale: la natura, la tradizione, la bellezza artistica dei luoghi. \u00c8 l\u2019occasione per molti di conoscere questa parte del territorio attraverso una tipicit\u00e0 che ormai si identifica con il Compitese, <mark>seguendo un modello di fruizione che va nel senso della sostenibilit\u00e0 e del cosiddetto \u2018turismo lento\u2019, ad oggi capisaldi irrinunciabili per lo sviluppo del territorio e della sua promozione<\/mark>&#8220;.<\/em><\/p>\n<h3>La reciprocit\u00e0 con Villa Reale<\/h3>\n<p>Tra i promotori della mostra c&#8217;\u00e8 anche la <a href=\"https:\/\/villarealedimarlia.it\/\" target=\"_blank\" rel=\"noopener\">Villa Reale di Marlia<\/a>. A marzo, con il biglietto d&#8217;ingresso del camelieto, dal luned\u00ec al venerd\u00ec si potr\u00e0 accedere al complesso di Villa Reale a un prezzo ridotto (11 euro).<\/p>\n<p><em>&#8220;Abbiamo molto a cuore la Mostra delle antiche camelie. \u00c8 anche per questo che abbiamo sempre sostenuto e supportato la manifestazione, anche durante la pandemia&#8221;<\/em> commenta <strong>Michela Fovanna<\/strong>, marketing manager della Villa Reale di Marlia. <em>&#8220;Il sostegno non \u00e8 solo economico. La relazione che abbiamo costruito si basa infatti sulla reciproca promozione di due realt\u00e0, la mostra della camelie e Villa Reale, che riflettono entrambe l&#8217;anima e la bellezza del territorio a cui appartengono&#8221;.<\/em><\/p>\n<h3>Gli eventi<\/h3>\n<p>Il Camellietum, aperto anche nei giorni feriali, rappresenter\u00e0 la scenografia naturale anche per numerosi eventi, a cominciare dalle <strong>mostre fotografiche<\/strong> fino all&#8217;antica <strong>cerimonia del t\u00e8 giapponese<\/strong> (in costume), dalle visite guidate alla fioritura della camelia japonica fino alle escursioni con guida ambientale sui sentieri del camelieto, dai concerti e dalle escursioni (in collaborazione con Legambiente e Wwf) fino ai percorsi di educazione alimentare a cura di <strong>Slow Food<\/strong>, che proporr\u00e0 anche percorsi del gusto con i prodotti tipici insieme alle <strong>comunit\u00e0 del cibo<\/strong> del Monte Amiata e della Garfagnana.<\/p>\n<figure id=\"post-215646 media-215646\" class=\"align-center\"><img decoding=\"async\" class=\"aligncenter\" src=\"https:\/\/www.intoscana.it\/wp-content\/uploads\/conferenza-stampa-mostra-antiche-camelie-lucchesia-.jpeg\" alt=\"\" \/><\/figure>\n<div class=\"titleimg\" style=\"text-align: center;\">Mostra antiche camelie della Lucchesia<\/div>\n<p>L&#8217;inaugurazione \u00e8 in programma sabato 12 marzo 2022 al Camellietum Compitese (ore 10.30). Oltre alle autorit\u00e0 locali partecipano, tra gli altri, <strong>Gianmario Motta<\/strong> (presidente dell&#8217;International Camellia Society &#8211; Ics), <strong>Pilar Vela Fern\u00e1ndez<\/strong> (vicepresidente Ics Europa), <strong>Anke Koschitz<\/strong> (direttore Ics Germania e Austria), <strong>Daniele Bosi<\/strong> (direttore Ics Italia) e <strong>Klaus-Peter Hanke<\/strong> (sindaco di Pirna &#8211; Dresda, Germania).<\/p>\n<h3>Come partecipare<\/h3>\n<p>Nei giorni di mostra il costo del biglietto sar\u00e0 di 7 euro (ingresso gratuito per i minori di 14 anni), che d\u00e0 diritto al viaggio in navetta. Il centro del paese sar\u00e0 chiuso al traffico, ma \u00e8 possibile parcheggiare presso il &#8220;Frantoio sociale del Compitese&#8221; (via di Tiglio 609A, Pieve di Compito) dov&#8217;\u00e8 presente anche la biglietteria (quella principale \u00e8 all&#8217;ingresso del Camellietum). A partire dalle 9.45 navetta ogni 20 minuti. Ultimo viaggio di andata alle ore 17, ultimo viaggio di ritorno alle ore 19. \u00c8 inoltre possibile raggiungere il Camellietum Compitese anche a piedi, lungo un sentiero segnato lungo circa 2,5 chilometri tra boschi e oliveti (durata, circa 45 minuti). Informazioni e <strong>programma<\/strong> sono consultabili sul sito <a href=\"https:\/\/camelielucchesia.it\/\" target=\"_blank\" rel=\"noopener\">camelielucchesia.it<\/a>.<\/p>\n","protected":false},"excerpt":{"rendered":"<p>Oltre 1.500 camelie in fiore nei 20 ettari del Camellietum Compitese, giardino d&#8217;eccellenza in Europa. Dopo la pausa forzata a causa della pandemia la Mostra si terr\u00e0 per tre weekend, da 12 al 27 marzo 2022, proponendo pi\u00e0 di 40 eventi tra concerti, degustazioni e visite guidate<\/p>\n","protected":false},"author":525,"featured_media":215650,"comment_status":"open","ping_status":"open","sticky":false,"template":"","format":"standard","meta":{"_acf_changed":false,"footnotes":""},"categories":[493],"tags":[395,5593,5416],"class_list":["post-215644","post","type-post","status-publish","format-standard","has-post-thumbnail","hentry","category-cultura","tag-eventi-in-toscana","tag-fiori","tag-lucchesia"],"acf":[],"yoast_head":"<!-- This site is optimized with the Yoast SEO Premium plugin v24.2 (Yoast SEO v25.6) - https:\/\/yoast.com\/wordpress\/plugins\/seo\/ -->\n<title>Con la primavera torna a &quot;fiorire&quot; la Mostra antiche camelie della Lucchesia - intoscana<\/title>\n<meta name=\"description\" content=\"Oltre 1.500 camelie in fiore nei 20 ettari del Camellietum Compitese, giardino d&#039;eccellenza al mondo. Per tre weekend, da 12 al 27 marzo 2022.\" \/>\n<meta name=\"robots\" content=\"index, follow, max-snippet:-1, max-image-preview:large, max-video-preview:-1\" \/>\n<link rel=\"canonical\" href=\"https:\/\/www.intoscana.it\/it\/mostra-antiche-camelie-lucchesia-2022\/\" \/>\n<meta property=\"og:locale\" content=\"it_IT\" \/>\n<meta property=\"og:type\" content=\"article\" \/>\n<meta property=\"og:title\" content=\"Con la primavera torna a &quot;fiorire&quot; la Mostra antiche camelie della Lucchesia\" \/>\n<meta property=\"og:description\" content=\"Oltre 1.500 camelie in fiore nei 20 ettari del Camellietum Compitese, giardino d&#039;eccellenza al mondo. Per tre weekend, da 12 al 27 marzo 2022.\" \/>\n<meta property=\"og:url\" content=\"https:\/\/www.intoscana.it\/it\/mostra-antiche-camelie-lucchesia-2022\/\" \/>\n<meta property=\"og:site_name\" content=\"intoscana\" \/>\n<meta property=\"article:publisher\" content=\"https:\/\/www.facebook.com\/intoscana.it\" \/>\n<meta property=\"article:published_time\" content=\"2022-03-03T16:54:13+00:00\" \/>\n<meta property=\"og:image\" content=\"https:\/\/www.intoscana.it\/wp-content\/uploads\/Mostra-antiche-camelie-della-Lucchesia-Camelieto-25.jpeg\" \/>\n\t<meta property=\"og:image:width\" content=\"1800\" \/>\n\t<meta property=\"og:image:height\" content=\"1202\" \/>\n\t<meta property=\"og:image:type\" content=\"image\/jpeg\" \/>\n<meta name=\"author\" content=\"Redazione\" \/>\n<meta name=\"twitter:card\" content=\"summary_large_image\" \/>\n<meta name=\"twitter:creator\" content=\"@intoscana\" \/>\n<meta name=\"twitter:site\" content=\"@intoscana\" \/>\n<meta name=\"twitter:label1\" content=\"Written by\" \/>\n\t<meta name=\"twitter:data1\" content=\"Redazione\" \/>\n\t<meta name=\"twitter:label2\" content=\"Est. reading time\" \/>\n\t<meta name=\"twitter:data2\" content=\"5 minuti\" \/>\n<script type=\"application\/ld+json\" class=\"yoast-schema-graph\">{\"@context\":\"https:\/\/schema.org\",\"@graph\":[{\"@type\":\"WebPage\",\"@id\":\"https:\/\/www.intoscana.it\/it\/mostra-antiche-camelie-lucchesia-2022\/\",\"url\":\"https:\/\/www.intoscana.it\/it\/mostra-antiche-camelie-lucchesia-2022\/\",\"name\":\"Con la primavera torna a \\\"fiorire\\\" la Mostra antiche camelie della Lucchesia - intoscana\",\"isPartOf\":{\"@id\":\"https:\/\/www.intoscana.it\/it\/#website\"},\"primaryImageOfPage\":{\"@id\":\"https:\/\/www.intoscana.it\/it\/mostra-antiche-camelie-lucchesia-2022\/#primaryimage\"},\"image\":{\"@id\":\"https:\/\/www.intoscana.it\/it\/mostra-antiche-camelie-lucchesia-2022\/#primaryimage\"},\"thumbnailUrl\":\"https:\/\/www.intoscana.it\/wp-content\/uploads\/Mostra-antiche-camelie-della-Lucchesia-Camelieto-25.jpeg\",\"datePublished\":\"2022-03-03T16:54:13+00:00\",\"author\":{\"@id\":\"https:\/\/www.intoscana.it\/it\/#\/schema\/person\/9223810753230f20bd670fdd322661f8\"},\"description\":\"Oltre 1.500 camelie in fiore nei 20 ettari del Camellietum Compitese, giardino d'eccellenza al mondo. Per tre weekend, da 12 al 27 marzo 2022.\",\"breadcrumb\":{\"@id\":\"https:\/\/www.intoscana.it\/it\/mostra-antiche-camelie-lucchesia-2022\/#breadcrumb\"},\"inLanguage\":\"it-IT\",\"potentialAction\":[{\"@type\":\"ReadAction\",\"target\":[\"https:\/\/www.intoscana.it\/it\/mostra-antiche-camelie-lucchesia-2022\/\"]}]},{\"@type\":\"ImageObject\",\"inLanguage\":\"it-IT\",\"@id\":\"https:\/\/www.intoscana.it\/it\/mostra-antiche-camelie-lucchesia-2022\/#primaryimage\",\"url\":\"https:\/\/www.intoscana.it\/wp-content\/uploads\/Mostra-antiche-camelie-della-Lucchesia-Camelieto-25.jpeg\",\"contentUrl\":\"https:\/\/www.intoscana.it\/wp-content\/uploads\/Mostra-antiche-camelie-della-Lucchesia-Camelieto-25.jpeg\",\"width\":1800,\"height\":1202,\"caption\":\"Mostra antiche camelie della Lucchesia\"},{\"@type\":\"BreadcrumbList\",\"@id\":\"https:\/\/www.intoscana.it\/it\/mostra-antiche-camelie-lucchesia-2022\/#breadcrumb\",\"itemListElement\":[{\"@type\":\"ListItem\",\"position\":1,\"name\":\"Home\",\"item\":\"https:\/\/www.intoscana.it\/it\/\"},{\"@type\":\"ListItem\",\"position\":2,\"name\":\"Con la primavera torna a &#8220;fiorire&#8221; la Mostra antiche camelie della Lucchesia\"}]},{\"@type\":\"WebSite\",\"@id\":\"https:\/\/www.intoscana.it\/it\/#website\",\"url\":\"https:\/\/www.intoscana.it\/it\/\",\"name\":\"intoscana\",\"description\":\"\",\"potentialAction\":[{\"@type\":\"SearchAction\",\"target\":{\"@type\":\"EntryPoint\",\"urlTemplate\":\"https:\/\/www.intoscana.it\/it\/?s={search_term_string}\"},\"query-input\":{\"@type\":\"PropertyValueSpecification\",\"valueRequired\":true,\"valueName\":\"search_term_string\"}}],\"inLanguage\":\"it-IT\"},{\"@type\":\"Person\",\"@id\":\"https:\/\/www.intoscana.it\/it\/#\/schema\/person\/9223810753230f20bd670fdd322661f8\",\"name\":\"Redazione\",\"url\":\"https:\/\/www.intoscana.it\/it\/author\/redazione\/\"}]}<\/script>\n<!-- \/ Yoast SEO Premium plugin. -->","yoast_head_json":{"title":"Con la primavera torna a \"fiorire\" la Mostra antiche camelie della Lucchesia - intoscana","description":"Oltre 1.500 camelie in fiore nei 20 ettari del Camellietum Compitese, giardino d'eccellenza al mondo. Per tre weekend, da 12 al 27 marzo 2022.","robots":{"index":"index","follow":"follow","max-snippet":"max-snippet:-1","max-image-preview":"max-image-preview:large","max-video-preview":"max-video-preview:-1"},"canonical":"https:\/\/www.intoscana.it\/it\/mostra-antiche-camelie-lucchesia-2022\/","og_locale":"it_IT","og_type":"article","og_title":"Con la primavera torna a \"fiorire\" la Mostra antiche camelie della Lucchesia","og_description":"Oltre 1.500 camelie in fiore nei 20 ettari del Camellietum Compitese, giardino d'eccellenza al mondo. Per tre weekend, da 12 al 27 marzo 2022.","og_url":"https:\/\/www.intoscana.it\/it\/mostra-antiche-camelie-lucchesia-2022\/","og_site_name":"intoscana","article_publisher":"https:\/\/www.facebook.com\/intoscana.it","article_published_time":"2022-03-03T16:54:13+00:00","og_image":[{"width":1800,"height":1202,"url":"https:\/\/www.intoscana.it\/wp-content\/uploads\/Mostra-antiche-camelie-della-Lucchesia-Camelieto-25.jpeg","type":"image\/jpeg"}],"author":"Redazione","twitter_card":"summary_large_image","twitter_creator":"@intoscana","twitter_site":"@intoscana","twitter_misc":{"Written by":"Redazione","Est. reading time":"5 minuti"},"schema":{"@context":"https:\/\/schema.org","@graph":[{"@type":"WebPage","@id":"https:\/\/www.intoscana.it\/it\/mostra-antiche-camelie-lucchesia-2022\/","url":"https:\/\/www.intoscana.it\/it\/mostra-antiche-camelie-lucchesia-2022\/","name":"Con la primavera torna a \"fiorire\" la Mostra antiche camelie della Lucchesia - intoscana","isPartOf":{"@id":"https:\/\/www.intoscana.it\/it\/#website"},"primaryImageOfPage":{"@id":"https:\/\/www.intoscana.it\/it\/mostra-antiche-camelie-lucchesia-2022\/#primaryimage"},"image":{"@id":"https:\/\/www.intoscana.it\/it\/mostra-antiche-camelie-lucchesia-2022\/#primaryimage"},"thumbnailUrl":"https:\/\/www.intoscana.it\/wp-content\/uploads\/Mostra-antiche-camelie-della-Lucchesia-Camelieto-25.jpeg","datePublished":"2022-03-03T16:54:13+00:00","author":{"@id":"https:\/\/www.intoscana.it\/it\/#\/schema\/person\/9223810753230f20bd670fdd322661f8"},"description":"Oltre 1.500 camelie in fiore nei 20 ettari del Camellietum Compitese, giardino d'eccellenza al mondo. Per tre weekend, da 12 al 27 marzo 2022.","breadcrumb":{"@id":"https:\/\/www.intoscana.it\/it\/mostra-antiche-camelie-lucchesia-2022\/#breadcrumb"},"inLanguage":"it-IT","potentialAction":[{"@type":"ReadAction","target":["https:\/\/www.intoscana.it\/it\/mostra-antiche-camelie-lucchesia-2022\/"]}]},{"@type":"ImageObject","inLanguage":"it-IT","@id":"https:\/\/www.intoscana.it\/it\/mostra-antiche-camelie-lucchesia-2022\/#primaryimage","url":"https:\/\/www.intoscana.it\/wp-content\/uploads\/Mostra-antiche-camelie-della-Lucchesia-Camelieto-25.jpeg","contentUrl":"https:\/\/www.intoscana.it\/wp-content\/uploads\/Mostra-antiche-camelie-della-Lucchesia-Camelieto-25.jpeg","width":1800,"height":1202,"caption":"Mostra antiche camelie della Lucchesia"},{"@type":"BreadcrumbList","@id":"https:\/\/www.intoscana.it\/it\/mostra-antiche-camelie-lucchesia-2022\/#breadcrumb","itemListElement":[{"@type":"ListItem","position":1,"name":"Home","item":"https:\/\/www.intoscana.it\/it\/"},{"@type":"ListItem","position":2,"name":"Con la primavera torna a &#8220;fiorire&#8221; la Mostra antiche camelie della Lucchesia"}]},{"@type":"WebSite","@id":"https:\/\/www.intoscana.it\/it\/#website","url":"https:\/\/www.intoscana.it\/it\/","name":"intoscana","description":"","potentialAction":[{"@type":"SearchAction","target":{"@type":"EntryPoint","urlTemplate":"https:\/\/www.intoscana.it\/it\/?s={search_term_string}"},"query-input":{"@type":"PropertyValueSpecification","valueRequired":true,"valueName":"search_term_string"}}],"inLanguage":"it-IT"},{"@type":"Person","@id":"https:\/\/www.intoscana.it\/it\/#\/schema\/person\/9223810753230f20bd670fdd322661f8","name":"Redazione","url":"https:\/\/www.intoscana.it\/it\/author\/redazione\/"}]}},"_links":{"self":[{"href":"https:\/\/www.intoscana.it\/it\/wp-json\/wp\/v2\/posts\/215644","targetHints":{"allow":["GET"]}}],"collection":[{"href":"https:\/\/www.intoscana.it\/it\/wp-json\/wp\/v2\/posts"}],"about":[{"href":"https:\/\/www.intoscana.it\/it\/wp-json\/wp\/v2\/types\/post"}],"author":[{"embeddable":true,"href":"https:\/\/www.intoscana.it\/it\/wp-json\/wp\/v2\/users\/525"}],"replies":[{"embeddable":true,"href":"https:\/\/www.intoscana.it\/it\/wp-json\/wp\/v2\/comments?post=215644"}],"version-history":[{"count":0,"href":"https:\/\/www.intoscana.it\/it\/wp-json\/wp\/v2\/posts\/215644\/revisions"}],"wp:featuredmedia":[{"embeddable":true,"href":"https:\/\/www.intoscana.it\/it\/wp-json\/wp\/v2\/media\/215650"}],"wp:attachment":[{"href":"https:\/\/www.intoscana.it\/it\/wp-json\/wp\/v2\/media?parent=215644"}],"wp:term":[{"taxonomy":"category","embeddable":true,"href":"https:\/\/www.intoscana.it\/it\/wp-json\/wp\/v2\/categories?post=215644"},{"taxonomy":"post_tag","embeddable":true,"href":"https:\/\/www.intoscana.it\/it\/wp-json\/wp\/v2\/tags?post=215644"}],"curies":[{"name":"wp","href":"https:\/\/api.w.org\/{rel}","templated":true}]}}