{"id":215772,"date":"2022-03-04T15:18:56","date_gmt":"2022-03-04T14:18:56","guid":{"rendered":"https:\/\/www.intoscana.it\/it\/?p=215772"},"modified":"2022-03-04T15:18:56","modified_gmt":"2022-03-04T14:18:56","slug":"jimmy-sax-firenze","status":"publish","type":"post","link":"https:\/\/www.intoscana.it\/it\/jimmy-sax-firenze\/","title":{"rendered":"Parte da Firenze il tour italiano del grande sassofonista Jimmy Sax"},"content":{"rendered":"<p><strong>Travolgente, carismatico, ricercato:<\/strong> autore di successi mondiali come <em><strong>\u201cNo man no cry\u201d<\/strong> <\/em>(oltre 170 milioni di click su Youtube) e <em><strong>\u201cTime\u201d<\/strong><\/em> (30 milioni di click) <strong>Jimmy Sax<\/strong>\u00a0ha scelto\u00a0<strong>Firenze<\/strong> per il debutto del<strong> primo tour italiano.<\/strong><\/p>\n<p>Francese di origine, <strong>Jeremy Rolland<\/strong> \u2013 questo il suo vero nome -, con il suo <strong>inseparabile sassofono<\/strong> intrattiene piccole e grandi folle in giro per il globo da quando era giovanissimo.<\/p>\n<p>Negli ultimi anni si \u00e8 esibito in alcune delle localit\u00e0 pi\u00f9 di tendenza del mondo, come <strong>St. Tropez, Miami, Cannes, St Barth, Dubai, Parigi, Monaco, Capri, New Delhi, Cancun<\/strong> solo per citare le pi\u00f9 note.<\/p>\n<p>Con pi\u00f9 di <strong>475.000 follower e oltre 150 milioni di visualizzazioni su YouTube<\/strong>, Jimmy Sax ha raggiunto il successo con il singolo <em><strong>\u201cNo man no Cry\u201d<\/strong><\/em>, ha conquistato il disco di platino in Francia per il singolo <em><strong>\u201cIbiza\u201d,<\/strong><\/em> realizzato insieme a JUL. E\u2019 stato tra gli ospiti del Concerto di Natale 2021 all\u2019Auditorium Conciliazione.<\/p>\n<p>Sassofonista moderno e carismatico performer, <strong>Jimmy Sax<\/strong>, con il suo sound vivo ed energico, riesce a travolgere chiunque lo ascolti, accompagnandolo in un emozionante viaggio tra<strong> sonorit\u00e0 deep-house, funky ed electro<\/strong>: le sfumature che caratterizzano il suo mondo sonoro cosmopolita.<\/p>\n<p>Si presenta al pubblico italiano con <strong>un repertorio inedito<\/strong>, dimostrando come il <strong>sassofono<\/strong> sia a tutti gli effetti un\u2019estensione del suo stesso corpo.<\/p>\n<p><iframe loading=\"lazy\" title=\"YouTube video player\" src=\"https:\/\/www.youtube.com\/embed\/rvJxbnpGH1E\" width=\"800\" height=\"500\" frameborder=\"0\" allowfullscreen=\"allowfullscreen\"><span data-mce-type=\"bookmark\" style=\"display: inline-block; width: 0px; overflow: hidden; line-height: 0;\" class=\"mce_SELRES_start\">\ufeff<\/span><\/iframe><\/p>\n<p>Appuntamento <strong>venerd\u00ec 4 marzo al Tuscany Hall,<\/strong> ore 21. I biglietti (da 32,20 a 55,20 euro, compresi diritti di prevendita) sono disponibili sul sito www.bitconcerti.it, su www.ticketone.it (tel. 892.101) e nei punti Box Office Toscana (www.boxofficetoscana.it\/punti-vendita tel. 055.210804).<\/p>\n<p><strong>Jimmy Sax<\/strong> sar\u00e0 affiancato sul palco dalla<strong> Symphonic Dance Orchestra<\/strong>, diretta dal<strong> Maestro Vincenzo Sorrentino<\/strong>, direttore d\u2019orchestra e pianista virtuoso oltre che autore di tante colonne sonore per il piccolo e il grande schermo.<\/p>\n","protected":false},"excerpt":{"rendered":"<p>Dopo i successi mondiali \u201cNo man no cry\u201d e \u201cTime\u201d l\u2019artista sar\u00e0 dal vivo insieme alla Symphonic Dance Orchestra venerd\u00ec 4 marzo al Tuscany Hall<\/p>\n","protected":false},"author":525,"featured_media":215774,"comment_status":"open","ping_status":"open","sticky":false,"template":"","format":"standard","meta":{"_acf_changed":false,"footnotes":""},"categories":[14],"tags":[216,202],"class_list":["post-215772","post","type-post","status-publish","format-standard","has-post-thumbnail","hentry","category-musica","tag-concerti","tag-firenze"],"acf":[],"yoast_head":"<!-- This site is optimized with the Yoast SEO Premium plugin v24.2 (Yoast SEO v25.6) - https:\/\/yoast.com\/wordpress\/plugins\/seo\/ -->\n<title>Parte da Firenze il tour italiano del grande sassofonista Jimmy Sax - intoscana<\/title>\n<meta name=\"description\" content=\"Dopo i successi mondiali \u201cNo man no cry\u201d e \u201cTime\u201d l\u2019artista sar\u00e0 dal vivo insieme a un ensemble orchestrale venerd\u00ec 4 marzo al Tuscany Hall\" \/>\n<meta name=\"robots\" content=\"index, follow, max-snippet:-1, max-image-preview:large, max-video-preview:-1\" \/>\n<link rel=\"canonical\" href=\"https:\/\/www.intoscana.it\/it\/jimmy-sax-firenze\/\" \/>\n<meta property=\"og:locale\" content=\"it_IT\" \/>\n<meta property=\"og:type\" content=\"article\" \/>\n<meta property=\"og:title\" content=\"Parte da Firenze il tour italiano del grande sassofonista Jimmy Sax\" \/>\n<meta property=\"og:description\" content=\"Dopo i successi mondiali \u201cNo man no cry\u201d e \u201cTime\u201d l\u2019artista sar\u00e0 dal vivo insieme a un ensemble orchestrale venerd\u00ec 4 marzo al Tuscany Hall\" \/>\n<meta property=\"og:url\" content=\"https:\/\/www.intoscana.it\/it\/jimmy-sax-firenze\/\" \/>\n<meta property=\"og:site_name\" content=\"intoscana\" \/>\n<meta property=\"article:publisher\" content=\"https:\/\/www.facebook.com\/intoscana.it\" \/>\n<meta property=\"article:published_time\" content=\"2022-03-04T14:18:56+00:00\" \/>\n<meta property=\"og:image\" content=\"https:\/\/www.intoscana.it\/wp-content\/uploads\/Jimmy-Sax-2022.jpg\" \/>\n\t<meta property=\"og:image:width\" content=\"2048\" \/>\n\t<meta property=\"og:image:height\" content=\"1365\" \/>\n\t<meta property=\"og:image:type\" content=\"image\/jpeg\" \/>\n<meta name=\"author\" content=\"Redazione\" \/>\n<meta name=\"twitter:card\" content=\"summary_large_image\" \/>\n<meta name=\"twitter:creator\" content=\"@intoscana\" \/>\n<meta name=\"twitter:site\" content=\"@intoscana\" \/>\n<meta name=\"twitter:label1\" content=\"Written by\" \/>\n\t<meta name=\"twitter:data1\" content=\"Redazione\" \/>\n\t<meta name=\"twitter:label2\" content=\"Est. reading time\" \/>\n\t<meta name=\"twitter:data2\" content=\"1 minuto\" \/>\n<script type=\"application\/ld+json\" class=\"yoast-schema-graph\">{\"@context\":\"https:\/\/schema.org\",\"@graph\":[{\"@type\":\"WebPage\",\"@id\":\"https:\/\/www.intoscana.it\/it\/jimmy-sax-firenze\/\",\"url\":\"https:\/\/www.intoscana.it\/it\/jimmy-sax-firenze\/\",\"name\":\"Parte da Firenze il tour italiano del grande sassofonista Jimmy Sax - intoscana\",\"isPartOf\":{\"@id\":\"https:\/\/www.intoscana.it\/it\/#website\"},\"primaryImageOfPage\":{\"@id\":\"https:\/\/www.intoscana.it\/it\/jimmy-sax-firenze\/#primaryimage\"},\"image\":{\"@id\":\"https:\/\/www.intoscana.it\/it\/jimmy-sax-firenze\/#primaryimage\"},\"thumbnailUrl\":\"https:\/\/www.intoscana.it\/wp-content\/uploads\/Jimmy-Sax-2022.jpg\",\"datePublished\":\"2022-03-04T14:18:56+00:00\",\"author\":{\"@id\":\"https:\/\/www.intoscana.it\/it\/#\/schema\/person\/9223810753230f20bd670fdd322661f8\"},\"description\":\"Dopo i successi mondiali \u201cNo man no cry\u201d e \u201cTime\u201d l\u2019artista sar\u00e0 dal vivo insieme a un ensemble orchestrale venerd\u00ec 4 marzo al Tuscany Hall\",\"breadcrumb\":{\"@id\":\"https:\/\/www.intoscana.it\/it\/jimmy-sax-firenze\/#breadcrumb\"},\"inLanguage\":\"it-IT\",\"potentialAction\":[{\"@type\":\"ReadAction\",\"target\":[\"https:\/\/www.intoscana.it\/it\/jimmy-sax-firenze\/\"]}]},{\"@type\":\"ImageObject\",\"inLanguage\":\"it-IT\",\"@id\":\"https:\/\/www.intoscana.it\/it\/jimmy-sax-firenze\/#primaryimage\",\"url\":\"https:\/\/www.intoscana.it\/wp-content\/uploads\/Jimmy-Sax-2022.jpg\",\"contentUrl\":\"https:\/\/www.intoscana.it\/wp-content\/uploads\/Jimmy-Sax-2022.jpg\",\"width\":2048,\"height\":1365},{\"@type\":\"BreadcrumbList\",\"@id\":\"https:\/\/www.intoscana.it\/it\/jimmy-sax-firenze\/#breadcrumb\",\"itemListElement\":[{\"@type\":\"ListItem\",\"position\":1,\"name\":\"Home\",\"item\":\"https:\/\/www.intoscana.it\/it\/\"},{\"@type\":\"ListItem\",\"position\":2,\"name\":\"Parte da Firenze il tour italiano del grande sassofonista Jimmy Sax\"}]},{\"@type\":\"WebSite\",\"@id\":\"https:\/\/www.intoscana.it\/it\/#website\",\"url\":\"https:\/\/www.intoscana.it\/it\/\",\"name\":\"intoscana\",\"description\":\"\",\"potentialAction\":[{\"@type\":\"SearchAction\",\"target\":{\"@type\":\"EntryPoint\",\"urlTemplate\":\"https:\/\/www.intoscana.it\/it\/?s={search_term_string}\"},\"query-input\":{\"@type\":\"PropertyValueSpecification\",\"valueRequired\":true,\"valueName\":\"search_term_string\"}}],\"inLanguage\":\"it-IT\"},{\"@type\":\"Person\",\"@id\":\"https:\/\/www.intoscana.it\/it\/#\/schema\/person\/9223810753230f20bd670fdd322661f8\",\"name\":\"Redazione\",\"url\":\"https:\/\/www.intoscana.it\/it\/author\/redazione\/\"}]}<\/script>\n<!-- \/ Yoast SEO Premium plugin. -->","yoast_head_json":{"title":"Parte da Firenze il tour italiano del grande sassofonista Jimmy Sax - intoscana","description":"Dopo i successi mondiali \u201cNo man no cry\u201d e \u201cTime\u201d l\u2019artista sar\u00e0 dal vivo insieme a un ensemble orchestrale venerd\u00ec 4 marzo al Tuscany Hall","robots":{"index":"index","follow":"follow","max-snippet":"max-snippet:-1","max-image-preview":"max-image-preview:large","max-video-preview":"max-video-preview:-1"},"canonical":"https:\/\/www.intoscana.it\/it\/jimmy-sax-firenze\/","og_locale":"it_IT","og_type":"article","og_title":"Parte da Firenze il tour italiano del grande sassofonista Jimmy Sax","og_description":"Dopo i successi mondiali \u201cNo man no cry\u201d e \u201cTime\u201d l\u2019artista sar\u00e0 dal vivo insieme a un ensemble orchestrale venerd\u00ec 4 marzo al Tuscany Hall","og_url":"https:\/\/www.intoscana.it\/it\/jimmy-sax-firenze\/","og_site_name":"intoscana","article_publisher":"https:\/\/www.facebook.com\/intoscana.it","article_published_time":"2022-03-04T14:18:56+00:00","og_image":[{"width":2048,"height":1365,"url":"https:\/\/www.intoscana.it\/wp-content\/uploads\/Jimmy-Sax-2022.jpg","type":"image\/jpeg"}],"author":"Redazione","twitter_card":"summary_large_image","twitter_creator":"@intoscana","twitter_site":"@intoscana","twitter_misc":{"Written by":"Redazione","Est. reading time":"1 minuto"},"schema":{"@context":"https:\/\/schema.org","@graph":[{"@type":"WebPage","@id":"https:\/\/www.intoscana.it\/it\/jimmy-sax-firenze\/","url":"https:\/\/www.intoscana.it\/it\/jimmy-sax-firenze\/","name":"Parte da Firenze il tour italiano del grande sassofonista Jimmy Sax - intoscana","isPartOf":{"@id":"https:\/\/www.intoscana.it\/it\/#website"},"primaryImageOfPage":{"@id":"https:\/\/www.intoscana.it\/it\/jimmy-sax-firenze\/#primaryimage"},"image":{"@id":"https:\/\/www.intoscana.it\/it\/jimmy-sax-firenze\/#primaryimage"},"thumbnailUrl":"https:\/\/www.intoscana.it\/wp-content\/uploads\/Jimmy-Sax-2022.jpg","datePublished":"2022-03-04T14:18:56+00:00","author":{"@id":"https:\/\/www.intoscana.it\/it\/#\/schema\/person\/9223810753230f20bd670fdd322661f8"},"description":"Dopo i successi mondiali \u201cNo man no cry\u201d e \u201cTime\u201d l\u2019artista sar\u00e0 dal vivo insieme a un ensemble orchestrale venerd\u00ec 4 marzo al Tuscany Hall","breadcrumb":{"@id":"https:\/\/www.intoscana.it\/it\/jimmy-sax-firenze\/#breadcrumb"},"inLanguage":"it-IT","potentialAction":[{"@type":"ReadAction","target":["https:\/\/www.intoscana.it\/it\/jimmy-sax-firenze\/"]}]},{"@type":"ImageObject","inLanguage":"it-IT","@id":"https:\/\/www.intoscana.it\/it\/jimmy-sax-firenze\/#primaryimage","url":"https:\/\/www.intoscana.it\/wp-content\/uploads\/Jimmy-Sax-2022.jpg","contentUrl":"https:\/\/www.intoscana.it\/wp-content\/uploads\/Jimmy-Sax-2022.jpg","width":2048,"height":1365},{"@type":"BreadcrumbList","@id":"https:\/\/www.intoscana.it\/it\/jimmy-sax-firenze\/#breadcrumb","itemListElement":[{"@type":"ListItem","position":1,"name":"Home","item":"https:\/\/www.intoscana.it\/it\/"},{"@type":"ListItem","position":2,"name":"Parte da Firenze il tour italiano del grande sassofonista Jimmy Sax"}]},{"@type":"WebSite","@id":"https:\/\/www.intoscana.it\/it\/#website","url":"https:\/\/www.intoscana.it\/it\/","name":"intoscana","description":"","potentialAction":[{"@type":"SearchAction","target":{"@type":"EntryPoint","urlTemplate":"https:\/\/www.intoscana.it\/it\/?s={search_term_string}"},"query-input":{"@type":"PropertyValueSpecification","valueRequired":true,"valueName":"search_term_string"}}],"inLanguage":"it-IT"},{"@type":"Person","@id":"https:\/\/www.intoscana.it\/it\/#\/schema\/person\/9223810753230f20bd670fdd322661f8","name":"Redazione","url":"https:\/\/www.intoscana.it\/it\/author\/redazione\/"}]}},"_links":{"self":[{"href":"https:\/\/www.intoscana.it\/it\/wp-json\/wp\/v2\/posts\/215772","targetHints":{"allow":["GET"]}}],"collection":[{"href":"https:\/\/www.intoscana.it\/it\/wp-json\/wp\/v2\/posts"}],"about":[{"href":"https:\/\/www.intoscana.it\/it\/wp-json\/wp\/v2\/types\/post"}],"author":[{"embeddable":true,"href":"https:\/\/www.intoscana.it\/it\/wp-json\/wp\/v2\/users\/525"}],"replies":[{"embeddable":true,"href":"https:\/\/www.intoscana.it\/it\/wp-json\/wp\/v2\/comments?post=215772"}],"version-history":[{"count":0,"href":"https:\/\/www.intoscana.it\/it\/wp-json\/wp\/v2\/posts\/215772\/revisions"}],"wp:featuredmedia":[{"embeddable":true,"href":"https:\/\/www.intoscana.it\/it\/wp-json\/wp\/v2\/media\/215774"}],"wp:attachment":[{"href":"https:\/\/www.intoscana.it\/it\/wp-json\/wp\/v2\/media?parent=215772"}],"wp:term":[{"taxonomy":"category","embeddable":true,"href":"https:\/\/www.intoscana.it\/it\/wp-json\/wp\/v2\/categories?post=215772"},{"taxonomy":"post_tag","embeddable":true,"href":"https:\/\/www.intoscana.it\/it\/wp-json\/wp\/v2\/tags?post=215772"}],"curies":[{"name":"wp","href":"https:\/\/api.w.org\/{rel}","templated":true}]}}