{"id":215855,"date":"2022-03-04T18:07:56","date_gmt":"2022-03-04T17:07:56","guid":{"rendered":"https:\/\/www.intoscana.it\/it\/?p=215855"},"modified":"2022-03-04T18:10:26","modified_gmt":"2022-03-04T17:10:26","slug":"balnearia-fiera-carrara","status":"publish","type":"post","link":"https:\/\/www.intoscana.it\/it\/balnearia-fiera-carrara\/","title":{"rendered":"Balnearia: bar, ristoranti e stabilimenti a Carrarafiera"},"content":{"rendered":"<p>Al via <strong>a Carrarafiere<\/strong> la 42\/a edizione di &#8216;<em>Tirreno C.T. e Balnearia<\/em>&#8216;, evento fino al 7 marzo dedicato al meglio dell&#8217;<mark>ospitalit\u00e0 italiana, dal ristorante all&#8217;albergo, dal bar agli stabilimenti balneari<\/mark>.<\/p>\n<p>Il Sottosegretario al Ministero del Lavoro e delle politiche Sociali <strong>Tiziana Nisini<\/strong> ha tagliato il nastro inaugurale, alla presenza delle autorit\u00e0 locali, Regione Toscana e Provincia di Massa Carrara.<\/p>\n<p>&#8220;<em>Un segnale di ripartenza che finalmente, lo dicono i dati, pu\u00f2 confortare il settore dell&#8217;ospitalit\u00e0 che tanto ha sofferto in questi due anni<\/em> &#8211; spiega <strong>Paolo Caldana<\/strong>, patron della fiera &#8211; tanti espositori anche quest&#8217;anno hanno dato fiducia e confermano la voglia di investire e di migliorare la propria struttura&#8221;.<\/p>\n<h3>Bar e ristoranti falcidiati dalla crisi<\/h3>\n<p>Tra i dati evidenziati dai promotori, gli <strong>oltre 22 mila bar e ristoranti<\/strong> che dal 2020 <strong>hanno chiuso<\/strong> soprattutto a causa della pandemia. A fronte di <strong>9.000 aperture<\/strong> il saldo resta negativo a -13.000 strutture in Italia. Secondo dati della Fipe, iI I trimestre 2021 <strong>lo scenario di mercato<\/strong>, nella visione delle imprese, resta negativo.<\/p>\n<p>Il confronto con le valutazioni rilevate in occasione del primo trimestre 2020, gi\u00e0 di per s\u00e9 negative perch\u00e9 segnate dall&#8217;inizio del lockdown, indica un significativo peggioramento. Il saldo tra valutazioni positive e valutazioni negative sulla dinamica del fatturato dell&#8217;intero settore segna -68,3% <strong>in peggioramento di 13 punti<\/strong> rispetto ad un anno fa. Ancor pi\u00f9 negativo, il saldo sulle performance delle singole imprese (- 88,2%).<\/p>\n<figure id=\"post-215860 media-215860\" class=\"align-none\"><img decoding=\"async\" src=\"https:\/\/www.intoscana.it\/wp-content\/uploads\/Pubblico-Assemblea.jpg\" alt=\"\" \/><\/figure>\n<div class=\"titleimg\">L\u2019assemblea dei balneari a Carrarafiera<\/div>\n<p><strong>L&#8217;input di lavoro<\/strong>, misurato in unit\u00e0 di lavoro standard, del <strong>settore dei pubblici esercizi<\/strong> contava fino al 2019 oltre 1,2 mln unit\u00e0, nel 2020 sono scese a <strong>850 mila<\/strong>, dato inferiore a quello registrato durante la crisi del 2008-2009. A partire dal 2013 e fino al 2019 la crescita \u00e8 stata progressiva con un +20% nel complesso del periodo, la variazione percentuale tra il 2020 e il 2019 \u00e8 stata di -29,6%.<\/p>\n<p>La pandemia ha colpito duramente <strong>il settore della ristorazione<\/strong>: il 2020 ha visto una flessione del 37% del fatturato di bar e ristoranti rispetto al 2019. Per far fronte a questo periodo di crisi, gli attori della filiera hanno attivato diverse leve. Le azioni principali hanno riguardato una maggiore efficienza di costi (23% degli intervistati), supporto ai distributori (18%) e ai punti vendita (18%) da parte dell&#8217;industria.<\/p>\n<h3>Le spiagge salvate dal turismo<\/h3>\n<p>Nel 2021 c\u2019\u00e8 stata <strong>una ripresa del turismo<\/strong> italiano in generale e di quello balneare in particolare. <strong>La crescita sul 2020 \u00e8 del +21%<\/strong>, con l\u2019arrivo di oltre 33 milioni di turisti per 140 milioni di pernottamenti.<\/p>\n<p><strong>Le localit\u00e0 balneari e montane<\/strong>, che nell\u2019estate 2020 avevano registrato un discreto recupero dei mercati, hanno registrato <strong>valori di crescita pi\u00f9 contenuti<\/strong>, rispettivamente +19% e +13,1%. Nei mesi di giugno, luglio e agosto nelle localit\u00e0 marine le presenze degli italiani sono stimate al +18,8% e quelle degli stranieri al +20%, per un aumento medio del +19%.<\/p>\n","protected":false},"excerpt":{"rendered":"<p>Localit\u00e0 balneari e di montagna salvate dal turismo, ristorazione e pubblici esercizi penalizzati dagli effetti della pandemia<\/p>\n","protected":false},"author":525,"featured_media":215858,"comment_status":"open","ping_status":"open","sticky":false,"template":"","format":"standard","meta":{"_acf_changed":false,"footnotes":""},"categories":[494],"tags":[268],"class_list":["post-215855","post","type-post","status-publish","format-standard","has-post-thumbnail","hentry","category-attualita","tag-carrara"],"acf":[],"yoast_head":"<!-- This site is optimized with the Yoast SEO Premium plugin v24.2 (Yoast SEO v25.6) - https:\/\/yoast.com\/wordpress\/plugins\/seo\/ -->\n<title>Balnearia: bar, ristoranti e stabilimenti a Carrarafiera - intoscana<\/title>\n<meta name=\"description\" content=\"Localit\u00e0 balneari e di montagna salvate dal turismo, ristorazione e pubblici esercizi penalizzati dagli effetti della pandemia\" \/>\n<meta name=\"robots\" content=\"index, follow, max-snippet:-1, max-image-preview:large, max-video-preview:-1\" \/>\n<link rel=\"canonical\" href=\"https:\/\/www.intoscana.it\/it\/balnearia-fiera-carrara\/\" \/>\n<meta property=\"og:locale\" content=\"it_IT\" \/>\n<meta property=\"og:type\" content=\"article\" \/>\n<meta property=\"og:title\" content=\"Balnearia: bar, ristoranti e stabilimenti a Carrarafiera\" \/>\n<meta property=\"og:description\" content=\"Localit\u00e0 balneari e di montagna salvate dal turismo, ristorazione e pubblici esercizi penalizzati dagli effetti della pandemia\" \/>\n<meta property=\"og:url\" content=\"https:\/\/www.intoscana.it\/it\/balnearia-fiera-carrara\/\" \/>\n<meta property=\"og:site_name\" content=\"intoscana\" \/>\n<meta property=\"article:publisher\" content=\"https:\/\/www.facebook.com\/intoscana.it\" \/>\n<meta property=\"article:published_time\" content=\"2022-03-04T17:07:56+00:00\" \/>\n<meta property=\"article:modified_time\" content=\"2022-03-04T17:10:26+00:00\" \/>\n<meta property=\"og:image\" content=\"https:\/\/www.intoscana.it\/wp-content\/uploads\/pubblico.jpg\" \/>\n\t<meta property=\"og:image:width\" content=\"2000\" \/>\n\t<meta property=\"og:image:height\" content=\"1500\" \/>\n\t<meta property=\"og:image:type\" content=\"image\/jpeg\" \/>\n<meta name=\"author\" content=\"Redazione\" \/>\n<meta name=\"twitter:card\" content=\"summary_large_image\" \/>\n<meta name=\"twitter:creator\" content=\"@intoscana\" \/>\n<meta name=\"twitter:site\" content=\"@intoscana\" \/>\n<meta name=\"twitter:label1\" content=\"Written by\" \/>\n\t<meta name=\"twitter:data1\" content=\"Redazione\" \/>\n\t<meta name=\"twitter:label2\" content=\"Est. reading time\" \/>\n\t<meta name=\"twitter:data2\" content=\"2 minuti\" \/>\n<script type=\"application\/ld+json\" class=\"yoast-schema-graph\">{\"@context\":\"https:\/\/schema.org\",\"@graph\":[{\"@type\":\"WebPage\",\"@id\":\"https:\/\/www.intoscana.it\/it\/balnearia-fiera-carrara\/\",\"url\":\"https:\/\/www.intoscana.it\/it\/balnearia-fiera-carrara\/\",\"name\":\"Balnearia: bar, ristoranti e stabilimenti a Carrarafiera - intoscana\",\"isPartOf\":{\"@id\":\"https:\/\/www.intoscana.it\/it\/#website\"},\"primaryImageOfPage\":{\"@id\":\"https:\/\/www.intoscana.it\/it\/balnearia-fiera-carrara\/#primaryimage\"},\"image\":{\"@id\":\"https:\/\/www.intoscana.it\/it\/balnearia-fiera-carrara\/#primaryimage\"},\"thumbnailUrl\":\"https:\/\/www.intoscana.it\/wp-content\/uploads\/pubblico.jpg\",\"datePublished\":\"2022-03-04T17:07:56+00:00\",\"dateModified\":\"2022-03-04T17:10:26+00:00\",\"author\":{\"@id\":\"https:\/\/www.intoscana.it\/it\/#\/schema\/person\/9223810753230f20bd670fdd322661f8\"},\"description\":\"Localit\u00e0 balneari e di montagna salvate dal turismo, ristorazione e pubblici esercizi penalizzati dagli effetti della pandemia\",\"breadcrumb\":{\"@id\":\"https:\/\/www.intoscana.it\/it\/balnearia-fiera-carrara\/#breadcrumb\"},\"inLanguage\":\"it-IT\",\"potentialAction\":[{\"@type\":\"ReadAction\",\"target\":[\"https:\/\/www.intoscana.it\/it\/balnearia-fiera-carrara\/\"]}]},{\"@type\":\"ImageObject\",\"inLanguage\":\"it-IT\",\"@id\":\"https:\/\/www.intoscana.it\/it\/balnearia-fiera-carrara\/#primaryimage\",\"url\":\"https:\/\/www.intoscana.it\/wp-content\/uploads\/pubblico.jpg\",\"contentUrl\":\"https:\/\/www.intoscana.it\/wp-content\/uploads\/pubblico.jpg\",\"width\":2000,\"height\":1500,\"caption\":\"Balnearia a Carrarafiere\"},{\"@type\":\"BreadcrumbList\",\"@id\":\"https:\/\/www.intoscana.it\/it\/balnearia-fiera-carrara\/#breadcrumb\",\"itemListElement\":[{\"@type\":\"ListItem\",\"position\":1,\"name\":\"Home\",\"item\":\"https:\/\/www.intoscana.it\/it\/\"},{\"@type\":\"ListItem\",\"position\":2,\"name\":\"Balnearia: bar, ristoranti e stabilimenti a Carrarafiera\"}]},{\"@type\":\"WebSite\",\"@id\":\"https:\/\/www.intoscana.it\/it\/#website\",\"url\":\"https:\/\/www.intoscana.it\/it\/\",\"name\":\"intoscana\",\"description\":\"\",\"potentialAction\":[{\"@type\":\"SearchAction\",\"target\":{\"@type\":\"EntryPoint\",\"urlTemplate\":\"https:\/\/www.intoscana.it\/it\/?s={search_term_string}\"},\"query-input\":{\"@type\":\"PropertyValueSpecification\",\"valueRequired\":true,\"valueName\":\"search_term_string\"}}],\"inLanguage\":\"it-IT\"},{\"@type\":\"Person\",\"@id\":\"https:\/\/www.intoscana.it\/it\/#\/schema\/person\/9223810753230f20bd670fdd322661f8\",\"name\":\"Redazione\",\"url\":\"https:\/\/www.intoscana.it\/it\/author\/redazione\/\"}]}<\/script>\n<!-- \/ Yoast SEO Premium plugin. -->","yoast_head_json":{"title":"Balnearia: bar, ristoranti e stabilimenti a Carrarafiera - intoscana","description":"Localit\u00e0 balneari e di montagna salvate dal turismo, ristorazione e pubblici esercizi penalizzati dagli effetti della pandemia","robots":{"index":"index","follow":"follow","max-snippet":"max-snippet:-1","max-image-preview":"max-image-preview:large","max-video-preview":"max-video-preview:-1"},"canonical":"https:\/\/www.intoscana.it\/it\/balnearia-fiera-carrara\/","og_locale":"it_IT","og_type":"article","og_title":"Balnearia: bar, ristoranti e stabilimenti a Carrarafiera","og_description":"Localit\u00e0 balneari e di montagna salvate dal turismo, ristorazione e pubblici esercizi penalizzati dagli effetti della pandemia","og_url":"https:\/\/www.intoscana.it\/it\/balnearia-fiera-carrara\/","og_site_name":"intoscana","article_publisher":"https:\/\/www.facebook.com\/intoscana.it","article_published_time":"2022-03-04T17:07:56+00:00","article_modified_time":"2022-03-04T17:10:26+00:00","og_image":[{"width":2000,"height":1500,"url":"https:\/\/www.intoscana.it\/wp-content\/uploads\/pubblico.jpg","type":"image\/jpeg"}],"author":"Redazione","twitter_card":"summary_large_image","twitter_creator":"@intoscana","twitter_site":"@intoscana","twitter_misc":{"Written by":"Redazione","Est. reading time":"2 minuti"},"schema":{"@context":"https:\/\/schema.org","@graph":[{"@type":"WebPage","@id":"https:\/\/www.intoscana.it\/it\/balnearia-fiera-carrara\/","url":"https:\/\/www.intoscana.it\/it\/balnearia-fiera-carrara\/","name":"Balnearia: bar, ristoranti e stabilimenti a Carrarafiera - intoscana","isPartOf":{"@id":"https:\/\/www.intoscana.it\/it\/#website"},"primaryImageOfPage":{"@id":"https:\/\/www.intoscana.it\/it\/balnearia-fiera-carrara\/#primaryimage"},"image":{"@id":"https:\/\/www.intoscana.it\/it\/balnearia-fiera-carrara\/#primaryimage"},"thumbnailUrl":"https:\/\/www.intoscana.it\/wp-content\/uploads\/pubblico.jpg","datePublished":"2022-03-04T17:07:56+00:00","dateModified":"2022-03-04T17:10:26+00:00","author":{"@id":"https:\/\/www.intoscana.it\/it\/#\/schema\/person\/9223810753230f20bd670fdd322661f8"},"description":"Localit\u00e0 balneari e di montagna salvate dal turismo, ristorazione e pubblici esercizi penalizzati dagli effetti della pandemia","breadcrumb":{"@id":"https:\/\/www.intoscana.it\/it\/balnearia-fiera-carrara\/#breadcrumb"},"inLanguage":"it-IT","potentialAction":[{"@type":"ReadAction","target":["https:\/\/www.intoscana.it\/it\/balnearia-fiera-carrara\/"]}]},{"@type":"ImageObject","inLanguage":"it-IT","@id":"https:\/\/www.intoscana.it\/it\/balnearia-fiera-carrara\/#primaryimage","url":"https:\/\/www.intoscana.it\/wp-content\/uploads\/pubblico.jpg","contentUrl":"https:\/\/www.intoscana.it\/wp-content\/uploads\/pubblico.jpg","width":2000,"height":1500,"caption":"Balnearia a Carrarafiere"},{"@type":"BreadcrumbList","@id":"https:\/\/www.intoscana.it\/it\/balnearia-fiera-carrara\/#breadcrumb","itemListElement":[{"@type":"ListItem","position":1,"name":"Home","item":"https:\/\/www.intoscana.it\/it\/"},{"@type":"ListItem","position":2,"name":"Balnearia: bar, ristoranti e stabilimenti a Carrarafiera"}]},{"@type":"WebSite","@id":"https:\/\/www.intoscana.it\/it\/#website","url":"https:\/\/www.intoscana.it\/it\/","name":"intoscana","description":"","potentialAction":[{"@type":"SearchAction","target":{"@type":"EntryPoint","urlTemplate":"https:\/\/www.intoscana.it\/it\/?s={search_term_string}"},"query-input":{"@type":"PropertyValueSpecification","valueRequired":true,"valueName":"search_term_string"}}],"inLanguage":"it-IT"},{"@type":"Person","@id":"https:\/\/www.intoscana.it\/it\/#\/schema\/person\/9223810753230f20bd670fdd322661f8","name":"Redazione","url":"https:\/\/www.intoscana.it\/it\/author\/redazione\/"}]}},"_links":{"self":[{"href":"https:\/\/www.intoscana.it\/it\/wp-json\/wp\/v2\/posts\/215855","targetHints":{"allow":["GET"]}}],"collection":[{"href":"https:\/\/www.intoscana.it\/it\/wp-json\/wp\/v2\/posts"}],"about":[{"href":"https:\/\/www.intoscana.it\/it\/wp-json\/wp\/v2\/types\/post"}],"author":[{"embeddable":true,"href":"https:\/\/www.intoscana.it\/it\/wp-json\/wp\/v2\/users\/525"}],"replies":[{"embeddable":true,"href":"https:\/\/www.intoscana.it\/it\/wp-json\/wp\/v2\/comments?post=215855"}],"version-history":[{"count":0,"href":"https:\/\/www.intoscana.it\/it\/wp-json\/wp\/v2\/posts\/215855\/revisions"}],"wp:featuredmedia":[{"embeddable":true,"href":"https:\/\/www.intoscana.it\/it\/wp-json\/wp\/v2\/media\/215858"}],"wp:attachment":[{"href":"https:\/\/www.intoscana.it\/it\/wp-json\/wp\/v2\/media?parent=215855"}],"wp:term":[{"taxonomy":"category","embeddable":true,"href":"https:\/\/www.intoscana.it\/it\/wp-json\/wp\/v2\/categories?post=215855"},{"taxonomy":"post_tag","embeddable":true,"href":"https:\/\/www.intoscana.it\/it\/wp-json\/wp\/v2\/tags?post=215855"}],"curies":[{"name":"wp","href":"https:\/\/api.w.org\/{rel}","templated":true}]}}