{"id":215898,"date":"2022-03-05T09:17:38","date_gmt":"2022-03-05T08:17:38","guid":{"rendered":"https:\/\/www.intoscana.it\/it\/?p=215898"},"modified":"2022-03-05T09:21:08","modified_gmt":"2022-03-05T08:21:08","slug":"ucraina-il-sindaco-di-firenze-dario-nardella-lancia-una-manifestazione-europea","status":"publish","type":"post","link":"https:\/\/www.intoscana.it\/it\/ucraina-il-sindaco-di-firenze-dario-nardella-lancia-una-manifestazione-europea\/","title":{"rendered":"Ucraina: il sindaco di Firenze Dario Nardella lancia una manifestazione europea"},"content":{"rendered":"<p>Una manifestazione delle citt\u00e0 europee a favore dell&#8217;<strong>Ucraina il 12 marzo,<\/strong> con lo slogan <em><strong>&#8216;Cities stand with Ukraine&#8217;,<\/strong><\/em> con un abbraccio, una catena umana o un momento comune aperto a ucraini ma anche a russi, per chiedere di far cessare le armi.<\/p>\n<p>Questa \u00e8 la proposta del <strong>sindaco di Firenze Dario Nardella<\/strong> in qualit\u00e0 di presidente di <em><strong>Eurocities,<\/strong><\/em> lanciata a Marsiglia durante il summit europeo delle regioni e delle citt\u00e0 organizzato dal Comitato delle regioni.<\/p>\n<p><strong>Nardella ha scritto una lettera a tutte le citt\u00e0 aderenti<\/strong> a <em><strong>Eurocities<\/strong><\/em>, oltre 200 in tutta Europa, che rappresentano<strong> 38 paesi e oltre 130 milioni di persone.<\/strong><\/p>\n<p><em>&#8220;Le immagini che arrivano dall&#8217;<strong>Ucraina<\/strong> ci intristiscono e ci preoccupano &#8211;<\/em><strong> ha scritto Nardella nella lettera<\/strong><em> -. Sono sicuro che anche voi condannerete con me l&#8217;invasione russa del Paese, invasione che significa anche azioni di guerra contro alcune citt\u00e0 che fanno parte di Eurocities, Kiev, Kharkiv, Lviv e Odessa. Speriamo che gli sforzi diplomatici possano porre fine a questi attacchi&#8221;.<\/em><\/p>\n<p><em>&#8220;Come sindaci &#8211; <\/em><strong>ha aggiunto<\/strong><em> &#8211; noi dobbiamo essere consapevoli della straordinaria e crescente importanza assunta dalle citt\u00e0 come attori politici e istituzionali di assoluta importanza sulla scena internazionale. In un mondo dove predominano le lotte per il potere tra le nazioni, noi lavoriamo insieme con spirito collaborativo&#8221;.<\/em><\/p>\n<p>Nardella ha chiesto di &#8220;<em>partecipare a una iniziativa condivisa, il 12 marzo, in tutta Europa. Ispirato dal sindaco di Marsiglia, Benoit Payan, che ho incontrato in questi giorni al summit delle citt\u00e0 e delle regioni, propongo di invitare cittadini della propria citt\u00e0 e coinvolgere anche le comunit\u00e0 ucraine e russe, per un abbraccio o un momento di condivisione davanti ai propri municipi.<\/em><\/p>\n<p><em><strong>Ho gi\u00e0 avuto adesioni da Milano, Roma, Bologna, Napoli, Braga, Marsiglia, Nizza e Rotterdam, Cluj-Napoca<\/strong>. Con lo slogan &#8216;Cities stand with Ukraine&#8217;, potremo dimostrare che le citt\u00e0 riescono a tenere aperti i confini e che ci impegneremo in ogni modo per i nostri vicini europei&#8221;.<\/em><\/p>\n","protected":false},"excerpt":{"rendered":"<p>Nardella ha scritto una lettera a tutte le citt\u00e0 aderenti a Eurocities, oltre 200 in tutta Europa, che rappresentano 38 paesi e oltre 130 milioni di persone<\/p>\n","protected":false},"author":525,"featured_media":143979,"comment_status":"open","ping_status":"open","sticky":false,"template":"","format":"standard","meta":{"_acf_changed":false,"footnotes":""},"categories":[494],"tags":[6427],"class_list":["post-215898","post","type-post","status-publish","format-standard","has-post-thumbnail","hentry","category-attualita","tag-guerra-ucraina"],"acf":[],"yoast_head":"<!-- This site is optimized with the Yoast SEO Premium plugin v24.2 (Yoast SEO v25.6) - https:\/\/yoast.com\/wordpress\/plugins\/seo\/ -->\n<title>Ucraina: il sindaco di Firenze Dario Nardella lancia una manifestazione europea - intoscana<\/title>\n<meta name=\"description\" content=\"Nardella ha scritto una lettera a tutte le citt\u00e0 aderenti a Eurocities, oltre 200 in tutta Europa, che rappresentano 38 paesi\" \/>\n<meta name=\"robots\" content=\"index, follow, max-snippet:-1, max-image-preview:large, max-video-preview:-1\" \/>\n<link rel=\"canonical\" href=\"https:\/\/www.intoscana.it\/it\/ucraina-il-sindaco-di-firenze-dario-nardella-lancia-una-manifestazione-europea\/\" \/>\n<meta property=\"og:locale\" content=\"it_IT\" \/>\n<meta property=\"og:type\" content=\"article\" \/>\n<meta property=\"og:title\" content=\"Ucraina: il sindaco di Firenze Dario Nardella lancia una manifestazione europea\" \/>\n<meta property=\"og:description\" content=\"Nardella ha scritto una lettera a tutte le citt\u00e0 aderenti a Eurocities, oltre 200 in tutta Europa, che rappresentano 38 paesi\" \/>\n<meta property=\"og:url\" content=\"https:\/\/www.intoscana.it\/it\/ucraina-il-sindaco-di-firenze-dario-nardella-lancia-una-manifestazione-europea\/\" \/>\n<meta property=\"og:site_name\" content=\"intoscana\" \/>\n<meta property=\"article:publisher\" content=\"https:\/\/www.facebook.com\/intoscana.it\" \/>\n<meta property=\"article:published_time\" content=\"2022-03-05T08:17:38+00:00\" \/>\n<meta property=\"article:modified_time\" content=\"2022-03-05T08:21:08+00:00\" \/>\n<meta property=\"og:image\" content=\"https:\/\/www.intoscana.it\/wp-content\/uploads\/nardella-palazzo-vecchio-1.jpg\" \/>\n\t<meta property=\"og:image:width\" content=\"1000\" \/>\n\t<meta property=\"og:image:height\" content=\"685\" \/>\n\t<meta property=\"og:image:type\" content=\"image\/jpeg\" \/>\n<meta name=\"author\" content=\"Redazione\" \/>\n<meta name=\"twitter:card\" content=\"summary_large_image\" \/>\n<meta name=\"twitter:creator\" content=\"@intoscana\" \/>\n<meta name=\"twitter:site\" content=\"@intoscana\" \/>\n<meta name=\"twitter:label1\" content=\"Written by\" \/>\n\t<meta name=\"twitter:data1\" content=\"Redazione\" \/>\n\t<meta name=\"twitter:label2\" content=\"Est. reading time\" \/>\n\t<meta name=\"twitter:data2\" content=\"2 minuti\" \/>\n<script type=\"application\/ld+json\" class=\"yoast-schema-graph\">{\"@context\":\"https:\/\/schema.org\",\"@graph\":[{\"@type\":\"WebPage\",\"@id\":\"https:\/\/www.intoscana.it\/it\/ucraina-il-sindaco-di-firenze-dario-nardella-lancia-una-manifestazione-europea\/\",\"url\":\"https:\/\/www.intoscana.it\/it\/ucraina-il-sindaco-di-firenze-dario-nardella-lancia-una-manifestazione-europea\/\",\"name\":\"Ucraina: il sindaco di Firenze Dario Nardella lancia una manifestazione europea - intoscana\",\"isPartOf\":{\"@id\":\"https:\/\/www.intoscana.it\/it\/#website\"},\"primaryImageOfPage\":{\"@id\":\"https:\/\/www.intoscana.it\/it\/ucraina-il-sindaco-di-firenze-dario-nardella-lancia-una-manifestazione-europea\/#primaryimage\"},\"image\":{\"@id\":\"https:\/\/www.intoscana.it\/it\/ucraina-il-sindaco-di-firenze-dario-nardella-lancia-una-manifestazione-europea\/#primaryimage\"},\"thumbnailUrl\":\"https:\/\/www.intoscana.it\/wp-content\/uploads\/nardella-palazzo-vecchio-1.jpg\",\"datePublished\":\"2022-03-05T08:17:38+00:00\",\"dateModified\":\"2022-03-05T08:21:08+00:00\",\"author\":{\"@id\":\"https:\/\/www.intoscana.it\/it\/#\/schema\/person\/9223810753230f20bd670fdd322661f8\"},\"description\":\"Nardella ha scritto una lettera a tutte le citt\u00e0 aderenti a Eurocities, oltre 200 in tutta Europa, che rappresentano 38 paesi\",\"breadcrumb\":{\"@id\":\"https:\/\/www.intoscana.it\/it\/ucraina-il-sindaco-di-firenze-dario-nardella-lancia-una-manifestazione-europea\/#breadcrumb\"},\"inLanguage\":\"it-IT\",\"potentialAction\":[{\"@type\":\"ReadAction\",\"target\":[\"https:\/\/www.intoscana.it\/it\/ucraina-il-sindaco-di-firenze-dario-nardella-lancia-una-manifestazione-europea\/\"]}]},{\"@type\":\"ImageObject\",\"inLanguage\":\"it-IT\",\"@id\":\"https:\/\/www.intoscana.it\/it\/ucraina-il-sindaco-di-firenze-dario-nardella-lancia-una-manifestazione-europea\/#primaryimage\",\"url\":\"https:\/\/www.intoscana.it\/wp-content\/uploads\/nardella-palazzo-vecchio-1.jpg\",\"contentUrl\":\"https:\/\/www.intoscana.it\/wp-content\/uploads\/nardella-palazzo-vecchio-1.jpg\",\"width\":1000,\"height\":685,\"caption\":\"Dario Nardella\"},{\"@type\":\"BreadcrumbList\",\"@id\":\"https:\/\/www.intoscana.it\/it\/ucraina-il-sindaco-di-firenze-dario-nardella-lancia-una-manifestazione-europea\/#breadcrumb\",\"itemListElement\":[{\"@type\":\"ListItem\",\"position\":1,\"name\":\"Home\",\"item\":\"https:\/\/www.intoscana.it\/it\/\"},{\"@type\":\"ListItem\",\"position\":2,\"name\":\"Ucraina: il sindaco di Firenze Dario Nardella lancia una manifestazione europea\"}]},{\"@type\":\"WebSite\",\"@id\":\"https:\/\/www.intoscana.it\/it\/#website\",\"url\":\"https:\/\/www.intoscana.it\/it\/\",\"name\":\"intoscana\",\"description\":\"\",\"potentialAction\":[{\"@type\":\"SearchAction\",\"target\":{\"@type\":\"EntryPoint\",\"urlTemplate\":\"https:\/\/www.intoscana.it\/it\/?s={search_term_string}\"},\"query-input\":{\"@type\":\"PropertyValueSpecification\",\"valueRequired\":true,\"valueName\":\"search_term_string\"}}],\"inLanguage\":\"it-IT\"},{\"@type\":\"Person\",\"@id\":\"https:\/\/www.intoscana.it\/it\/#\/schema\/person\/9223810753230f20bd670fdd322661f8\",\"name\":\"Redazione\",\"url\":\"https:\/\/www.intoscana.it\/it\/author\/redazione\/\"}]}<\/script>\n<!-- \/ Yoast SEO Premium plugin. -->","yoast_head_json":{"title":"Ucraina: il sindaco di Firenze Dario Nardella lancia una manifestazione europea - intoscana","description":"Nardella ha scritto una lettera a tutte le citt\u00e0 aderenti a Eurocities, oltre 200 in tutta Europa, che rappresentano 38 paesi","robots":{"index":"index","follow":"follow","max-snippet":"max-snippet:-1","max-image-preview":"max-image-preview:large","max-video-preview":"max-video-preview:-1"},"canonical":"https:\/\/www.intoscana.it\/it\/ucraina-il-sindaco-di-firenze-dario-nardella-lancia-una-manifestazione-europea\/","og_locale":"it_IT","og_type":"article","og_title":"Ucraina: il sindaco di Firenze Dario Nardella lancia una manifestazione europea","og_description":"Nardella ha scritto una lettera a tutte le citt\u00e0 aderenti a Eurocities, oltre 200 in tutta Europa, che rappresentano 38 paesi","og_url":"https:\/\/www.intoscana.it\/it\/ucraina-il-sindaco-di-firenze-dario-nardella-lancia-una-manifestazione-europea\/","og_site_name":"intoscana","article_publisher":"https:\/\/www.facebook.com\/intoscana.it","article_published_time":"2022-03-05T08:17:38+00:00","article_modified_time":"2022-03-05T08:21:08+00:00","og_image":[{"width":1000,"height":685,"url":"https:\/\/www.intoscana.it\/wp-content\/uploads\/nardella-palazzo-vecchio-1.jpg","type":"image\/jpeg"}],"author":"Redazione","twitter_card":"summary_large_image","twitter_creator":"@intoscana","twitter_site":"@intoscana","twitter_misc":{"Written by":"Redazione","Est. reading time":"2 minuti"},"schema":{"@context":"https:\/\/schema.org","@graph":[{"@type":"WebPage","@id":"https:\/\/www.intoscana.it\/it\/ucraina-il-sindaco-di-firenze-dario-nardella-lancia-una-manifestazione-europea\/","url":"https:\/\/www.intoscana.it\/it\/ucraina-il-sindaco-di-firenze-dario-nardella-lancia-una-manifestazione-europea\/","name":"Ucraina: il sindaco di Firenze Dario Nardella lancia una manifestazione europea - intoscana","isPartOf":{"@id":"https:\/\/www.intoscana.it\/it\/#website"},"primaryImageOfPage":{"@id":"https:\/\/www.intoscana.it\/it\/ucraina-il-sindaco-di-firenze-dario-nardella-lancia-una-manifestazione-europea\/#primaryimage"},"image":{"@id":"https:\/\/www.intoscana.it\/it\/ucraina-il-sindaco-di-firenze-dario-nardella-lancia-una-manifestazione-europea\/#primaryimage"},"thumbnailUrl":"https:\/\/www.intoscana.it\/wp-content\/uploads\/nardella-palazzo-vecchio-1.jpg","datePublished":"2022-03-05T08:17:38+00:00","dateModified":"2022-03-05T08:21:08+00:00","author":{"@id":"https:\/\/www.intoscana.it\/it\/#\/schema\/person\/9223810753230f20bd670fdd322661f8"},"description":"Nardella ha scritto una lettera a tutte le citt\u00e0 aderenti a Eurocities, oltre 200 in tutta Europa, che rappresentano 38 paesi","breadcrumb":{"@id":"https:\/\/www.intoscana.it\/it\/ucraina-il-sindaco-di-firenze-dario-nardella-lancia-una-manifestazione-europea\/#breadcrumb"},"inLanguage":"it-IT","potentialAction":[{"@type":"ReadAction","target":["https:\/\/www.intoscana.it\/it\/ucraina-il-sindaco-di-firenze-dario-nardella-lancia-una-manifestazione-europea\/"]}]},{"@type":"ImageObject","inLanguage":"it-IT","@id":"https:\/\/www.intoscana.it\/it\/ucraina-il-sindaco-di-firenze-dario-nardella-lancia-una-manifestazione-europea\/#primaryimage","url":"https:\/\/www.intoscana.it\/wp-content\/uploads\/nardella-palazzo-vecchio-1.jpg","contentUrl":"https:\/\/www.intoscana.it\/wp-content\/uploads\/nardella-palazzo-vecchio-1.jpg","width":1000,"height":685,"caption":"Dario Nardella"},{"@type":"BreadcrumbList","@id":"https:\/\/www.intoscana.it\/it\/ucraina-il-sindaco-di-firenze-dario-nardella-lancia-una-manifestazione-europea\/#breadcrumb","itemListElement":[{"@type":"ListItem","position":1,"name":"Home","item":"https:\/\/www.intoscana.it\/it\/"},{"@type":"ListItem","position":2,"name":"Ucraina: il sindaco di Firenze Dario Nardella lancia una manifestazione europea"}]},{"@type":"WebSite","@id":"https:\/\/www.intoscana.it\/it\/#website","url":"https:\/\/www.intoscana.it\/it\/","name":"intoscana","description":"","potentialAction":[{"@type":"SearchAction","target":{"@type":"EntryPoint","urlTemplate":"https:\/\/www.intoscana.it\/it\/?s={search_term_string}"},"query-input":{"@type":"PropertyValueSpecification","valueRequired":true,"valueName":"search_term_string"}}],"inLanguage":"it-IT"},{"@type":"Person","@id":"https:\/\/www.intoscana.it\/it\/#\/schema\/person\/9223810753230f20bd670fdd322661f8","name":"Redazione","url":"https:\/\/www.intoscana.it\/it\/author\/redazione\/"}]}},"_links":{"self":[{"href":"https:\/\/www.intoscana.it\/it\/wp-json\/wp\/v2\/posts\/215898","targetHints":{"allow":["GET"]}}],"collection":[{"href":"https:\/\/www.intoscana.it\/it\/wp-json\/wp\/v2\/posts"}],"about":[{"href":"https:\/\/www.intoscana.it\/it\/wp-json\/wp\/v2\/types\/post"}],"author":[{"embeddable":true,"href":"https:\/\/www.intoscana.it\/it\/wp-json\/wp\/v2\/users\/525"}],"replies":[{"embeddable":true,"href":"https:\/\/www.intoscana.it\/it\/wp-json\/wp\/v2\/comments?post=215898"}],"version-history":[{"count":0,"href":"https:\/\/www.intoscana.it\/it\/wp-json\/wp\/v2\/posts\/215898\/revisions"}],"wp:featuredmedia":[{"embeddable":true,"href":"https:\/\/www.intoscana.it\/it\/wp-json\/wp\/v2\/media\/143979"}],"wp:attachment":[{"href":"https:\/\/www.intoscana.it\/it\/wp-json\/wp\/v2\/media?parent=215898"}],"wp:term":[{"taxonomy":"category","embeddable":true,"href":"https:\/\/www.intoscana.it\/it\/wp-json\/wp\/v2\/categories?post=215898"},{"taxonomy":"post_tag","embeddable":true,"href":"https:\/\/www.intoscana.it\/it\/wp-json\/wp\/v2\/tags?post=215898"}],"curies":[{"name":"wp","href":"https:\/\/api.w.org\/{rel}","templated":true}]}}