{"id":215910,"date":"2022-03-05T09:58:40","date_gmt":"2022-03-05T08:58:40","guid":{"rendered":"https:\/\/www.intoscana.it\/it\/?p=215910"},"modified":"2022-03-07T09:43:52","modified_gmt":"2022-03-07T08:43:52","slug":"milana-polonia-ucraina","status":"publish","type":"post","link":"https:\/\/www.intoscana.it\/it\/milana-polonia-ucraina\/","title":{"rendered":"Dal Chianti in viaggio verso la Polonia per salvare la piccola Milana affetta da Cri du Chat"},"content":{"rendered":"<p><strong>Un giorno nuovo contro la guerra<\/strong>, a sostegno dei pi\u00f9 deboli, <strong>nel Chianti nasce un fiore tangibile di vita e speranza<\/strong> con la creazione di un corridoio umanitario attivato dalla stessa comunit\u00e0.<\/p>\n<p><strong>Un gesto concreto, coraggioso, di mobilitazione e solidariet\u00e0<\/strong> per le <strong>famiglie ucraine<\/strong> in difficolt\u00e0 che rischiano la vita sotto le bombe dell&#8217;invasione russa.<\/p>\n<p>Per iniziativa della sua presidente, <strong>Maura Masini, la rete dell\u2019associazione A.B.C. Bambini Cri du Chat,<\/strong> che ha sede a<strong> San Casciano,<\/strong> ha intrapreso un viaggio per salvare <strong>Milana una bambina ucraina di 4 anni,<\/strong> colpita dalla <strong>patologia genetica Cri du Chat<\/strong>, e la sua famiglia. L\u2019iniziativa \u00e8 realizzata con il supporto del Comune, delle associazioni locali, della Festa del Volontariato sancascianese e dei commercianti.<\/p>\n<p><strong>Sono partiti in tre a bordo del veicolo<\/strong> messo a disposizione dall\u2019<strong>associazione Auser<\/strong> di San Casciano. <strong>Sandra Giani, Elisabetta Resti e Carmelo Sciarrabone,<\/strong> partito da Palermo per unirsi alla delegazione, in rappresentanza dell&#8217;associazione <strong>A.B.C. Bambini Cri du Chat,<\/strong> sono i volontari diretti a <strong>Budormierz, punto di frontiera polacca.<\/strong><\/p>\n<p>Ad attenderli all\u2019arrivo<strong> la famiglia ucraina originaria di Vinnitsa,<\/strong> citt\u00e0 a sud-ovest di Kiev, composta da <strong>mamma Olena Bachynska e le figlie, le piccole Milana ed Adele<\/strong> quest&#8217;ultima di 6 anni e mezzo.<\/p>\n<p><em>&#8220;In questa operazione sulla quale siamo al lavoro da pi\u00f9 di una settimana, come associazione Bambini Cri du Chat <\/em><strong>&#8211; dichiara Maura Masini <\/strong><em>&#8211; c&#8217;\u00e8 tutto il cuore della nostra comunit\u00e0, la rete delle oltre 200 famiglie con bambini Cri du Chat ha un respiro internazionale e comprende l&#8217;adesione di famiglie, russe bielorusse e ucraine tra cui quella che andiamo a recuperare in Polonia grazie alla disponibilit\u00e0 dei nostri consiglieri e volontari&#8221;.<\/em><\/p>\n<figure id=\"post-215912 media-215912\" class=\"align-none\"><img decoding=\"async\" src=\"https:\/\/www.intoscana.it\/wp-content\/uploads\/Viaggio-A.B.C.-1.jpg\" alt=\"\" \/><\/figure>\n<p>Una volta recuperate mamma e figlie,<strong> i volontari sancascianesi rientreranno in Italia per raggiungere Casalgrande,<\/strong> in provincia di Reggio Emilia, dove alcuni amici italiani accoglieranno la famiglia per il tempo necessario.<\/p>\n<p>Alla realizzazione dell\u2019operazione umanitaria hanno contribuito attivamente con donazioni a vario titolo, in termini monetari e beni di prima necessit\u00e0,<strong> l\u2019Arciconfraternita della Misericordia di San Casciano, la Festa del volontariato sancascianese e i commercianti di San Casciano.<\/strong><\/p>\n<p><em>\u201cSiamo molto orgogliosi<\/em> &#8211; <strong>dichiara il sindaco Roberto Ciappi &#8211;<\/strong> <em>che un gruppo di cittadini e associazioni si siano preparati concretamente a fornire aiuti mirati non solo con la raccolta di beni di prima necessit\u00e0, farmaci e tutto ci\u00f2 che \u00e8 necessario per sostenere la crisi ucraina, ma anche con l\u2019organizzazione di un viaggio, guidato dalla squadra di volontari dell&#8217;A.B.C., che permetter\u00e0 di recuperare la famiglia ucraina aderente alla rete associativa, ospite di una famiglia italiana in Emilia Romagna\u201d.<\/em><\/p>\n<p>Il sindaco sancascianese si \u00e8 messo in contatto con il collega di Casalgrande per sostenere istituzionalmente l&#8217;accoglienza. <em>&#8220;Quando Milana e la sua famiglia arriveranno a Casalgrande &#8211; <\/em><strong>aggiunge Maura Masini <\/strong><em>&#8211; saranno seguiti anche dallo staff medico dell&#8217;associazione che abbiamo attivato con lo specifico obiettivo di prendere in carico la bambina ed offrirle tutto il supporto di cui ha bisogno&#8221;.<\/em><\/p>\n<p>A dare una mano nella mediazione linguistica in Polonia sar\u00e0 <strong>Paulina Gajkowska<\/strong> che ha effettuato alcuni anni fa uno stage Erasmus presso l\u2019A.B.C. di San Casciano.<\/p>\n<figure id=\"post-215913 media-215913\" class=\"align-none\"><img decoding=\"async\" src=\"https:\/\/www.intoscana.it\/wp-content\/uploads\/Viaggio-A.B.C.-2.jpg\" alt=\"\" \/><\/figure>\n","protected":false},"excerpt":{"rendered":"<p>Il corridoio umanitario per la bambina ucraina \u00e8 stato attivato dall\u2019associazione A.B.C. Bambini Cri du Chat in collaborazione con il Comune, Auser, Misericordia San Casciano, Festa del Volontariato sancascianese, commercianti di San Casciano<\/p>\n","protected":false},"author":525,"featured_media":215914,"comment_status":"open","ping_status":"open","sticky":false,"template":"","format":"standard","meta":{"_acf_changed":false,"footnotes":""},"categories":[4],"tags":[6427],"class_list":["post-215910","post","type-post","status-publish","format-standard","has-post-thumbnail","hentry","category-storie","tag-guerra-ucraina"],"acf":[],"yoast_head":"<!-- This site is optimized with the Yoast SEO Premium plugin v24.2 (Yoast SEO v25.6) - https:\/\/yoast.com\/wordpress\/plugins\/seo\/ -->\n<title>Dal Chianti in viaggio verso la Polonia per salvare la piccola Milana affetta da Cri du Chat - intoscana<\/title>\n<meta name=\"description\" content=\"Il corridoio umanitario per la bambina ucraina \u00e8 stato attivato dall\u2019associazione A.B.C. Bambini Cri du Chat in collaborazione con il Comune\" \/>\n<meta name=\"robots\" content=\"index, follow, max-snippet:-1, max-image-preview:large, max-video-preview:-1\" \/>\n<link rel=\"canonical\" href=\"https:\/\/www.intoscana.it\/it\/milana-polonia-ucraina\/\" \/>\n<meta property=\"og:locale\" content=\"it_IT\" \/>\n<meta property=\"og:type\" content=\"article\" \/>\n<meta property=\"og:title\" content=\"Dal Chianti in viaggio verso la Polonia per salvare la piccola Milana affetta da Cri du Chat\" \/>\n<meta property=\"og:description\" content=\"Il corridoio umanitario per la bambina ucraina \u00e8 stato attivato dall\u2019associazione A.B.C. Bambini Cri du Chat in collaborazione con il Comune\" \/>\n<meta property=\"og:url\" content=\"https:\/\/www.intoscana.it\/it\/milana-polonia-ucraina\/\" \/>\n<meta property=\"og:site_name\" content=\"intoscana\" \/>\n<meta property=\"article:publisher\" content=\"https:\/\/www.facebook.com\/intoscana.it\" \/>\n<meta property=\"article:published_time\" content=\"2022-03-05T08:58:40+00:00\" \/>\n<meta property=\"article:modified_time\" content=\"2022-03-07T08:43:52+00:00\" \/>\n<meta property=\"og:image\" content=\"https:\/\/www.intoscana.it\/wp-content\/uploads\/Viaggio-A.B.C..jpg\" \/>\n\t<meta property=\"og:image:width\" content=\"1024\" \/>\n\t<meta property=\"og:image:height\" content=\"768\" \/>\n\t<meta property=\"og:image:type\" content=\"image\/jpeg\" \/>\n<meta name=\"author\" content=\"Redazione\" \/>\n<meta name=\"twitter:card\" content=\"summary_large_image\" \/>\n<meta name=\"twitter:creator\" content=\"@intoscana\" \/>\n<meta name=\"twitter:site\" content=\"@intoscana\" \/>\n<meta name=\"twitter:label1\" content=\"Written by\" \/>\n\t<meta name=\"twitter:data1\" content=\"Redazione\" \/>\n\t<meta name=\"twitter:label2\" content=\"Est. reading time\" \/>\n\t<meta name=\"twitter:data2\" content=\"3 minuti\" \/>\n<script type=\"application\/ld+json\" class=\"yoast-schema-graph\">{\"@context\":\"https:\/\/schema.org\",\"@graph\":[{\"@type\":\"WebPage\",\"@id\":\"https:\/\/www.intoscana.it\/it\/milana-polonia-ucraina\/\",\"url\":\"https:\/\/www.intoscana.it\/it\/milana-polonia-ucraina\/\",\"name\":\"Dal Chianti in viaggio verso la Polonia per salvare la piccola Milana affetta da Cri du Chat - intoscana\",\"isPartOf\":{\"@id\":\"https:\/\/www.intoscana.it\/it\/#website\"},\"primaryImageOfPage\":{\"@id\":\"https:\/\/www.intoscana.it\/it\/milana-polonia-ucraina\/#primaryimage\"},\"image\":{\"@id\":\"https:\/\/www.intoscana.it\/it\/milana-polonia-ucraina\/#primaryimage\"},\"thumbnailUrl\":\"https:\/\/www.intoscana.it\/wp-content\/uploads\/Viaggio-A.B.C..jpg\",\"datePublished\":\"2022-03-05T08:58:40+00:00\",\"dateModified\":\"2022-03-07T08:43:52+00:00\",\"author\":{\"@id\":\"https:\/\/www.intoscana.it\/it\/#\/schema\/person\/9223810753230f20bd670fdd322661f8\"},\"description\":\"Il corridoio umanitario per la bambina ucraina \u00e8 stato attivato dall\u2019associazione A.B.C. Bambini Cri du Chat in collaborazione con il Comune\",\"breadcrumb\":{\"@id\":\"https:\/\/www.intoscana.it\/it\/milana-polonia-ucraina\/#breadcrumb\"},\"inLanguage\":\"it-IT\",\"potentialAction\":[{\"@type\":\"ReadAction\",\"target\":[\"https:\/\/www.intoscana.it\/it\/milana-polonia-ucraina\/\"]}]},{\"@type\":\"ImageObject\",\"inLanguage\":\"it-IT\",\"@id\":\"https:\/\/www.intoscana.it\/it\/milana-polonia-ucraina\/#primaryimage\",\"url\":\"https:\/\/www.intoscana.it\/wp-content\/uploads\/Viaggio-A.B.C..jpg\",\"contentUrl\":\"https:\/\/www.intoscana.it\/wp-content\/uploads\/Viaggio-A.B.C..jpg\",\"width\":1024,\"height\":768},{\"@type\":\"BreadcrumbList\",\"@id\":\"https:\/\/www.intoscana.it\/it\/milana-polonia-ucraina\/#breadcrumb\",\"itemListElement\":[{\"@type\":\"ListItem\",\"position\":1,\"name\":\"Home\",\"item\":\"https:\/\/www.intoscana.it\/it\/\"},{\"@type\":\"ListItem\",\"position\":2,\"name\":\"Dal Chianti in viaggio verso la Polonia per salvare la piccola Milana affetta da Cri du Chat\"}]},{\"@type\":\"WebSite\",\"@id\":\"https:\/\/www.intoscana.it\/it\/#website\",\"url\":\"https:\/\/www.intoscana.it\/it\/\",\"name\":\"intoscana\",\"description\":\"\",\"potentialAction\":[{\"@type\":\"SearchAction\",\"target\":{\"@type\":\"EntryPoint\",\"urlTemplate\":\"https:\/\/www.intoscana.it\/it\/?s={search_term_string}\"},\"query-input\":{\"@type\":\"PropertyValueSpecification\",\"valueRequired\":true,\"valueName\":\"search_term_string\"}}],\"inLanguage\":\"it-IT\"},{\"@type\":\"Person\",\"@id\":\"https:\/\/www.intoscana.it\/it\/#\/schema\/person\/9223810753230f20bd670fdd322661f8\",\"name\":\"Redazione\",\"url\":\"https:\/\/www.intoscana.it\/it\/author\/redazione\/\"}]}<\/script>\n<!-- \/ Yoast SEO Premium plugin. -->","yoast_head_json":{"title":"Dal Chianti in viaggio verso la Polonia per salvare la piccola Milana affetta da Cri du Chat - intoscana","description":"Il corridoio umanitario per la bambina ucraina \u00e8 stato attivato dall\u2019associazione A.B.C. Bambini Cri du Chat in collaborazione con il Comune","robots":{"index":"index","follow":"follow","max-snippet":"max-snippet:-1","max-image-preview":"max-image-preview:large","max-video-preview":"max-video-preview:-1"},"canonical":"https:\/\/www.intoscana.it\/it\/milana-polonia-ucraina\/","og_locale":"it_IT","og_type":"article","og_title":"Dal Chianti in viaggio verso la Polonia per salvare la piccola Milana affetta da Cri du Chat","og_description":"Il corridoio umanitario per la bambina ucraina \u00e8 stato attivato dall\u2019associazione A.B.C. Bambini Cri du Chat in collaborazione con il Comune","og_url":"https:\/\/www.intoscana.it\/it\/milana-polonia-ucraina\/","og_site_name":"intoscana","article_publisher":"https:\/\/www.facebook.com\/intoscana.it","article_published_time":"2022-03-05T08:58:40+00:00","article_modified_time":"2022-03-07T08:43:52+00:00","og_image":[{"width":1024,"height":768,"url":"https:\/\/www.intoscana.it\/wp-content\/uploads\/Viaggio-A.B.C..jpg","type":"image\/jpeg"}],"author":"Redazione","twitter_card":"summary_large_image","twitter_creator":"@intoscana","twitter_site":"@intoscana","twitter_misc":{"Written by":"Redazione","Est. reading time":"3 minuti"},"schema":{"@context":"https:\/\/schema.org","@graph":[{"@type":"WebPage","@id":"https:\/\/www.intoscana.it\/it\/milana-polonia-ucraina\/","url":"https:\/\/www.intoscana.it\/it\/milana-polonia-ucraina\/","name":"Dal Chianti in viaggio verso la Polonia per salvare la piccola Milana affetta da Cri du Chat - intoscana","isPartOf":{"@id":"https:\/\/www.intoscana.it\/it\/#website"},"primaryImageOfPage":{"@id":"https:\/\/www.intoscana.it\/it\/milana-polonia-ucraina\/#primaryimage"},"image":{"@id":"https:\/\/www.intoscana.it\/it\/milana-polonia-ucraina\/#primaryimage"},"thumbnailUrl":"https:\/\/www.intoscana.it\/wp-content\/uploads\/Viaggio-A.B.C..jpg","datePublished":"2022-03-05T08:58:40+00:00","dateModified":"2022-03-07T08:43:52+00:00","author":{"@id":"https:\/\/www.intoscana.it\/it\/#\/schema\/person\/9223810753230f20bd670fdd322661f8"},"description":"Il corridoio umanitario per la bambina ucraina \u00e8 stato attivato dall\u2019associazione A.B.C. Bambini Cri du Chat in collaborazione con il Comune","breadcrumb":{"@id":"https:\/\/www.intoscana.it\/it\/milana-polonia-ucraina\/#breadcrumb"},"inLanguage":"it-IT","potentialAction":[{"@type":"ReadAction","target":["https:\/\/www.intoscana.it\/it\/milana-polonia-ucraina\/"]}]},{"@type":"ImageObject","inLanguage":"it-IT","@id":"https:\/\/www.intoscana.it\/it\/milana-polonia-ucraina\/#primaryimage","url":"https:\/\/www.intoscana.it\/wp-content\/uploads\/Viaggio-A.B.C..jpg","contentUrl":"https:\/\/www.intoscana.it\/wp-content\/uploads\/Viaggio-A.B.C..jpg","width":1024,"height":768},{"@type":"BreadcrumbList","@id":"https:\/\/www.intoscana.it\/it\/milana-polonia-ucraina\/#breadcrumb","itemListElement":[{"@type":"ListItem","position":1,"name":"Home","item":"https:\/\/www.intoscana.it\/it\/"},{"@type":"ListItem","position":2,"name":"Dal Chianti in viaggio verso la Polonia per salvare la piccola Milana affetta da Cri du Chat"}]},{"@type":"WebSite","@id":"https:\/\/www.intoscana.it\/it\/#website","url":"https:\/\/www.intoscana.it\/it\/","name":"intoscana","description":"","potentialAction":[{"@type":"SearchAction","target":{"@type":"EntryPoint","urlTemplate":"https:\/\/www.intoscana.it\/it\/?s={search_term_string}"},"query-input":{"@type":"PropertyValueSpecification","valueRequired":true,"valueName":"search_term_string"}}],"inLanguage":"it-IT"},{"@type":"Person","@id":"https:\/\/www.intoscana.it\/it\/#\/schema\/person\/9223810753230f20bd670fdd322661f8","name":"Redazione","url":"https:\/\/www.intoscana.it\/it\/author\/redazione\/"}]}},"_links":{"self":[{"href":"https:\/\/www.intoscana.it\/it\/wp-json\/wp\/v2\/posts\/215910","targetHints":{"allow":["GET"]}}],"collection":[{"href":"https:\/\/www.intoscana.it\/it\/wp-json\/wp\/v2\/posts"}],"about":[{"href":"https:\/\/www.intoscana.it\/it\/wp-json\/wp\/v2\/types\/post"}],"author":[{"embeddable":true,"href":"https:\/\/www.intoscana.it\/it\/wp-json\/wp\/v2\/users\/525"}],"replies":[{"embeddable":true,"href":"https:\/\/www.intoscana.it\/it\/wp-json\/wp\/v2\/comments?post=215910"}],"version-history":[{"count":0,"href":"https:\/\/www.intoscana.it\/it\/wp-json\/wp\/v2\/posts\/215910\/revisions"}],"wp:featuredmedia":[{"embeddable":true,"href":"https:\/\/www.intoscana.it\/it\/wp-json\/wp\/v2\/media\/215914"}],"wp:attachment":[{"href":"https:\/\/www.intoscana.it\/it\/wp-json\/wp\/v2\/media?parent=215910"}],"wp:term":[{"taxonomy":"category","embeddable":true,"href":"https:\/\/www.intoscana.it\/it\/wp-json\/wp\/v2\/categories?post=215910"},{"taxonomy":"post_tag","embeddable":true,"href":"https:\/\/www.intoscana.it\/it\/wp-json\/wp\/v2\/tags?post=215910"}],"curies":[{"name":"wp","href":"https:\/\/api.w.org\/{rel}","templated":true}]}}