{"id":215937,"date":"2022-03-05T13:37:58","date_gmt":"2022-03-05T12:37:58","guid":{"rendered":"https:\/\/www.intoscana.it\/it\/?p=215937"},"modified":"2022-03-07T12:44:37","modified_gmt":"2022-03-07T11:44:37","slug":"covid-19-in-toscana-2-699-nuovi-casi-eta-media-39-anni-ventidue-i-decessi","status":"publish","type":"post","link":"https:\/\/www.intoscana.it\/it\/covid-19-in-toscana-2-699-nuovi-casi-eta-media-39-anni-ventidue-i-decessi\/","title":{"rendered":"Covid-19: in Toscana 2.699 nuovi casi, et\u00e0 media 39 anni. Ventidue i decessi"},"content":{"rendered":"<p>In Toscana sono<strong> 869.684 i casi di positivit\u00e0 al Coronavirus, 2.699 in pi\u00f9 rispetto a ieri<\/strong> (906 confermati con tampone molecolare e 1.793 da test rapido antigenico). I nuovi casi sono lo 0,3% in pi\u00f9 rispetto al totale del giorno precedente. I guariti crescono dello 0,4% e raggiungono quota 836.153 (96,1% dei casi totali).<\/p>\n<p>Oggi sono stati eseguiti<strong> 6.525 tamponi molecolari e 16.690 tamponi antigenici rapidi,<\/strong> di questi l&#8217;11,6% \u00e8 risultato positivo. Sono invece 5.402 i soggetti testati oggi (con tampone antigenico e\/o molecolare, escludendo i tamponi di controllo), di cui il 50% \u00e8 risultato positivo. Gli attualmente positivi sono oggi 24.412, -3,1% rispetto a ieri. I ricoverati sono 762 (21 in meno rispetto a ieri), di cui 48 in terapia intensiva (1 in pi\u00f9).<\/p>\n<p>Si registrano <strong>22 nuovi decessi:<\/strong> 10 uomini e 12 donne con un&#8217;et\u00e0 media di 83,5 anni.<\/p>\n<p>Alle 12.00 di oggi sono state effettuate complessivamente<strong> 8.596.863 vaccinazioni, 5.630 in pi\u00f9 rispetto a ieri<\/strong> (+0,1%), tenendo presente che le Aziende del Sistema Sanitario Regionale proseguono per l&#8217;intera giornata. La Toscana \u00e8 la 8\u00b0 regione per % di dosi somministrate su quelle consegnate (il 97,4% delle 8.823.643 consegnate), per un tasso di vaccinazioni effettuate di 232.797 per 100mila abitanti (media italiana: 227.015 per 100mila).<\/p>\n<p>L&#8217;et\u00e0 media dei 2.699 nuovi positivi odierni \u00e8 di <strong>39 anni circa<\/strong> (25% ha meno di 20 anni, 24% tra 20 e 39 anni, 30% tra 40 e 59 anni, 15% tra 60 e 79 anni, 6% ha 80 anni o pi\u00f9).<\/p>\n<h3>I casi di positivit\u00e0 sul territorio<\/h3>\n<p>Di seguito i casi di positivit\u00e0 sul territorio con la variazione rispetto a ieri (906 confermati con tampone molecolare e 1.793 da test rapido antigenico). Sono 253.559 i casi complessivi ad oggi a Firenze (521 in pi\u00f9 rispetto a ieri), 65.379 a Prato (100 in pi\u00f9), 72.747 a Pistoia (143 in pi\u00f9), 40.150 a Massa (145 in pi\u00f9), 87.804 a Lucca (381 in pi\u00f9), 99.560 a Pisa (302 in pi\u00f9), 73.772 a Livorno (316 in pi\u00f9), 78.296 ad Arezzo (273 in pi\u00f9), 56.124 a Siena (261 in pi\u00f9), 41.738 a Grosseto (257 in pi\u00f9). Sono 555 i casi positivi notificati in Toscana, ma residenti in altre regioni.<\/p>\n<p>Sono 792 i casi riscontrati oggi nell&#8217;Asl Centro, 1.116 nella Nord Ovest, 791 nella Sud est.<\/p>\n<p><strong>La Toscana si trova al 8\u00b0 posto in Italia come numerosit\u00e0 di casi<\/strong> (comprensivi di residenti e non residenti), con circa 23.550 casi per 100.000 abitanti (media italiana circa 21.860 x100.000, dato di ieri). Le province di notifica con il tasso pi\u00f9 alto sono Firenze con 25.396 casi x100.000 abitanti, Pistoia con 25.064, Prato con 24.646, la pi\u00f9 bassa Grosseto con 19.159.<\/p>\n<p>Complessivamente,<strong> 23.650 persone sono in isolamento a casa<\/strong>, poich\u00e9 presentano sintomi lievi che non richiedono cure ospedaliere, o risultano prive di sintomi (759 in meno rispetto a ieri, meno 3,1%).<\/p>\n<p>Sono 5.109 (381 in meno rispetto a ieri, meno 6,9%) le persone, anch&#8217;esse isolate, in sorveglianza attiva perch\u00e9 hanno avuto contatti con persone contagiate (ASL Centro 1.174, Nord Ovest 1.522, Sud Est 2.413).<\/p>\n<p>Le persone ricoverate nei posti letto dedicati ai pazienti COVID oggi sono complessivamente 762 (21 in meno rispetto a ieri, meno 2,7%), 48 in terapia intensiva (1 in pi\u00f9 rispetto a ieri, pi\u00f9 2,1%).<\/p>\n<p><strong>Le persone complessivamente guarite sono 836.153<\/strong> (3.457 in pi\u00f9 rispetto a ieri, pi\u00f9 0,4%): 0 persone clinicamente guarite (stabili rispetto a ieri), divenute cio\u00e8 asintomatiche dopo aver presentato manifestazioni cliniche associate all&#8217;infezione e 836.153 (3.457 in pi\u00f9 rispetto a ieri, pi\u00f9 0,4%) dichiarate guarite a tutti gli effetti, le cosiddette guarigioni virali, con tampone negativo.<\/p>\n<h3>I decessi<\/h3>\n<p>Purtroppo, oggi si registrano<strong> 22 nuovi decessi:<\/strong> 10 uomini e 12 donne con un&#8217;et\u00e0 media di 83,5 anni.<\/p>\n<p>Relativamente alla provincia di residenza, le persone decedute sono:<strong> 14 a Firenze, 1 a Lucca, 3 a Pisa, 1 a Livorno, 1 a Siena, 1 a Grosseto, 1 fuori Toscana.<\/strong><\/p>\n<p>Sono 9.119 i deceduti dall&#8217;inizio dell&#8217;epidemia cosi ripartiti: 2.891 a Firenze, 765 a Prato, 829 a Pistoia, 608 a Massa Carrara, 856 a Lucca, 964 a Pisa, 667 a Livorno, 622 ad Arezzo, 470 a Siena, 330 a Grosseto, 117 persone sono decedute sul suolo toscano ma erano residenti fuori regione.<\/p>\n<p>Il tasso grezzo di mortalit\u00e0 toscano (numero di deceduti\/popolazione residente) per Covid-19 \u00e8 di 246,9 x100.000 residenti contro il 262,7 x100.000 della media italiana (10\u00b0 regione). Per quanto riguarda le province, il tasso di mortalit\u00e0 pi\u00f9 alto si riscontra a Massa Carrara (320,3 x100.000), Firenze (289,6 x100.000) e Prato (288,4 x100.000), il pi\u00f9 basso a Grosseto (151,5 x100.000).<\/p>\n","protected":false},"excerpt":{"rendered":"<p>I ricoverati sono 762 (21 in meno rispetto a ieri), di cui 48 in terapia intensiva (1 in pi\u00f9)<\/p>\n","protected":false},"author":525,"featured_media":191044,"comment_status":"open","ping_status":"open","sticky":false,"template":"","format":"standard","meta":{"_acf_changed":false,"footnotes":""},"categories":[494],"tags":[4868,418],"class_list":["post-215937","post","type-post","status-publish","format-standard","has-post-thumbnail","hentry","category-attualita","tag-bollettino-covid-toscana","tag-covid-19"],"acf":[],"yoast_head":"<!-- This site is optimized with the Yoast SEO Premium plugin v24.2 (Yoast SEO v25.6) - https:\/\/yoast.com\/wordpress\/plugins\/seo\/ -->\n<title>Covid-19: in Toscana 2.699 nuovi casi, et\u00e0 media 39 anni. Ventidue i decessi - intoscana<\/title>\n<meta name=\"robots\" content=\"index, follow, max-snippet:-1, max-image-preview:large, max-video-preview:-1\" \/>\n<link rel=\"canonical\" href=\"https:\/\/www.intoscana.it\/it\/covid-19-in-toscana-2-699-nuovi-casi-eta-media-39-anni-ventidue-i-decessi\/\" \/>\n<meta property=\"og:locale\" content=\"it_IT\" \/>\n<meta property=\"og:type\" content=\"article\" \/>\n<meta property=\"og:title\" content=\"Covid-19: in Toscana 2.699 nuovi casi, et\u00e0 media 39 anni. Ventidue i decessi\" \/>\n<meta property=\"og:description\" content=\"I ricoverati sono 762 (21 in meno rispetto a ieri), di cui 48 in terapia intensiva (1 in pi\u00f9)\" \/>\n<meta property=\"og:url\" content=\"https:\/\/www.intoscana.it\/it\/covid-19-in-toscana-2-699-nuovi-casi-eta-media-39-anni-ventidue-i-decessi\/\" \/>\n<meta property=\"og:site_name\" content=\"intoscana\" \/>\n<meta property=\"article:publisher\" content=\"https:\/\/www.facebook.com\/intoscana.it\" \/>\n<meta property=\"article:published_time\" content=\"2022-03-05T12:37:58+00:00\" \/>\n<meta property=\"article:modified_time\" content=\"2022-03-07T11:44:37+00:00\" \/>\n<meta property=\"og:image\" content=\"https:\/\/www.intoscana.it\/wp-content\/uploads\/Ragazze-con-mascherina-Masao-Mask-Unsplash.jpg\" \/>\n\t<meta property=\"og:image:width\" content=\"1920\" \/>\n\t<meta property=\"og:image:height\" content=\"1280\" \/>\n\t<meta property=\"og:image:type\" content=\"image\/jpeg\" \/>\n<meta name=\"author\" content=\"Redazione\" \/>\n<meta name=\"twitter:card\" content=\"summary_large_image\" \/>\n<meta name=\"twitter:creator\" content=\"@intoscana\" \/>\n<meta name=\"twitter:site\" content=\"@intoscana\" \/>\n<meta name=\"twitter:label1\" content=\"Written by\" \/>\n\t<meta name=\"twitter:data1\" content=\"Redazione\" \/>\n\t<meta name=\"twitter:label2\" content=\"Est. reading time\" \/>\n\t<meta name=\"twitter:data2\" content=\"3 minuti\" \/>\n<script type=\"application\/ld+json\" class=\"yoast-schema-graph\">{\"@context\":\"https:\/\/schema.org\",\"@graph\":[{\"@type\":\"WebPage\",\"@id\":\"https:\/\/www.intoscana.it\/it\/covid-19-in-toscana-2-699-nuovi-casi-eta-media-39-anni-ventidue-i-decessi\/\",\"url\":\"https:\/\/www.intoscana.it\/it\/covid-19-in-toscana-2-699-nuovi-casi-eta-media-39-anni-ventidue-i-decessi\/\",\"name\":\"Covid-19: in Toscana 2.699 nuovi casi, et\u00e0 media 39 anni. Ventidue i decessi - intoscana\",\"isPartOf\":{\"@id\":\"https:\/\/www.intoscana.it\/it\/#website\"},\"primaryImageOfPage\":{\"@id\":\"https:\/\/www.intoscana.it\/it\/covid-19-in-toscana-2-699-nuovi-casi-eta-media-39-anni-ventidue-i-decessi\/#primaryimage\"},\"image\":{\"@id\":\"https:\/\/www.intoscana.it\/it\/covid-19-in-toscana-2-699-nuovi-casi-eta-media-39-anni-ventidue-i-decessi\/#primaryimage\"},\"thumbnailUrl\":\"https:\/\/www.intoscana.it\/wp-content\/uploads\/Ragazze-con-mascherina-Masao-Mask-Unsplash.jpg\",\"datePublished\":\"2022-03-05T12:37:58+00:00\",\"dateModified\":\"2022-03-07T11:44:37+00:00\",\"author\":{\"@id\":\"https:\/\/www.intoscana.it\/it\/#\/schema\/person\/9223810753230f20bd670fdd322661f8\"},\"breadcrumb\":{\"@id\":\"https:\/\/www.intoscana.it\/it\/covid-19-in-toscana-2-699-nuovi-casi-eta-media-39-anni-ventidue-i-decessi\/#breadcrumb\"},\"inLanguage\":\"it-IT\",\"potentialAction\":[{\"@type\":\"ReadAction\",\"target\":[\"https:\/\/www.intoscana.it\/it\/covid-19-in-toscana-2-699-nuovi-casi-eta-media-39-anni-ventidue-i-decessi\/\"]}]},{\"@type\":\"ImageObject\",\"inLanguage\":\"it-IT\",\"@id\":\"https:\/\/www.intoscana.it\/it\/covid-19-in-toscana-2-699-nuovi-casi-eta-media-39-anni-ventidue-i-decessi\/#primaryimage\",\"url\":\"https:\/\/www.intoscana.it\/wp-content\/uploads\/Ragazze-con-mascherina-Masao-Mask-Unsplash.jpg\",\"contentUrl\":\"https:\/\/www.intoscana.it\/wp-content\/uploads\/Ragazze-con-mascherina-Masao-Mask-Unsplash.jpg\",\"width\":1920,\"height\":1280,\"caption\":\"Ragazze con mascherina\"},{\"@type\":\"BreadcrumbList\",\"@id\":\"https:\/\/www.intoscana.it\/it\/covid-19-in-toscana-2-699-nuovi-casi-eta-media-39-anni-ventidue-i-decessi\/#breadcrumb\",\"itemListElement\":[{\"@type\":\"ListItem\",\"position\":1,\"name\":\"Home\",\"item\":\"https:\/\/www.intoscana.it\/it\/\"},{\"@type\":\"ListItem\",\"position\":2,\"name\":\"Covid-19: in Toscana 2.699 nuovi casi, et\u00e0 media 39 anni. Ventidue i decessi\"}]},{\"@type\":\"WebSite\",\"@id\":\"https:\/\/www.intoscana.it\/it\/#website\",\"url\":\"https:\/\/www.intoscana.it\/it\/\",\"name\":\"intoscana\",\"description\":\"\",\"potentialAction\":[{\"@type\":\"SearchAction\",\"target\":{\"@type\":\"EntryPoint\",\"urlTemplate\":\"https:\/\/www.intoscana.it\/it\/?s={search_term_string}\"},\"query-input\":{\"@type\":\"PropertyValueSpecification\",\"valueRequired\":true,\"valueName\":\"search_term_string\"}}],\"inLanguage\":\"it-IT\"},{\"@type\":\"Person\",\"@id\":\"https:\/\/www.intoscana.it\/it\/#\/schema\/person\/9223810753230f20bd670fdd322661f8\",\"name\":\"Redazione\",\"url\":\"https:\/\/www.intoscana.it\/it\/author\/redazione\/\"}]}<\/script>\n<!-- \/ Yoast SEO Premium plugin. -->","yoast_head_json":{"title":"Covid-19: in Toscana 2.699 nuovi casi, et\u00e0 media 39 anni. Ventidue i decessi - intoscana","robots":{"index":"index","follow":"follow","max-snippet":"max-snippet:-1","max-image-preview":"max-image-preview:large","max-video-preview":"max-video-preview:-1"},"canonical":"https:\/\/www.intoscana.it\/it\/covid-19-in-toscana-2-699-nuovi-casi-eta-media-39-anni-ventidue-i-decessi\/","og_locale":"it_IT","og_type":"article","og_title":"Covid-19: in Toscana 2.699 nuovi casi, et\u00e0 media 39 anni. Ventidue i decessi","og_description":"I ricoverati sono 762 (21 in meno rispetto a ieri), di cui 48 in terapia intensiva (1 in pi\u00f9)","og_url":"https:\/\/www.intoscana.it\/it\/covid-19-in-toscana-2-699-nuovi-casi-eta-media-39-anni-ventidue-i-decessi\/","og_site_name":"intoscana","article_publisher":"https:\/\/www.facebook.com\/intoscana.it","article_published_time":"2022-03-05T12:37:58+00:00","article_modified_time":"2022-03-07T11:44:37+00:00","og_image":[{"width":1920,"height":1280,"url":"https:\/\/www.intoscana.it\/wp-content\/uploads\/Ragazze-con-mascherina-Masao-Mask-Unsplash.jpg","type":"image\/jpeg"}],"author":"Redazione","twitter_card":"summary_large_image","twitter_creator":"@intoscana","twitter_site":"@intoscana","twitter_misc":{"Written by":"Redazione","Est. reading time":"3 minuti"},"schema":{"@context":"https:\/\/schema.org","@graph":[{"@type":"WebPage","@id":"https:\/\/www.intoscana.it\/it\/covid-19-in-toscana-2-699-nuovi-casi-eta-media-39-anni-ventidue-i-decessi\/","url":"https:\/\/www.intoscana.it\/it\/covid-19-in-toscana-2-699-nuovi-casi-eta-media-39-anni-ventidue-i-decessi\/","name":"Covid-19: in Toscana 2.699 nuovi casi, et\u00e0 media 39 anni. Ventidue i decessi - intoscana","isPartOf":{"@id":"https:\/\/www.intoscana.it\/it\/#website"},"primaryImageOfPage":{"@id":"https:\/\/www.intoscana.it\/it\/covid-19-in-toscana-2-699-nuovi-casi-eta-media-39-anni-ventidue-i-decessi\/#primaryimage"},"image":{"@id":"https:\/\/www.intoscana.it\/it\/covid-19-in-toscana-2-699-nuovi-casi-eta-media-39-anni-ventidue-i-decessi\/#primaryimage"},"thumbnailUrl":"https:\/\/www.intoscana.it\/wp-content\/uploads\/Ragazze-con-mascherina-Masao-Mask-Unsplash.jpg","datePublished":"2022-03-05T12:37:58+00:00","dateModified":"2022-03-07T11:44:37+00:00","author":{"@id":"https:\/\/www.intoscana.it\/it\/#\/schema\/person\/9223810753230f20bd670fdd322661f8"},"breadcrumb":{"@id":"https:\/\/www.intoscana.it\/it\/covid-19-in-toscana-2-699-nuovi-casi-eta-media-39-anni-ventidue-i-decessi\/#breadcrumb"},"inLanguage":"it-IT","potentialAction":[{"@type":"ReadAction","target":["https:\/\/www.intoscana.it\/it\/covid-19-in-toscana-2-699-nuovi-casi-eta-media-39-anni-ventidue-i-decessi\/"]}]},{"@type":"ImageObject","inLanguage":"it-IT","@id":"https:\/\/www.intoscana.it\/it\/covid-19-in-toscana-2-699-nuovi-casi-eta-media-39-anni-ventidue-i-decessi\/#primaryimage","url":"https:\/\/www.intoscana.it\/wp-content\/uploads\/Ragazze-con-mascherina-Masao-Mask-Unsplash.jpg","contentUrl":"https:\/\/www.intoscana.it\/wp-content\/uploads\/Ragazze-con-mascherina-Masao-Mask-Unsplash.jpg","width":1920,"height":1280,"caption":"Ragazze con mascherina"},{"@type":"BreadcrumbList","@id":"https:\/\/www.intoscana.it\/it\/covid-19-in-toscana-2-699-nuovi-casi-eta-media-39-anni-ventidue-i-decessi\/#breadcrumb","itemListElement":[{"@type":"ListItem","position":1,"name":"Home","item":"https:\/\/www.intoscana.it\/it\/"},{"@type":"ListItem","position":2,"name":"Covid-19: in Toscana 2.699 nuovi casi, et\u00e0 media 39 anni. Ventidue i decessi"}]},{"@type":"WebSite","@id":"https:\/\/www.intoscana.it\/it\/#website","url":"https:\/\/www.intoscana.it\/it\/","name":"intoscana","description":"","potentialAction":[{"@type":"SearchAction","target":{"@type":"EntryPoint","urlTemplate":"https:\/\/www.intoscana.it\/it\/?s={search_term_string}"},"query-input":{"@type":"PropertyValueSpecification","valueRequired":true,"valueName":"search_term_string"}}],"inLanguage":"it-IT"},{"@type":"Person","@id":"https:\/\/www.intoscana.it\/it\/#\/schema\/person\/9223810753230f20bd670fdd322661f8","name":"Redazione","url":"https:\/\/www.intoscana.it\/it\/author\/redazione\/"}]}},"_links":{"self":[{"href":"https:\/\/www.intoscana.it\/it\/wp-json\/wp\/v2\/posts\/215937","targetHints":{"allow":["GET"]}}],"collection":[{"href":"https:\/\/www.intoscana.it\/it\/wp-json\/wp\/v2\/posts"}],"about":[{"href":"https:\/\/www.intoscana.it\/it\/wp-json\/wp\/v2\/types\/post"}],"author":[{"embeddable":true,"href":"https:\/\/www.intoscana.it\/it\/wp-json\/wp\/v2\/users\/525"}],"replies":[{"embeddable":true,"href":"https:\/\/www.intoscana.it\/it\/wp-json\/wp\/v2\/comments?post=215937"}],"version-history":[{"count":0,"href":"https:\/\/www.intoscana.it\/it\/wp-json\/wp\/v2\/posts\/215937\/revisions"}],"wp:featuredmedia":[{"embeddable":true,"href":"https:\/\/www.intoscana.it\/it\/wp-json\/wp\/v2\/media\/191044"}],"wp:attachment":[{"href":"https:\/\/www.intoscana.it\/it\/wp-json\/wp\/v2\/media?parent=215937"}],"wp:term":[{"taxonomy":"category","embeddable":true,"href":"https:\/\/www.intoscana.it\/it\/wp-json\/wp\/v2\/categories?post=215937"},{"taxonomy":"post_tag","embeddable":true,"href":"https:\/\/www.intoscana.it\/it\/wp-json\/wp\/v2\/tags?post=215937"}],"curies":[{"name":"wp","href":"https:\/\/api.w.org\/{rel}","templated":true}]}}